{"id":3600,"date":"2025-07-07T17:41:40","date_gmt":"2025-07-07T17:41:40","guid":{"rendered":"https:\/\/torredonjimenoactualidad.com\/?p=3600"},"modified":"2025-07-07T17:45:00","modified_gmt":"2025-07-07T17:45:00","slug":"anuncian-la-convocatoria-de-una-gran-movilizacion-ciudadana-para-visibilizar-el-apoyo-masivo-a-la-uja","status":"publish","type":"post","link":"https:\/\/torredonjimenoactualidad.com\/index.php\/2025\/07\/07\/anuncian-la-convocatoria-de-una-gran-movilizacion-ciudadana-para-visibilizar-el-apoyo-masivo-a-la-uja\/","title":{"rendered":"Anuncian la convocatoria de una \u00abgran movilizaci\u00f3n ciudadana\u00bb para visibilizar \u00abel apoyo masivo\u00bb a la UJA"},"content":{"rendered":"\n<p>La Plataforma Ciudadana en Defensa de la Universidad de Ja\u00e9n ha anunciado la convocatoria de una \u00abgran movilizaci\u00f3n ciudadana\u00bb para visibilizar \u00abel apoyo masivo\u00bb a la Universidad de Ja\u00e9n (UJA) despu\u00e9s de que se le haya denegado el grado de Ingenier\u00eda Biom\u00e9dica que iba a impartir conjuntamente con la Universidad de Granada (UGR).<\/p>\n\n\n\n<p>Para la plataforma, el consejero de Universidad, Jos\u00e9 Carlos G\u00f3mez Villamandos, \u00abha quedado pol\u00edticamente desautorizado y amortizado\u00bb tras el rechazo al grado de Ingenier\u00eda Biom\u00e9dica en la UJA. \u00abLo ocurrido ha provocado una ola de indignaci\u00f3n sin precedentes en Ja\u00e9n y Granada, y ha dejado muy tocada la credibilidad de la Consejer\u00eda y de la Agencia para la Calidad Cient\u00edfica y Universitaria de Andaluc\u00eda (Accua)\u00bb.<\/p>\n\n\n\n<p>En un comunicado, se\u00f1alan que desde que se conoci\u00f3 el informe desfavorable que impide impartir este grado en el Campus Cient\u00edfico Tecnol\u00f3gico de Linares (Ja\u00e9n), han sido \u00abnumerosas y contundentes\u00bb las reacciones institucionales, acad\u00e9micas, pol\u00edticas y, sobre todo, sociales.<\/p>\n\n\n\n<p>\u00abLa respuesta ciudadana ha sido ejemplar: transversal, unitaria y masiva, con excepciones muy contadas que lamentablemente muestran a\u00fan el peso del silencio institucional en algunos \u00e1mbitos\u00bb, se\u00f1ala el escrito.<\/p>\n\n\n\n<p>A\u00f1ade que la sociedad \u00abest\u00e1 pidiendo a gritos una gran movilizaci\u00f3n social para dejar claro qui\u00e9n est\u00e1 con la Universidad p\u00fablica, con su crecimiento y su futuro, y qui\u00e9n prefiere mirar hacia otro lado mientras se favorece descaradamente a las universidades privadas\u00bb.<\/p>\n\n\n\n<p>Por eso, indican que \u00abresulta especialmente grave que el presidente de Accua sea el propio consejero y que el director en funciones sea su secretario general\u00bb ya que \u00abesta dependencia directa compromete claramente la supuesta independencia del \u00f3rgano evaluador, como se ha evidenciado en este proceso opaco y sesgado\u00bb.<\/p>\n\n\n\n<p>Subrayan que se ha rechazado \u00abuna titulaci\u00f3n estrat\u00e9gica, con gran demanda, que se iba a ofrecer desde dos universidades p\u00fablicas andaluzas de referencia: Granada y Ja\u00e9n\u00bb. Adem\u00e1s, ponen el acento en que se ha aprobado para una universidad privada \u00absin transparencia ni argumentos s\u00f3lidos\u00bb.<\/p>\n\n\n\n<p>Ante esta realidad, para la plataforma \u00abresulta evidente que el consejero ha perdido la confianza del conjunto del sistema universitario p\u00fablico andaluz\u00bb porque \u00abhay una doble vara de medir que perjudica a lo p\u00fablico y beneficia a lo privado. Y esto es intolerable\u00bb.<\/p>\n\n\n\n<p>Por todo ello, anuncian \u2013sin concretar fecha\u2013 una nueva protesta ciudadana con la que adem\u00e1s de apoyar a la UJA se quiere \u00abdenunciar los ataques a la educaci\u00f3n p\u00fablica y exigir responsabilidades pol\u00edticas por lo ocurrido\u00bb<\/p>\n\n\n\n<p>\u00abEsta universidad molesta porque, a pesar de a\u00f1os de abandono institucional, sigue cumpliendo, sigue creciendo, sigue destacando. Y precisamente por eso, la vamos a defender\u00bb, concluye el comunicado de la plataforma.<\/p>\n","protected":false},"excerpt":{"rendered":"<p>La Plataforma Ciudadana en Defensa de la Universidad de Ja\u00e9n ha anunciado la convocatoria de una \u00abgran movilizaci\u00f3n ciudadana\u00bb para visibilizar \u00abel apoyo masivo\u00bb a la Universidad de Ja\u00e9n (UJA) despu\u00e9s de que se le haya denegado el grado de Ingenier\u00eda Biom\u00e9dica que iba a impartir conjuntamente con la Universidad de Granada (UGR). Para la &hellip;<\/p>\n<p class=\"read-more\"> <a class=\"\" href=\"https:\/\/torredonjimenoactualidad.com\/index.php\/2025\/07\/07\/anuncian-la-convocatoria-de-una-gran-movilizacion-ciudadana-para-visibilizar-el-apoyo-masivo-a-la-uja\/\"> <span class=\"screen-reader-text\">Anuncian la convocatoria de una \u00abgran movilizaci\u00f3n ciudadana\u00bb para visibilizar \u00abel apoyo masivo\u00bb a la UJA<\/span> Leer m\u00e1s &raquo;<\/a><\/p>\n","protected":false},"author":3,"featured_media":3601,"comment_status":"closed","ping_status":"open","sticky":false,"template":"","format":"standard","meta":{"site-sidebar-layout":"default","site-content-layout":"default","ast-global-header-display":"","ast-main-header-display":"","ast-hfb-above-header-display":"","ast-hfb-below-header-display":"","ast-hfb-mobile-header-display":"","site-post-title":"","ast-breadcrumbs-content":"","ast-featured-img":"","footer-sml-layout":"","theme-transparent-header-meta":"","adv-header-id-meta":"","stick-header-meta":"","header-above-stick-meta":"","header-main-stick-meta":"","header-below-stick-meta":"","footnotes":""},"categories":[1],"tags":[],"class_list":["post-3600","post","type-post","status-publish","format-standard","has-post-thumbnail","hentry","category-sin-categoria"],"yoast_head":"<!-- This site is optimized with the Yoast SEO plugin v20.8 - https:\/\/yoast.com\/wordpress\/plugins\/seo\/ -->\n<title>Anuncian la convocatoria de una \u00abgran movilizaci\u00f3n ciudadana\u00bb para visibilizar \u00abel apoyo masivo\u00bb a la UJA - Torredonjimeno Actualidad<\/title>\n<meta name=\"robots\" content=\"index, follow, max-snippet:-1, max-image-preview:large, max-video-preview:-1\" \/>\n<link rel=\"canonical\" href=\"https:\/\/torredonjimenoactualidad.com\/index.php\/2025\/07\/07\/anuncian-la-convocatoria-de-una-gran-movilizacion-ciudadana-para-visibilizar-el-apoyo-masivo-a-la-uja\/\" \/>\n<meta property=\"og:locale\" content=\"es_ES\" \/>\n<meta property=\"og:type\" content=\"article\" \/>\n<meta property=\"og:title\" content=\"Anuncian la convocatoria de una \u00abgran movilizaci\u00f3n ciudadana\u00bb para visibilizar \u00abel apoyo masivo\u00bb a la UJA - Torredonjimeno Actualidad\" \/>\n<meta property=\"og:description\" content=\"La Plataforma Ciudadana en Defensa de la Universidad de Ja\u00e9n ha anunciado la convocatoria de una \u00abgran movilizaci\u00f3n ciudadana\u00bb para visibilizar \u00abel apoyo masivo\u00bb a la Universidad de Ja\u00e9n (UJA) despu\u00e9s de que se le haya denegado el grado de Ingenier\u00eda Biom\u00e9dica que iba a impartir conjuntamente con la Universidad de Granada (UGR). Para la &hellip; Anuncian la convocatoria de una \u00abgran movilizaci\u00f3n ciudadana\u00bb para visibilizar \u00abel apoyo masivo\u00bb a la UJA Leer m\u00e1s &raquo;\" \/>\n<meta property=\"og:url\" content=\"https:\/\/torredonjimenoactualidad.com\/index.php\/2025\/07\/07\/anuncian-la-convocatoria-de-una-gran-movilizacion-ciudadana-para-visibilizar-el-apoyo-masivo-a-la-uja\/\" \/>\n<meta property=\"og:site_name\" content=\"Torredonjimeno Actualidad\" \/>\n<meta property=\"article:published_time\" content=\"2025-07-07T17:41:40+00:00\" \/>\n<meta property=\"article:modified_time\" content=\"2025-07-07T17:45:00+00:00\" \/>\n<meta property=\"og:image\" content=\"https:\/\/torredonjimenoactualidad.com\/wp-content\/uploads\/2025\/07\/uja_investigacion_universidad_jaen.jpg-56-720.jpg\" \/>\n\t<meta property=\"og:image:width\" content=\"720\" \/>\n\t<meta property=\"og:image:height\" content=\"411\" \/>\n\t<meta property=\"og:image:type\" content=\"image\/jpeg\" \/>\n<meta name=\"author\" content=\"Redaccion\" \/>\n<meta name=\"twitter:card\" content=\"summary_large_image\" \/>\n<meta name=\"twitter:label1\" content=\"Escrito por\" \/>\n\t<meta name=\"twitter:data1\" content=\"Redaccion\" \/>\n<script type=\"application\/ld+json\" class=\"yoast-schema-graph\">{\"@context\":\"https:\/\/schema.org\",\"@graph\":[{\"@type\":\"Article\",\"@id\":\"https:\/\/torredonjimenoactualidad.com\/index.php\/2025\/07\/07\/anuncian-la-convocatoria-de-una-gran-movilizacion-ciudadana-para-visibilizar-el-apoyo-masivo-a-la-uja\/#article\",\"isPartOf\":{\"@id\":\"https:\/\/torredonjimenoactualidad.com\/index.php\/2025\/07\/07\/anuncian-la-convocatoria-de-una-gran-movilizacion-ciudadana-para-visibilizar-el-apoyo-masivo-a-la-uja\/\"},\"author\":{\"name\":\"Redaccion\",\"@id\":\"https:\/\/torredonjimenoactualidad.com\/#\/schema\/person\/11f05803cdf40dbeb7f4fbf2365c9ac5\"},\"headline\":\"Anuncian la convocatoria de una \u00abgran movilizaci\u00f3n ciudadana\u00bb para visibilizar \u00abel apoyo masivo\u00bb a la UJA\",\"datePublished\":\"2025-07-07T17:41:40+00:00\",\"dateModified\":\"2025-07-07T17:45:00+00:00\",\"mainEntityOfPage\":{\"@id\":\"https:\/\/torredonjimenoactualidad.com\/index.php\/2025\/07\/07\/anuncian-la-convocatoria-de-una-gran-movilizacion-ciudadana-para-visibilizar-el-apoyo-masivo-a-la-uja\/\"},\"wordCount\":489,\"publisher\":{\"@id\":\"https:\/\/torredonjimenoactualidad.com\/#organization\"},\"inLanguage\":\"es\"},{\"@type\":\"WebPage\",\"@id\":\"https:\/\/torredonjimenoactualidad.com\/index.php\/2025\/07\/07\/anuncian-la-convocatoria-de-una-gran-movilizacion-ciudadana-para-visibilizar-el-apoyo-masivo-a-la-uja\/\",\"url\":\"https:\/\/torredonjimenoactualidad.com\/index.php\/2025\/07\/07\/anuncian-la-convocatoria-de-una-gran-movilizacion-ciudadana-para-visibilizar-el-apoyo-masivo-a-la-uja\/\",\"name\":\"Anuncian la convocatoria de una \u00abgran movilizaci\u00f3n ciudadana\u00bb para visibilizar \u00abel apoyo masivo\u00bb a la UJA - Torredonjimeno Actualidad\",\"isPartOf\":{\"@id\":\"https:\/\/torredonjimenoactualidad.com\/#website\"},\"datePublished\":\"2025-07-07T17:41:40+00:00\",\"dateModified\":\"2025-07-07T17:45:00+00:00\",\"breadcrumb\":{\"@id\":\"https:\/\/torredonjimenoactualidad.com\/index.php\/2025\/07\/07\/anuncian-la-convocatoria-de-una-gran-movilizacion-ciudadana-para-visibilizar-el-apoyo-masivo-a-la-uja\/#breadcrumb\"},\"inLanguage\":\"es\",\"potentialAction\":[{\"@type\":\"ReadAction\",\"target\":[\"https:\/\/torredonjimenoactualidad.com\/index.php\/2025\/07\/07\/anuncian-la-convocatoria-de-una-gran-movilizacion-ciudadana-para-visibilizar-el-apoyo-masivo-a-la-uja\/\"]}]},{\"@type\":\"BreadcrumbList\",\"@id\":\"https:\/\/torredonjimenoactualidad.com\/index.php\/2025\/07\/07\/anuncian-la-convocatoria-de-una-gran-movilizacion-ciudadana-para-visibilizar-el-apoyo-masivo-a-la-uja\/#breadcrumb\",\"itemListElement\":[{\"@type\":\"ListItem\",\"position\":1,\"name\":\"Portada\",\"item\":\"https:\/\/torredonjimenoactualidad.com\/\"},{\"@type\":\"ListItem\",\"position\":2,\"name\":\"Anuncian la convocatoria de una \u00abgran movilizaci\u00f3n ciudadana\u00bb para visibilizar \u00abel apoyo masivo\u00bb a la UJA\"}]},{\"@type\":\"WebSite\",\"@id\":\"https:\/\/torredonjimenoactualidad.com\/#website\",\"url\":\"https:\/\/torredonjimenoactualidad.com\/\",\"name\":\"Torredonjimeno Actualidad\",\"description\":\"\",\"publisher\":{\"@id\":\"https:\/\/torredonjimenoactualidad.com\/#organization\"},\"potentialAction\":[{\"@type\":\"SearchAction\",\"target\":{\"@type\":\"EntryPoint\",\"urlTemplate\":\"https:\/\/torredonjimenoactualidad.com\/?s={search_term_string}\"},\"query-input\":\"required name=search_term_string\"}],\"inLanguage\":\"es\"},{\"@type\":\"Organization\",\"@id\":\"https:\/\/torredonjimenoactualidad.com\/#organization\",\"name\":\"Torredonjimeno Actualidad\",\"url\":\"https:\/\/torredonjimenoactualidad.com\/\",\"logo\":{\"@type\":\"ImageObject\",\"inLanguage\":\"es\",\"@id\":\"https:\/\/torredonjimenoactualidad.com\/#\/schema\/logo\/image\/\",\"url\":\"https:\/\/torredonjimenoactualidad.com\/wp-content\/uploads\/2023\/02\/logo-torredonjimeno-544x180-1.png\",\"contentUrl\":\"https:\/\/torredonjimenoactualidad.com\/wp-content\/uploads\/2023\/02\/logo-torredonjimeno-544x180-1.png\",\"width\":545,\"height\":112,\"caption\":\"Torredonjimeno Actualidad\"},\"image\":{\"@id\":\"https:\/\/torredonjimenoactualidad.com\/#\/schema\/logo\/image\/\"}},{\"@type\":\"Person\",\"@id\":\"https:\/\/torredonjimenoactualidad.com\/#\/schema\/person\/11f05803cdf40dbeb7f4fbf2365c9ac5\",\"name\":\"Redaccion\",\"image\":{\"@type\":\"ImageObject\",\"inLanguage\":\"es\",\"@id\":\"https:\/\/torredonjimenoactualidad.com\/#\/schema\/person\/image\/\",\"url\":\"https:\/\/secure.gravatar.com\/avatar\/5917bab7eff43e17746fd29b509939469470810b6b989b7cc2f89e3188399bf3?s=96&d=mm&r=g\",\"contentUrl\":\"https:\/\/secure.gravatar.com\/avatar\/5917bab7eff43e17746fd29b509939469470810b6b989b7cc2f89e3188399bf3?s=96&d=mm&r=g\",\"caption\":\"Redaccion\"},\"url\":\"https:\/\/torredonjimenoactualidad.com\/index.php\/author\/jose-bueno\/\"}]}<\/script>\n<!-- \/ Yoast SEO plugin. -->","yoast_head_json":{"title":"Anuncian la convocatoria de una \u00abgran movilizaci\u00f3n ciudadana\u00bb para visibilizar \u00abel apoyo masivo\u00bb a la UJA - Torredonjimeno Actualidad","robots":{"index":"index","follow":"follow","max-snippet":"max-snippet:-1","max-image-preview":"max-image-preview:large","max-video-preview":"max-video-preview:-1"},"canonical":"https:\/\/torredonjimenoactualidad.com\/index.php\/2025\/07\/07\/anuncian-la-convocatoria-de-una-gran-movilizacion-ciudadana-para-visibilizar-el-apoyo-masivo-a-la-uja\/","og_locale":"es_ES","og_type":"article","og_title":"Anuncian la convocatoria de una \u00abgran movilizaci\u00f3n ciudadana\u00bb para visibilizar \u00abel apoyo masivo\u00bb a la UJA - Torredonjimeno Actualidad","og_description":"La Plataforma Ciudadana en Defensa de la Universidad de Ja\u00e9n ha anunciado la convocatoria de una \u00abgran movilizaci\u00f3n ciudadana\u00bb para visibilizar \u00abel apoyo masivo\u00bb a la Universidad de Ja\u00e9n (UJA) despu\u00e9s de que se le haya denegado el grado de Ingenier\u00eda Biom\u00e9dica que iba a impartir conjuntamente con la Universidad de Granada (UGR). Para la &hellip; Anuncian la convocatoria de una \u00abgran movilizaci\u00f3n ciudadana\u00bb para visibilizar \u00abel apoyo masivo\u00bb a la UJA Leer m\u00e1s &raquo;","og_url":"https:\/\/torredonjimenoactualidad.com\/index.php\/2025\/07\/07\/anuncian-la-convocatoria-de-una-gran-movilizacion-ciudadana-para-visibilizar-el-apoyo-masivo-a-la-uja\/","og_site_name":"Torredonjimeno Actualidad","article_published_time":"2025-07-07T17:41:40+00:00","article_modified_time":"2025-07-07T17:45:00+00:00","og_image":[{"width":720,"height":411,"url":"https:\/\/torredonjimenoactualidad.com\/wp-content\/uploads\/2025\/07\/uja_investigacion_universidad_jaen.jpg-56-720.jpg","type":"image\/jpeg"}],"author":"Redaccion","twitter_card":"summary_large_image","twitter_misc":{"Escrito por":"Redaccion"},"schema":{"@context":"https:\/\/schema.org","@graph":[{"@type":"Article","@id":"https:\/\/torredonjimenoactualidad.com\/index.php\/2025\/07\/07\/anuncian-la-convocatoria-de-una-gran-movilizacion-ciudadana-para-visibilizar-el-apoyo-masivo-a-la-uja\/#article","isPartOf":{"@id":"https:\/\/torredonjimenoactualidad.com\/index.php\/2025\/07\/07\/anuncian-la-convocatoria-de-una-gran-movilizacion-ciudadana-para-visibilizar-el-apoyo-masivo-a-la-uja\/"},"author":{"name":"Redaccion","@id":"https:\/\/torredonjimenoactualidad.com\/#\/schema\/person\/11f05803cdf40dbeb7f4fbf2365c9ac5"},"headline":"Anuncian la convocatoria de una \u00abgran movilizaci\u00f3n ciudadana\u00bb para visibilizar \u00abel apoyo masivo\u00bb a la UJA","datePublished":"2025-07-07T17:41:40+00:00","dateModified":"2025-07-07T17:45:00+00:00","mainEntityOfPage":{"@id":"https:\/\/torredonjimenoactualidad.com\/index.php\/2025\/07\/07\/anuncian-la-convocatoria-de-una-gran-movilizacion-ciudadana-para-visibilizar-el-apoyo-masivo-a-la-uja\/"},"wordCount":489,"publisher":{"@id":"https:\/\/torredonjimenoactualidad.com\/#organization"},"inLanguage":"es"},{"@type":"WebPage","@id":"https:\/\/torredonjimenoactualidad.com\/index.php\/2025\/07\/07\/anuncian-la-convocatoria-de-una-gran-movilizacion-ciudadana-para-visibilizar-el-apoyo-masivo-a-la-uja\/","url":"https:\/\/torredonjimenoactualidad.com\/index.php\/2025\/07\/07\/anuncian-la-convocatoria-de-una-gran-movilizacion-ciudadana-para-visibilizar-el-apoyo-masivo-a-la-uja\/","name":"Anuncian la convocatoria de una \u00abgran movilizaci\u00f3n ciudadana\u00bb para visibilizar \u00abel apoyo masivo\u00bb a la UJA - Torredonjimeno Actualidad","isPartOf":{"@id":"https:\/\/torredonjimenoactualidad.com\/#website"},"datePublished":"2025-07-07T17:41:40+00:00","dateModified":"2025-07-07T17:45:00+00:00","breadcrumb":{"@id":"https:\/\/torredonjimenoactualidad.com\/index.php\/2025\/07\/07\/anuncian-la-convocatoria-de-una-gran-movilizacion-ciudadana-para-visibilizar-el-apoyo-masivo-a-la-uja\/#breadcrumb"},"inLanguage":"es","potentialAction":[{"@type":"ReadAction","target":["https:\/\/torredonjimenoactualidad.com\/index.php\/2025\/07\/07\/anuncian-la-convocatoria-de-una-gran-movilizacion-ciudadana-para-visibilizar-el-apoyo-masivo-a-la-uja\/"]}]},{"@type":"BreadcrumbList","@id":"https:\/\/torredonjimenoactualidad.com\/index.php\/2025\/07\/07\/anuncian-la-convocatoria-de-una-gran-movilizacion-ciudadana-para-visibilizar-el-apoyo-masivo-a-la-uja\/#breadcrumb","itemListElement":[{"@type":"ListItem","position":1,"name":"Portada","item":"https:\/\/torredonjimenoactualidad.com\/"},{"@type":"ListItem","position":2,"name":"Anuncian la convocatoria de una \u00abgran movilizaci\u00f3n ciudadana\u00bb para visibilizar \u00abel apoyo masivo\u00bb a la UJA"}]},{"@type":"WebSite","@id":"https:\/\/torredonjimenoactualidad.com\/#website","url":"https:\/\/torredonjimenoactualidad.com\/","name":"Torredonjimeno Actualidad","description":"","publisher":{"@id":"https:\/\/torredonjimenoactualidad.com\/#organization"},"potentialAction":[{"@type":"SearchAction","target":{"@type":"EntryPoint","urlTemplate":"https:\/\/torredonjimenoactualidad.com\/?s={search_term_string}"},"query-input":"required name=search_term_string"}],"inLanguage":"es"},{"@type":"Organization","@id":"https:\/\/torredonjimenoactualidad.com\/#organization","name":"Torredonjimeno Actualidad","url":"https:\/\/torredonjimenoactualidad.com\/","logo":{"@type":"ImageObject","inLanguage":"es","@id":"https:\/\/torredonjimenoactualidad.com\/#\/schema\/logo\/image\/","url":"https:\/\/torredonjimenoactualidad.com\/wp-content\/uploads\/2023\/02\/logo-torredonjimeno-544x180-1.png","contentUrl":"https:\/\/torredonjimenoactualidad.com\/wp-content\/uploads\/2023\/02\/logo-torredonjimeno-544x180-1.png","width":545,"height":112,"caption":"Torredonjimeno Actualidad"},"image":{"@id":"https:\/\/torredonjimenoactualidad.com\/#\/schema\/logo\/image\/"}},{"@type":"Person","@id":"https:\/\/torredonjimenoactualidad.com\/#\/schema\/person\/11f05803cdf40dbeb7f4fbf2365c9ac5","name":"Redaccion","image":{"@type":"ImageObject","inLanguage":"es","@id":"https:\/\/torredonjimenoactualidad.com\/#\/schema\/person\/image\/","url":"https:\/\/secure.gravatar.com\/avatar\/5917bab7eff43e17746fd29b509939469470810b6b989b7cc2f89e3188399bf3?s=96&d=mm&r=g","contentUrl":"https:\/\/secure.gravatar.com\/avatar\/5917bab7eff43e17746fd29b509939469470810b6b989b7cc2f89e3188399bf3?s=96&d=mm&r=g","caption":"Redaccion"},"url":"https:\/\/torredonjimenoactualidad.com\/index.php\/author\/jose-bueno\/"}]}},"_links":{"self":[{"href":"https:\/\/torredonjimenoactualidad.com\/index.php\/wp-json\/wp\/v2\/posts\/3600","targetHints":{"allow":["GET"]}}],"collection":[{"href":"https:\/\/torredonjimenoactualidad.com\/index.php\/wp-json\/wp\/v2\/posts"}],"about":[{"href":"https:\/\/torredonjimenoactualidad.com\/index.php\/wp-json\/wp\/v2\/types\/post"}],"author":[{"embeddable":true,"href":"https:\/\/torredonjimenoactualidad.com\/index.php\/wp-json\/wp\/v2\/users\/3"}],"replies":[{"embeddable":true,"href":"https:\/\/torredonjimenoactualidad.com\/index.php\/wp-json\/wp\/v2\/comments?post=3600"}],"version-history":[{"count":1,"href":"https:\/\/torredonjimenoactualidad.com\/index.php\/wp-json\/wp\/v2\/posts\/3600\/revisions"}],"predecessor-version":[{"id":3602,"href":"https:\/\/torredonjimenoactualidad.com\/index.php\/wp-json\/wp\/v2\/posts\/3600\/revisions\/3602"}],"wp:featuredmedia":[{"embeddable":true,"href":"https:\/\/torredonjimenoactualidad.com\/index.php\/wp-json\/wp\/v2\/media\/3601"}],"wp:attachment":[{"href":"https:\/\/torredonjimenoactualidad.com\/index.php\/wp-json\/wp\/v2\/media?parent=3600"}],"wp:term":[{"taxonomy":"category","embeddable":true,"href":"https:\/\/torredonjimenoactualidad.com\/index.php\/wp-json\/wp\/v2\/categories?post=3600"},{"taxonomy":"post_tag","embeddable":true,"href":"https:\/\/torredonjimenoactualidad.com\/index.php\/wp-json\/wp\/v2\/tags?post=3600"}],"curies":[{"name":"wp","href":"https:\/\/api.w.org\/{rel}","templated":true}]}}