{"id":3506,"date":"2025-06-09T09:15:12","date_gmt":"2025-06-09T09:15:12","guid":{"rendered":"https:\/\/torredonjimenoactualidad.com\/?p=3506"},"modified":"2025-06-09T09:16:23","modified_gmt":"2025-06-09T09:16:23","slug":"la-junta-local-de-seguridad-perfila-un-dispositivo-reforzado-para-garantizar-la-tranquilidad-durante-la-feria-de-san-pedro-en-torredonjimeno","status":"publish","type":"post","link":"https:\/\/torredonjimenoactualidad.com\/index.php\/2025\/06\/09\/la-junta-local-de-seguridad-perfila-un-dispositivo-reforzado-para-garantizar-la-tranquilidad-durante-la-feria-de-san-pedro-en-torredonjimeno\/","title":{"rendered":"La Junta Local de Seguridad perfila un dispositivo reforzado para la pr\u00f3xima Feria de San Pedro en Torredonjimeno"},"content":{"rendered":"\n<p>La Junta Local de Seguridad de Torredonjimeno ha celebrado este lunes una reuni\u00f3n clave de cara a la inminente Feria de San Pedro. En el encuentro, presidido por el subdelegado del Gobierno en Ja\u00e9n, Manuel Fern\u00e1ndez Palomino, se ha puesto de manifiesto el importante incremento de recursos humanos y materiales por parte de la Guardia Civil para asegurar el orden p\u00fablico y la seguridad ciudadana durante los d\u00edas festivos.<\/p>\n\n\n\n<p>El subdelegado ha destacado el esfuerzo realizado para articular un dispositivo conjunto \u201cde la manera m\u00e1s eficiente posible\u201d, con el objetivo de garantizar la tranquilidad tanto de los vecinos como de los visitantes que se dar\u00e1n cita en la feria. Fern\u00e1ndez Palomino ha subrayado que la planificaci\u00f3n responde a una estrategia coordinada y adaptada a las caracter\u00edsticas del evento, uno de los m\u00e1s concurridos del calendario tosiriano.<\/p>\n\n\n\n<p>Entre las medidas acordadas, se ha confirmado que la Guardia Civil contar\u00e1 con presencia permanente en el municipio a lo largo de toda la feria. Adem\u00e1s, se desplegar\u00e1n refuerzos de la Unidad de Seguridad Ciudadana (USECIC) de la Comandancia de Ja\u00e9n, as\u00ed como efectivos del Subsector de Tr\u00e1fico, que velar\u00e1n por el correcto desarrollo de la circulaci\u00f3n en los accesos y zonas de mayor afluencia.<\/p>\n\n\n\n<p>El Ayuntamiento de Torredonjimeno ha agradecido la implicaci\u00f3n y colaboraci\u00f3n de todas las administraciones implicadas en este operativo, que pretende asegurar unas fiestas tranquilas, participativas y sin incidentes.<\/p>\n","protected":false},"excerpt":{"rendered":"<p>La Junta Local de Seguridad de Torredonjimeno ha celebrado este lunes una reuni\u00f3n clave de cara a la inminente Feria de San Pedro. En el encuentro, presidido por el subdelegado del Gobierno en Ja\u00e9n, Manuel Fern\u00e1ndez Palomino, se ha puesto de manifiesto el importante incremento de recursos humanos y materiales por parte de la Guardia &hellip;<\/p>\n<p class=\"read-more\"> <a class=\"\" href=\"https:\/\/torredonjimenoactualidad.com\/index.php\/2025\/06\/09\/la-junta-local-de-seguridad-perfila-un-dispositivo-reforzado-para-garantizar-la-tranquilidad-durante-la-feria-de-san-pedro-en-torredonjimeno\/\"> <span class=\"screen-reader-text\">La Junta Local de Seguridad perfila un dispositivo reforzado para la pr\u00f3xima Feria de San Pedro en Torredonjimeno<\/span> Leer m\u00e1s &raquo;<\/a><\/p>\n","protected":false},"author":2,"featured_media":3507,"comment_status":"closed","ping_status":"open","sticky":false,"template":"","format":"standard","meta":{"site-sidebar-layout":"default","site-content-layout":"default","ast-global-header-display":"","ast-main-header-display":"","ast-hfb-above-header-display":"","ast-hfb-below-header-display":"","ast-hfb-mobile-header-display":"","site-post-title":"","ast-breadcrumbs-content":"","ast-featured-img":"","footer-sml-layout":"","theme-transparent-header-meta":"","adv-header-id-meta":"","stick-header-meta":"","header-above-stick-meta":"","header-main-stick-meta":"","header-below-stick-meta":"","footnotes":""},"categories":[7],"tags":[],"class_list":["post-3506","post","type-post","status-publish","format-standard","has-post-thumbnail","hentry","category-local"],"yoast_head":"<!-- This site is optimized with the Yoast SEO plugin v20.8 - https:\/\/yoast.com\/wordpress\/plugins\/seo\/ -->\n<title>La Junta Local de Seguridad perfila un dispositivo reforzado para la pr\u00f3xima Feria de San Pedro en Torredonjimeno - Torredonjimeno Actualidad<\/title>\n<meta name=\"robots\" content=\"index, follow, max-snippet:-1, max-image-preview:large, max-video-preview:-1\" \/>\n<link rel=\"canonical\" href=\"https:\/\/torredonjimenoactualidad.com\/index.php\/2025\/06\/09\/la-junta-local-de-seguridad-perfila-un-dispositivo-reforzado-para-garantizar-la-tranquilidad-durante-la-feria-de-san-pedro-en-torredonjimeno\/\" \/>\n<meta property=\"og:locale\" content=\"es_ES\" \/>\n<meta property=\"og:type\" content=\"article\" \/>\n<meta property=\"og:title\" content=\"La Junta Local de Seguridad perfila un dispositivo reforzado para la pr\u00f3xima Feria de San Pedro en Torredonjimeno - Torredonjimeno Actualidad\" \/>\n<meta property=\"og:description\" content=\"La Junta Local de Seguridad de Torredonjimeno ha celebrado este lunes una reuni\u00f3n clave de cara a la inminente Feria de San Pedro. En el encuentro, presidido por el subdelegado del Gobierno en Ja\u00e9n, Manuel Fern\u00e1ndez Palomino, se ha puesto de manifiesto el importante incremento de recursos humanos y materiales por parte de la Guardia &hellip; La Junta Local de Seguridad perfila un dispositivo reforzado para la pr\u00f3xima Feria de San Pedro en Torredonjimeno Leer m\u00e1s &raquo;\" \/>\n<meta property=\"og:url\" content=\"https:\/\/torredonjimenoactualidad.com\/index.php\/2025\/06\/09\/la-junta-local-de-seguridad-perfila-un-dispositivo-reforzado-para-garantizar-la-tranquilidad-durante-la-feria-de-san-pedro-en-torredonjimeno\/\" \/>\n<meta property=\"og:site_name\" content=\"Torredonjimeno Actualidad\" \/>\n<meta property=\"article:published_time\" content=\"2025-06-09T09:15:12+00:00\" \/>\n<meta property=\"article:modified_time\" content=\"2025-06-09T09:16:23+00:00\" \/>\n<meta property=\"og:image\" content=\"https:\/\/torredonjimenoactualidad.com\/wp-content\/uploads\/2025\/06\/505378462_1355107066270055_4780277758808930096_n-2.jpg\" \/>\n\t<meta property=\"og:image:width\" content=\"1600\" \/>\n\t<meta property=\"og:image:height\" content=\"914\" \/>\n\t<meta property=\"og:image:type\" content=\"image\/jpeg\" \/>\n<meta name=\"author\" content=\"Alba Mar\u00eda Torres\" \/>\n<meta name=\"twitter:card\" content=\"summary_large_image\" \/>\n<meta name=\"twitter:label1\" content=\"Escrito por\" \/>\n\t<meta name=\"twitter:data1\" content=\"Alba Mar\u00eda Torres\" \/>\n\t<meta name=\"twitter:label2\" content=\"Tiempo de lectura\" \/>\n\t<meta name=\"twitter:data2\" content=\"2 minutos\" \/>\n<script type=\"application\/ld+json\" class=\"yoast-schema-graph\">{\"@context\":\"https:\/\/schema.org\",\"@graph\":[{\"@type\":\"Article\",\"@id\":\"https:\/\/torredonjimenoactualidad.com\/index.php\/2025\/06\/09\/la-junta-local-de-seguridad-perfila-un-dispositivo-reforzado-para-garantizar-la-tranquilidad-durante-la-feria-de-san-pedro-en-torredonjimeno\/#article\",\"isPartOf\":{\"@id\":\"https:\/\/torredonjimenoactualidad.com\/index.php\/2025\/06\/09\/la-junta-local-de-seguridad-perfila-un-dispositivo-reforzado-para-garantizar-la-tranquilidad-durante-la-feria-de-san-pedro-en-torredonjimeno\/\"},\"author\":{\"name\":\"Alba Mar\u00eda Torres\",\"@id\":\"https:\/\/torredonjimenoactualidad.com\/#\/schema\/person\/84de5f233e783ef2c75151a532b54977\"},\"headline\":\"La Junta Local de Seguridad perfila un dispositivo reforzado para la pr\u00f3xima Feria de San Pedro en Torredonjimeno\",\"datePublished\":\"2025-06-09T09:15:12+00:00\",\"dateModified\":\"2025-06-09T09:16:23+00:00\",\"mainEntityOfPage\":{\"@id\":\"https:\/\/torredonjimenoactualidad.com\/index.php\/2025\/06\/09\/la-junta-local-de-seguridad-perfila-un-dispositivo-reforzado-para-garantizar-la-tranquilidad-durante-la-feria-de-san-pedro-en-torredonjimeno\/\"},\"wordCount\":267,\"publisher\":{\"@id\":\"https:\/\/torredonjimenoactualidad.com\/#organization\"},\"articleSection\":[\"local\"],\"inLanguage\":\"es\"},{\"@type\":\"WebPage\",\"@id\":\"https:\/\/torredonjimenoactualidad.com\/index.php\/2025\/06\/09\/la-junta-local-de-seguridad-perfila-un-dispositivo-reforzado-para-garantizar-la-tranquilidad-durante-la-feria-de-san-pedro-en-torredonjimeno\/\",\"url\":\"https:\/\/torredonjimenoactualidad.com\/index.php\/2025\/06\/09\/la-junta-local-de-seguridad-perfila-un-dispositivo-reforzado-para-garantizar-la-tranquilidad-durante-la-feria-de-san-pedro-en-torredonjimeno\/\",\"name\":\"La Junta Local de Seguridad perfila un dispositivo reforzado para la pr\u00f3xima Feria de San Pedro en Torredonjimeno - Torredonjimeno Actualidad\",\"isPartOf\":{\"@id\":\"https:\/\/torredonjimenoactualidad.com\/#website\"},\"datePublished\":\"2025-06-09T09:15:12+00:00\",\"dateModified\":\"2025-06-09T09:16:23+00:00\",\"breadcrumb\":{\"@id\":\"https:\/\/torredonjimenoactualidad.com\/index.php\/2025\/06\/09\/la-junta-local-de-seguridad-perfila-un-dispositivo-reforzado-para-garantizar-la-tranquilidad-durante-la-feria-de-san-pedro-en-torredonjimeno\/#breadcrumb\"},\"inLanguage\":\"es\",\"potentialAction\":[{\"@type\":\"ReadAction\",\"target\":[\"https:\/\/torredonjimenoactualidad.com\/index.php\/2025\/06\/09\/la-junta-local-de-seguridad-perfila-un-dispositivo-reforzado-para-garantizar-la-tranquilidad-durante-la-feria-de-san-pedro-en-torredonjimeno\/\"]}]},{\"@type\":\"BreadcrumbList\",\"@id\":\"https:\/\/torredonjimenoactualidad.com\/index.php\/2025\/06\/09\/la-junta-local-de-seguridad-perfila-un-dispositivo-reforzado-para-garantizar-la-tranquilidad-durante-la-feria-de-san-pedro-en-torredonjimeno\/#breadcrumb\",\"itemListElement\":[{\"@type\":\"ListItem\",\"position\":1,\"name\":\"Portada\",\"item\":\"https:\/\/torredonjimenoactualidad.com\/\"},{\"@type\":\"ListItem\",\"position\":2,\"name\":\"La Junta Local de Seguridad perfila un dispositivo reforzado para la pr\u00f3xima Feria de San Pedro en Torredonjimeno\"}]},{\"@type\":\"WebSite\",\"@id\":\"https:\/\/torredonjimenoactualidad.com\/#website\",\"url\":\"https:\/\/torredonjimenoactualidad.com\/\",\"name\":\"Torredonjimeno Actualidad\",\"description\":\"\",\"publisher\":{\"@id\":\"https:\/\/torredonjimenoactualidad.com\/#organization\"},\"potentialAction\":[{\"@type\":\"SearchAction\",\"target\":{\"@type\":\"EntryPoint\",\"urlTemplate\":\"https:\/\/torredonjimenoactualidad.com\/?s={search_term_string}\"},\"query-input\":\"required name=search_term_string\"}],\"inLanguage\":\"es\"},{\"@type\":\"Organization\",\"@id\":\"https:\/\/torredonjimenoactualidad.com\/#organization\",\"name\":\"Torredonjimeno Actualidad\",\"url\":\"https:\/\/torredonjimenoactualidad.com\/\",\"logo\":{\"@type\":\"ImageObject\",\"inLanguage\":\"es\",\"@id\":\"https:\/\/torredonjimenoactualidad.com\/#\/schema\/logo\/image\/\",\"url\":\"https:\/\/torredonjimenoactualidad.com\/wp-content\/uploads\/2023\/02\/logo-torredonjimeno-544x180-1.png\",\"contentUrl\":\"https:\/\/torredonjimenoactualidad.com\/wp-content\/uploads\/2023\/02\/logo-torredonjimeno-544x180-1.png\",\"width\":545,\"height\":112,\"caption\":\"Torredonjimeno Actualidad\"},\"image\":{\"@id\":\"https:\/\/torredonjimenoactualidad.com\/#\/schema\/logo\/image\/\"}},{\"@type\":\"Person\",\"@id\":\"https:\/\/torredonjimenoactualidad.com\/#\/schema\/person\/84de5f233e783ef2c75151a532b54977\",\"name\":\"Alba Mar\u00eda Torres\",\"image\":{\"@type\":\"ImageObject\",\"inLanguage\":\"es\",\"@id\":\"https:\/\/torredonjimenoactualidad.com\/#\/schema\/person\/image\/\",\"url\":\"https:\/\/secure.gravatar.com\/avatar\/f9371f188c71501b4475a9ba2a71595850ec72967f800a2ed8e3e2102859ed65?s=96&d=mm&r=g\",\"contentUrl\":\"https:\/\/secure.gravatar.com\/avatar\/f9371f188c71501b4475a9ba2a71595850ec72967f800a2ed8e3e2102859ed65?s=96&d=mm&r=g\",\"caption\":\"Alba Mar\u00eda Torres\"},\"url\":\"https:\/\/torredonjimenoactualidad.com\/index.php\/author\/alba-torres\/\"}]}<\/script>\n<!-- \/ Yoast SEO plugin. -->","yoast_head_json":{"title":"La Junta Local de Seguridad perfila un dispositivo reforzado para la pr\u00f3xima Feria de San Pedro en Torredonjimeno - Torredonjimeno Actualidad","robots":{"index":"index","follow":"follow","max-snippet":"max-snippet:-1","max-image-preview":"max-image-preview:large","max-video-preview":"max-video-preview:-1"},"canonical":"https:\/\/torredonjimenoactualidad.com\/index.php\/2025\/06\/09\/la-junta-local-de-seguridad-perfila-un-dispositivo-reforzado-para-garantizar-la-tranquilidad-durante-la-feria-de-san-pedro-en-torredonjimeno\/","og_locale":"es_ES","og_type":"article","og_title":"La Junta Local de Seguridad perfila un dispositivo reforzado para la pr\u00f3xima Feria de San Pedro en Torredonjimeno - Torredonjimeno Actualidad","og_description":"La Junta Local de Seguridad de Torredonjimeno ha celebrado este lunes una reuni\u00f3n clave de cara a la inminente Feria de San Pedro. En el encuentro, presidido por el subdelegado del Gobierno en Ja\u00e9n, Manuel Fern\u00e1ndez Palomino, se ha puesto de manifiesto el importante incremento de recursos humanos y materiales por parte de la Guardia &hellip; La Junta Local de Seguridad perfila un dispositivo reforzado para la pr\u00f3xima Feria de San Pedro en Torredonjimeno Leer m\u00e1s &raquo;","og_url":"https:\/\/torredonjimenoactualidad.com\/index.php\/2025\/06\/09\/la-junta-local-de-seguridad-perfila-un-dispositivo-reforzado-para-garantizar-la-tranquilidad-durante-la-feria-de-san-pedro-en-torredonjimeno\/","og_site_name":"Torredonjimeno Actualidad","article_published_time":"2025-06-09T09:15:12+00:00","article_modified_time":"2025-06-09T09:16:23+00:00","og_image":[{"width":1600,"height":914,"url":"https:\/\/torredonjimenoactualidad.com\/wp-content\/uploads\/2025\/06\/505378462_1355107066270055_4780277758808930096_n-2.jpg","type":"image\/jpeg"}],"author":"Alba Mar\u00eda Torres","twitter_card":"summary_large_image","twitter_misc":{"Escrito por":"Alba Mar\u00eda Torres","Tiempo de lectura":"2 minutos"},"schema":{"@context":"https:\/\/schema.org","@graph":[{"@type":"Article","@id":"https:\/\/torredonjimenoactualidad.com\/index.php\/2025\/06\/09\/la-junta-local-de-seguridad-perfila-un-dispositivo-reforzado-para-garantizar-la-tranquilidad-durante-la-feria-de-san-pedro-en-torredonjimeno\/#article","isPartOf":{"@id":"https:\/\/torredonjimenoactualidad.com\/index.php\/2025\/06\/09\/la-junta-local-de-seguridad-perfila-un-dispositivo-reforzado-para-garantizar-la-tranquilidad-durante-la-feria-de-san-pedro-en-torredonjimeno\/"},"author":{"name":"Alba Mar\u00eda Torres","@id":"https:\/\/torredonjimenoactualidad.com\/#\/schema\/person\/84de5f233e783ef2c75151a532b54977"},"headline":"La Junta Local de Seguridad perfila un dispositivo reforzado para la pr\u00f3xima Feria de San Pedro en Torredonjimeno","datePublished":"2025-06-09T09:15:12+00:00","dateModified":"2025-06-09T09:16:23+00:00","mainEntityOfPage":{"@id":"https:\/\/torredonjimenoactualidad.com\/index.php\/2025\/06\/09\/la-junta-local-de-seguridad-perfila-un-dispositivo-reforzado-para-garantizar-la-tranquilidad-durante-la-feria-de-san-pedro-en-torredonjimeno\/"},"wordCount":267,"publisher":{"@id":"https:\/\/torredonjimenoactualidad.com\/#organization"},"articleSection":["local"],"inLanguage":"es"},{"@type":"WebPage","@id":"https:\/\/torredonjimenoactualidad.com\/index.php\/2025\/06\/09\/la-junta-local-de-seguridad-perfila-un-dispositivo-reforzado-para-garantizar-la-tranquilidad-durante-la-feria-de-san-pedro-en-torredonjimeno\/","url":"https:\/\/torredonjimenoactualidad.com\/index.php\/2025\/06\/09\/la-junta-local-de-seguridad-perfila-un-dispositivo-reforzado-para-garantizar-la-tranquilidad-durante-la-feria-de-san-pedro-en-torredonjimeno\/","name":"La Junta Local de Seguridad perfila un dispositivo reforzado para la pr\u00f3xima Feria de San Pedro en Torredonjimeno - Torredonjimeno Actualidad","isPartOf":{"@id":"https:\/\/torredonjimenoactualidad.com\/#website"},"datePublished":"2025-06-09T09:15:12+00:00","dateModified":"2025-06-09T09:16:23+00:00","breadcrumb":{"@id":"https:\/\/torredonjimenoactualidad.com\/index.php\/2025\/06\/09\/la-junta-local-de-seguridad-perfila-un-dispositivo-reforzado-para-garantizar-la-tranquilidad-durante-la-feria-de-san-pedro-en-torredonjimeno\/#breadcrumb"},"inLanguage":"es","potentialAction":[{"@type":"ReadAction","target":["https:\/\/torredonjimenoactualidad.com\/index.php\/2025\/06\/09\/la-junta-local-de-seguridad-perfila-un-dispositivo-reforzado-para-garantizar-la-tranquilidad-durante-la-feria-de-san-pedro-en-torredonjimeno\/"]}]},{"@type":"BreadcrumbList","@id":"https:\/\/torredonjimenoactualidad.com\/index.php\/2025\/06\/09\/la-junta-local-de-seguridad-perfila-un-dispositivo-reforzado-para-garantizar-la-tranquilidad-durante-la-feria-de-san-pedro-en-torredonjimeno\/#breadcrumb","itemListElement":[{"@type":"ListItem","position":1,"name":"Portada","item":"https:\/\/torredonjimenoactualidad.com\/"},{"@type":"ListItem","position":2,"name":"La Junta Local de Seguridad perfila un dispositivo reforzado para la pr\u00f3xima Feria de San Pedro en Torredonjimeno"}]},{"@type":"WebSite","@id":"https:\/\/torredonjimenoactualidad.com\/#website","url":"https:\/\/torredonjimenoactualidad.com\/","name":"Torredonjimeno Actualidad","description":"","publisher":{"@id":"https:\/\/torredonjimenoactualidad.com\/#organization"},"potentialAction":[{"@type":"SearchAction","target":{"@type":"EntryPoint","urlTemplate":"https:\/\/torredonjimenoactualidad.com\/?s={search_term_string}"},"query-input":"required name=search_term_string"}],"inLanguage":"es"},{"@type":"Organization","@id":"https:\/\/torredonjimenoactualidad.com\/#organization","name":"Torredonjimeno Actualidad","url":"https:\/\/torredonjimenoactualidad.com\/","logo":{"@type":"ImageObject","inLanguage":"es","@id":"https:\/\/torredonjimenoactualidad.com\/#\/schema\/logo\/image\/","url":"https:\/\/torredonjimenoactualidad.com\/wp-content\/uploads\/2023\/02\/logo-torredonjimeno-544x180-1.png","contentUrl":"https:\/\/torredonjimenoactualidad.com\/wp-content\/uploads\/2023\/02\/logo-torredonjimeno-544x180-1.png","width":545,"height":112,"caption":"Torredonjimeno Actualidad"},"image":{"@id":"https:\/\/torredonjimenoactualidad.com\/#\/schema\/logo\/image\/"}},{"@type":"Person","@id":"https:\/\/torredonjimenoactualidad.com\/#\/schema\/person\/84de5f233e783ef2c75151a532b54977","name":"Alba Mar\u00eda Torres","image":{"@type":"ImageObject","inLanguage":"es","@id":"https:\/\/torredonjimenoactualidad.com\/#\/schema\/person\/image\/","url":"https:\/\/secure.gravatar.com\/avatar\/f9371f188c71501b4475a9ba2a71595850ec72967f800a2ed8e3e2102859ed65?s=96&d=mm&r=g","contentUrl":"https:\/\/secure.gravatar.com\/avatar\/f9371f188c71501b4475a9ba2a71595850ec72967f800a2ed8e3e2102859ed65?s=96&d=mm&r=g","caption":"Alba Mar\u00eda Torres"},"url":"https:\/\/torredonjimenoactualidad.com\/index.php\/author\/alba-torres\/"}]}},"_links":{"self":[{"href":"https:\/\/torredonjimenoactualidad.com\/index.php\/wp-json\/wp\/v2\/posts\/3506","targetHints":{"allow":["GET"]}}],"collection":[{"href":"https:\/\/torredonjimenoactualidad.com\/index.php\/wp-json\/wp\/v2\/posts"}],"about":[{"href":"https:\/\/torredonjimenoactualidad.com\/index.php\/wp-json\/wp\/v2\/types\/post"}],"author":[{"embeddable":true,"href":"https:\/\/torredonjimenoactualidad.com\/index.php\/wp-json\/wp\/v2\/users\/2"}],"replies":[{"embeddable":true,"href":"https:\/\/torredonjimenoactualidad.com\/index.php\/wp-json\/wp\/v2\/comments?post=3506"}],"version-history":[{"count":2,"href":"https:\/\/torredonjimenoactualidad.com\/index.php\/wp-json\/wp\/v2\/posts\/3506\/revisions"}],"predecessor-version":[{"id":3509,"href":"https:\/\/torredonjimenoactualidad.com\/index.php\/wp-json\/wp\/v2\/posts\/3506\/revisions\/3509"}],"wp:featuredmedia":[{"embeddable":true,"href":"https:\/\/torredonjimenoactualidad.com\/index.php\/wp-json\/wp\/v2\/media\/3507"}],"wp:attachment":[{"href":"https:\/\/torredonjimenoactualidad.com\/index.php\/wp-json\/wp\/v2\/media?parent=3506"}],"wp:term":[{"taxonomy":"category","embeddable":true,"href":"https:\/\/torredonjimenoactualidad.com\/index.php\/wp-json\/wp\/v2\/categories?post=3506"},{"taxonomy":"post_tag","embeddable":true,"href":"https:\/\/torredonjimenoactualidad.com\/index.php\/wp-json\/wp\/v2\/tags?post=3506"}],"curies":[{"name":"wp","href":"https:\/\/api.w.org\/{rel}","templated":true}]}}