{"id":3403,"date":"2025-04-25T14:00:10","date_gmt":"2025-04-25T14:00:10","guid":{"rendered":"https:\/\/torredonjimenoactualidad.com\/?p=3403"},"modified":"2025-04-25T14:00:11","modified_gmt":"2025-04-25T14:00:11","slug":"activado-el-plan-del-cerro-en-andujar-que-redobla-seguridad-con-mejoras-en-la-via-al-santuario-y-el-camino-viejo","status":"publish","type":"post","link":"https:\/\/torredonjimenoactualidad.com\/index.php\/2025\/04\/25\/activado-el-plan-del-cerro-en-andujar-que-redobla-seguridad-con-mejoras-en-la-via-al-santuario-y-el-camino-viejo\/","title":{"rendered":"Activado el Plan del Cerro en And\u00fajar, que redobla seguridad con mejoras en la v\u00eda al Santuario y el Camino Viejo"},"content":{"rendered":"\n<p>El consejero de la Presidencia, Interior, Di\u00e1logo Social, Antonio Sanz, ha activado este viernes en And\u00fajar (Ja\u00e9n) el Plan del Cerro 2025 para prevenir riesgos y garantizar una r\u00e1pida respuesta a las incidencias que se puedan presentar durante la Romer\u00eda de la Virgen de la Cabeza y sus actos centrales este \u00faltimo fin de semana de abril.<\/p>\n\n\n\n<p>Un operativo planificado bajo el paraguas del Plan Territorial de Emergencias de Protecci\u00f3n Civil de Andaluc\u00eda que \u00abredobla la seguridad\u00bb con el arreglo de la carretera del Santuario y el Camino Viejo, seg\u00fan ha destacado en un acto que tambi\u00e9n ha contado, entre otros, con el alcalde, Francisco Carmona; la consejera de Sostenibilidad y Medio Ambiente, Catalina Garc\u00eda, y el subedelegado del Gobierno de Espa\u00f1a, Manuel Fern\u00e1ndez.<\/p>\n\n\n\n<p>El plan, que cumple su XV edici\u00f3n, estar\u00e1 en marcha, en fase de preemergencia, situaci\u00f3n operativa 0, desde este viernes y hasta el pr\u00f3ximo lunes, cuando entre la \u00faltima carreta en el casco urbano de And\u00fajar.<\/p>\n\n\n\n<p>Antes de su activaci\u00f3n, Antonio Sanz ha visitado las obras del nuevo Centro de Coordinaci\u00f3n Operativa (Cecop) que se est\u00e1 levantado en los terrenos de la Dehesa del Santuario. La construcci\u00f3n \u00abavanza a muy buen ritmo y finalizar\u00e1 antes de que acabe el a\u00f1o\u00bb, de modo que podr\u00e1 estar operativo en la pr\u00f3xima romer\u00eda.<\/p>\n\n\n\n<p>\u00abEn un tiempo r\u00e9cord vamos a tener este nuevo centro, en el que hemos invertido m\u00e1s de cuatro millones de euros; puesto que hace menos de un a\u00f1o firmamos con el alcalde de And\u00fajar la cesi\u00f3n del suelo\u00bb, ha valorado.<\/p>\n\n\n\n<p>El nuevo Cecop tendr\u00e1 m\u00e1s de 2.000 metros cuadrados en una estructura permanente que dar\u00e1 servicio al \u00e1rea de emergencia: sanitarios del Servicio Andaluz de Salud y 061, Unidad de Polic\u00eda Nacional Adscrita a la comunidad aut\u00f3noma, Polic\u00eda Local, Protecci\u00f3n Civil, 112, Infoca y GREA.<\/p>\n\n\n\n<p>Permitir\u00e1 trabajar a m\u00e1s efectivos de forma coordinada, ampliar\u00e1 la sala del centro de transmisiones, ofrecer\u00e1 un espacio m\u00e1s confortable a los profesionales que vienen de todas las partes de Espa\u00f1a y, sobre todo, dotar\u00e1 al pueblo de And\u00fajar de un espacio a su servicio todos los d\u00edas del a\u00f1o.<\/p>\n\n\n\n<p>Junto a ello, el consejero ha subrayado que esta edici\u00f3n el Plan del Cerro ha redoblado la seguridad gracias al arreglo de la carretera del Santuario (A-6177) y el Camino Viejo de And\u00fajar. \u00abPara ello, la Junta ha duplicado el presupuesto destinado a este dispositivo, pasando de los 430.000 euros del a\u00f1o pasado a los m\u00e1s de 900.000 euros para este a\u00f1o\u00bb, ha comentado.<\/p>\n\n\n\n<p>Por el conocido como Camino Viejo de And\u00fajar, por el Cordel de los Molinos, donde se han invertido 200.000 euros, suben las carretas y tambi\u00e9n algunos caballistas y se han dispuesto abrevaderos y amarres para garantizar el cuidado y bienestar animal (antes el \u00fanico sitio con abrevaderos era la zona de San Gin\u00e9s).<\/p>\n\n\n\n<p>\u00abUna obra que queda hecha para el municipio y que es la primera vez que se hace porque hasta ahora solo se hicieron labores de desbroce y limpieza en esta parte del camino, por el que se inici\u00f3 la peregrinaci\u00f3n hace ocho siglos\u00bb, ha explicado.<\/p>\n\n\n\n<p>En el caso de la carretera A-6177, se ha han presupuestado 400.000 euros. Entre otras actuaciones se ha reparado y asfaltado el firme en mal estado tras las lluvias, adem\u00e1s se han limpiado cunetas, desbrozado y podado ramas para mejorar la visibilidad de la v\u00eda.<\/p>\n\n\n\n<p>\u00abUna obra muy necesaria para la seguridad en la zona tanto en la romer\u00eda como el resto del a\u00f1o, porque este centro neur\u00e1lgico de la Fe en Andaluc\u00eda recibe a miles de visitantes y fieles todos los d\u00edas del a\u00f1o\u00bb, ha afirmado.<\/p>\n\n\n\n<h2 class=\"wp-block-heading\">TECNOLOG\u00cdA<\/h2>\n\n\n\n<p>Por otra parte, Sanz ha explicado que este es el primer a\u00f1o en el que la Agencia de Emergencias de Andaluc\u00eda (EMA) est\u00e1 al frente de las intervenciones \u00abcon toda la fuerza que supone poner a disposici\u00f3n del operativo a la agencia m\u00e1s importante de Espa\u00f1a en materia de seguridad y protecci\u00f3n\u00bb.<\/p>\n\n\n\n<p>En cuanto a las tecnolog\u00edas, por segundo a\u00f1o consecutivo el Plan del Cerro dispone de wifi inteligente para monitorizar el flujo de movimientos y controlar los aforos. Se trata de una herramienta con la que cuenta Pigea (Plataforma Integral de Gesti\u00f3n de Emergencias de Andaluc\u00eda) que proporciona seguridad y permite adecuar la respuesta y necesidades asistenciales a la realidad de cada momento y lugar.<\/p>\n\n\n\n<p>Tambi\u00e9n se cuenta con localizaci\u00f3n por GPS para las comitivas, adem\u00e1s del sistema 112 inverso o el ES-Alert &#8211;mensajes masivos a tel\u00e9fonos m\u00f3viles en caso de emergencia grave&#8211; y la App Plan del Cerro, un instrumento de informaci\u00f3n permanente, continua y actualizada del dispositivo que presenta esta edici\u00f3n tambi\u00e9n un asistente conversacional.<\/p>\n\n\n\n<p>A la espera de poder tener la pr\u00f3xima edici\u00f3n ya a pleno rendimiento el nuevo Cecop, el Plan del Cerro dispone un a\u00f1o m\u00e1s del \u00c1rea de Emergencias en el que se ha desplegado el Centro de Coordinaci\u00f3n Operativa. Incluye el Centro de Transmisiones (Cetra), gestionado este a\u00f1o por primera vez por la EMA, con personal del 112 de Ja\u00e9n y del Grupo de Emergencias de Andaluc\u00eda (GREA), desde donde se coordina todo el dispositivo, as\u00ed como el centro de Atenci\u00f3n Principal, m\u00e1s conocido como el hospital del Cerro, operado por el 061.<\/p>\n\n\n\n<h2 class=\"wp-block-heading\">ALREDEDOR DE 1.000 EFECTIVOS<\/h2>\n\n\n\n<p>\u00abNuestros efectivos son nuestro mayor y mejor capital. Este 2025 ser\u00e1n 218 efectivos los que integrar\u00e1n el dispositivo de la Junta de Andaluc\u00eda, por lo que en total suman alrededor de 1.000 de todas las administraciones\u00bb, ha resaltado.<\/p>\n\n\n\n<p>Entre ellos, figuran los profesionales de la EMA, los servicios de Protecci\u00f3n Civil, Emergencias 112, GREA, Infoca, 061, as\u00ed como agentes de la Unidad de la Polic\u00eda Nacional Adscrita a la Junta, 30 operadores de mantenimiento y conservaci\u00f3n de carreteras y agentes de medio ambiente. A ellos se une personal de las delegaciones de Fomento, Articulaci\u00f3n del Territorio y Vivienda, Sostenibilidad y Medio Ambiente y Salud y Consumo, del Instituto de Medicina Legal.<\/p>\n\n\n\n<p>El consejero ha felicitado tambi\u00e9n al grupo sanitario, un operativo que \u00abcumple la friolera de 30 a\u00f1os cuidando de la salud de los peregrinos de la Virgen de la Cabeza\u00bb. El Plan del Cerro cuenta con 14 m\u00e9dicos, 13 enfermeros, doce t\u00e9cnicos de emergencias sanitarias del Servicio Andaluz de Salud y el Centro de Emergencias Sanitarias (CES061), unidades perif\u00e9ricas de atenci\u00f3n y un centro de atenci\u00f3n principal en el \u00e1rea de emergencias con consultas de enfermer\u00eda, traumatolog\u00eda y hasta incubadora.<\/p>\n\n\n\n<p>Para prestar una correcta atenci\u00f3n en el terreno sanitario, se establece un refuerzo en el Hospital del Alto Guadalquivir de And\u00fajar, con dos equipos sanitarios completos en el servicio de Urgencias para hacer frente a posibles derivaciones desde el Santuario. Adem\u00e1s, la romer\u00eda vuelve a estar \u00abcardioprotegida\u00bb, para lo que se ha dotado al dispositivo con 20 desfibriladores\u00bb<\/p>\n\n\n\n<h2 class=\"wp-block-heading\">ENTORNO NATURAL<\/h2>\n\n\n\n<p>El cuidado del entorno en el que se desarrolla la romer\u00eda, en plena Sierra Morena, es otra de las m\u00e1ximas del Plan del Cerro. La EMA, a trav\u00e9s del Plan Infoca, aporta dos grupos de bomberos forestales y dos autobombas diarias, m\u00e1s un ret\u00e9n y un cami\u00f3n en el \u00e1rea del Cedefo de Santa Elena, un grupo de apoyo cada d\u00eda (tres personas), adem\u00e1s del subdirector del Centro Operativo Provincial (COP) y un t\u00e9cnico de Operaciones.<\/p>\n\n\n\n<p>En cuanto a medios materiales, la Junta tiene m\u00e1s de 50 veh\u00edculos: camiones, furgonetas y veh\u00edculos todoterreno, autobombas, UVIS m\u00f3viles y veh\u00edculos de transporte de r\u00e1pida intervenci\u00f3n con los que poder ofrecer una respuesta r\u00e1pida y eficaz ante cualquier eventualidad. Tambi\u00e9n hay un helic\u00f3ptero sanitario.<\/p>\n\n\n\n<p>Finalmente, el consejero ha hecho un llamamiento a los peregrinos \u00aba seguir los consejos del 112, a cumplir los horarios y a ir siempre junto a las comitivas para evitar riesgos\u00bb; al tiempo que ha agradecido a los Padres Trinitarios, a la Cofrad\u00eda Matriz y a la Federaci\u00f3n de Pe\u00f1as Romeras su colaboraci\u00f3n.<\/p>\n","protected":false},"excerpt":{"rendered":"<p>El consejero de la Presidencia, Interior, Di\u00e1logo Social, Antonio Sanz, ha activado este viernes en And\u00fajar (Ja\u00e9n) el Plan del Cerro 2025 para prevenir riesgos y garantizar una r\u00e1pida respuesta a las incidencias que se puedan presentar durante la Romer\u00eda de la Virgen de la Cabeza y sus actos centrales este \u00faltimo fin de semana &hellip;<\/p>\n<p class=\"read-more\"> <a class=\"\" href=\"https:\/\/torredonjimenoactualidad.com\/index.php\/2025\/04\/25\/activado-el-plan-del-cerro-en-andujar-que-redobla-seguridad-con-mejoras-en-la-via-al-santuario-y-el-camino-viejo\/\"> <span class=\"screen-reader-text\">Activado el Plan del Cerro en And\u00fajar, que redobla seguridad con mejoras en la v\u00eda al Santuario y el Camino Viejo<\/span> Leer m\u00e1s &raquo;<\/a><\/p>\n","protected":false},"author":3,"featured_media":3404,"comment_status":"closed","ping_status":"open","sticky":false,"template":"","format":"standard","meta":{"site-sidebar-layout":"default","site-content-layout":"default","ast-global-header-display":"","ast-main-header-display":"","ast-hfb-above-header-display":"","ast-hfb-below-header-display":"","ast-hfb-mobile-header-display":"","site-post-title":"","ast-breadcrumbs-content":"","ast-featured-img":"","footer-sml-layout":"","theme-transparent-header-meta":"","adv-header-id-meta":"","stick-header-meta":"","header-above-stick-meta":"","header-main-stick-meta":"","header-below-stick-meta":"","footnotes":""},"categories":[8],"tags":[],"class_list":["post-3403","post","type-post","status-publish","format-standard","has-post-thumbnail","hentry","category-provincia"],"yoast_head":"<!-- This site is optimized with the Yoast SEO plugin v20.8 - https:\/\/yoast.com\/wordpress\/plugins\/seo\/ -->\n<title>Activado el Plan del Cerro en And\u00fajar, que redobla seguridad con mejoras en la v\u00eda al Santuario y el Camino Viejo - Torredonjimeno Actualidad<\/title>\n<meta name=\"robots\" content=\"index, follow, max-snippet:-1, max-image-preview:large, max-video-preview:-1\" \/>\n<link rel=\"canonical\" href=\"https:\/\/torredonjimenoactualidad.com\/index.php\/2025\/04\/25\/activado-el-plan-del-cerro-en-andujar-que-redobla-seguridad-con-mejoras-en-la-via-al-santuario-y-el-camino-viejo\/\" \/>\n<meta property=\"og:locale\" content=\"es_ES\" \/>\n<meta property=\"og:type\" content=\"article\" \/>\n<meta property=\"og:title\" content=\"Activado el Plan del Cerro en And\u00fajar, que redobla seguridad con mejoras en la v\u00eda al Santuario y el Camino Viejo - Torredonjimeno Actualidad\" \/>\n<meta property=\"og:description\" content=\"El consejero de la Presidencia, Interior, Di\u00e1logo Social, Antonio Sanz, ha activado este viernes en And\u00fajar (Ja\u00e9n) el Plan del Cerro 2025 para prevenir riesgos y garantizar una r\u00e1pida respuesta a las incidencias que se puedan presentar durante la Romer\u00eda de la Virgen de la Cabeza y sus actos centrales este \u00faltimo fin de semana &hellip; Activado el Plan del Cerro en And\u00fajar, que redobla seguridad con mejoras en la v\u00eda al Santuario y el Camino Viejo Leer m\u00e1s &raquo;\" \/>\n<meta property=\"og:url\" content=\"https:\/\/torredonjimenoactualidad.com\/index.php\/2025\/04\/25\/activado-el-plan-del-cerro-en-andujar-que-redobla-seguridad-con-mejoras-en-la-via-al-santuario-y-el-camino-viejo\/\" \/>\n<meta property=\"og:site_name\" content=\"Torredonjimeno Actualidad\" \/>\n<meta property=\"article:published_time\" content=\"2025-04-25T14:00:10+00:00\" \/>\n<meta property=\"article:modified_time\" content=\"2025-04-25T14:00:11+00:00\" \/>\n<meta property=\"og:image\" content=\"https:\/\/torredonjimenoactualidad.com\/wp-content\/uploads\/2025\/04\/1745578965341ASanzPlanCerro-estandar.jpg\" \/>\n\t<meta property=\"og:image:width\" content=\"827\" \/>\n\t<meta property=\"og:image:height\" content=\"472\" \/>\n\t<meta property=\"og:image:type\" content=\"image\/jpeg\" \/>\n<meta name=\"author\" content=\"Redaccion\" \/>\n<meta name=\"twitter:card\" content=\"summary_large_image\" \/>\n<meta name=\"twitter:label1\" content=\"Escrito por\" \/>\n\t<meta name=\"twitter:data1\" content=\"Redaccion\" \/>\n\t<meta name=\"twitter:label2\" content=\"Tiempo de lectura\" \/>\n\t<meta name=\"twitter:data2\" content=\"6 minutos\" \/>\n<script type=\"application\/ld+json\" class=\"yoast-schema-graph\">{\"@context\":\"https:\/\/schema.org\",\"@graph\":[{\"@type\":\"Article\",\"@id\":\"https:\/\/torredonjimenoactualidad.com\/index.php\/2025\/04\/25\/activado-el-plan-del-cerro-en-andujar-que-redobla-seguridad-con-mejoras-en-la-via-al-santuario-y-el-camino-viejo\/#article\",\"isPartOf\":{\"@id\":\"https:\/\/torredonjimenoactualidad.com\/index.php\/2025\/04\/25\/activado-el-plan-del-cerro-en-andujar-que-redobla-seguridad-con-mejoras-en-la-via-al-santuario-y-el-camino-viejo\/\"},\"author\":{\"name\":\"Redaccion\",\"@id\":\"https:\/\/torredonjimenoactualidad.com\/#\/schema\/person\/11f05803cdf40dbeb7f4fbf2365c9ac5\"},\"headline\":\"Activado el Plan del Cerro en And\u00fajar, que redobla seguridad con mejoras en la v\u00eda al Santuario y el Camino Viejo\",\"datePublished\":\"2025-04-25T14:00:10+00:00\",\"dateModified\":\"2025-04-25T14:00:11+00:00\",\"mainEntityOfPage\":{\"@id\":\"https:\/\/torredonjimenoactualidad.com\/index.php\/2025\/04\/25\/activado-el-plan-del-cerro-en-andujar-que-redobla-seguridad-con-mejoras-en-la-via-al-santuario-y-el-camino-viejo\/\"},\"wordCount\":1414,\"publisher\":{\"@id\":\"https:\/\/torredonjimenoactualidad.com\/#organization\"},\"articleSection\":[\"provincia\"],\"inLanguage\":\"es\"},{\"@type\":\"WebPage\",\"@id\":\"https:\/\/torredonjimenoactualidad.com\/index.php\/2025\/04\/25\/activado-el-plan-del-cerro-en-andujar-que-redobla-seguridad-con-mejoras-en-la-via-al-santuario-y-el-camino-viejo\/\",\"url\":\"https:\/\/torredonjimenoactualidad.com\/index.php\/2025\/04\/25\/activado-el-plan-del-cerro-en-andujar-que-redobla-seguridad-con-mejoras-en-la-via-al-santuario-y-el-camino-viejo\/\",\"name\":\"Activado el Plan del Cerro en And\u00fajar, que redobla seguridad con mejoras en la v\u00eda al Santuario y el Camino Viejo - Torredonjimeno Actualidad\",\"isPartOf\":{\"@id\":\"https:\/\/torredonjimenoactualidad.com\/#website\"},\"datePublished\":\"2025-04-25T14:00:10+00:00\",\"dateModified\":\"2025-04-25T14:00:11+00:00\",\"breadcrumb\":{\"@id\":\"https:\/\/torredonjimenoactualidad.com\/index.php\/2025\/04\/25\/activado-el-plan-del-cerro-en-andujar-que-redobla-seguridad-con-mejoras-en-la-via-al-santuario-y-el-camino-viejo\/#breadcrumb\"},\"inLanguage\":\"es\",\"potentialAction\":[{\"@type\":\"ReadAction\",\"target\":[\"https:\/\/torredonjimenoactualidad.com\/index.php\/2025\/04\/25\/activado-el-plan-del-cerro-en-andujar-que-redobla-seguridad-con-mejoras-en-la-via-al-santuario-y-el-camino-viejo\/\"]}]},{\"@type\":\"BreadcrumbList\",\"@id\":\"https:\/\/torredonjimenoactualidad.com\/index.php\/2025\/04\/25\/activado-el-plan-del-cerro-en-andujar-que-redobla-seguridad-con-mejoras-en-la-via-al-santuario-y-el-camino-viejo\/#breadcrumb\",\"itemListElement\":[{\"@type\":\"ListItem\",\"position\":1,\"name\":\"Portada\",\"item\":\"https:\/\/torredonjimenoactualidad.com\/\"},{\"@type\":\"ListItem\",\"position\":2,\"name\":\"Activado el Plan del Cerro en And\u00fajar, que redobla seguridad con mejoras en la v\u00eda al Santuario y el Camino Viejo\"}]},{\"@type\":\"WebSite\",\"@id\":\"https:\/\/torredonjimenoactualidad.com\/#website\",\"url\":\"https:\/\/torredonjimenoactualidad.com\/\",\"name\":\"Torredonjimeno Actualidad\",\"description\":\"\",\"publisher\":{\"@id\":\"https:\/\/torredonjimenoactualidad.com\/#organization\"},\"potentialAction\":[{\"@type\":\"SearchAction\",\"target\":{\"@type\":\"EntryPoint\",\"urlTemplate\":\"https:\/\/torredonjimenoactualidad.com\/?s={search_term_string}\"},\"query-input\":\"required name=search_term_string\"}],\"inLanguage\":\"es\"},{\"@type\":\"Organization\",\"@id\":\"https:\/\/torredonjimenoactualidad.com\/#organization\",\"name\":\"Torredonjimeno Actualidad\",\"url\":\"https:\/\/torredonjimenoactualidad.com\/\",\"logo\":{\"@type\":\"ImageObject\",\"inLanguage\":\"es\",\"@id\":\"https:\/\/torredonjimenoactualidad.com\/#\/schema\/logo\/image\/\",\"url\":\"https:\/\/torredonjimenoactualidad.com\/wp-content\/uploads\/2023\/02\/logo-torredonjimeno-544x180-1.png\",\"contentUrl\":\"https:\/\/torredonjimenoactualidad.com\/wp-content\/uploads\/2023\/02\/logo-torredonjimeno-544x180-1.png\",\"width\":545,\"height\":112,\"caption\":\"Torredonjimeno Actualidad\"},\"image\":{\"@id\":\"https:\/\/torredonjimenoactualidad.com\/#\/schema\/logo\/image\/\"}},{\"@type\":\"Person\",\"@id\":\"https:\/\/torredonjimenoactualidad.com\/#\/schema\/person\/11f05803cdf40dbeb7f4fbf2365c9ac5\",\"name\":\"Redaccion\",\"image\":{\"@type\":\"ImageObject\",\"inLanguage\":\"es\",\"@id\":\"https:\/\/torredonjimenoactualidad.com\/#\/schema\/person\/image\/\",\"url\":\"https:\/\/secure.gravatar.com\/avatar\/5917bab7eff43e17746fd29b509939469470810b6b989b7cc2f89e3188399bf3?s=96&d=mm&r=g\",\"contentUrl\":\"https:\/\/secure.gravatar.com\/avatar\/5917bab7eff43e17746fd29b509939469470810b6b989b7cc2f89e3188399bf3?s=96&d=mm&r=g\",\"caption\":\"Redaccion\"},\"url\":\"https:\/\/torredonjimenoactualidad.com\/index.php\/author\/jose-bueno\/\"}]}<\/script>\n<!-- \/ Yoast SEO plugin. -->","yoast_head_json":{"title":"Activado el Plan del Cerro en And\u00fajar, que redobla seguridad con mejoras en la v\u00eda al Santuario y el Camino Viejo - Torredonjimeno Actualidad","robots":{"index":"index","follow":"follow","max-snippet":"max-snippet:-1","max-image-preview":"max-image-preview:large","max-video-preview":"max-video-preview:-1"},"canonical":"https:\/\/torredonjimenoactualidad.com\/index.php\/2025\/04\/25\/activado-el-plan-del-cerro-en-andujar-que-redobla-seguridad-con-mejoras-en-la-via-al-santuario-y-el-camino-viejo\/","og_locale":"es_ES","og_type":"article","og_title":"Activado el Plan del Cerro en And\u00fajar, que redobla seguridad con mejoras en la v\u00eda al Santuario y el Camino Viejo - Torredonjimeno Actualidad","og_description":"El consejero de la Presidencia, Interior, Di\u00e1logo Social, Antonio Sanz, ha activado este viernes en And\u00fajar (Ja\u00e9n) el Plan del Cerro 2025 para prevenir riesgos y garantizar una r\u00e1pida respuesta a las incidencias que se puedan presentar durante la Romer\u00eda de la Virgen de la Cabeza y sus actos centrales este \u00faltimo fin de semana &hellip; Activado el Plan del Cerro en And\u00fajar, que redobla seguridad con mejoras en la v\u00eda al Santuario y el Camino Viejo Leer m\u00e1s &raquo;","og_url":"https:\/\/torredonjimenoactualidad.com\/index.php\/2025\/04\/25\/activado-el-plan-del-cerro-en-andujar-que-redobla-seguridad-con-mejoras-en-la-via-al-santuario-y-el-camino-viejo\/","og_site_name":"Torredonjimeno Actualidad","article_published_time":"2025-04-25T14:00:10+00:00","article_modified_time":"2025-04-25T14:00:11+00:00","og_image":[{"width":827,"height":472,"url":"https:\/\/torredonjimenoactualidad.com\/wp-content\/uploads\/2025\/04\/1745578965341ASanzPlanCerro-estandar.jpg","type":"image\/jpeg"}],"author":"Redaccion","twitter_card":"summary_large_image","twitter_misc":{"Escrito por":"Redaccion","Tiempo de lectura":"6 minutos"},"schema":{"@context":"https:\/\/schema.org","@graph":[{"@type":"Article","@id":"https:\/\/torredonjimenoactualidad.com\/index.php\/2025\/04\/25\/activado-el-plan-del-cerro-en-andujar-que-redobla-seguridad-con-mejoras-en-la-via-al-santuario-y-el-camino-viejo\/#article","isPartOf":{"@id":"https:\/\/torredonjimenoactualidad.com\/index.php\/2025\/04\/25\/activado-el-plan-del-cerro-en-andujar-que-redobla-seguridad-con-mejoras-en-la-via-al-santuario-y-el-camino-viejo\/"},"author":{"name":"Redaccion","@id":"https:\/\/torredonjimenoactualidad.com\/#\/schema\/person\/11f05803cdf40dbeb7f4fbf2365c9ac5"},"headline":"Activado el Plan del Cerro en And\u00fajar, que redobla seguridad con mejoras en la v\u00eda al Santuario y el Camino Viejo","datePublished":"2025-04-25T14:00:10+00:00","dateModified":"2025-04-25T14:00:11+00:00","mainEntityOfPage":{"@id":"https:\/\/torredonjimenoactualidad.com\/index.php\/2025\/04\/25\/activado-el-plan-del-cerro-en-andujar-que-redobla-seguridad-con-mejoras-en-la-via-al-santuario-y-el-camino-viejo\/"},"wordCount":1414,"publisher":{"@id":"https:\/\/torredonjimenoactualidad.com\/#organization"},"articleSection":["provincia"],"inLanguage":"es"},{"@type":"WebPage","@id":"https:\/\/torredonjimenoactualidad.com\/index.php\/2025\/04\/25\/activado-el-plan-del-cerro-en-andujar-que-redobla-seguridad-con-mejoras-en-la-via-al-santuario-y-el-camino-viejo\/","url":"https:\/\/torredonjimenoactualidad.com\/index.php\/2025\/04\/25\/activado-el-plan-del-cerro-en-andujar-que-redobla-seguridad-con-mejoras-en-la-via-al-santuario-y-el-camino-viejo\/","name":"Activado el Plan del Cerro en And\u00fajar, que redobla seguridad con mejoras en la v\u00eda al Santuario y el Camino Viejo - Torredonjimeno Actualidad","isPartOf":{"@id":"https:\/\/torredonjimenoactualidad.com\/#website"},"datePublished":"2025-04-25T14:00:10+00:00","dateModified":"2025-04-25T14:00:11+00:00","breadcrumb":{"@id":"https:\/\/torredonjimenoactualidad.com\/index.php\/2025\/04\/25\/activado-el-plan-del-cerro-en-andujar-que-redobla-seguridad-con-mejoras-en-la-via-al-santuario-y-el-camino-viejo\/#breadcrumb"},"inLanguage":"es","potentialAction":[{"@type":"ReadAction","target":["https:\/\/torredonjimenoactualidad.com\/index.php\/2025\/04\/25\/activado-el-plan-del-cerro-en-andujar-que-redobla-seguridad-con-mejoras-en-la-via-al-santuario-y-el-camino-viejo\/"]}]},{"@type":"BreadcrumbList","@id":"https:\/\/torredonjimenoactualidad.com\/index.php\/2025\/04\/25\/activado-el-plan-del-cerro-en-andujar-que-redobla-seguridad-con-mejoras-en-la-via-al-santuario-y-el-camino-viejo\/#breadcrumb","itemListElement":[{"@type":"ListItem","position":1,"name":"Portada","item":"https:\/\/torredonjimenoactualidad.com\/"},{"@type":"ListItem","position":2,"name":"Activado el Plan del Cerro en And\u00fajar, que redobla seguridad con mejoras en la v\u00eda al Santuario y el Camino Viejo"}]},{"@type":"WebSite","@id":"https:\/\/torredonjimenoactualidad.com\/#website","url":"https:\/\/torredonjimenoactualidad.com\/","name":"Torredonjimeno Actualidad","description":"","publisher":{"@id":"https:\/\/torredonjimenoactualidad.com\/#organization"},"potentialAction":[{"@type":"SearchAction","target":{"@type":"EntryPoint","urlTemplate":"https:\/\/torredonjimenoactualidad.com\/?s={search_term_string}"},"query-input":"required name=search_term_string"}],"inLanguage":"es"},{"@type":"Organization","@id":"https:\/\/torredonjimenoactualidad.com\/#organization","name":"Torredonjimeno Actualidad","url":"https:\/\/torredonjimenoactualidad.com\/","logo":{"@type":"ImageObject","inLanguage":"es","@id":"https:\/\/torredonjimenoactualidad.com\/#\/schema\/logo\/image\/","url":"https:\/\/torredonjimenoactualidad.com\/wp-content\/uploads\/2023\/02\/logo-torredonjimeno-544x180-1.png","contentUrl":"https:\/\/torredonjimenoactualidad.com\/wp-content\/uploads\/2023\/02\/logo-torredonjimeno-544x180-1.png","width":545,"height":112,"caption":"Torredonjimeno Actualidad"},"image":{"@id":"https:\/\/torredonjimenoactualidad.com\/#\/schema\/logo\/image\/"}},{"@type":"Person","@id":"https:\/\/torredonjimenoactualidad.com\/#\/schema\/person\/11f05803cdf40dbeb7f4fbf2365c9ac5","name":"Redaccion","image":{"@type":"ImageObject","inLanguage":"es","@id":"https:\/\/torredonjimenoactualidad.com\/#\/schema\/person\/image\/","url":"https:\/\/secure.gravatar.com\/avatar\/5917bab7eff43e17746fd29b509939469470810b6b989b7cc2f89e3188399bf3?s=96&d=mm&r=g","contentUrl":"https:\/\/secure.gravatar.com\/avatar\/5917bab7eff43e17746fd29b509939469470810b6b989b7cc2f89e3188399bf3?s=96&d=mm&r=g","caption":"Redaccion"},"url":"https:\/\/torredonjimenoactualidad.com\/index.php\/author\/jose-bueno\/"}]}},"_links":{"self":[{"href":"https:\/\/torredonjimenoactualidad.com\/index.php\/wp-json\/wp\/v2\/posts\/3403","targetHints":{"allow":["GET"]}}],"collection":[{"href":"https:\/\/torredonjimenoactualidad.com\/index.php\/wp-json\/wp\/v2\/posts"}],"about":[{"href":"https:\/\/torredonjimenoactualidad.com\/index.php\/wp-json\/wp\/v2\/types\/post"}],"author":[{"embeddable":true,"href":"https:\/\/torredonjimenoactualidad.com\/index.php\/wp-json\/wp\/v2\/users\/3"}],"replies":[{"embeddable":true,"href":"https:\/\/torredonjimenoactualidad.com\/index.php\/wp-json\/wp\/v2\/comments?post=3403"}],"version-history":[{"count":1,"href":"https:\/\/torredonjimenoactualidad.com\/index.php\/wp-json\/wp\/v2\/posts\/3403\/revisions"}],"predecessor-version":[{"id":3405,"href":"https:\/\/torredonjimenoactualidad.com\/index.php\/wp-json\/wp\/v2\/posts\/3403\/revisions\/3405"}],"wp:featuredmedia":[{"embeddable":true,"href":"https:\/\/torredonjimenoactualidad.com\/index.php\/wp-json\/wp\/v2\/media\/3404"}],"wp:attachment":[{"href":"https:\/\/torredonjimenoactualidad.com\/index.php\/wp-json\/wp\/v2\/media?parent=3403"}],"wp:term":[{"taxonomy":"category","embeddable":true,"href":"https:\/\/torredonjimenoactualidad.com\/index.php\/wp-json\/wp\/v2\/categories?post=3403"},{"taxonomy":"post_tag","embeddable":true,"href":"https:\/\/torredonjimenoactualidad.com\/index.php\/wp-json\/wp\/v2\/tags?post=3403"}],"curies":[{"name":"wp","href":"https:\/\/api.w.org\/{rel}","templated":true}]}}