{"id":3383,"date":"2025-04-23T08:26:28","date_gmt":"2025-04-23T08:26:28","guid":{"rendered":"https:\/\/torredonjimenoactualidad.com\/?p=3383"},"modified":"2025-04-23T08:26:30","modified_gmt":"2025-04-23T08:26:30","slug":"presentado-en-torredonjimeno-el-cuento-solidario-mateo-un-nino-arcoiris-a-beneficio-de-aluja","status":"publish","type":"post","link":"https:\/\/torredonjimenoactualidad.com\/index.php\/2025\/04\/23\/presentado-en-torredonjimeno-el-cuento-solidario-mateo-un-nino-arcoiris-a-beneficio-de-aluja\/","title":{"rendered":"Presentado en Torredonjimeno el cuento solidario \u201cMateo, un ni\u00f1o arco\u00edris\u201d a beneficio de ALUJA"},"content":{"rendered":"\n<p>El Ayuntamiento de Torredonjimeno ha acogido la presentaci\u00f3n de\u00a0\u201cMateo, un ni\u00f1o arco\u00edris\u201d, un cuento solidario escrito por la enfermera torrecampe\u00f1a Mar\u00eda Dolores Hern\u00e1ndez, cuyos beneficios se destinar\u00e1n \u00edntegramente a la\u00a0Asociaci\u00f3n de Autoinmunes y L\u00fapicos de Ja\u00e9n (ALUJA). El acto de presentaci\u00f3n cont\u00f3 con la participaci\u00f3n del alcalde\u00a0Enrique Castro, la concejala de Cultura\u00a0Sela Ib\u00e1\u00f1ez\u00a0y la presidenta de ALUJA,\u00a0la tosiriana Mar\u00eda Dolores Mart\u00ednez Elvira.<\/p>\n\n\n\n<p>Durante su intervenci\u00f3n, Sela Ib\u00e1\u00f1ez destac\u00f3 el valor simb\u00f3lico y humano de esta publicaci\u00f3n, segunda colaboraci\u00f3n entre el Ayuntamiento y ALUJA tras\u00a0\u00abUna mariposa violeta\u00bb, publicado en 2023. \u201cHoy no solo presentamos un cuento, sino tambi\u00e9n una historia de lucha y superaci\u00f3n que visibiliza las enfermedades autoinmunes y apoya a las familias que las padecen\u201d, se\u00f1al\u00f3 la edil.<\/p>\n\n\n\n<p>El nuevo t\u00edtulo aborda la&nbsp;artritis idiop\u00e1tica juvenil, una enfermedad autoinmune que afecta a ni\u00f1os y ni\u00f1as, y lo hace a trav\u00e9s de la mirada de un peque\u00f1o protagonista, Mateo. La autora ha cedido todos los derechos a ALUJA, que destinar\u00e1 la recaudaci\u00f3n a financiar el proyecto \u201cUna Cuna de Abrazos\u201d, una iniciativa que permite a las familias despedirse de sus beb\u00e9s en casos de muerte gestacional, mediante una cuna con sistema de refrigeraci\u00f3n.<\/p>\n\n\n\n<p>Mar\u00eda Dolores Mart\u00ednez subray\u00f3 la importancia del proyecto, que responde a una necesidad detectada en hospitales andaluces. \u201cLa cuna permite mantener al beb\u00e9 hasta 24 horas, ofreciendo a la familia un tiempo de duelo digno y necesario\u201d, explic\u00f3.<\/p>\n\n\n\n<p>Por su parte, el alcalde Enrique Castro agradeci\u00f3 la labor de la asociaci\u00f3n y el compromiso de la autora. \u201cALUJA convierte cada iniciativa en algo transformador. Este cuento es un ejemplo de c\u00f3mo la cultura puede ponerse al servicio de la solidaridad\u201d, afirm\u00f3.<\/p>\n\n\n\n<p>\u201cMateo, un ni\u00f1o arco\u00edris\u201d&nbsp;ya est\u00e1 disponible al precio de&nbsp;5 euros&nbsp;en distintos puntos de venta, con el objetivo de recaudar fondos y concienciar sobre las enfermedades autoinmunes en la infancia. La publicaci\u00f3n ha tenido una gran acogida entre los vecinos y refuerza la colaboraci\u00f3n institucional con entidades del \u00e1mbito sociosanitario.<\/p>\n\n\n\n<p><\/p>\n","protected":false},"excerpt":{"rendered":"<p>El Ayuntamiento de Torredonjimeno ha acogido la presentaci\u00f3n de\u00a0\u201cMateo, un ni\u00f1o arco\u00edris\u201d, un cuento solidario escrito por la enfermera torrecampe\u00f1a Mar\u00eda Dolores Hern\u00e1ndez, cuyos beneficios se destinar\u00e1n \u00edntegramente a la\u00a0Asociaci\u00f3n de Autoinmunes y L\u00fapicos de Ja\u00e9n (ALUJA). El acto de presentaci\u00f3n cont\u00f3 con la participaci\u00f3n del alcalde\u00a0Enrique Castro, la concejala de Cultura\u00a0Sela Ib\u00e1\u00f1ez\u00a0y la presidenta &hellip;<\/p>\n<p class=\"read-more\"> <a class=\"\" href=\"https:\/\/torredonjimenoactualidad.com\/index.php\/2025\/04\/23\/presentado-en-torredonjimeno-el-cuento-solidario-mateo-un-nino-arcoiris-a-beneficio-de-aluja\/\"> <span class=\"screen-reader-text\">Presentado en Torredonjimeno el cuento solidario \u201cMateo, un ni\u00f1o arco\u00edris\u201d a beneficio de ALUJA<\/span> Leer m\u00e1s &raquo;<\/a><\/p>\n","protected":false},"author":2,"featured_media":3384,"comment_status":"closed","ping_status":"open","sticky":false,"template":"","format":"standard","meta":{"site-sidebar-layout":"default","site-content-layout":"default","ast-global-header-display":"","ast-main-header-display":"","ast-hfb-above-header-display":"","ast-hfb-below-header-display":"","ast-hfb-mobile-header-display":"","site-post-title":"","ast-breadcrumbs-content":"","ast-featured-img":"","footer-sml-layout":"","theme-transparent-header-meta":"","adv-header-id-meta":"","stick-header-meta":"","header-above-stick-meta":"","header-main-stick-meta":"","header-below-stick-meta":"","footnotes":""},"categories":[7],"tags":[],"class_list":["post-3383","post","type-post","status-publish","format-standard","has-post-thumbnail","hentry","category-local"],"yoast_head":"<!-- This site is optimized with the Yoast SEO plugin v20.8 - https:\/\/yoast.com\/wordpress\/plugins\/seo\/ -->\n<title>Presentado en Torredonjimeno el cuento solidario \u201cMateo, un ni\u00f1o arco\u00edris\u201d a beneficio de ALUJA - Torredonjimeno Actualidad<\/title>\n<meta name=\"robots\" content=\"index, follow, max-snippet:-1, max-image-preview:large, max-video-preview:-1\" \/>\n<link rel=\"canonical\" href=\"https:\/\/torredonjimenoactualidad.com\/index.php\/2025\/04\/23\/presentado-en-torredonjimeno-el-cuento-solidario-mateo-un-nino-arcoiris-a-beneficio-de-aluja\/\" \/>\n<meta property=\"og:locale\" content=\"es_ES\" \/>\n<meta property=\"og:type\" content=\"article\" \/>\n<meta property=\"og:title\" content=\"Presentado en Torredonjimeno el cuento solidario \u201cMateo, un ni\u00f1o arco\u00edris\u201d a beneficio de ALUJA - Torredonjimeno Actualidad\" \/>\n<meta property=\"og:description\" content=\"El Ayuntamiento de Torredonjimeno ha acogido la presentaci\u00f3n de\u00a0\u201cMateo, un ni\u00f1o arco\u00edris\u201d, un cuento solidario escrito por la enfermera torrecampe\u00f1a Mar\u00eda Dolores Hern\u00e1ndez, cuyos beneficios se destinar\u00e1n \u00edntegramente a la\u00a0Asociaci\u00f3n de Autoinmunes y L\u00fapicos de Ja\u00e9n (ALUJA). El acto de presentaci\u00f3n cont\u00f3 con la participaci\u00f3n del alcalde\u00a0Enrique Castro, la concejala de Cultura\u00a0Sela Ib\u00e1\u00f1ez\u00a0y la presidenta &hellip; Presentado en Torredonjimeno el cuento solidario \u201cMateo, un ni\u00f1o arco\u00edris\u201d a beneficio de ALUJA Leer m\u00e1s &raquo;\" \/>\n<meta property=\"og:url\" content=\"https:\/\/torredonjimenoactualidad.com\/index.php\/2025\/04\/23\/presentado-en-torredonjimeno-el-cuento-solidario-mateo-un-nino-arcoiris-a-beneficio-de-aluja\/\" \/>\n<meta property=\"og:site_name\" content=\"Torredonjimeno Actualidad\" \/>\n<meta property=\"article:published_time\" content=\"2025-04-23T08:26:28+00:00\" \/>\n<meta property=\"article:modified_time\" content=\"2025-04-23T08:26:30+00:00\" \/>\n<meta property=\"og:image\" content=\"https:\/\/torredonjimenoactualidad.com\/wp-content\/uploads\/2025\/04\/722d3305-9877-40d5-9fa1-59be7c9d359d.jpg\" \/>\n\t<meta property=\"og:image:width\" content=\"1344\" \/>\n\t<meta property=\"og:image:height\" content=\"756\" \/>\n\t<meta property=\"og:image:type\" content=\"image\/jpeg\" \/>\n<meta name=\"author\" content=\"Alba Mar\u00eda Torres\" \/>\n<meta name=\"twitter:card\" content=\"summary_large_image\" \/>\n<meta name=\"twitter:label1\" content=\"Escrito por\" \/>\n\t<meta name=\"twitter:data1\" content=\"Alba Mar\u00eda Torres\" \/>\n\t<meta name=\"twitter:label2\" content=\"Tiempo de lectura\" \/>\n\t<meta name=\"twitter:data2\" content=\"2 minutos\" \/>\n<script type=\"application\/ld+json\" class=\"yoast-schema-graph\">{\"@context\":\"https:\/\/schema.org\",\"@graph\":[{\"@type\":\"Article\",\"@id\":\"https:\/\/torredonjimenoactualidad.com\/index.php\/2025\/04\/23\/presentado-en-torredonjimeno-el-cuento-solidario-mateo-un-nino-arcoiris-a-beneficio-de-aluja\/#article\",\"isPartOf\":{\"@id\":\"https:\/\/torredonjimenoactualidad.com\/index.php\/2025\/04\/23\/presentado-en-torredonjimeno-el-cuento-solidario-mateo-un-nino-arcoiris-a-beneficio-de-aluja\/\"},\"author\":{\"name\":\"Alba Mar\u00eda Torres\",\"@id\":\"https:\/\/torredonjimenoactualidad.com\/#\/schema\/person\/84de5f233e783ef2c75151a532b54977\"},\"headline\":\"Presentado en Torredonjimeno el cuento solidario \u201cMateo, un ni\u00f1o arco\u00edris\u201d a beneficio de ALUJA\",\"datePublished\":\"2025-04-23T08:26:28+00:00\",\"dateModified\":\"2025-04-23T08:26:30+00:00\",\"mainEntityOfPage\":{\"@id\":\"https:\/\/torredonjimenoactualidad.com\/index.php\/2025\/04\/23\/presentado-en-torredonjimeno-el-cuento-solidario-mateo-un-nino-arcoiris-a-beneficio-de-aluja\/\"},\"wordCount\":390,\"publisher\":{\"@id\":\"https:\/\/torredonjimenoactualidad.com\/#organization\"},\"articleSection\":[\"local\"],\"inLanguage\":\"es\"},{\"@type\":\"WebPage\",\"@id\":\"https:\/\/torredonjimenoactualidad.com\/index.php\/2025\/04\/23\/presentado-en-torredonjimeno-el-cuento-solidario-mateo-un-nino-arcoiris-a-beneficio-de-aluja\/\",\"url\":\"https:\/\/torredonjimenoactualidad.com\/index.php\/2025\/04\/23\/presentado-en-torredonjimeno-el-cuento-solidario-mateo-un-nino-arcoiris-a-beneficio-de-aluja\/\",\"name\":\"Presentado en Torredonjimeno el cuento solidario \u201cMateo, un ni\u00f1o arco\u00edris\u201d a beneficio de ALUJA - Torredonjimeno Actualidad\",\"isPartOf\":{\"@id\":\"https:\/\/torredonjimenoactualidad.com\/#website\"},\"datePublished\":\"2025-04-23T08:26:28+00:00\",\"dateModified\":\"2025-04-23T08:26:30+00:00\",\"breadcrumb\":{\"@id\":\"https:\/\/torredonjimenoactualidad.com\/index.php\/2025\/04\/23\/presentado-en-torredonjimeno-el-cuento-solidario-mateo-un-nino-arcoiris-a-beneficio-de-aluja\/#breadcrumb\"},\"inLanguage\":\"es\",\"potentialAction\":[{\"@type\":\"ReadAction\",\"target\":[\"https:\/\/torredonjimenoactualidad.com\/index.php\/2025\/04\/23\/presentado-en-torredonjimeno-el-cuento-solidario-mateo-un-nino-arcoiris-a-beneficio-de-aluja\/\"]}]},{\"@type\":\"BreadcrumbList\",\"@id\":\"https:\/\/torredonjimenoactualidad.com\/index.php\/2025\/04\/23\/presentado-en-torredonjimeno-el-cuento-solidario-mateo-un-nino-arcoiris-a-beneficio-de-aluja\/#breadcrumb\",\"itemListElement\":[{\"@type\":\"ListItem\",\"position\":1,\"name\":\"Portada\",\"item\":\"https:\/\/torredonjimenoactualidad.com\/\"},{\"@type\":\"ListItem\",\"position\":2,\"name\":\"Presentado en Torredonjimeno el cuento solidario \u201cMateo, un ni\u00f1o arco\u00edris\u201d a beneficio de ALUJA\"}]},{\"@type\":\"WebSite\",\"@id\":\"https:\/\/torredonjimenoactualidad.com\/#website\",\"url\":\"https:\/\/torredonjimenoactualidad.com\/\",\"name\":\"Torredonjimeno Actualidad\",\"description\":\"\",\"publisher\":{\"@id\":\"https:\/\/torredonjimenoactualidad.com\/#organization\"},\"potentialAction\":[{\"@type\":\"SearchAction\",\"target\":{\"@type\":\"EntryPoint\",\"urlTemplate\":\"https:\/\/torredonjimenoactualidad.com\/?s={search_term_string}\"},\"query-input\":\"required name=search_term_string\"}],\"inLanguage\":\"es\"},{\"@type\":\"Organization\",\"@id\":\"https:\/\/torredonjimenoactualidad.com\/#organization\",\"name\":\"Torredonjimeno Actualidad\",\"url\":\"https:\/\/torredonjimenoactualidad.com\/\",\"logo\":{\"@type\":\"ImageObject\",\"inLanguage\":\"es\",\"@id\":\"https:\/\/torredonjimenoactualidad.com\/#\/schema\/logo\/image\/\",\"url\":\"https:\/\/torredonjimenoactualidad.com\/wp-content\/uploads\/2023\/02\/logo-torredonjimeno-544x180-1.png\",\"contentUrl\":\"https:\/\/torredonjimenoactualidad.com\/wp-content\/uploads\/2023\/02\/logo-torredonjimeno-544x180-1.png\",\"width\":545,\"height\":112,\"caption\":\"Torredonjimeno Actualidad\"},\"image\":{\"@id\":\"https:\/\/torredonjimenoactualidad.com\/#\/schema\/logo\/image\/\"}},{\"@type\":\"Person\",\"@id\":\"https:\/\/torredonjimenoactualidad.com\/#\/schema\/person\/84de5f233e783ef2c75151a532b54977\",\"name\":\"Alba Mar\u00eda Torres\",\"image\":{\"@type\":\"ImageObject\",\"inLanguage\":\"es\",\"@id\":\"https:\/\/torredonjimenoactualidad.com\/#\/schema\/person\/image\/\",\"url\":\"https:\/\/secure.gravatar.com\/avatar\/f9371f188c71501b4475a9ba2a71595850ec72967f800a2ed8e3e2102859ed65?s=96&d=mm&r=g\",\"contentUrl\":\"https:\/\/secure.gravatar.com\/avatar\/f9371f188c71501b4475a9ba2a71595850ec72967f800a2ed8e3e2102859ed65?s=96&d=mm&r=g\",\"caption\":\"Alba Mar\u00eda Torres\"},\"url\":\"https:\/\/torredonjimenoactualidad.com\/index.php\/author\/alba-torres\/\"}]}<\/script>\n<!-- \/ Yoast SEO plugin. -->","yoast_head_json":{"title":"Presentado en Torredonjimeno el cuento solidario \u201cMateo, un ni\u00f1o arco\u00edris\u201d a beneficio de ALUJA - Torredonjimeno Actualidad","robots":{"index":"index","follow":"follow","max-snippet":"max-snippet:-1","max-image-preview":"max-image-preview:large","max-video-preview":"max-video-preview:-1"},"canonical":"https:\/\/torredonjimenoactualidad.com\/index.php\/2025\/04\/23\/presentado-en-torredonjimeno-el-cuento-solidario-mateo-un-nino-arcoiris-a-beneficio-de-aluja\/","og_locale":"es_ES","og_type":"article","og_title":"Presentado en Torredonjimeno el cuento solidario \u201cMateo, un ni\u00f1o arco\u00edris\u201d a beneficio de ALUJA - Torredonjimeno Actualidad","og_description":"El Ayuntamiento de Torredonjimeno ha acogido la presentaci\u00f3n de\u00a0\u201cMateo, un ni\u00f1o arco\u00edris\u201d, un cuento solidario escrito por la enfermera torrecampe\u00f1a Mar\u00eda Dolores Hern\u00e1ndez, cuyos beneficios se destinar\u00e1n \u00edntegramente a la\u00a0Asociaci\u00f3n de Autoinmunes y L\u00fapicos de Ja\u00e9n (ALUJA). El acto de presentaci\u00f3n cont\u00f3 con la participaci\u00f3n del alcalde\u00a0Enrique Castro, la concejala de Cultura\u00a0Sela Ib\u00e1\u00f1ez\u00a0y la presidenta &hellip; Presentado en Torredonjimeno el cuento solidario \u201cMateo, un ni\u00f1o arco\u00edris\u201d a beneficio de ALUJA Leer m\u00e1s &raquo;","og_url":"https:\/\/torredonjimenoactualidad.com\/index.php\/2025\/04\/23\/presentado-en-torredonjimeno-el-cuento-solidario-mateo-un-nino-arcoiris-a-beneficio-de-aluja\/","og_site_name":"Torredonjimeno Actualidad","article_published_time":"2025-04-23T08:26:28+00:00","article_modified_time":"2025-04-23T08:26:30+00:00","og_image":[{"width":1344,"height":756,"url":"https:\/\/torredonjimenoactualidad.com\/wp-content\/uploads\/2025\/04\/722d3305-9877-40d5-9fa1-59be7c9d359d.jpg","type":"image\/jpeg"}],"author":"Alba Mar\u00eda Torres","twitter_card":"summary_large_image","twitter_misc":{"Escrito por":"Alba Mar\u00eda Torres","Tiempo de lectura":"2 minutos"},"schema":{"@context":"https:\/\/schema.org","@graph":[{"@type":"Article","@id":"https:\/\/torredonjimenoactualidad.com\/index.php\/2025\/04\/23\/presentado-en-torredonjimeno-el-cuento-solidario-mateo-un-nino-arcoiris-a-beneficio-de-aluja\/#article","isPartOf":{"@id":"https:\/\/torredonjimenoactualidad.com\/index.php\/2025\/04\/23\/presentado-en-torredonjimeno-el-cuento-solidario-mateo-un-nino-arcoiris-a-beneficio-de-aluja\/"},"author":{"name":"Alba Mar\u00eda Torres","@id":"https:\/\/torredonjimenoactualidad.com\/#\/schema\/person\/84de5f233e783ef2c75151a532b54977"},"headline":"Presentado en Torredonjimeno el cuento solidario \u201cMateo, un ni\u00f1o arco\u00edris\u201d a beneficio de ALUJA","datePublished":"2025-04-23T08:26:28+00:00","dateModified":"2025-04-23T08:26:30+00:00","mainEntityOfPage":{"@id":"https:\/\/torredonjimenoactualidad.com\/index.php\/2025\/04\/23\/presentado-en-torredonjimeno-el-cuento-solidario-mateo-un-nino-arcoiris-a-beneficio-de-aluja\/"},"wordCount":390,"publisher":{"@id":"https:\/\/torredonjimenoactualidad.com\/#organization"},"articleSection":["local"],"inLanguage":"es"},{"@type":"WebPage","@id":"https:\/\/torredonjimenoactualidad.com\/index.php\/2025\/04\/23\/presentado-en-torredonjimeno-el-cuento-solidario-mateo-un-nino-arcoiris-a-beneficio-de-aluja\/","url":"https:\/\/torredonjimenoactualidad.com\/index.php\/2025\/04\/23\/presentado-en-torredonjimeno-el-cuento-solidario-mateo-un-nino-arcoiris-a-beneficio-de-aluja\/","name":"Presentado en Torredonjimeno el cuento solidario \u201cMateo, un ni\u00f1o arco\u00edris\u201d a beneficio de ALUJA - Torredonjimeno Actualidad","isPartOf":{"@id":"https:\/\/torredonjimenoactualidad.com\/#website"},"datePublished":"2025-04-23T08:26:28+00:00","dateModified":"2025-04-23T08:26:30+00:00","breadcrumb":{"@id":"https:\/\/torredonjimenoactualidad.com\/index.php\/2025\/04\/23\/presentado-en-torredonjimeno-el-cuento-solidario-mateo-un-nino-arcoiris-a-beneficio-de-aluja\/#breadcrumb"},"inLanguage":"es","potentialAction":[{"@type":"ReadAction","target":["https:\/\/torredonjimenoactualidad.com\/index.php\/2025\/04\/23\/presentado-en-torredonjimeno-el-cuento-solidario-mateo-un-nino-arcoiris-a-beneficio-de-aluja\/"]}]},{"@type":"BreadcrumbList","@id":"https:\/\/torredonjimenoactualidad.com\/index.php\/2025\/04\/23\/presentado-en-torredonjimeno-el-cuento-solidario-mateo-un-nino-arcoiris-a-beneficio-de-aluja\/#breadcrumb","itemListElement":[{"@type":"ListItem","position":1,"name":"Portada","item":"https:\/\/torredonjimenoactualidad.com\/"},{"@type":"ListItem","position":2,"name":"Presentado en Torredonjimeno el cuento solidario \u201cMateo, un ni\u00f1o arco\u00edris\u201d a beneficio de ALUJA"}]},{"@type":"WebSite","@id":"https:\/\/torredonjimenoactualidad.com\/#website","url":"https:\/\/torredonjimenoactualidad.com\/","name":"Torredonjimeno Actualidad","description":"","publisher":{"@id":"https:\/\/torredonjimenoactualidad.com\/#organization"},"potentialAction":[{"@type":"SearchAction","target":{"@type":"EntryPoint","urlTemplate":"https:\/\/torredonjimenoactualidad.com\/?s={search_term_string}"},"query-input":"required name=search_term_string"}],"inLanguage":"es"},{"@type":"Organization","@id":"https:\/\/torredonjimenoactualidad.com\/#organization","name":"Torredonjimeno Actualidad","url":"https:\/\/torredonjimenoactualidad.com\/","logo":{"@type":"ImageObject","inLanguage":"es","@id":"https:\/\/torredonjimenoactualidad.com\/#\/schema\/logo\/image\/","url":"https:\/\/torredonjimenoactualidad.com\/wp-content\/uploads\/2023\/02\/logo-torredonjimeno-544x180-1.png","contentUrl":"https:\/\/torredonjimenoactualidad.com\/wp-content\/uploads\/2023\/02\/logo-torredonjimeno-544x180-1.png","width":545,"height":112,"caption":"Torredonjimeno Actualidad"},"image":{"@id":"https:\/\/torredonjimenoactualidad.com\/#\/schema\/logo\/image\/"}},{"@type":"Person","@id":"https:\/\/torredonjimenoactualidad.com\/#\/schema\/person\/84de5f233e783ef2c75151a532b54977","name":"Alba Mar\u00eda Torres","image":{"@type":"ImageObject","inLanguage":"es","@id":"https:\/\/torredonjimenoactualidad.com\/#\/schema\/person\/image\/","url":"https:\/\/secure.gravatar.com\/avatar\/f9371f188c71501b4475a9ba2a71595850ec72967f800a2ed8e3e2102859ed65?s=96&d=mm&r=g","contentUrl":"https:\/\/secure.gravatar.com\/avatar\/f9371f188c71501b4475a9ba2a71595850ec72967f800a2ed8e3e2102859ed65?s=96&d=mm&r=g","caption":"Alba Mar\u00eda Torres"},"url":"https:\/\/torredonjimenoactualidad.com\/index.php\/author\/alba-torres\/"}]}},"_links":{"self":[{"href":"https:\/\/torredonjimenoactualidad.com\/index.php\/wp-json\/wp\/v2\/posts\/3383","targetHints":{"allow":["GET"]}}],"collection":[{"href":"https:\/\/torredonjimenoactualidad.com\/index.php\/wp-json\/wp\/v2\/posts"}],"about":[{"href":"https:\/\/torredonjimenoactualidad.com\/index.php\/wp-json\/wp\/v2\/types\/post"}],"author":[{"embeddable":true,"href":"https:\/\/torredonjimenoactualidad.com\/index.php\/wp-json\/wp\/v2\/users\/2"}],"replies":[{"embeddable":true,"href":"https:\/\/torredonjimenoactualidad.com\/index.php\/wp-json\/wp\/v2\/comments?post=3383"}],"version-history":[{"count":1,"href":"https:\/\/torredonjimenoactualidad.com\/index.php\/wp-json\/wp\/v2\/posts\/3383\/revisions"}],"predecessor-version":[{"id":3385,"href":"https:\/\/torredonjimenoactualidad.com\/index.php\/wp-json\/wp\/v2\/posts\/3383\/revisions\/3385"}],"wp:featuredmedia":[{"embeddable":true,"href":"https:\/\/torredonjimenoactualidad.com\/index.php\/wp-json\/wp\/v2\/media\/3384"}],"wp:attachment":[{"href":"https:\/\/torredonjimenoactualidad.com\/index.php\/wp-json\/wp\/v2\/media?parent=3383"}],"wp:term":[{"taxonomy":"category","embeddable":true,"href":"https:\/\/torredonjimenoactualidad.com\/index.php\/wp-json\/wp\/v2\/categories?post=3383"},{"taxonomy":"post_tag","embeddable":true,"href":"https:\/\/torredonjimenoactualidad.com\/index.php\/wp-json\/wp\/v2\/tags?post=3383"}],"curies":[{"name":"wp","href":"https:\/\/api.w.org\/{rel}","templated":true}]}}