{"id":3334,"date":"2025-04-07T12:55:57","date_gmt":"2025-04-07T12:55:57","guid":{"rendered":"https:\/\/torredonjimenoactualidad.com\/?p=3334"},"modified":"2025-04-07T12:55:57","modified_gmt":"2025-04-07T12:55:57","slug":"un-total-de-1-500-personas-mayores-viajaran-por-la-provincia-con-jaen-senior-65","status":"publish","type":"post","link":"https:\/\/torredonjimenoactualidad.com\/index.php\/2025\/04\/07\/un-total-de-1-500-personas-mayores-viajaran-por-la-provincia-con-jaen-senior-65\/","title":{"rendered":"Un total de 1.500 personas mayores viajar\u00e1n por la provincia con Ja\u00e9n S\u00e9nior +65"},"content":{"rendered":"\n<p>Un total de 1.500 personas mayores de 65 a\u00f1os residentes en los 91 municipios jiennenses menores de 20.000 habitantes viajar\u00e1n por la provincia de Ja\u00e9n gracias al programa de turismo Ja\u00e9n S\u00e9nior +65 impulsado por la Diputaci\u00f3n. La vicepresidenta primera de la Administraci\u00f3n provincial y diputada de Igualdad, Pol\u00edticas Sociales y Juventud, Francisca Medina, y el diputado de Promoci\u00f3n y Turismo, Francisco Javier Lozano, han participado esta ma\u00f1ana en el sorteo para la adjudicaci\u00f3n de plazas de esta iniciativa que cuenta con un presupuesto de 330.000 euros. De este modo, se han determinado las dos primeras letras del primer apellido de la persona solicitante en la que comenzar\u00e1 el procedimiento de adjudicaci\u00f3n de las plazas. En este sentido, las letras extra\u00eddas han sido \u201cL\u201d y \u201cZ\u201d.&nbsp;<\/p>\n\n\n\n<p>\u201cEste programa es un ejemplo m\u00e1s de la apuesta que desde la Diputaci\u00f3n Provincial hacemos por esas pol\u00edticas transversales, en este caso con las personas mayores. Un programa de turismo s\u00e9nior que, a la vista de las dos ediciones anteriores, el \u00e9xito est\u00e1 m\u00e1s que asegurado\u201d, ha afirmado Medina al se\u00f1alar tambi\u00e9n el inter\u00e9s que despierta, \u201ccomo demuestran las 7.322 solicitudes presentadas, una cifra r\u00e9cord. En este sentido, la vicepresidenta primera de la Diputaci\u00f3n ha reconocido \u201cel trabajo tan \u00edmprobo que se ha realizado desde el \u00e1rea de Promoci\u00f3n y Turismo de la Diputaci\u00f3n para gestionar este volumen de solicitudes\u201d.&nbsp;<\/p>\n\n\n\n<p>Para el desarrollo de este programa se han dise\u00f1ado nueve rutas para viajar por toda la geograf\u00eda provincial. Las plazas se distribuyen proporcionalmente entre las ocho comarcas jiennenses, en funci\u00f3n del porcentaje de poblaci\u00f3n mayor de 65 a\u00f1os empadronada en los municipios menores de 20.000 habitantes. De este modo, las personas mayores de una o de otra comarca han tenido las mismas posibilidades de inscribirse en estos viajes. En concreto, las rutas incluidas en este programa de turismo s\u00e9nior son Renacimiento del Sur; Distrito Minero Linares-La Carolina; Ja\u00e9n, capital del Para\u00edso Interior; Castillos y Batallas, zona Norte; Parque Natural de Cazorla, Segura y Las Villas, zona Sur; Parque Natural de Cazorla, Segura y Las Villa, zona Norte; Sierra M\u00e1gina; Castillos y Batallas, zona Sur; y Parque Natural Sierra de And\u00fajar.&nbsp;<\/p>\n\n\n\n<p>El diputado de Promoci\u00f3n y Turismo, Francisco Javier Lozano, ha puesto de manifiesto que Ja\u00e9n S\u00e9nior \u201ces un gran programa para la provincia y para nuestros mayores, con nueve rutas y tres d\u00edas intensos de viaje, incluyendo transporte, alojamiento, restauraci\u00f3n, visitas guiadas y tambi\u00e9n ocio y tiempo libre, para que nuestros mayores vuelvan a redescubrir Ja\u00e9n, Para\u00edso Interior\u201d. Lozano ha recordado que en las dos primeras ediciones se han contabilizado m\u00e1s de 60 viajes en los que han participado 3.000 viajeros, \u201cpor lo que afrontamos con much\u00edsima ilusi\u00f3n esta nueva edici\u00f3n. Los resultados de las encuestas de satisfacci\u00f3n nos marcan que nuestros mayores est\u00e1n muy contentos con esta iniciativa que, entendemos, refuerza las pol\u00edticas de envejecimiento activo que ponemos en marcha desde la Administraci\u00f3n provincial\u201d. Lozano tambi\u00e9n ha subrayado el impacto que este programa tiene en el propio sector tur\u00edstico provincial, \u201cporque son 330.000 euros que revierte en empresas de la provincia, apostando as\u00ed por el turismo de proximidad y favoreciendo que un segmento importante para nuestra econom\u00eda siga creciendo\u201d.&nbsp;<\/p>\n\n\n\n<p>Cada viaje tiene una duraci\u00f3n de 3 d\u00edas y 2 noches en r\u00e9gimen de pensi\u00f3n completa, incluyendo alojamiento, servicio de traslados en autob\u00fas, gu\u00eda acompa\u00f1ante, visitas guiadas en los destinos a visitar, as\u00ed como un programa de animaci\u00f3n sociocultural. Los beneficiarios solo deber\u00e1n abonar 15 euros para la formalizaci\u00f3n de la reserva.<\/p>\n","protected":false},"excerpt":{"rendered":"<p>Un total de 1.500 personas mayores de 65 a\u00f1os residentes en los 91 municipios jiennenses menores de 20.000 habitantes viajar\u00e1n por la provincia de Ja\u00e9n gracias al programa de turismo Ja\u00e9n S\u00e9nior +65 impulsado por la Diputaci\u00f3n. La vicepresidenta primera de la Administraci\u00f3n provincial y diputada de Igualdad, Pol\u00edticas Sociales y Juventud, Francisca Medina, y &hellip;<\/p>\n<p class=\"read-more\"> <a class=\"\" href=\"https:\/\/torredonjimenoactualidad.com\/index.php\/2025\/04\/07\/un-total-de-1-500-personas-mayores-viajaran-por-la-provincia-con-jaen-senior-65\/\"> <span class=\"screen-reader-text\">Un total de 1.500 personas mayores viajar\u00e1n por la provincia con Ja\u00e9n S\u00e9nior +65<\/span> Leer m\u00e1s &raquo;<\/a><\/p>\n","protected":false},"author":3,"featured_media":3335,"comment_status":"closed","ping_status":"open","sticky":false,"template":"","format":"standard","meta":{"site-sidebar-layout":"default","site-content-layout":"default","ast-global-header-display":"","ast-main-header-display":"","ast-hfb-above-header-display":"","ast-hfb-below-header-display":"","ast-hfb-mobile-header-display":"","site-post-title":"","ast-breadcrumbs-content":"","ast-featured-img":"","footer-sml-layout":"","theme-transparent-header-meta":"","adv-header-id-meta":"","stick-header-meta":"","header-above-stick-meta":"","header-main-stick-meta":"","header-below-stick-meta":"","footnotes":""},"categories":[8],"tags":[],"class_list":["post-3334","post","type-post","status-publish","format-standard","has-post-thumbnail","hentry","category-provincia"],"yoast_head":"<!-- This site is optimized with the Yoast SEO plugin v20.8 - https:\/\/yoast.com\/wordpress\/plugins\/seo\/ -->\n<title>Un total de 1.500 personas mayores viajar\u00e1n por la provincia con Ja\u00e9n S\u00e9nior +65 - Torredonjimeno Actualidad<\/title>\n<meta name=\"robots\" content=\"index, follow, max-snippet:-1, max-image-preview:large, max-video-preview:-1\" \/>\n<link rel=\"canonical\" href=\"https:\/\/torredonjimenoactualidad.com\/index.php\/2025\/04\/07\/un-total-de-1-500-personas-mayores-viajaran-por-la-provincia-con-jaen-senior-65\/\" \/>\n<meta property=\"og:locale\" content=\"es_ES\" \/>\n<meta property=\"og:type\" content=\"article\" \/>\n<meta property=\"og:title\" content=\"Un total de 1.500 personas mayores viajar\u00e1n por la provincia con Ja\u00e9n S\u00e9nior +65 - Torredonjimeno Actualidad\" \/>\n<meta property=\"og:description\" content=\"Un total de 1.500 personas mayores de 65 a\u00f1os residentes en los 91 municipios jiennenses menores de 20.000 habitantes viajar\u00e1n por la provincia de Ja\u00e9n gracias al programa de turismo Ja\u00e9n S\u00e9nior +65 impulsado por la Diputaci\u00f3n. La vicepresidenta primera de la Administraci\u00f3n provincial y diputada de Igualdad, Pol\u00edticas Sociales y Juventud, Francisca Medina, y &hellip; Un total de 1.500 personas mayores viajar\u00e1n por la provincia con Ja\u00e9n S\u00e9nior +65 Leer m\u00e1s &raquo;\" \/>\n<meta property=\"og:url\" content=\"https:\/\/torredonjimenoactualidad.com\/index.php\/2025\/04\/07\/un-total-de-1-500-personas-mayores-viajaran-por-la-provincia-con-jaen-senior-65\/\" \/>\n<meta property=\"og:site_name\" content=\"Torredonjimeno Actualidad\" \/>\n<meta property=\"article:published_time\" content=\"2025-04-07T12:55:57+00:00\" \/>\n<meta property=\"og:image\" content=\"https:\/\/torredonjimenoactualidad.com\/wp-content\/uploads\/2025\/04\/20250407_Turismo_Senior_sorteo_beneficiarios_x1x.jpg\" \/>\n\t<meta property=\"og:image:width\" content=\"1558\" \/>\n\t<meta property=\"og:image:height\" content=\"890\" \/>\n\t<meta property=\"og:image:type\" content=\"image\/jpeg\" \/>\n<meta name=\"author\" content=\"Redaccion\" \/>\n<meta name=\"twitter:card\" content=\"summary_large_image\" \/>\n<meta name=\"twitter:label1\" content=\"Escrito por\" \/>\n\t<meta name=\"twitter:data1\" content=\"Redaccion\" \/>\n\t<meta name=\"twitter:label2\" content=\"Tiempo de lectura\" \/>\n\t<meta name=\"twitter:data2\" content=\"3 minutos\" \/>\n<script type=\"application\/ld+json\" class=\"yoast-schema-graph\">{\"@context\":\"https:\/\/schema.org\",\"@graph\":[{\"@type\":\"Article\",\"@id\":\"https:\/\/torredonjimenoactualidad.com\/index.php\/2025\/04\/07\/un-total-de-1-500-personas-mayores-viajaran-por-la-provincia-con-jaen-senior-65\/#article\",\"isPartOf\":{\"@id\":\"https:\/\/torredonjimenoactualidad.com\/index.php\/2025\/04\/07\/un-total-de-1-500-personas-mayores-viajaran-por-la-provincia-con-jaen-senior-65\/\"},\"author\":{\"name\":\"Redaccion\",\"@id\":\"https:\/\/torredonjimenoactualidad.com\/#\/schema\/person\/11f05803cdf40dbeb7f4fbf2365c9ac5\"},\"headline\":\"Un total de 1.500 personas mayores viajar\u00e1n por la provincia con Ja\u00e9n S\u00e9nior +65\",\"datePublished\":\"2025-04-07T12:55:57+00:00\",\"dateModified\":\"2025-04-07T12:55:57+00:00\",\"mainEntityOfPage\":{\"@id\":\"https:\/\/torredonjimenoactualidad.com\/index.php\/2025\/04\/07\/un-total-de-1-500-personas-mayores-viajaran-por-la-provincia-con-jaen-senior-65\/\"},\"wordCount\":646,\"publisher\":{\"@id\":\"https:\/\/torredonjimenoactualidad.com\/#organization\"},\"articleSection\":[\"provincia\"],\"inLanguage\":\"es\"},{\"@type\":\"WebPage\",\"@id\":\"https:\/\/torredonjimenoactualidad.com\/index.php\/2025\/04\/07\/un-total-de-1-500-personas-mayores-viajaran-por-la-provincia-con-jaen-senior-65\/\",\"url\":\"https:\/\/torredonjimenoactualidad.com\/index.php\/2025\/04\/07\/un-total-de-1-500-personas-mayores-viajaran-por-la-provincia-con-jaen-senior-65\/\",\"name\":\"Un total de 1.500 personas mayores viajar\u00e1n por la provincia con Ja\u00e9n S\u00e9nior +65 - Torredonjimeno Actualidad\",\"isPartOf\":{\"@id\":\"https:\/\/torredonjimenoactualidad.com\/#website\"},\"datePublished\":\"2025-04-07T12:55:57+00:00\",\"dateModified\":\"2025-04-07T12:55:57+00:00\",\"breadcrumb\":{\"@id\":\"https:\/\/torredonjimenoactualidad.com\/index.php\/2025\/04\/07\/un-total-de-1-500-personas-mayores-viajaran-por-la-provincia-con-jaen-senior-65\/#breadcrumb\"},\"inLanguage\":\"es\",\"potentialAction\":[{\"@type\":\"ReadAction\",\"target\":[\"https:\/\/torredonjimenoactualidad.com\/index.php\/2025\/04\/07\/un-total-de-1-500-personas-mayores-viajaran-por-la-provincia-con-jaen-senior-65\/\"]}]},{\"@type\":\"BreadcrumbList\",\"@id\":\"https:\/\/torredonjimenoactualidad.com\/index.php\/2025\/04\/07\/un-total-de-1-500-personas-mayores-viajaran-por-la-provincia-con-jaen-senior-65\/#breadcrumb\",\"itemListElement\":[{\"@type\":\"ListItem\",\"position\":1,\"name\":\"Portada\",\"item\":\"https:\/\/torredonjimenoactualidad.com\/\"},{\"@type\":\"ListItem\",\"position\":2,\"name\":\"Un total de 1.500 personas mayores viajar\u00e1n por la provincia con Ja\u00e9n S\u00e9nior +65\"}]},{\"@type\":\"WebSite\",\"@id\":\"https:\/\/torredonjimenoactualidad.com\/#website\",\"url\":\"https:\/\/torredonjimenoactualidad.com\/\",\"name\":\"Torredonjimeno Actualidad\",\"description\":\"\",\"publisher\":{\"@id\":\"https:\/\/torredonjimenoactualidad.com\/#organization\"},\"potentialAction\":[{\"@type\":\"SearchAction\",\"target\":{\"@type\":\"EntryPoint\",\"urlTemplate\":\"https:\/\/torredonjimenoactualidad.com\/?s={search_term_string}\"},\"query-input\":\"required name=search_term_string\"}],\"inLanguage\":\"es\"},{\"@type\":\"Organization\",\"@id\":\"https:\/\/torredonjimenoactualidad.com\/#organization\",\"name\":\"Torredonjimeno Actualidad\",\"url\":\"https:\/\/torredonjimenoactualidad.com\/\",\"logo\":{\"@type\":\"ImageObject\",\"inLanguage\":\"es\",\"@id\":\"https:\/\/torredonjimenoactualidad.com\/#\/schema\/logo\/image\/\",\"url\":\"https:\/\/torredonjimenoactualidad.com\/wp-content\/uploads\/2023\/02\/logo-torredonjimeno-544x180-1.png\",\"contentUrl\":\"https:\/\/torredonjimenoactualidad.com\/wp-content\/uploads\/2023\/02\/logo-torredonjimeno-544x180-1.png\",\"width\":545,\"height\":112,\"caption\":\"Torredonjimeno Actualidad\"},\"image\":{\"@id\":\"https:\/\/torredonjimenoactualidad.com\/#\/schema\/logo\/image\/\"}},{\"@type\":\"Person\",\"@id\":\"https:\/\/torredonjimenoactualidad.com\/#\/schema\/person\/11f05803cdf40dbeb7f4fbf2365c9ac5\",\"name\":\"Redaccion\",\"image\":{\"@type\":\"ImageObject\",\"inLanguage\":\"es\",\"@id\":\"https:\/\/torredonjimenoactualidad.com\/#\/schema\/person\/image\/\",\"url\":\"https:\/\/secure.gravatar.com\/avatar\/5917bab7eff43e17746fd29b509939469470810b6b989b7cc2f89e3188399bf3?s=96&d=mm&r=g\",\"contentUrl\":\"https:\/\/secure.gravatar.com\/avatar\/5917bab7eff43e17746fd29b509939469470810b6b989b7cc2f89e3188399bf3?s=96&d=mm&r=g\",\"caption\":\"Redaccion\"},\"url\":\"https:\/\/torredonjimenoactualidad.com\/index.php\/author\/jose-bueno\/\"}]}<\/script>\n<!-- \/ Yoast SEO plugin. -->","yoast_head_json":{"title":"Un total de 1.500 personas mayores viajar\u00e1n por la provincia con Ja\u00e9n S\u00e9nior +65 - Torredonjimeno Actualidad","robots":{"index":"index","follow":"follow","max-snippet":"max-snippet:-1","max-image-preview":"max-image-preview:large","max-video-preview":"max-video-preview:-1"},"canonical":"https:\/\/torredonjimenoactualidad.com\/index.php\/2025\/04\/07\/un-total-de-1-500-personas-mayores-viajaran-por-la-provincia-con-jaen-senior-65\/","og_locale":"es_ES","og_type":"article","og_title":"Un total de 1.500 personas mayores viajar\u00e1n por la provincia con Ja\u00e9n S\u00e9nior +65 - Torredonjimeno Actualidad","og_description":"Un total de 1.500 personas mayores de 65 a\u00f1os residentes en los 91 municipios jiennenses menores de 20.000 habitantes viajar\u00e1n por la provincia de Ja\u00e9n gracias al programa de turismo Ja\u00e9n S\u00e9nior +65 impulsado por la Diputaci\u00f3n. La vicepresidenta primera de la Administraci\u00f3n provincial y diputada de Igualdad, Pol\u00edticas Sociales y Juventud, Francisca Medina, y &hellip; Un total de 1.500 personas mayores viajar\u00e1n por la provincia con Ja\u00e9n S\u00e9nior +65 Leer m\u00e1s &raquo;","og_url":"https:\/\/torredonjimenoactualidad.com\/index.php\/2025\/04\/07\/un-total-de-1-500-personas-mayores-viajaran-por-la-provincia-con-jaen-senior-65\/","og_site_name":"Torredonjimeno Actualidad","article_published_time":"2025-04-07T12:55:57+00:00","og_image":[{"width":1558,"height":890,"url":"https:\/\/torredonjimenoactualidad.com\/wp-content\/uploads\/2025\/04\/20250407_Turismo_Senior_sorteo_beneficiarios_x1x.jpg","type":"image\/jpeg"}],"author":"Redaccion","twitter_card":"summary_large_image","twitter_misc":{"Escrito por":"Redaccion","Tiempo de lectura":"3 minutos"},"schema":{"@context":"https:\/\/schema.org","@graph":[{"@type":"Article","@id":"https:\/\/torredonjimenoactualidad.com\/index.php\/2025\/04\/07\/un-total-de-1-500-personas-mayores-viajaran-por-la-provincia-con-jaen-senior-65\/#article","isPartOf":{"@id":"https:\/\/torredonjimenoactualidad.com\/index.php\/2025\/04\/07\/un-total-de-1-500-personas-mayores-viajaran-por-la-provincia-con-jaen-senior-65\/"},"author":{"name":"Redaccion","@id":"https:\/\/torredonjimenoactualidad.com\/#\/schema\/person\/11f05803cdf40dbeb7f4fbf2365c9ac5"},"headline":"Un total de 1.500 personas mayores viajar\u00e1n por la provincia con Ja\u00e9n S\u00e9nior +65","datePublished":"2025-04-07T12:55:57+00:00","dateModified":"2025-04-07T12:55:57+00:00","mainEntityOfPage":{"@id":"https:\/\/torredonjimenoactualidad.com\/index.php\/2025\/04\/07\/un-total-de-1-500-personas-mayores-viajaran-por-la-provincia-con-jaen-senior-65\/"},"wordCount":646,"publisher":{"@id":"https:\/\/torredonjimenoactualidad.com\/#organization"},"articleSection":["provincia"],"inLanguage":"es"},{"@type":"WebPage","@id":"https:\/\/torredonjimenoactualidad.com\/index.php\/2025\/04\/07\/un-total-de-1-500-personas-mayores-viajaran-por-la-provincia-con-jaen-senior-65\/","url":"https:\/\/torredonjimenoactualidad.com\/index.php\/2025\/04\/07\/un-total-de-1-500-personas-mayores-viajaran-por-la-provincia-con-jaen-senior-65\/","name":"Un total de 1.500 personas mayores viajar\u00e1n por la provincia con Ja\u00e9n S\u00e9nior +65 - Torredonjimeno Actualidad","isPartOf":{"@id":"https:\/\/torredonjimenoactualidad.com\/#website"},"datePublished":"2025-04-07T12:55:57+00:00","dateModified":"2025-04-07T12:55:57+00:00","breadcrumb":{"@id":"https:\/\/torredonjimenoactualidad.com\/index.php\/2025\/04\/07\/un-total-de-1-500-personas-mayores-viajaran-por-la-provincia-con-jaen-senior-65\/#breadcrumb"},"inLanguage":"es","potentialAction":[{"@type":"ReadAction","target":["https:\/\/torredonjimenoactualidad.com\/index.php\/2025\/04\/07\/un-total-de-1-500-personas-mayores-viajaran-por-la-provincia-con-jaen-senior-65\/"]}]},{"@type":"BreadcrumbList","@id":"https:\/\/torredonjimenoactualidad.com\/index.php\/2025\/04\/07\/un-total-de-1-500-personas-mayores-viajaran-por-la-provincia-con-jaen-senior-65\/#breadcrumb","itemListElement":[{"@type":"ListItem","position":1,"name":"Portada","item":"https:\/\/torredonjimenoactualidad.com\/"},{"@type":"ListItem","position":2,"name":"Un total de 1.500 personas mayores viajar\u00e1n por la provincia con Ja\u00e9n S\u00e9nior +65"}]},{"@type":"WebSite","@id":"https:\/\/torredonjimenoactualidad.com\/#website","url":"https:\/\/torredonjimenoactualidad.com\/","name":"Torredonjimeno Actualidad","description":"","publisher":{"@id":"https:\/\/torredonjimenoactualidad.com\/#organization"},"potentialAction":[{"@type":"SearchAction","target":{"@type":"EntryPoint","urlTemplate":"https:\/\/torredonjimenoactualidad.com\/?s={search_term_string}"},"query-input":"required name=search_term_string"}],"inLanguage":"es"},{"@type":"Organization","@id":"https:\/\/torredonjimenoactualidad.com\/#organization","name":"Torredonjimeno Actualidad","url":"https:\/\/torredonjimenoactualidad.com\/","logo":{"@type":"ImageObject","inLanguage":"es","@id":"https:\/\/torredonjimenoactualidad.com\/#\/schema\/logo\/image\/","url":"https:\/\/torredonjimenoactualidad.com\/wp-content\/uploads\/2023\/02\/logo-torredonjimeno-544x180-1.png","contentUrl":"https:\/\/torredonjimenoactualidad.com\/wp-content\/uploads\/2023\/02\/logo-torredonjimeno-544x180-1.png","width":545,"height":112,"caption":"Torredonjimeno Actualidad"},"image":{"@id":"https:\/\/torredonjimenoactualidad.com\/#\/schema\/logo\/image\/"}},{"@type":"Person","@id":"https:\/\/torredonjimenoactualidad.com\/#\/schema\/person\/11f05803cdf40dbeb7f4fbf2365c9ac5","name":"Redaccion","image":{"@type":"ImageObject","inLanguage":"es","@id":"https:\/\/torredonjimenoactualidad.com\/#\/schema\/person\/image\/","url":"https:\/\/secure.gravatar.com\/avatar\/5917bab7eff43e17746fd29b509939469470810b6b989b7cc2f89e3188399bf3?s=96&d=mm&r=g","contentUrl":"https:\/\/secure.gravatar.com\/avatar\/5917bab7eff43e17746fd29b509939469470810b6b989b7cc2f89e3188399bf3?s=96&d=mm&r=g","caption":"Redaccion"},"url":"https:\/\/torredonjimenoactualidad.com\/index.php\/author\/jose-bueno\/"}]}},"_links":{"self":[{"href":"https:\/\/torredonjimenoactualidad.com\/index.php\/wp-json\/wp\/v2\/posts\/3334","targetHints":{"allow":["GET"]}}],"collection":[{"href":"https:\/\/torredonjimenoactualidad.com\/index.php\/wp-json\/wp\/v2\/posts"}],"about":[{"href":"https:\/\/torredonjimenoactualidad.com\/index.php\/wp-json\/wp\/v2\/types\/post"}],"author":[{"embeddable":true,"href":"https:\/\/torredonjimenoactualidad.com\/index.php\/wp-json\/wp\/v2\/users\/3"}],"replies":[{"embeddable":true,"href":"https:\/\/torredonjimenoactualidad.com\/index.php\/wp-json\/wp\/v2\/comments?post=3334"}],"version-history":[{"count":1,"href":"https:\/\/torredonjimenoactualidad.com\/index.php\/wp-json\/wp\/v2\/posts\/3334\/revisions"}],"predecessor-version":[{"id":3336,"href":"https:\/\/torredonjimenoactualidad.com\/index.php\/wp-json\/wp\/v2\/posts\/3334\/revisions\/3336"}],"wp:featuredmedia":[{"embeddable":true,"href":"https:\/\/torredonjimenoactualidad.com\/index.php\/wp-json\/wp\/v2\/media\/3335"}],"wp:attachment":[{"href":"https:\/\/torredonjimenoactualidad.com\/index.php\/wp-json\/wp\/v2\/media?parent=3334"}],"wp:term":[{"taxonomy":"category","embeddable":true,"href":"https:\/\/torredonjimenoactualidad.com\/index.php\/wp-json\/wp\/v2\/categories?post=3334"},{"taxonomy":"post_tag","embeddable":true,"href":"https:\/\/torredonjimenoactualidad.com\/index.php\/wp-json\/wp\/v2\/tags?post=3334"}],"curies":[{"name":"wp","href":"https:\/\/api.w.org\/{rel}","templated":true}]}}