{"id":3295,"date":"2025-03-27T15:50:01","date_gmt":"2025-03-27T15:50:01","guid":{"rendered":"https:\/\/torredonjimenoactualidad.com\/?p=3295"},"modified":"2025-03-27T15:53:32","modified_gmt":"2025-03-27T15:53:32","slug":"el-ayuntamiento-de-torredonjimeno-organiza-el-primer-certamen-de-saetas-en-homenaje-al-tostaillo","status":"publish","type":"post","link":"https:\/\/torredonjimenoactualidad.com\/index.php\/2025\/03\/27\/el-ayuntamiento-de-torredonjimeno-organiza-el-primer-certamen-de-saetas-en-homenaje-al-tostaillo\/","title":{"rendered":"El Ayuntamiento de Torredonjimeno organiza el primer certamen de saetas en homenaje al \u00abTostaillo\u00bb"},"content":{"rendered":"\n<p>El Ayuntamiento de Torredonjimeno ha presentado este mediod\u00eda en el sal\u00f3n de plenos el\u00a0I Certamen de Saetas Homenaje a Jos\u00e9 \u00abEl Tostaillo\u201d, un emotivo acto que tendr\u00e1 lugar el pr\u00f3ximo\u00a04 de abril a las 21:00 horas en el Teatro Municipal Alcalde Miguel Anguita. El evento, organizado en colaboraci\u00f3n con la Pe\u00f1a Flamenca \u201cLa Besana\u201d, nace con la vocaci\u00f3n de rendir tributo a una de las figuras m\u00e1s queridas de la Semana Santa tosiriana: \u00abEl Tostaillo\u00bb, abuelo de la conocida cantante Aitana.<\/p>\n\n\n\n<p>La&nbsp;concejala de Cultura, Sela Ib\u00e1\u00f1ez, acompa\u00f1ada por el alcalde&nbsp;Enrique Castro, miembros de la Pe\u00f1a Flamenca, familiares del homenajeado y varios saeteros de la localidad, han desvelado este jueves todos los detalles del evento.<\/p>\n\n\n\n<p>La concejala de Cultura Sela Ib\u00e1\u00f1ez ha querido comenzar su intervenci\u00f3n agradeciendo el apoyo recibido por parte de los artistas y colaboradores:&nbsp;\u201cAntes de nada, gracias a todos los que nos acompa\u00f1\u00e1is hoy. A Juan C\u00e1mara, Tom\u00e1s Caravaca, Antonio Fern\u00e1ndez, Andr\u00e9s Susi, y a Antonio Castro como presidente de la Pe\u00f1a Flamenca, La Besana. Sin vosotros, esto no habr\u00eda sido posible.\u201d<\/p>\n\n\n\n<p>Durante su intervenci\u00f3n, la concejala subray\u00f3 el car\u00e1cter profundamente simb\u00f3lico y emocional del certamen:&nbsp;\u201cHoy nos reunimos para rendir homenaje a una de nuestras tradiciones m\u00e1s sentidas: la saeta. Un canto que no es solo m\u00fasica, sino oraci\u00f3n, sentimiento y expresi\u00f3n del alma andaluza. Lo hacemos en honor del Tostaillo, una figura emblem\u00e1tica de nuestra cultura popular, que ha dejado huella en la historia y el coraz\u00f3n de Torredonjimeno.\u201d<\/p>\n\n\n\n<p>El acto contar\u00e1 con la participaci\u00f3n de&nbsp;siete saeteros locales, seleccionados entre los muchos que han mostrado su deseo de sumarse a este homenaje. La organizaci\u00f3n ha limitado el n\u00famero de actuaciones por cuestiones de tiempo, aunque la intenci\u00f3n es que el certamen tenga&nbsp;continuidad en pr\u00f3ximas ediciones&nbsp;para dar cabida a m\u00e1s artistas.<\/p>\n\n\n\n<p>Adem\u00e1s de las interpretaciones en directo, la noche incluir\u00e1 la proyecci\u00f3n de un v\u00eddeo en el que se recordar\u00e1 la figura del Tostaillo, permitiendo que su voz tambi\u00e9n est\u00e9 presente en este emotivo tributo.<\/p>\n\n\n\n<p>El alcalde&nbsp;Enrique Castro&nbsp;ha recalcado la ilusi\u00f3n compartida por toda la comunidad:&nbsp;\u201cNosotros, como Ayuntamiento, lo \u00fanico que hemos hecho ha sido encauzar este sue\u00f1o colectivo. Es un deseo de los tosirianos rendir homenaje a quien tanto hizo por la saeta en nuestra Semana Santa. Hoy lo hacemos realidad.\u201d<\/p>\n\n\n\n<p>Las&nbsp;entradas para el certamen ser\u00e1n gratuitas&nbsp;y podr\u00e1n retirarse en la&nbsp;Casa Municipal de Cultura&nbsp;hasta completar el aforo. Desde la organizaci\u00f3n se invita a todos los vecinos y amantes del flamenco a acudir a este acto, que promete ser una velada de emoci\u00f3n, arte y recuerdo en honor a un tosiriano que supo elevar la saeta a lo m\u00e1s alto: el Tostaillo.<\/p>\n\n\n\n<figure class=\"wp-block-image aligncenter size-large is-resized\"><img loading=\"lazy\" decoding=\"async\" width=\"1024\" height=\"584\" src=\"https:\/\/torredonjimenoactualidad.com\/wp-content\/uploads\/2025\/03\/Captura-de-pantalla-2025-03-27-a-las-16.47-copia-1024x584.jpg\" alt=\"\" class=\"wp-image-3296\" style=\"width:662px;height:auto\" srcset=\"https:\/\/torredonjimenoactualidad.com\/wp-content\/uploads\/2025\/03\/Captura-de-pantalla-2025-03-27-a-las-16.47-copia-1024x584.jpg 1024w, https:\/\/torredonjimenoactualidad.com\/wp-content\/uploads\/2025\/03\/Captura-de-pantalla-2025-03-27-a-las-16.47-copia-300x171.jpg 300w, https:\/\/torredonjimenoactualidad.com\/wp-content\/uploads\/2025\/03\/Captura-de-pantalla-2025-03-27-a-las-16.47-copia-768x438.jpg 768w, https:\/\/torredonjimenoactualidad.com\/wp-content\/uploads\/2025\/03\/Captura-de-pantalla-2025-03-27-a-las-16.47-copia-1536x876.jpg 1536w, https:\/\/torredonjimenoactualidad.com\/wp-content\/uploads\/2025\/03\/Captura-de-pantalla-2025-03-27-a-las-16.47-copia.jpg 1544w\" sizes=\"auto, (max-width: 1024px) 100vw, 1024px\" \/><figcaption class=\"wp-element-caption\">Jos\u00e9 Oca\u00f1a \u00abEl Tostaillo\u00bb <\/figcaption><\/figure>\n","protected":false},"excerpt":{"rendered":"<p>El Ayuntamiento de Torredonjimeno ha presentado este mediod\u00eda en el sal\u00f3n de plenos el\u00a0I Certamen de Saetas Homenaje a Jos\u00e9 \u00abEl Tostaillo\u201d, un emotivo acto que tendr\u00e1 lugar el pr\u00f3ximo\u00a04 de abril a las 21:00 horas en el Teatro Municipal Alcalde Miguel Anguita. El evento, organizado en colaboraci\u00f3n con la Pe\u00f1a Flamenca \u201cLa Besana\u201d, nace &hellip;<\/p>\n<p class=\"read-more\"> <a class=\"\" href=\"https:\/\/torredonjimenoactualidad.com\/index.php\/2025\/03\/27\/el-ayuntamiento-de-torredonjimeno-organiza-el-primer-certamen-de-saetas-en-homenaje-al-tostaillo\/\"> <span class=\"screen-reader-text\">El Ayuntamiento de Torredonjimeno organiza el primer certamen de saetas en homenaje al \u00abTostaillo\u00bb<\/span> Leer m\u00e1s &raquo;<\/a><\/p>\n","protected":false},"author":2,"featured_media":3297,"comment_status":"closed","ping_status":"open","sticky":false,"template":"","format":"standard","meta":{"site-sidebar-layout":"default","site-content-layout":"default","ast-global-header-display":"","ast-main-header-display":"","ast-hfb-above-header-display":"","ast-hfb-below-header-display":"","ast-hfb-mobile-header-display":"","site-post-title":"","ast-breadcrumbs-content":"","ast-featured-img":"","footer-sml-layout":"","theme-transparent-header-meta":"","adv-header-id-meta":"","stick-header-meta":"","header-above-stick-meta":"","header-main-stick-meta":"","header-below-stick-meta":"","footnotes":""},"categories":[1],"tags":[],"class_list":["post-3295","post","type-post","status-publish","format-standard","has-post-thumbnail","hentry","category-sin-categoria"],"yoast_head":"<!-- This site is optimized with the Yoast SEO plugin v20.8 - https:\/\/yoast.com\/wordpress\/plugins\/seo\/ -->\n<title>El Ayuntamiento de Torredonjimeno organiza el primer certamen de saetas en homenaje al &quot;Tostaillo&quot; - Torredonjimeno Actualidad<\/title>\n<meta name=\"robots\" content=\"index, follow, max-snippet:-1, max-image-preview:large, max-video-preview:-1\" \/>\n<link rel=\"canonical\" href=\"https:\/\/torredonjimenoactualidad.com\/index.php\/2025\/03\/27\/el-ayuntamiento-de-torredonjimeno-organiza-el-primer-certamen-de-saetas-en-homenaje-al-tostaillo\/\" \/>\n<meta property=\"og:locale\" content=\"es_ES\" \/>\n<meta property=\"og:type\" content=\"article\" \/>\n<meta property=\"og:title\" content=\"El Ayuntamiento de Torredonjimeno organiza el primer certamen de saetas en homenaje al &quot;Tostaillo&quot; - Torredonjimeno Actualidad\" \/>\n<meta property=\"og:description\" content=\"El Ayuntamiento de Torredonjimeno ha presentado este mediod\u00eda en el sal\u00f3n de plenos el\u00a0I Certamen de Saetas Homenaje a Jos\u00e9 \u00abEl Tostaillo\u201d, un emotivo acto que tendr\u00e1 lugar el pr\u00f3ximo\u00a04 de abril a las 21:00 horas en el Teatro Municipal Alcalde Miguel Anguita. El evento, organizado en colaboraci\u00f3n con la Pe\u00f1a Flamenca \u201cLa Besana\u201d, nace &hellip; El Ayuntamiento de Torredonjimeno organiza el primer certamen de saetas en homenaje al \u00abTostaillo\u00bb Leer m\u00e1s &raquo;\" \/>\n<meta property=\"og:url\" content=\"https:\/\/torredonjimenoactualidad.com\/index.php\/2025\/03\/27\/el-ayuntamiento-de-torredonjimeno-organiza-el-primer-certamen-de-saetas-en-homenaje-al-tostaillo\/\" \/>\n<meta property=\"og:site_name\" content=\"Torredonjimeno Actualidad\" \/>\n<meta property=\"article:published_time\" content=\"2025-03-27T15:50:01+00:00\" \/>\n<meta property=\"article:modified_time\" content=\"2025-03-27T15:53:32+00:00\" \/>\n<meta property=\"og:image\" content=\"https:\/\/torredonjimenoactualidad.com\/wp-content\/uploads\/2025\/03\/487380797_1074546958051257_6208760977442098660_n.jpg\" \/>\n\t<meta property=\"og:image:width\" content=\"1196\" \/>\n\t<meta property=\"og:image:height\" content=\"683\" \/>\n\t<meta property=\"og:image:type\" content=\"image\/jpeg\" \/>\n<meta name=\"author\" content=\"Alba Mar\u00eda Torres\" \/>\n<meta name=\"twitter:card\" content=\"summary_large_image\" \/>\n<meta name=\"twitter:label1\" content=\"Escrito por\" \/>\n\t<meta name=\"twitter:data1\" content=\"Alba Mar\u00eda Torres\" \/>\n\t<meta name=\"twitter:label2\" content=\"Tiempo de lectura\" \/>\n\t<meta name=\"twitter:data2\" content=\"3 minutos\" \/>\n<script type=\"application\/ld+json\" class=\"yoast-schema-graph\">{\"@context\":\"https:\/\/schema.org\",\"@graph\":[{\"@type\":\"Article\",\"@id\":\"https:\/\/torredonjimenoactualidad.com\/index.php\/2025\/03\/27\/el-ayuntamiento-de-torredonjimeno-organiza-el-primer-certamen-de-saetas-en-homenaje-al-tostaillo\/#article\",\"isPartOf\":{\"@id\":\"https:\/\/torredonjimenoactualidad.com\/index.php\/2025\/03\/27\/el-ayuntamiento-de-torredonjimeno-organiza-el-primer-certamen-de-saetas-en-homenaje-al-tostaillo\/\"},\"author\":{\"name\":\"Alba Mar\u00eda Torres\",\"@id\":\"https:\/\/torredonjimenoactualidad.com\/#\/schema\/person\/84de5f233e783ef2c75151a532b54977\"},\"headline\":\"El Ayuntamiento de Torredonjimeno organiza el primer certamen de saetas en homenaje al \u00abTostaillo\u00bb\",\"datePublished\":\"2025-03-27T15:50:01+00:00\",\"dateModified\":\"2025-03-27T15:53:32+00:00\",\"mainEntityOfPage\":{\"@id\":\"https:\/\/torredonjimenoactualidad.com\/index.php\/2025\/03\/27\/el-ayuntamiento-de-torredonjimeno-organiza-el-primer-certamen-de-saetas-en-homenaje-al-tostaillo\/\"},\"wordCount\":526,\"publisher\":{\"@id\":\"https:\/\/torredonjimenoactualidad.com\/#organization\"},\"inLanguage\":\"es\"},{\"@type\":\"WebPage\",\"@id\":\"https:\/\/torredonjimenoactualidad.com\/index.php\/2025\/03\/27\/el-ayuntamiento-de-torredonjimeno-organiza-el-primer-certamen-de-saetas-en-homenaje-al-tostaillo\/\",\"url\":\"https:\/\/torredonjimenoactualidad.com\/index.php\/2025\/03\/27\/el-ayuntamiento-de-torredonjimeno-organiza-el-primer-certamen-de-saetas-en-homenaje-al-tostaillo\/\",\"name\":\"El Ayuntamiento de Torredonjimeno organiza el primer certamen de saetas en homenaje al \\\"Tostaillo\\\" - Torredonjimeno Actualidad\",\"isPartOf\":{\"@id\":\"https:\/\/torredonjimenoactualidad.com\/#website\"},\"datePublished\":\"2025-03-27T15:50:01+00:00\",\"dateModified\":\"2025-03-27T15:53:32+00:00\",\"breadcrumb\":{\"@id\":\"https:\/\/torredonjimenoactualidad.com\/index.php\/2025\/03\/27\/el-ayuntamiento-de-torredonjimeno-organiza-el-primer-certamen-de-saetas-en-homenaje-al-tostaillo\/#breadcrumb\"},\"inLanguage\":\"es\",\"potentialAction\":[{\"@type\":\"ReadAction\",\"target\":[\"https:\/\/torredonjimenoactualidad.com\/index.php\/2025\/03\/27\/el-ayuntamiento-de-torredonjimeno-organiza-el-primer-certamen-de-saetas-en-homenaje-al-tostaillo\/\"]}]},{\"@type\":\"BreadcrumbList\",\"@id\":\"https:\/\/torredonjimenoactualidad.com\/index.php\/2025\/03\/27\/el-ayuntamiento-de-torredonjimeno-organiza-el-primer-certamen-de-saetas-en-homenaje-al-tostaillo\/#breadcrumb\",\"itemListElement\":[{\"@type\":\"ListItem\",\"position\":1,\"name\":\"Portada\",\"item\":\"https:\/\/torredonjimenoactualidad.com\/\"},{\"@type\":\"ListItem\",\"position\":2,\"name\":\"El Ayuntamiento de Torredonjimeno organiza el primer certamen de saetas en homenaje al \u00abTostaillo\u00bb\"}]},{\"@type\":\"WebSite\",\"@id\":\"https:\/\/torredonjimenoactualidad.com\/#website\",\"url\":\"https:\/\/torredonjimenoactualidad.com\/\",\"name\":\"Torredonjimeno Actualidad\",\"description\":\"\",\"publisher\":{\"@id\":\"https:\/\/torredonjimenoactualidad.com\/#organization\"},\"potentialAction\":[{\"@type\":\"SearchAction\",\"target\":{\"@type\":\"EntryPoint\",\"urlTemplate\":\"https:\/\/torredonjimenoactualidad.com\/?s={search_term_string}\"},\"query-input\":\"required name=search_term_string\"}],\"inLanguage\":\"es\"},{\"@type\":\"Organization\",\"@id\":\"https:\/\/torredonjimenoactualidad.com\/#organization\",\"name\":\"Torredonjimeno Actualidad\",\"url\":\"https:\/\/torredonjimenoactualidad.com\/\",\"logo\":{\"@type\":\"ImageObject\",\"inLanguage\":\"es\",\"@id\":\"https:\/\/torredonjimenoactualidad.com\/#\/schema\/logo\/image\/\",\"url\":\"https:\/\/torredonjimenoactualidad.com\/wp-content\/uploads\/2023\/02\/logo-torredonjimeno-544x180-1.png\",\"contentUrl\":\"https:\/\/torredonjimenoactualidad.com\/wp-content\/uploads\/2023\/02\/logo-torredonjimeno-544x180-1.png\",\"width\":545,\"height\":112,\"caption\":\"Torredonjimeno Actualidad\"},\"image\":{\"@id\":\"https:\/\/torredonjimenoactualidad.com\/#\/schema\/logo\/image\/\"}},{\"@type\":\"Person\",\"@id\":\"https:\/\/torredonjimenoactualidad.com\/#\/schema\/person\/84de5f233e783ef2c75151a532b54977\",\"name\":\"Alba Mar\u00eda Torres\",\"image\":{\"@type\":\"ImageObject\",\"inLanguage\":\"es\",\"@id\":\"https:\/\/torredonjimenoactualidad.com\/#\/schema\/person\/image\/\",\"url\":\"https:\/\/secure.gravatar.com\/avatar\/f9371f188c71501b4475a9ba2a71595850ec72967f800a2ed8e3e2102859ed65?s=96&d=mm&r=g\",\"contentUrl\":\"https:\/\/secure.gravatar.com\/avatar\/f9371f188c71501b4475a9ba2a71595850ec72967f800a2ed8e3e2102859ed65?s=96&d=mm&r=g\",\"caption\":\"Alba Mar\u00eda Torres\"},\"url\":\"https:\/\/torredonjimenoactualidad.com\/index.php\/author\/alba-torres\/\"}]}<\/script>\n<!-- \/ Yoast SEO plugin. -->","yoast_head_json":{"title":"El Ayuntamiento de Torredonjimeno organiza el primer certamen de saetas en homenaje al \"Tostaillo\" - Torredonjimeno Actualidad","robots":{"index":"index","follow":"follow","max-snippet":"max-snippet:-1","max-image-preview":"max-image-preview:large","max-video-preview":"max-video-preview:-1"},"canonical":"https:\/\/torredonjimenoactualidad.com\/index.php\/2025\/03\/27\/el-ayuntamiento-de-torredonjimeno-organiza-el-primer-certamen-de-saetas-en-homenaje-al-tostaillo\/","og_locale":"es_ES","og_type":"article","og_title":"El Ayuntamiento de Torredonjimeno organiza el primer certamen de saetas en homenaje al \"Tostaillo\" - Torredonjimeno Actualidad","og_description":"El Ayuntamiento de Torredonjimeno ha presentado este mediod\u00eda en el sal\u00f3n de plenos el\u00a0I Certamen de Saetas Homenaje a Jos\u00e9 \u00abEl Tostaillo\u201d, un emotivo acto que tendr\u00e1 lugar el pr\u00f3ximo\u00a04 de abril a las 21:00 horas en el Teatro Municipal Alcalde Miguel Anguita. El evento, organizado en colaboraci\u00f3n con la Pe\u00f1a Flamenca \u201cLa Besana\u201d, nace &hellip; El Ayuntamiento de Torredonjimeno organiza el primer certamen de saetas en homenaje al \u00abTostaillo\u00bb Leer m\u00e1s &raquo;","og_url":"https:\/\/torredonjimenoactualidad.com\/index.php\/2025\/03\/27\/el-ayuntamiento-de-torredonjimeno-organiza-el-primer-certamen-de-saetas-en-homenaje-al-tostaillo\/","og_site_name":"Torredonjimeno Actualidad","article_published_time":"2025-03-27T15:50:01+00:00","article_modified_time":"2025-03-27T15:53:32+00:00","og_image":[{"width":1196,"height":683,"url":"https:\/\/torredonjimenoactualidad.com\/wp-content\/uploads\/2025\/03\/487380797_1074546958051257_6208760977442098660_n.jpg","type":"image\/jpeg"}],"author":"Alba Mar\u00eda Torres","twitter_card":"summary_large_image","twitter_misc":{"Escrito por":"Alba Mar\u00eda Torres","Tiempo de lectura":"3 minutos"},"schema":{"@context":"https:\/\/schema.org","@graph":[{"@type":"Article","@id":"https:\/\/torredonjimenoactualidad.com\/index.php\/2025\/03\/27\/el-ayuntamiento-de-torredonjimeno-organiza-el-primer-certamen-de-saetas-en-homenaje-al-tostaillo\/#article","isPartOf":{"@id":"https:\/\/torredonjimenoactualidad.com\/index.php\/2025\/03\/27\/el-ayuntamiento-de-torredonjimeno-organiza-el-primer-certamen-de-saetas-en-homenaje-al-tostaillo\/"},"author":{"name":"Alba Mar\u00eda Torres","@id":"https:\/\/torredonjimenoactualidad.com\/#\/schema\/person\/84de5f233e783ef2c75151a532b54977"},"headline":"El Ayuntamiento de Torredonjimeno organiza el primer certamen de saetas en homenaje al \u00abTostaillo\u00bb","datePublished":"2025-03-27T15:50:01+00:00","dateModified":"2025-03-27T15:53:32+00:00","mainEntityOfPage":{"@id":"https:\/\/torredonjimenoactualidad.com\/index.php\/2025\/03\/27\/el-ayuntamiento-de-torredonjimeno-organiza-el-primer-certamen-de-saetas-en-homenaje-al-tostaillo\/"},"wordCount":526,"publisher":{"@id":"https:\/\/torredonjimenoactualidad.com\/#organization"},"inLanguage":"es"},{"@type":"WebPage","@id":"https:\/\/torredonjimenoactualidad.com\/index.php\/2025\/03\/27\/el-ayuntamiento-de-torredonjimeno-organiza-el-primer-certamen-de-saetas-en-homenaje-al-tostaillo\/","url":"https:\/\/torredonjimenoactualidad.com\/index.php\/2025\/03\/27\/el-ayuntamiento-de-torredonjimeno-organiza-el-primer-certamen-de-saetas-en-homenaje-al-tostaillo\/","name":"El Ayuntamiento de Torredonjimeno organiza el primer certamen de saetas en homenaje al \"Tostaillo\" - Torredonjimeno Actualidad","isPartOf":{"@id":"https:\/\/torredonjimenoactualidad.com\/#website"},"datePublished":"2025-03-27T15:50:01+00:00","dateModified":"2025-03-27T15:53:32+00:00","breadcrumb":{"@id":"https:\/\/torredonjimenoactualidad.com\/index.php\/2025\/03\/27\/el-ayuntamiento-de-torredonjimeno-organiza-el-primer-certamen-de-saetas-en-homenaje-al-tostaillo\/#breadcrumb"},"inLanguage":"es","potentialAction":[{"@type":"ReadAction","target":["https:\/\/torredonjimenoactualidad.com\/index.php\/2025\/03\/27\/el-ayuntamiento-de-torredonjimeno-organiza-el-primer-certamen-de-saetas-en-homenaje-al-tostaillo\/"]}]},{"@type":"BreadcrumbList","@id":"https:\/\/torredonjimenoactualidad.com\/index.php\/2025\/03\/27\/el-ayuntamiento-de-torredonjimeno-organiza-el-primer-certamen-de-saetas-en-homenaje-al-tostaillo\/#breadcrumb","itemListElement":[{"@type":"ListItem","position":1,"name":"Portada","item":"https:\/\/torredonjimenoactualidad.com\/"},{"@type":"ListItem","position":2,"name":"El Ayuntamiento de Torredonjimeno organiza el primer certamen de saetas en homenaje al \u00abTostaillo\u00bb"}]},{"@type":"WebSite","@id":"https:\/\/torredonjimenoactualidad.com\/#website","url":"https:\/\/torredonjimenoactualidad.com\/","name":"Torredonjimeno Actualidad","description":"","publisher":{"@id":"https:\/\/torredonjimenoactualidad.com\/#organization"},"potentialAction":[{"@type":"SearchAction","target":{"@type":"EntryPoint","urlTemplate":"https:\/\/torredonjimenoactualidad.com\/?s={search_term_string}"},"query-input":"required name=search_term_string"}],"inLanguage":"es"},{"@type":"Organization","@id":"https:\/\/torredonjimenoactualidad.com\/#organization","name":"Torredonjimeno Actualidad","url":"https:\/\/torredonjimenoactualidad.com\/","logo":{"@type":"ImageObject","inLanguage":"es","@id":"https:\/\/torredonjimenoactualidad.com\/#\/schema\/logo\/image\/","url":"https:\/\/torredonjimenoactualidad.com\/wp-content\/uploads\/2023\/02\/logo-torredonjimeno-544x180-1.png","contentUrl":"https:\/\/torredonjimenoactualidad.com\/wp-content\/uploads\/2023\/02\/logo-torredonjimeno-544x180-1.png","width":545,"height":112,"caption":"Torredonjimeno Actualidad"},"image":{"@id":"https:\/\/torredonjimenoactualidad.com\/#\/schema\/logo\/image\/"}},{"@type":"Person","@id":"https:\/\/torredonjimenoactualidad.com\/#\/schema\/person\/84de5f233e783ef2c75151a532b54977","name":"Alba Mar\u00eda Torres","image":{"@type":"ImageObject","inLanguage":"es","@id":"https:\/\/torredonjimenoactualidad.com\/#\/schema\/person\/image\/","url":"https:\/\/secure.gravatar.com\/avatar\/f9371f188c71501b4475a9ba2a71595850ec72967f800a2ed8e3e2102859ed65?s=96&d=mm&r=g","contentUrl":"https:\/\/secure.gravatar.com\/avatar\/f9371f188c71501b4475a9ba2a71595850ec72967f800a2ed8e3e2102859ed65?s=96&d=mm&r=g","caption":"Alba Mar\u00eda Torres"},"url":"https:\/\/torredonjimenoactualidad.com\/index.php\/author\/alba-torres\/"}]}},"_links":{"self":[{"href":"https:\/\/torredonjimenoactualidad.com\/index.php\/wp-json\/wp\/v2\/posts\/3295","targetHints":{"allow":["GET"]}}],"collection":[{"href":"https:\/\/torredonjimenoactualidad.com\/index.php\/wp-json\/wp\/v2\/posts"}],"about":[{"href":"https:\/\/torredonjimenoactualidad.com\/index.php\/wp-json\/wp\/v2\/types\/post"}],"author":[{"embeddable":true,"href":"https:\/\/torredonjimenoactualidad.com\/index.php\/wp-json\/wp\/v2\/users\/2"}],"replies":[{"embeddable":true,"href":"https:\/\/torredonjimenoactualidad.com\/index.php\/wp-json\/wp\/v2\/comments?post=3295"}],"version-history":[{"count":2,"href":"https:\/\/torredonjimenoactualidad.com\/index.php\/wp-json\/wp\/v2\/posts\/3295\/revisions"}],"predecessor-version":[{"id":3299,"href":"https:\/\/torredonjimenoactualidad.com\/index.php\/wp-json\/wp\/v2\/posts\/3295\/revisions\/3299"}],"wp:featuredmedia":[{"embeddable":true,"href":"https:\/\/torredonjimenoactualidad.com\/index.php\/wp-json\/wp\/v2\/media\/3297"}],"wp:attachment":[{"href":"https:\/\/torredonjimenoactualidad.com\/index.php\/wp-json\/wp\/v2\/media?parent=3295"}],"wp:term":[{"taxonomy":"category","embeddable":true,"href":"https:\/\/torredonjimenoactualidad.com\/index.php\/wp-json\/wp\/v2\/categories?post=3295"},{"taxonomy":"post_tag","embeddable":true,"href":"https:\/\/torredonjimenoactualidad.com\/index.php\/wp-json\/wp\/v2\/tags?post=3295"}],"curies":[{"name":"wp","href":"https:\/\/api.w.org\/{rel}","templated":true}]}}