{"id":3276,"date":"2025-03-26T14:53:53","date_gmt":"2025-03-26T14:53:53","guid":{"rendered":"https:\/\/torredonjimenoactualidad.com\/?p=3276"},"modified":"2025-03-26T14:53:55","modified_gmt":"2025-03-26T14:53:55","slug":"presentada-en-jaen-la-41a-edicion-de-la-clasica-ciudad-de-torredonjimeno-una-cita-clave-en-la-copa-de-espana-de-ciclismo","status":"publish","type":"post","link":"https:\/\/torredonjimenoactualidad.com\/index.php\/2025\/03\/26\/presentada-en-jaen-la-41a-edicion-de-la-clasica-ciudad-de-torredonjimeno-una-cita-clave-en-la-copa-de-espana-de-ciclismo\/","title":{"rendered":"Presentada en Ja\u00e9n la 41\u00aa edici\u00f3n de la Cl\u00e1sica Ciudad de Torredonjimeno, una cita clave en la Copa de Espa\u00f1a de Ciclismo"},"content":{"rendered":"\n<p>El Recinto Provincial de Ferias y Congresos de Ja\u00e9n ha acogido esta ma\u00f1ana la presentaci\u00f3n oficial de la 41\u00aa edici\u00f3n de la Cl\u00e1sica Ciudad de Torredonjimeno, una prueba consolidada en el calendario nacional y puntuable para la Copa de Espa\u00f1a \u00e9lite y sub-23. La carrera se celebrar\u00e1 el pr\u00f3ximo 6 de abril y volver\u00e1 a reunir a los 25 mejores equipos del pa\u00eds, con un total de 175 corredores de entre 19 y 25 a\u00f1os.<\/p>\n\n\n\n<p>El director general de la prueba, Manuel Moreno, ha confirmado que se mantiene el recorrido de ediciones anteriores, con un total de 165 kil\u00f3metros de alta exigencia. \u201cHemos querido mantener el mismo recorrido, como nos solicitan los directores de equipo por su dureza. Tiene una primera parte m\u00e1s suave, que permite vivir el ciclismo en las calles de las localidades por las que pasa, y luego se vuelve muy exigente con dos puertos de monta\u00f1a, dos primes especiales y dos metas volantes\u201d, ha explicado Moreno.<\/p>\n\n\n\n<p>La carrera atravesar\u00e1 nueve localidades de la provincia y se perfila como una de las m\u00e1s decisivas del calendario nacional. \u201cEs una prueba dura, muy dura y muy exigente. Sirve mucho para la clasificaci\u00f3n general del ranking. El que sale de l\u00edder en Torredonjimeno dif\u00edcilmente lo deja\u201d, ha subrayado Moreno, agradeciendo tambi\u00e9n el respaldo de empresas, instituciones y colaboradores que hacen posible la prueba.<\/p>\n\n\n\n<p>En el acto ha intervenido tambi\u00e9n el alcalde de Torredonjimeno, Enrique Castro, quien ha valorado muy positivamente el impacto de la carrera para la localidad y para toda la provincia. \u201cPara m\u00ed es una satisfacci\u00f3n que se hable de Torredonjimeno, y que se hable bien. Esta carrera lleva el nombre de nuestro pueblo, pero recorre buena parte de la provincia, desde la Campi\u00f1a Sur hasta el \u00e1rea metropolitana de Ja\u00e9n. Es una prueba de todos, de la provincia entera, y creo que debemos sentirnos orgullosos\u201d.<\/p>\n\n\n\n<p>Castro ha destacado adem\u00e1s el papel de Manuel Moreno como motor de esta iniciativa y ha reivindicado el car\u00e1cter referente de la prueba. \u201cEs la \u00fanica que se celebra en Andaluc\u00eda y la de mayor prestigio que se realiza en Espa\u00f1a en su categor\u00eda. Es una catapulta para que los j\u00f3venes corredores que pasan por aqu\u00ed acaben participando en grandes citas como el Tour de Francia, la Vuelta a Espa\u00f1a o el Giro de Italia\u201d.<\/p>\n\n\n\n<p>La Cl\u00e1sica Ciudad de Torredonjimeno no solo se mantiene como una cita imprescindible para los amantes del ciclismo, sino que se consolida como escaparate de talento y como s\u00edmbolo de uni\u00f3n de toda una provincia en torno al deporte.<\/p>\n","protected":false},"excerpt":{"rendered":"<p>El Recinto Provincial de Ferias y Congresos de Ja\u00e9n ha acogido esta ma\u00f1ana la presentaci\u00f3n oficial de la 41\u00aa edici\u00f3n de la Cl\u00e1sica Ciudad de Torredonjimeno, una prueba consolidada en el calendario nacional y puntuable para la Copa de Espa\u00f1a \u00e9lite y sub-23. La carrera se celebrar\u00e1 el pr\u00f3ximo 6 de abril y volver\u00e1 a &hellip;<\/p>\n<p class=\"read-more\"> <a class=\"\" href=\"https:\/\/torredonjimenoactualidad.com\/index.php\/2025\/03\/26\/presentada-en-jaen-la-41a-edicion-de-la-clasica-ciudad-de-torredonjimeno-una-cita-clave-en-la-copa-de-espana-de-ciclismo\/\"> <span class=\"screen-reader-text\">Presentada en Ja\u00e9n la 41\u00aa edici\u00f3n de la Cl\u00e1sica Ciudad de Torredonjimeno, una cita clave en la Copa de Espa\u00f1a de Ciclismo<\/span> Leer m\u00e1s &raquo;<\/a><\/p>\n","protected":false},"author":2,"featured_media":3277,"comment_status":"closed","ping_status":"open","sticky":false,"template":"","format":"standard","meta":{"site-sidebar-layout":"default","site-content-layout":"default","ast-global-header-display":"","ast-main-header-display":"","ast-hfb-above-header-display":"","ast-hfb-below-header-display":"","ast-hfb-mobile-header-display":"","site-post-title":"","ast-breadcrumbs-content":"","ast-featured-img":"","footer-sml-layout":"","theme-transparent-header-meta":"","adv-header-id-meta":"","stick-header-meta":"","header-above-stick-meta":"","header-main-stick-meta":"","header-below-stick-meta":"","footnotes":""},"categories":[9],"tags":[],"class_list":["post-3276","post","type-post","status-publish","format-standard","has-post-thumbnail","hentry","category-deportes"],"yoast_head":"<!-- This site is optimized with the Yoast SEO plugin v20.8 - https:\/\/yoast.com\/wordpress\/plugins\/seo\/ -->\n<title>Presentada en Ja\u00e9n la 41\u00aa edici\u00f3n de la Cl\u00e1sica Ciudad de Torredonjimeno, una cita clave en la Copa de Espa\u00f1a de Ciclismo - Torredonjimeno Actualidad<\/title>\n<meta name=\"robots\" content=\"index, follow, max-snippet:-1, max-image-preview:large, max-video-preview:-1\" \/>\n<link rel=\"canonical\" href=\"https:\/\/torredonjimenoactualidad.com\/index.php\/2025\/03\/26\/presentada-en-jaen-la-41a-edicion-de-la-clasica-ciudad-de-torredonjimeno-una-cita-clave-en-la-copa-de-espana-de-ciclismo\/\" \/>\n<meta property=\"og:locale\" content=\"es_ES\" \/>\n<meta property=\"og:type\" content=\"article\" \/>\n<meta property=\"og:title\" content=\"Presentada en Ja\u00e9n la 41\u00aa edici\u00f3n de la Cl\u00e1sica Ciudad de Torredonjimeno, una cita clave en la Copa de Espa\u00f1a de Ciclismo - Torredonjimeno Actualidad\" \/>\n<meta property=\"og:description\" content=\"El Recinto Provincial de Ferias y Congresos de Ja\u00e9n ha acogido esta ma\u00f1ana la presentaci\u00f3n oficial de la 41\u00aa edici\u00f3n de la Cl\u00e1sica Ciudad de Torredonjimeno, una prueba consolidada en el calendario nacional y puntuable para la Copa de Espa\u00f1a \u00e9lite y sub-23. La carrera se celebrar\u00e1 el pr\u00f3ximo 6 de abril y volver\u00e1 a &hellip; Presentada en Ja\u00e9n la 41\u00aa edici\u00f3n de la Cl\u00e1sica Ciudad de Torredonjimeno, una cita clave en la Copa de Espa\u00f1a de Ciclismo Leer m\u00e1s &raquo;\" \/>\n<meta property=\"og:url\" content=\"https:\/\/torredonjimenoactualidad.com\/index.php\/2025\/03\/26\/presentada-en-jaen-la-41a-edicion-de-la-clasica-ciudad-de-torredonjimeno-una-cita-clave-en-la-copa-de-espana-de-ciclismo\/\" \/>\n<meta property=\"og:site_name\" content=\"Torredonjimeno Actualidad\" \/>\n<meta property=\"article:published_time\" content=\"2025-03-26T14:53:53+00:00\" \/>\n<meta property=\"article:modified_time\" content=\"2025-03-26T14:53:55+00:00\" \/>\n<meta property=\"og:image\" content=\"https:\/\/torredonjimenoactualidad.com\/wp-content\/uploads\/2025\/03\/486784160_995724859325923_1059116675859616409_n.jpg\" \/>\n\t<meta property=\"og:image:width\" content=\"1265\" \/>\n\t<meta property=\"og:image:height\" content=\"723\" \/>\n\t<meta property=\"og:image:type\" content=\"image\/jpeg\" \/>\n<meta name=\"author\" content=\"Alba Mar\u00eda Torres\" \/>\n<meta name=\"twitter:card\" content=\"summary_large_image\" \/>\n<meta name=\"twitter:label1\" content=\"Escrito por\" \/>\n\t<meta name=\"twitter:data1\" content=\"Alba Mar\u00eda Torres\" \/>\n\t<meta name=\"twitter:label2\" content=\"Tiempo de lectura\" \/>\n\t<meta name=\"twitter:data2\" content=\"2 minutos\" \/>\n<script type=\"application\/ld+json\" class=\"yoast-schema-graph\">{\"@context\":\"https:\/\/schema.org\",\"@graph\":[{\"@type\":\"Article\",\"@id\":\"https:\/\/torredonjimenoactualidad.com\/index.php\/2025\/03\/26\/presentada-en-jaen-la-41a-edicion-de-la-clasica-ciudad-de-torredonjimeno-una-cita-clave-en-la-copa-de-espana-de-ciclismo\/#article\",\"isPartOf\":{\"@id\":\"https:\/\/torredonjimenoactualidad.com\/index.php\/2025\/03\/26\/presentada-en-jaen-la-41a-edicion-de-la-clasica-ciudad-de-torredonjimeno-una-cita-clave-en-la-copa-de-espana-de-ciclismo\/\"},\"author\":{\"name\":\"Alba Mar\u00eda Torres\",\"@id\":\"https:\/\/torredonjimenoactualidad.com\/#\/schema\/person\/84de5f233e783ef2c75151a532b54977\"},\"headline\":\"Presentada en Ja\u00e9n la 41\u00aa edici\u00f3n de la Cl\u00e1sica Ciudad de Torredonjimeno, una cita clave en la Copa de Espa\u00f1a de Ciclismo\",\"datePublished\":\"2025-03-26T14:53:53+00:00\",\"dateModified\":\"2025-03-26T14:53:55+00:00\",\"mainEntityOfPage\":{\"@id\":\"https:\/\/torredonjimenoactualidad.com\/index.php\/2025\/03\/26\/presentada-en-jaen-la-41a-edicion-de-la-clasica-ciudad-de-torredonjimeno-una-cita-clave-en-la-copa-de-espana-de-ciclismo\/\"},\"wordCount\":472,\"publisher\":{\"@id\":\"https:\/\/torredonjimenoactualidad.com\/#organization\"},\"articleSection\":[\"deportes\"],\"inLanguage\":\"es\"},{\"@type\":\"WebPage\",\"@id\":\"https:\/\/torredonjimenoactualidad.com\/index.php\/2025\/03\/26\/presentada-en-jaen-la-41a-edicion-de-la-clasica-ciudad-de-torredonjimeno-una-cita-clave-en-la-copa-de-espana-de-ciclismo\/\",\"url\":\"https:\/\/torredonjimenoactualidad.com\/index.php\/2025\/03\/26\/presentada-en-jaen-la-41a-edicion-de-la-clasica-ciudad-de-torredonjimeno-una-cita-clave-en-la-copa-de-espana-de-ciclismo\/\",\"name\":\"Presentada en Ja\u00e9n la 41\u00aa edici\u00f3n de la Cl\u00e1sica Ciudad de Torredonjimeno, una cita clave en la Copa de Espa\u00f1a de Ciclismo - Torredonjimeno Actualidad\",\"isPartOf\":{\"@id\":\"https:\/\/torredonjimenoactualidad.com\/#website\"},\"datePublished\":\"2025-03-26T14:53:53+00:00\",\"dateModified\":\"2025-03-26T14:53:55+00:00\",\"breadcrumb\":{\"@id\":\"https:\/\/torredonjimenoactualidad.com\/index.php\/2025\/03\/26\/presentada-en-jaen-la-41a-edicion-de-la-clasica-ciudad-de-torredonjimeno-una-cita-clave-en-la-copa-de-espana-de-ciclismo\/#breadcrumb\"},\"inLanguage\":\"es\",\"potentialAction\":[{\"@type\":\"ReadAction\",\"target\":[\"https:\/\/torredonjimenoactualidad.com\/index.php\/2025\/03\/26\/presentada-en-jaen-la-41a-edicion-de-la-clasica-ciudad-de-torredonjimeno-una-cita-clave-en-la-copa-de-espana-de-ciclismo\/\"]}]},{\"@type\":\"BreadcrumbList\",\"@id\":\"https:\/\/torredonjimenoactualidad.com\/index.php\/2025\/03\/26\/presentada-en-jaen-la-41a-edicion-de-la-clasica-ciudad-de-torredonjimeno-una-cita-clave-en-la-copa-de-espana-de-ciclismo\/#breadcrumb\",\"itemListElement\":[{\"@type\":\"ListItem\",\"position\":1,\"name\":\"Portada\",\"item\":\"https:\/\/torredonjimenoactualidad.com\/\"},{\"@type\":\"ListItem\",\"position\":2,\"name\":\"Presentada en Ja\u00e9n la 41\u00aa edici\u00f3n de la Cl\u00e1sica Ciudad de Torredonjimeno, una cita clave en la Copa de Espa\u00f1a de Ciclismo\"}]},{\"@type\":\"WebSite\",\"@id\":\"https:\/\/torredonjimenoactualidad.com\/#website\",\"url\":\"https:\/\/torredonjimenoactualidad.com\/\",\"name\":\"Torredonjimeno Actualidad\",\"description\":\"\",\"publisher\":{\"@id\":\"https:\/\/torredonjimenoactualidad.com\/#organization\"},\"potentialAction\":[{\"@type\":\"SearchAction\",\"target\":{\"@type\":\"EntryPoint\",\"urlTemplate\":\"https:\/\/torredonjimenoactualidad.com\/?s={search_term_string}\"},\"query-input\":\"required name=search_term_string\"}],\"inLanguage\":\"es\"},{\"@type\":\"Organization\",\"@id\":\"https:\/\/torredonjimenoactualidad.com\/#organization\",\"name\":\"Torredonjimeno Actualidad\",\"url\":\"https:\/\/torredonjimenoactualidad.com\/\",\"logo\":{\"@type\":\"ImageObject\",\"inLanguage\":\"es\",\"@id\":\"https:\/\/torredonjimenoactualidad.com\/#\/schema\/logo\/image\/\",\"url\":\"https:\/\/torredonjimenoactualidad.com\/wp-content\/uploads\/2023\/02\/logo-torredonjimeno-544x180-1.png\",\"contentUrl\":\"https:\/\/torredonjimenoactualidad.com\/wp-content\/uploads\/2023\/02\/logo-torredonjimeno-544x180-1.png\",\"width\":545,\"height\":112,\"caption\":\"Torredonjimeno Actualidad\"},\"image\":{\"@id\":\"https:\/\/torredonjimenoactualidad.com\/#\/schema\/logo\/image\/\"}},{\"@type\":\"Person\",\"@id\":\"https:\/\/torredonjimenoactualidad.com\/#\/schema\/person\/84de5f233e783ef2c75151a532b54977\",\"name\":\"Alba Mar\u00eda Torres\",\"image\":{\"@type\":\"ImageObject\",\"inLanguage\":\"es\",\"@id\":\"https:\/\/torredonjimenoactualidad.com\/#\/schema\/person\/image\/\",\"url\":\"https:\/\/secure.gravatar.com\/avatar\/f9371f188c71501b4475a9ba2a71595850ec72967f800a2ed8e3e2102859ed65?s=96&d=mm&r=g\",\"contentUrl\":\"https:\/\/secure.gravatar.com\/avatar\/f9371f188c71501b4475a9ba2a71595850ec72967f800a2ed8e3e2102859ed65?s=96&d=mm&r=g\",\"caption\":\"Alba Mar\u00eda Torres\"},\"url\":\"https:\/\/torredonjimenoactualidad.com\/index.php\/author\/alba-torres\/\"}]}<\/script>\n<!-- \/ Yoast SEO plugin. -->","yoast_head_json":{"title":"Presentada en Ja\u00e9n la 41\u00aa edici\u00f3n de la Cl\u00e1sica Ciudad de Torredonjimeno, una cita clave en la Copa de Espa\u00f1a de Ciclismo - Torredonjimeno Actualidad","robots":{"index":"index","follow":"follow","max-snippet":"max-snippet:-1","max-image-preview":"max-image-preview:large","max-video-preview":"max-video-preview:-1"},"canonical":"https:\/\/torredonjimenoactualidad.com\/index.php\/2025\/03\/26\/presentada-en-jaen-la-41a-edicion-de-la-clasica-ciudad-de-torredonjimeno-una-cita-clave-en-la-copa-de-espana-de-ciclismo\/","og_locale":"es_ES","og_type":"article","og_title":"Presentada en Ja\u00e9n la 41\u00aa edici\u00f3n de la Cl\u00e1sica Ciudad de Torredonjimeno, una cita clave en la Copa de Espa\u00f1a de Ciclismo - Torredonjimeno Actualidad","og_description":"El Recinto Provincial de Ferias y Congresos de Ja\u00e9n ha acogido esta ma\u00f1ana la presentaci\u00f3n oficial de la 41\u00aa edici\u00f3n de la Cl\u00e1sica Ciudad de Torredonjimeno, una prueba consolidada en el calendario nacional y puntuable para la Copa de Espa\u00f1a \u00e9lite y sub-23. La carrera se celebrar\u00e1 el pr\u00f3ximo 6 de abril y volver\u00e1 a &hellip; Presentada en Ja\u00e9n la 41\u00aa edici\u00f3n de la Cl\u00e1sica Ciudad de Torredonjimeno, una cita clave en la Copa de Espa\u00f1a de Ciclismo Leer m\u00e1s &raquo;","og_url":"https:\/\/torredonjimenoactualidad.com\/index.php\/2025\/03\/26\/presentada-en-jaen-la-41a-edicion-de-la-clasica-ciudad-de-torredonjimeno-una-cita-clave-en-la-copa-de-espana-de-ciclismo\/","og_site_name":"Torredonjimeno Actualidad","article_published_time":"2025-03-26T14:53:53+00:00","article_modified_time":"2025-03-26T14:53:55+00:00","og_image":[{"width":1265,"height":723,"url":"https:\/\/torredonjimenoactualidad.com\/wp-content\/uploads\/2025\/03\/486784160_995724859325923_1059116675859616409_n.jpg","type":"image\/jpeg"}],"author":"Alba Mar\u00eda Torres","twitter_card":"summary_large_image","twitter_misc":{"Escrito por":"Alba Mar\u00eda Torres","Tiempo de lectura":"2 minutos"},"schema":{"@context":"https:\/\/schema.org","@graph":[{"@type":"Article","@id":"https:\/\/torredonjimenoactualidad.com\/index.php\/2025\/03\/26\/presentada-en-jaen-la-41a-edicion-de-la-clasica-ciudad-de-torredonjimeno-una-cita-clave-en-la-copa-de-espana-de-ciclismo\/#article","isPartOf":{"@id":"https:\/\/torredonjimenoactualidad.com\/index.php\/2025\/03\/26\/presentada-en-jaen-la-41a-edicion-de-la-clasica-ciudad-de-torredonjimeno-una-cita-clave-en-la-copa-de-espana-de-ciclismo\/"},"author":{"name":"Alba Mar\u00eda Torres","@id":"https:\/\/torredonjimenoactualidad.com\/#\/schema\/person\/84de5f233e783ef2c75151a532b54977"},"headline":"Presentada en Ja\u00e9n la 41\u00aa edici\u00f3n de la Cl\u00e1sica Ciudad de Torredonjimeno, una cita clave en la Copa de Espa\u00f1a de Ciclismo","datePublished":"2025-03-26T14:53:53+00:00","dateModified":"2025-03-26T14:53:55+00:00","mainEntityOfPage":{"@id":"https:\/\/torredonjimenoactualidad.com\/index.php\/2025\/03\/26\/presentada-en-jaen-la-41a-edicion-de-la-clasica-ciudad-de-torredonjimeno-una-cita-clave-en-la-copa-de-espana-de-ciclismo\/"},"wordCount":472,"publisher":{"@id":"https:\/\/torredonjimenoactualidad.com\/#organization"},"articleSection":["deportes"],"inLanguage":"es"},{"@type":"WebPage","@id":"https:\/\/torredonjimenoactualidad.com\/index.php\/2025\/03\/26\/presentada-en-jaen-la-41a-edicion-de-la-clasica-ciudad-de-torredonjimeno-una-cita-clave-en-la-copa-de-espana-de-ciclismo\/","url":"https:\/\/torredonjimenoactualidad.com\/index.php\/2025\/03\/26\/presentada-en-jaen-la-41a-edicion-de-la-clasica-ciudad-de-torredonjimeno-una-cita-clave-en-la-copa-de-espana-de-ciclismo\/","name":"Presentada en Ja\u00e9n la 41\u00aa edici\u00f3n de la Cl\u00e1sica Ciudad de Torredonjimeno, una cita clave en la Copa de Espa\u00f1a de Ciclismo - Torredonjimeno Actualidad","isPartOf":{"@id":"https:\/\/torredonjimenoactualidad.com\/#website"},"datePublished":"2025-03-26T14:53:53+00:00","dateModified":"2025-03-26T14:53:55+00:00","breadcrumb":{"@id":"https:\/\/torredonjimenoactualidad.com\/index.php\/2025\/03\/26\/presentada-en-jaen-la-41a-edicion-de-la-clasica-ciudad-de-torredonjimeno-una-cita-clave-en-la-copa-de-espana-de-ciclismo\/#breadcrumb"},"inLanguage":"es","potentialAction":[{"@type":"ReadAction","target":["https:\/\/torredonjimenoactualidad.com\/index.php\/2025\/03\/26\/presentada-en-jaen-la-41a-edicion-de-la-clasica-ciudad-de-torredonjimeno-una-cita-clave-en-la-copa-de-espana-de-ciclismo\/"]}]},{"@type":"BreadcrumbList","@id":"https:\/\/torredonjimenoactualidad.com\/index.php\/2025\/03\/26\/presentada-en-jaen-la-41a-edicion-de-la-clasica-ciudad-de-torredonjimeno-una-cita-clave-en-la-copa-de-espana-de-ciclismo\/#breadcrumb","itemListElement":[{"@type":"ListItem","position":1,"name":"Portada","item":"https:\/\/torredonjimenoactualidad.com\/"},{"@type":"ListItem","position":2,"name":"Presentada en Ja\u00e9n la 41\u00aa edici\u00f3n de la Cl\u00e1sica Ciudad de Torredonjimeno, una cita clave en la Copa de Espa\u00f1a de Ciclismo"}]},{"@type":"WebSite","@id":"https:\/\/torredonjimenoactualidad.com\/#website","url":"https:\/\/torredonjimenoactualidad.com\/","name":"Torredonjimeno Actualidad","description":"","publisher":{"@id":"https:\/\/torredonjimenoactualidad.com\/#organization"},"potentialAction":[{"@type":"SearchAction","target":{"@type":"EntryPoint","urlTemplate":"https:\/\/torredonjimenoactualidad.com\/?s={search_term_string}"},"query-input":"required name=search_term_string"}],"inLanguage":"es"},{"@type":"Organization","@id":"https:\/\/torredonjimenoactualidad.com\/#organization","name":"Torredonjimeno Actualidad","url":"https:\/\/torredonjimenoactualidad.com\/","logo":{"@type":"ImageObject","inLanguage":"es","@id":"https:\/\/torredonjimenoactualidad.com\/#\/schema\/logo\/image\/","url":"https:\/\/torredonjimenoactualidad.com\/wp-content\/uploads\/2023\/02\/logo-torredonjimeno-544x180-1.png","contentUrl":"https:\/\/torredonjimenoactualidad.com\/wp-content\/uploads\/2023\/02\/logo-torredonjimeno-544x180-1.png","width":545,"height":112,"caption":"Torredonjimeno Actualidad"},"image":{"@id":"https:\/\/torredonjimenoactualidad.com\/#\/schema\/logo\/image\/"}},{"@type":"Person","@id":"https:\/\/torredonjimenoactualidad.com\/#\/schema\/person\/84de5f233e783ef2c75151a532b54977","name":"Alba Mar\u00eda Torres","image":{"@type":"ImageObject","inLanguage":"es","@id":"https:\/\/torredonjimenoactualidad.com\/#\/schema\/person\/image\/","url":"https:\/\/secure.gravatar.com\/avatar\/f9371f188c71501b4475a9ba2a71595850ec72967f800a2ed8e3e2102859ed65?s=96&d=mm&r=g","contentUrl":"https:\/\/secure.gravatar.com\/avatar\/f9371f188c71501b4475a9ba2a71595850ec72967f800a2ed8e3e2102859ed65?s=96&d=mm&r=g","caption":"Alba Mar\u00eda Torres"},"url":"https:\/\/torredonjimenoactualidad.com\/index.php\/author\/alba-torres\/"}]}},"_links":{"self":[{"href":"https:\/\/torredonjimenoactualidad.com\/index.php\/wp-json\/wp\/v2\/posts\/3276","targetHints":{"allow":["GET"]}}],"collection":[{"href":"https:\/\/torredonjimenoactualidad.com\/index.php\/wp-json\/wp\/v2\/posts"}],"about":[{"href":"https:\/\/torredonjimenoactualidad.com\/index.php\/wp-json\/wp\/v2\/types\/post"}],"author":[{"embeddable":true,"href":"https:\/\/torredonjimenoactualidad.com\/index.php\/wp-json\/wp\/v2\/users\/2"}],"replies":[{"embeddable":true,"href":"https:\/\/torredonjimenoactualidad.com\/index.php\/wp-json\/wp\/v2\/comments?post=3276"}],"version-history":[{"count":1,"href":"https:\/\/torredonjimenoactualidad.com\/index.php\/wp-json\/wp\/v2\/posts\/3276\/revisions"}],"predecessor-version":[{"id":3278,"href":"https:\/\/torredonjimenoactualidad.com\/index.php\/wp-json\/wp\/v2\/posts\/3276\/revisions\/3278"}],"wp:featuredmedia":[{"embeddable":true,"href":"https:\/\/torredonjimenoactualidad.com\/index.php\/wp-json\/wp\/v2\/media\/3277"}],"wp:attachment":[{"href":"https:\/\/torredonjimenoactualidad.com\/index.php\/wp-json\/wp\/v2\/media?parent=3276"}],"wp:term":[{"taxonomy":"category","embeddable":true,"href":"https:\/\/torredonjimenoactualidad.com\/index.php\/wp-json\/wp\/v2\/categories?post=3276"},{"taxonomy":"post_tag","embeddable":true,"href":"https:\/\/torredonjimenoactualidad.com\/index.php\/wp-json\/wp\/v2\/tags?post=3276"}],"curies":[{"name":"wp","href":"https:\/\/api.w.org\/{rel}","templated":true}]}}