{"id":3236,"date":"2025-03-13T13:54:01","date_gmt":"2025-03-13T13:54:01","guid":{"rendered":"https:\/\/torredonjimenoactualidad.com\/?p=3236"},"modified":"2025-03-13T13:54:02","modified_gmt":"2025-03-13T13:54:02","slug":"apuesta-municipal-por-la-inclusion-con-un-nuevo-curso-de-lengua-de-signos-b1","status":"publish","type":"post","link":"https:\/\/torredonjimenoactualidad.com\/index.php\/2025\/03\/13\/apuesta-municipal-por-la-inclusion-con-un-nuevo-curso-de-lengua-de-signos-b1\/","title":{"rendered":"Apuesta municipal por la inclusi\u00f3n con un nuevo curso de lengua de signos B1"},"content":{"rendered":"\n<p>La Concejal\u00eda de Juventud del Ayuntamiento de Torredonjimeno ha presentado este jueves un nuevo curso de lengua de signos nivel B1, una iniciativa que busca continuar con el proceso formativo iniciado en a\u00f1os anteriores y consolidar al municipio como un referente en la inclusi\u00f3n de personas con discapacidad auditiva.<\/p>\n\n\n\n<p>La concejala de Juventud, Ana Calahorro, y el t\u00e9cnico del \u00e1rea, Francis C\u00e1mara, han destacado la importancia de este tipo de programas. Calahorro ha subrayado el compromiso del Ayuntamiento con la igualdad de oportunidades y la eliminaci\u00f3n de barreras comunicativas.<\/p>\n\n\n\n<p>\u201cDesde la Concejal\u00eda de Juventud queremos seguir apostando por la formaci\u00f3n de nuestros j\u00f3venes y fomentar la inclusi\u00f3n real, donde todos tengan las mismas oportunidades y no se discrimine a nadie por el hecho de no saber comunicarse. Promoviendo la igualdad y la inclusi\u00f3n de aquellas personas que tienen discapacidad auditiva. Por esto mismo, en los \u00faltimos tiempos, hemos desarrollado y realizado desde el \u00e1rea algunos cursos de lengua de signos de nivel A1 y A2, y queremos presentar esta vez el curso de B1\u201d, ha explicado la edil.<\/p>\n\n\n\n<p>Adem\u00e1s, ha querido agradecer la participaci\u00f3n en ediciones anteriores y ha animado a los nuevos inscritos a seguir form\u00e1ndose dentro de un entorno \u201cm\u00e1s igualitario y accesible\u201d. \u201cAvancemos todos juntos hacia una sociedad mucho m\u00e1s inclusiva y solidaria\u201d, ha a\u00f1adido.<\/p>\n\n\n\n<p>Por su parte, Francis C\u00e1mara ha se\u00f1alado que este curso no es una acci\u00f3n aislada, sino parte de un ciclo formativo que en los \u00faltimos tiempos ha ido adquiriendo un peso cada vez mayor en la localidad.<\/p>\n\n\n\n<p>\u201cSe est\u00e1 apostando mucho en Torredonjimeno por la formaci\u00f3n en lengua de signos. De hecho, desde la Asociaci\u00f3n Provincial de Personas Sordas de Ja\u00e9n (APOSOJA), que ser\u00e1 la encargada de impartir el curso, nos recalcan que somos uno de los municipios que m\u00e1s est\u00e1 promoviendo este tipo de formaci\u00f3n en lenguaje inclusivo\u201d, ha destacado el t\u00e9cnico del \u00e1rea.<\/p>\n\n\n\n<p><strong>Una formaci\u00f3n accesible y con apoyo institucional<\/strong><\/p>\n\n\n\n<p>El curso, que dar\u00e1 comienzo el&nbsp;24 de marzo, combinar\u00e1 formaci\u00f3n online y sesiones presenciales. Las clases telem\u00e1ticas se impartir\u00e1n&nbsp;todos los mi\u00e9rcoles, de 17:30 a 19:30 horas, a trav\u00e9s de Zoom, mientras que los encuentros presenciales se celebrar\u00e1n&nbsp;los martes en el Centro C\u00edvico Mar\u00eda Zambrano.<\/p>\n\n\n\n<p>Desde la Concejal\u00eda han puesto en valor la importancia de contar con sesiones en persona, ya que facilitan el aprendizaje y el contacto directo con el profesorado y compa\u00f1eros. \u201cEl aspecto presencial es fundamental para hacer grupo y para desarrollar un lenguaje de signos realmente efectivo\u201d, han subrayado.<\/p>\n\n\n\n<p>Adem\u00e1s, el curso cuenta con una subvenci\u00f3n municipal que permite reducir su coste, haci\u00e9ndolo m\u00e1s accesible para la poblaci\u00f3n tosiriana.<\/p>\n\n\n\n<p>La formaci\u00f3n tendr\u00e1 una duraci\u00f3n de\u00a0120 horas, homologadas por la Consejer\u00eda de Desarrollo Educativo y Formaci\u00f3n Profesional de la Junta de Andaluc\u00eda. Como requisito, las personas que pretendan realizar el curso deber\u00e1n contar con el\u00a0t\u00edtulo de lengua de signos nivel 2 MCER o equivalente, <\/p>\n\n\n\n<p>Para obtener m\u00e1s informaci\u00f3n e inscribirse, los interesados podr\u00e1n dirigirse al correo electr\u00f3nico\u00a0juventud@tosiria.com o a los tel\u00e9fonos\u00a0\ud83d\udcde 953 572 309 &#8211; 699 858 722.<\/p>\n\n\n\n<p><\/p>\n","protected":false},"excerpt":{"rendered":"<p>La Concejal\u00eda de Juventud del Ayuntamiento de Torredonjimeno ha presentado este jueves un nuevo curso de lengua de signos nivel B1, una iniciativa que busca continuar con el proceso formativo iniciado en a\u00f1os anteriores y consolidar al municipio como un referente en la inclusi\u00f3n de personas con discapacidad auditiva. La concejala de Juventud, Ana Calahorro, &hellip;<\/p>\n<p class=\"read-more\"> <a class=\"\" href=\"https:\/\/torredonjimenoactualidad.com\/index.php\/2025\/03\/13\/apuesta-municipal-por-la-inclusion-con-un-nuevo-curso-de-lengua-de-signos-b1\/\"> <span class=\"screen-reader-text\">Apuesta municipal por la inclusi\u00f3n con un nuevo curso de lengua de signos B1<\/span> Leer m\u00e1s &raquo;<\/a><\/p>\n","protected":false},"author":2,"featured_media":3237,"comment_status":"closed","ping_status":"open","sticky":false,"template":"","format":"standard","meta":{"site-sidebar-layout":"default","site-content-layout":"default","ast-global-header-display":"","ast-main-header-display":"","ast-hfb-above-header-display":"","ast-hfb-below-header-display":"","ast-hfb-mobile-header-display":"","site-post-title":"","ast-breadcrumbs-content":"","ast-featured-img":"","footer-sml-layout":"","theme-transparent-header-meta":"","adv-header-id-meta":"","stick-header-meta":"","header-above-stick-meta":"","header-main-stick-meta":"","header-below-stick-meta":"","footnotes":""},"categories":[7],"tags":[],"class_list":["post-3236","post","type-post","status-publish","format-standard","has-post-thumbnail","hentry","category-local"],"yoast_head":"<!-- This site is optimized with the Yoast SEO plugin v20.8 - https:\/\/yoast.com\/wordpress\/plugins\/seo\/ -->\n<title>Apuesta municipal por la inclusi\u00f3n con un nuevo curso de lengua de signos B1 - Torredonjimeno Actualidad<\/title>\n<meta name=\"robots\" content=\"index, follow, max-snippet:-1, max-image-preview:large, max-video-preview:-1\" \/>\n<link rel=\"canonical\" href=\"https:\/\/torredonjimenoactualidad.com\/index.php\/2025\/03\/13\/apuesta-municipal-por-la-inclusion-con-un-nuevo-curso-de-lengua-de-signos-b1\/\" \/>\n<meta property=\"og:locale\" content=\"es_ES\" \/>\n<meta property=\"og:type\" content=\"article\" \/>\n<meta property=\"og:title\" content=\"Apuesta municipal por la inclusi\u00f3n con un nuevo curso de lengua de signos B1 - Torredonjimeno Actualidad\" \/>\n<meta property=\"og:description\" content=\"La Concejal\u00eda de Juventud del Ayuntamiento de Torredonjimeno ha presentado este jueves un nuevo curso de lengua de signos nivel B1, una iniciativa que busca continuar con el proceso formativo iniciado en a\u00f1os anteriores y consolidar al municipio como un referente en la inclusi\u00f3n de personas con discapacidad auditiva. La concejala de Juventud, Ana Calahorro, &hellip; Apuesta municipal por la inclusi\u00f3n con un nuevo curso de lengua de signos B1 Leer m\u00e1s &raquo;\" \/>\n<meta property=\"og:url\" content=\"https:\/\/torredonjimenoactualidad.com\/index.php\/2025\/03\/13\/apuesta-municipal-por-la-inclusion-con-un-nuevo-curso-de-lengua-de-signos-b1\/\" \/>\n<meta property=\"og:site_name\" content=\"Torredonjimeno Actualidad\" \/>\n<meta property=\"article:published_time\" content=\"2025-03-13T13:54:01+00:00\" \/>\n<meta property=\"article:modified_time\" content=\"2025-03-13T13:54:02+00:00\" \/>\n<meta property=\"og:image\" content=\"https:\/\/torredonjimenoactualidad.com\/wp-content\/uploads\/2025\/03\/fb4ebb19-e6a5-4ef0-8744-66c6d282c886.jpg\" \/>\n\t<meta property=\"og:image:width\" content=\"1536\" \/>\n\t<meta property=\"og:image:height\" content=\"878\" \/>\n\t<meta property=\"og:image:type\" content=\"image\/jpeg\" \/>\n<meta name=\"author\" content=\"Alba Mar\u00eda Torres\" \/>\n<meta name=\"twitter:card\" content=\"summary_large_image\" \/>\n<meta name=\"twitter:label1\" content=\"Escrito por\" \/>\n\t<meta name=\"twitter:data1\" content=\"Alba Mar\u00eda Torres\" \/>\n\t<meta name=\"twitter:label2\" content=\"Tiempo de lectura\" \/>\n\t<meta name=\"twitter:data2\" content=\"3 minutos\" \/>\n<script type=\"application\/ld+json\" class=\"yoast-schema-graph\">{\"@context\":\"https:\/\/schema.org\",\"@graph\":[{\"@type\":\"Article\",\"@id\":\"https:\/\/torredonjimenoactualidad.com\/index.php\/2025\/03\/13\/apuesta-municipal-por-la-inclusion-con-un-nuevo-curso-de-lengua-de-signos-b1\/#article\",\"isPartOf\":{\"@id\":\"https:\/\/torredonjimenoactualidad.com\/index.php\/2025\/03\/13\/apuesta-municipal-por-la-inclusion-con-un-nuevo-curso-de-lengua-de-signos-b1\/\"},\"author\":{\"name\":\"Alba Mar\u00eda Torres\",\"@id\":\"https:\/\/torredonjimenoactualidad.com\/#\/schema\/person\/84de5f233e783ef2c75151a532b54977\"},\"headline\":\"Apuesta municipal por la inclusi\u00f3n con un nuevo curso de lengua de signos B1\",\"datePublished\":\"2025-03-13T13:54:01+00:00\",\"dateModified\":\"2025-03-13T13:54:02+00:00\",\"mainEntityOfPage\":{\"@id\":\"https:\/\/torredonjimenoactualidad.com\/index.php\/2025\/03\/13\/apuesta-municipal-por-la-inclusion-con-un-nuevo-curso-de-lengua-de-signos-b1\/\"},\"wordCount\":569,\"publisher\":{\"@id\":\"https:\/\/torredonjimenoactualidad.com\/#organization\"},\"articleSection\":[\"local\"],\"inLanguage\":\"es\"},{\"@type\":\"WebPage\",\"@id\":\"https:\/\/torredonjimenoactualidad.com\/index.php\/2025\/03\/13\/apuesta-municipal-por-la-inclusion-con-un-nuevo-curso-de-lengua-de-signos-b1\/\",\"url\":\"https:\/\/torredonjimenoactualidad.com\/index.php\/2025\/03\/13\/apuesta-municipal-por-la-inclusion-con-un-nuevo-curso-de-lengua-de-signos-b1\/\",\"name\":\"Apuesta municipal por la inclusi\u00f3n con un nuevo curso de lengua de signos B1 - Torredonjimeno Actualidad\",\"isPartOf\":{\"@id\":\"https:\/\/torredonjimenoactualidad.com\/#website\"},\"datePublished\":\"2025-03-13T13:54:01+00:00\",\"dateModified\":\"2025-03-13T13:54:02+00:00\",\"breadcrumb\":{\"@id\":\"https:\/\/torredonjimenoactualidad.com\/index.php\/2025\/03\/13\/apuesta-municipal-por-la-inclusion-con-un-nuevo-curso-de-lengua-de-signos-b1\/#breadcrumb\"},\"inLanguage\":\"es\",\"potentialAction\":[{\"@type\":\"ReadAction\",\"target\":[\"https:\/\/torredonjimenoactualidad.com\/index.php\/2025\/03\/13\/apuesta-municipal-por-la-inclusion-con-un-nuevo-curso-de-lengua-de-signos-b1\/\"]}]},{\"@type\":\"BreadcrumbList\",\"@id\":\"https:\/\/torredonjimenoactualidad.com\/index.php\/2025\/03\/13\/apuesta-municipal-por-la-inclusion-con-un-nuevo-curso-de-lengua-de-signos-b1\/#breadcrumb\",\"itemListElement\":[{\"@type\":\"ListItem\",\"position\":1,\"name\":\"Portada\",\"item\":\"https:\/\/torredonjimenoactualidad.com\/\"},{\"@type\":\"ListItem\",\"position\":2,\"name\":\"Apuesta municipal por la inclusi\u00f3n con un nuevo curso de lengua de signos B1\"}]},{\"@type\":\"WebSite\",\"@id\":\"https:\/\/torredonjimenoactualidad.com\/#website\",\"url\":\"https:\/\/torredonjimenoactualidad.com\/\",\"name\":\"Torredonjimeno Actualidad\",\"description\":\"\",\"publisher\":{\"@id\":\"https:\/\/torredonjimenoactualidad.com\/#organization\"},\"potentialAction\":[{\"@type\":\"SearchAction\",\"target\":{\"@type\":\"EntryPoint\",\"urlTemplate\":\"https:\/\/torredonjimenoactualidad.com\/?s={search_term_string}\"},\"query-input\":\"required name=search_term_string\"}],\"inLanguage\":\"es\"},{\"@type\":\"Organization\",\"@id\":\"https:\/\/torredonjimenoactualidad.com\/#organization\",\"name\":\"Torredonjimeno Actualidad\",\"url\":\"https:\/\/torredonjimenoactualidad.com\/\",\"logo\":{\"@type\":\"ImageObject\",\"inLanguage\":\"es\",\"@id\":\"https:\/\/torredonjimenoactualidad.com\/#\/schema\/logo\/image\/\",\"url\":\"https:\/\/torredonjimenoactualidad.com\/wp-content\/uploads\/2023\/02\/logo-torredonjimeno-544x180-1.png\",\"contentUrl\":\"https:\/\/torredonjimenoactualidad.com\/wp-content\/uploads\/2023\/02\/logo-torredonjimeno-544x180-1.png\",\"width\":545,\"height\":112,\"caption\":\"Torredonjimeno Actualidad\"},\"image\":{\"@id\":\"https:\/\/torredonjimenoactualidad.com\/#\/schema\/logo\/image\/\"}},{\"@type\":\"Person\",\"@id\":\"https:\/\/torredonjimenoactualidad.com\/#\/schema\/person\/84de5f233e783ef2c75151a532b54977\",\"name\":\"Alba Mar\u00eda Torres\",\"image\":{\"@type\":\"ImageObject\",\"inLanguage\":\"es\",\"@id\":\"https:\/\/torredonjimenoactualidad.com\/#\/schema\/person\/image\/\",\"url\":\"https:\/\/secure.gravatar.com\/avatar\/f9371f188c71501b4475a9ba2a71595850ec72967f800a2ed8e3e2102859ed65?s=96&d=mm&r=g\",\"contentUrl\":\"https:\/\/secure.gravatar.com\/avatar\/f9371f188c71501b4475a9ba2a71595850ec72967f800a2ed8e3e2102859ed65?s=96&d=mm&r=g\",\"caption\":\"Alba Mar\u00eda Torres\"},\"url\":\"https:\/\/torredonjimenoactualidad.com\/index.php\/author\/alba-torres\/\"}]}<\/script>\n<!-- \/ Yoast SEO plugin. -->","yoast_head_json":{"title":"Apuesta municipal por la inclusi\u00f3n con un nuevo curso de lengua de signos B1 - Torredonjimeno Actualidad","robots":{"index":"index","follow":"follow","max-snippet":"max-snippet:-1","max-image-preview":"max-image-preview:large","max-video-preview":"max-video-preview:-1"},"canonical":"https:\/\/torredonjimenoactualidad.com\/index.php\/2025\/03\/13\/apuesta-municipal-por-la-inclusion-con-un-nuevo-curso-de-lengua-de-signos-b1\/","og_locale":"es_ES","og_type":"article","og_title":"Apuesta municipal por la inclusi\u00f3n con un nuevo curso de lengua de signos B1 - Torredonjimeno Actualidad","og_description":"La Concejal\u00eda de Juventud del Ayuntamiento de Torredonjimeno ha presentado este jueves un nuevo curso de lengua de signos nivel B1, una iniciativa que busca continuar con el proceso formativo iniciado en a\u00f1os anteriores y consolidar al municipio como un referente en la inclusi\u00f3n de personas con discapacidad auditiva. La concejala de Juventud, Ana Calahorro, &hellip; Apuesta municipal por la inclusi\u00f3n con un nuevo curso de lengua de signos B1 Leer m\u00e1s &raquo;","og_url":"https:\/\/torredonjimenoactualidad.com\/index.php\/2025\/03\/13\/apuesta-municipal-por-la-inclusion-con-un-nuevo-curso-de-lengua-de-signos-b1\/","og_site_name":"Torredonjimeno Actualidad","article_published_time":"2025-03-13T13:54:01+00:00","article_modified_time":"2025-03-13T13:54:02+00:00","og_image":[{"width":1536,"height":878,"url":"https:\/\/torredonjimenoactualidad.com\/wp-content\/uploads\/2025\/03\/fb4ebb19-e6a5-4ef0-8744-66c6d282c886.jpg","type":"image\/jpeg"}],"author":"Alba Mar\u00eda Torres","twitter_card":"summary_large_image","twitter_misc":{"Escrito por":"Alba Mar\u00eda Torres","Tiempo de lectura":"3 minutos"},"schema":{"@context":"https:\/\/schema.org","@graph":[{"@type":"Article","@id":"https:\/\/torredonjimenoactualidad.com\/index.php\/2025\/03\/13\/apuesta-municipal-por-la-inclusion-con-un-nuevo-curso-de-lengua-de-signos-b1\/#article","isPartOf":{"@id":"https:\/\/torredonjimenoactualidad.com\/index.php\/2025\/03\/13\/apuesta-municipal-por-la-inclusion-con-un-nuevo-curso-de-lengua-de-signos-b1\/"},"author":{"name":"Alba Mar\u00eda Torres","@id":"https:\/\/torredonjimenoactualidad.com\/#\/schema\/person\/84de5f233e783ef2c75151a532b54977"},"headline":"Apuesta municipal por la inclusi\u00f3n con un nuevo curso de lengua de signos B1","datePublished":"2025-03-13T13:54:01+00:00","dateModified":"2025-03-13T13:54:02+00:00","mainEntityOfPage":{"@id":"https:\/\/torredonjimenoactualidad.com\/index.php\/2025\/03\/13\/apuesta-municipal-por-la-inclusion-con-un-nuevo-curso-de-lengua-de-signos-b1\/"},"wordCount":569,"publisher":{"@id":"https:\/\/torredonjimenoactualidad.com\/#organization"},"articleSection":["local"],"inLanguage":"es"},{"@type":"WebPage","@id":"https:\/\/torredonjimenoactualidad.com\/index.php\/2025\/03\/13\/apuesta-municipal-por-la-inclusion-con-un-nuevo-curso-de-lengua-de-signos-b1\/","url":"https:\/\/torredonjimenoactualidad.com\/index.php\/2025\/03\/13\/apuesta-municipal-por-la-inclusion-con-un-nuevo-curso-de-lengua-de-signos-b1\/","name":"Apuesta municipal por la inclusi\u00f3n con un nuevo curso de lengua de signos B1 - Torredonjimeno Actualidad","isPartOf":{"@id":"https:\/\/torredonjimenoactualidad.com\/#website"},"datePublished":"2025-03-13T13:54:01+00:00","dateModified":"2025-03-13T13:54:02+00:00","breadcrumb":{"@id":"https:\/\/torredonjimenoactualidad.com\/index.php\/2025\/03\/13\/apuesta-municipal-por-la-inclusion-con-un-nuevo-curso-de-lengua-de-signos-b1\/#breadcrumb"},"inLanguage":"es","potentialAction":[{"@type":"ReadAction","target":["https:\/\/torredonjimenoactualidad.com\/index.php\/2025\/03\/13\/apuesta-municipal-por-la-inclusion-con-un-nuevo-curso-de-lengua-de-signos-b1\/"]}]},{"@type":"BreadcrumbList","@id":"https:\/\/torredonjimenoactualidad.com\/index.php\/2025\/03\/13\/apuesta-municipal-por-la-inclusion-con-un-nuevo-curso-de-lengua-de-signos-b1\/#breadcrumb","itemListElement":[{"@type":"ListItem","position":1,"name":"Portada","item":"https:\/\/torredonjimenoactualidad.com\/"},{"@type":"ListItem","position":2,"name":"Apuesta municipal por la inclusi\u00f3n con un nuevo curso de lengua de signos B1"}]},{"@type":"WebSite","@id":"https:\/\/torredonjimenoactualidad.com\/#website","url":"https:\/\/torredonjimenoactualidad.com\/","name":"Torredonjimeno Actualidad","description":"","publisher":{"@id":"https:\/\/torredonjimenoactualidad.com\/#organization"},"potentialAction":[{"@type":"SearchAction","target":{"@type":"EntryPoint","urlTemplate":"https:\/\/torredonjimenoactualidad.com\/?s={search_term_string}"},"query-input":"required name=search_term_string"}],"inLanguage":"es"},{"@type":"Organization","@id":"https:\/\/torredonjimenoactualidad.com\/#organization","name":"Torredonjimeno Actualidad","url":"https:\/\/torredonjimenoactualidad.com\/","logo":{"@type":"ImageObject","inLanguage":"es","@id":"https:\/\/torredonjimenoactualidad.com\/#\/schema\/logo\/image\/","url":"https:\/\/torredonjimenoactualidad.com\/wp-content\/uploads\/2023\/02\/logo-torredonjimeno-544x180-1.png","contentUrl":"https:\/\/torredonjimenoactualidad.com\/wp-content\/uploads\/2023\/02\/logo-torredonjimeno-544x180-1.png","width":545,"height":112,"caption":"Torredonjimeno Actualidad"},"image":{"@id":"https:\/\/torredonjimenoactualidad.com\/#\/schema\/logo\/image\/"}},{"@type":"Person","@id":"https:\/\/torredonjimenoactualidad.com\/#\/schema\/person\/84de5f233e783ef2c75151a532b54977","name":"Alba Mar\u00eda Torres","image":{"@type":"ImageObject","inLanguage":"es","@id":"https:\/\/torredonjimenoactualidad.com\/#\/schema\/person\/image\/","url":"https:\/\/secure.gravatar.com\/avatar\/f9371f188c71501b4475a9ba2a71595850ec72967f800a2ed8e3e2102859ed65?s=96&d=mm&r=g","contentUrl":"https:\/\/secure.gravatar.com\/avatar\/f9371f188c71501b4475a9ba2a71595850ec72967f800a2ed8e3e2102859ed65?s=96&d=mm&r=g","caption":"Alba Mar\u00eda Torres"},"url":"https:\/\/torredonjimenoactualidad.com\/index.php\/author\/alba-torres\/"}]}},"_links":{"self":[{"href":"https:\/\/torredonjimenoactualidad.com\/index.php\/wp-json\/wp\/v2\/posts\/3236","targetHints":{"allow":["GET"]}}],"collection":[{"href":"https:\/\/torredonjimenoactualidad.com\/index.php\/wp-json\/wp\/v2\/posts"}],"about":[{"href":"https:\/\/torredonjimenoactualidad.com\/index.php\/wp-json\/wp\/v2\/types\/post"}],"author":[{"embeddable":true,"href":"https:\/\/torredonjimenoactualidad.com\/index.php\/wp-json\/wp\/v2\/users\/2"}],"replies":[{"embeddable":true,"href":"https:\/\/torredonjimenoactualidad.com\/index.php\/wp-json\/wp\/v2\/comments?post=3236"}],"version-history":[{"count":1,"href":"https:\/\/torredonjimenoactualidad.com\/index.php\/wp-json\/wp\/v2\/posts\/3236\/revisions"}],"predecessor-version":[{"id":3238,"href":"https:\/\/torredonjimenoactualidad.com\/index.php\/wp-json\/wp\/v2\/posts\/3236\/revisions\/3238"}],"wp:featuredmedia":[{"embeddable":true,"href":"https:\/\/torredonjimenoactualidad.com\/index.php\/wp-json\/wp\/v2\/media\/3237"}],"wp:attachment":[{"href":"https:\/\/torredonjimenoactualidad.com\/index.php\/wp-json\/wp\/v2\/media?parent=3236"}],"wp:term":[{"taxonomy":"category","embeddable":true,"href":"https:\/\/torredonjimenoactualidad.com\/index.php\/wp-json\/wp\/v2\/categories?post=3236"},{"taxonomy":"post_tag","embeddable":true,"href":"https:\/\/torredonjimenoactualidad.com\/index.php\/wp-json\/wp\/v2\/tags?post=3236"}],"curies":[{"name":"wp","href":"https:\/\/api.w.org\/{rel}","templated":true}]}}