{"id":3230,"date":"2025-03-12T15:06:51","date_gmt":"2025-03-12T15:06:51","guid":{"rendered":"https:\/\/torredonjimenoactualidad.com\/?p=3230"},"modified":"2025-03-12T15:06:52","modified_gmt":"2025-03-12T15:06:52","slug":"torredonjimeno-acoge-una-jornada-de-convivencia-de-musicos-cofrades-de-la-campina-sur-el-proximo-29-de-marzo","status":"publish","type":"post","link":"https:\/\/torredonjimenoactualidad.com\/index.php\/2025\/03\/12\/torredonjimeno-acoge-una-jornada-de-convivencia-de-musicos-cofrades-de-la-campina-sur-el-proximo-29-de-marzo\/","title":{"rendered":"Torredonjimeno acoge una jornada de convivencia de m\u00fasicos cofrades de la Campi\u00f1a Sur el pr\u00f3ximo 29 de marzo"},"content":{"rendered":"\n<p>El pr\u00f3ximo\u00a029 de marzo, Torredonjimeno ser\u00e1 el epicentro de la m\u00fasica cofrade en la Campi\u00f1a Sur con una\u00a0jornada de convivencia\u00a0organizada por la\u00a0Banda de Cornetas y Tambores El Rescate. El evento, de entrada libre, se celebrar\u00e1 en el espacio municipal de la\u00a0calle Fuente del M\u00e1rmol, frente al Polideportivo Municipal. Las puertas se abrir\u00e1n a las\u00a018:30 horas, y el acto dar\u00e1 comienzo a las\u00a019:30 horas.<\/p>\n\n\n\n<p>La presentaci\u00f3n oficial de la jornada tuvo lugar este mi\u00e9rcoles en el Ayuntamiento de Torredonjimeno, donde el\u00a0presidente de la Banda del Rescate, Pedro \u00c1ngel Balb\u00edn, junto a\u00a0Jos\u00e9 Mar\u00eda Anguita, tesorero de la banda, el\u00a0alcalde, Enrique Castro, y la\u00a0concejala de Cultura, Sela Ib\u00e1\u00f1ez, dieron a conocer el cartel del evento.<\/p>\n\n\n\n<p>El encuentro reunir\u00e1 a destacadas agrupaciones musicales de la comarca, como la\u00a0Banda de Cornetas y Tambores El Rescate de Torredonjimeno, la\u00a0Asociaci\u00f3n Art\u00edstico Musical Miguel \u00c1ngel Colmenero de Jamilena, la\u00a0Banda de Cornetas y Tambores Nuestro Padre Jes\u00fas Nazareno de Torredelcampo, la\u00a0Asociaci\u00f3n Cultural Banda de M\u00fasica de Torredonjimeno, y la\u00a0Banda de Cornetas y Tambores La Fusi\u00f3n, procedente de Lopera y Marmolejo.<\/p>\n\n\n\n<p>M\u00e1s all\u00e1 de la m\u00fasica, el evento tiene como principal prop\u00f3sito&nbsp;fomentar la convivencia entre los m\u00fasicos cofrades, propiciar el intercambio de experiencias y acercar al p\u00fablico la riqueza de este g\u00e9nero musical. \u201cEl objetivo es pasar un d\u00eda de convivencia, acercarse para escuchar m\u00fasica cofrade, disfrutar del encuentro y conocerse entre los propios m\u00fasicos\u201d, destac\u00f3&nbsp;Pedro \u00c1ngel Balb\u00edn, presidente de la Banda del Rescate.<\/p>\n\n\n\n<p>Para amenizar la jornada, el evento contar\u00e1 con un&nbsp;servicio de bar con precios populares, convirti\u00e9ndose en un punto de encuentro tanto para los m\u00fasicos como para los aficionados a la m\u00fasica procesional.<\/p>\n\n\n\n<p><\/p>\n","protected":false},"excerpt":{"rendered":"<p>El pr\u00f3ximo\u00a029 de marzo, Torredonjimeno ser\u00e1 el epicentro de la m\u00fasica cofrade en la Campi\u00f1a Sur con una\u00a0jornada de convivencia\u00a0organizada por la\u00a0Banda de Cornetas y Tambores El Rescate. El evento, de entrada libre, se celebrar\u00e1 en el espacio municipal de la\u00a0calle Fuente del M\u00e1rmol, frente al Polideportivo Municipal. Las puertas se abrir\u00e1n a las\u00a018:30 horas, &hellip;<\/p>\n<p class=\"read-more\"> <a class=\"\" href=\"https:\/\/torredonjimenoactualidad.com\/index.php\/2025\/03\/12\/torredonjimeno-acoge-una-jornada-de-convivencia-de-musicos-cofrades-de-la-campina-sur-el-proximo-29-de-marzo\/\"> <span class=\"screen-reader-text\">Torredonjimeno acoge una jornada de convivencia de m\u00fasicos cofrades de la Campi\u00f1a Sur el pr\u00f3ximo 29 de marzo<\/span> Leer m\u00e1s &raquo;<\/a><\/p>\n","protected":false},"author":2,"featured_media":3231,"comment_status":"closed","ping_status":"open","sticky":false,"template":"","format":"standard","meta":{"site-sidebar-layout":"default","site-content-layout":"default","ast-global-header-display":"","ast-main-header-display":"","ast-hfb-above-header-display":"","ast-hfb-below-header-display":"","ast-hfb-mobile-header-display":"","site-post-title":"","ast-breadcrumbs-content":"","ast-featured-img":"","footer-sml-layout":"","theme-transparent-header-meta":"","adv-header-id-meta":"","stick-header-meta":"","header-above-stick-meta":"","header-main-stick-meta":"","header-below-stick-meta":"","footnotes":""},"categories":[1],"tags":[],"class_list":["post-3230","post","type-post","status-publish","format-standard","has-post-thumbnail","hentry","category-sin-categoria"],"yoast_head":"<!-- This site is optimized with the Yoast SEO plugin v20.8 - https:\/\/yoast.com\/wordpress\/plugins\/seo\/ -->\n<title>Torredonjimeno acoge una jornada de convivencia de m\u00fasicos cofrades de la Campi\u00f1a Sur el pr\u00f3ximo 29 de marzo - Torredonjimeno Actualidad<\/title>\n<meta name=\"robots\" content=\"index, follow, max-snippet:-1, max-image-preview:large, max-video-preview:-1\" \/>\n<link rel=\"canonical\" href=\"https:\/\/torredonjimenoactualidad.com\/index.php\/2025\/03\/12\/torredonjimeno-acoge-una-jornada-de-convivencia-de-musicos-cofrades-de-la-campina-sur-el-proximo-29-de-marzo\/\" \/>\n<meta property=\"og:locale\" content=\"es_ES\" \/>\n<meta property=\"og:type\" content=\"article\" \/>\n<meta property=\"og:title\" content=\"Torredonjimeno acoge una jornada de convivencia de m\u00fasicos cofrades de la Campi\u00f1a Sur el pr\u00f3ximo 29 de marzo - Torredonjimeno Actualidad\" \/>\n<meta property=\"og:description\" content=\"El pr\u00f3ximo\u00a029 de marzo, Torredonjimeno ser\u00e1 el epicentro de la m\u00fasica cofrade en la Campi\u00f1a Sur con una\u00a0jornada de convivencia\u00a0organizada por la\u00a0Banda de Cornetas y Tambores El Rescate. El evento, de entrada libre, se celebrar\u00e1 en el espacio municipal de la\u00a0calle Fuente del M\u00e1rmol, frente al Polideportivo Municipal. Las puertas se abrir\u00e1n a las\u00a018:30 horas, &hellip; Torredonjimeno acoge una jornada de convivencia de m\u00fasicos cofrades de la Campi\u00f1a Sur el pr\u00f3ximo 29 de marzo Leer m\u00e1s &raquo;\" \/>\n<meta property=\"og:url\" content=\"https:\/\/torredonjimenoactualidad.com\/index.php\/2025\/03\/12\/torredonjimeno-acoge-una-jornada-de-convivencia-de-musicos-cofrades-de-la-campina-sur-el-proximo-29-de-marzo\/\" \/>\n<meta property=\"og:site_name\" content=\"Torredonjimeno Actualidad\" \/>\n<meta property=\"article:published_time\" content=\"2025-03-12T15:06:51+00:00\" \/>\n<meta property=\"article:modified_time\" content=\"2025-03-12T15:06:52+00:00\" \/>\n<meta property=\"og:image\" content=\"https:\/\/torredonjimenoactualidad.com\/wp-content\/uploads\/2025\/03\/rescate.jpg\" \/>\n\t<meta property=\"og:image:width\" content=\"1541\" \/>\n\t<meta property=\"og:image:height\" content=\"880\" \/>\n\t<meta property=\"og:image:type\" content=\"image\/jpeg\" \/>\n<meta name=\"author\" content=\"Alba Mar\u00eda Torres\" \/>\n<meta name=\"twitter:card\" content=\"summary_large_image\" \/>\n<meta name=\"twitter:label1\" content=\"Escrito por\" \/>\n\t<meta name=\"twitter:data1\" content=\"Alba Mar\u00eda Torres\" \/>\n\t<meta name=\"twitter:label2\" content=\"Tiempo de lectura\" \/>\n\t<meta name=\"twitter:data2\" content=\"2 minutos\" \/>\n<script type=\"application\/ld+json\" class=\"yoast-schema-graph\">{\"@context\":\"https:\/\/schema.org\",\"@graph\":[{\"@type\":\"Article\",\"@id\":\"https:\/\/torredonjimenoactualidad.com\/index.php\/2025\/03\/12\/torredonjimeno-acoge-una-jornada-de-convivencia-de-musicos-cofrades-de-la-campina-sur-el-proximo-29-de-marzo\/#article\",\"isPartOf\":{\"@id\":\"https:\/\/torredonjimenoactualidad.com\/index.php\/2025\/03\/12\/torredonjimeno-acoge-una-jornada-de-convivencia-de-musicos-cofrades-de-la-campina-sur-el-proximo-29-de-marzo\/\"},\"author\":{\"name\":\"Alba Mar\u00eda Torres\",\"@id\":\"https:\/\/torredonjimenoactualidad.com\/#\/schema\/person\/84de5f233e783ef2c75151a532b54977\"},\"headline\":\"Torredonjimeno acoge una jornada de convivencia de m\u00fasicos cofrades de la Campi\u00f1a Sur el pr\u00f3ximo 29 de marzo\",\"datePublished\":\"2025-03-12T15:06:51+00:00\",\"dateModified\":\"2025-03-12T15:06:52+00:00\",\"mainEntityOfPage\":{\"@id\":\"https:\/\/torredonjimenoactualidad.com\/index.php\/2025\/03\/12\/torredonjimeno-acoge-una-jornada-de-convivencia-de-musicos-cofrades-de-la-campina-sur-el-proximo-29-de-marzo\/\"},\"wordCount\":334,\"publisher\":{\"@id\":\"https:\/\/torredonjimenoactualidad.com\/#organization\"},\"inLanguage\":\"es\"},{\"@type\":\"WebPage\",\"@id\":\"https:\/\/torredonjimenoactualidad.com\/index.php\/2025\/03\/12\/torredonjimeno-acoge-una-jornada-de-convivencia-de-musicos-cofrades-de-la-campina-sur-el-proximo-29-de-marzo\/\",\"url\":\"https:\/\/torredonjimenoactualidad.com\/index.php\/2025\/03\/12\/torredonjimeno-acoge-una-jornada-de-convivencia-de-musicos-cofrades-de-la-campina-sur-el-proximo-29-de-marzo\/\",\"name\":\"Torredonjimeno acoge una jornada de convivencia de m\u00fasicos cofrades de la Campi\u00f1a Sur el pr\u00f3ximo 29 de marzo - Torredonjimeno Actualidad\",\"isPartOf\":{\"@id\":\"https:\/\/torredonjimenoactualidad.com\/#website\"},\"datePublished\":\"2025-03-12T15:06:51+00:00\",\"dateModified\":\"2025-03-12T15:06:52+00:00\",\"breadcrumb\":{\"@id\":\"https:\/\/torredonjimenoactualidad.com\/index.php\/2025\/03\/12\/torredonjimeno-acoge-una-jornada-de-convivencia-de-musicos-cofrades-de-la-campina-sur-el-proximo-29-de-marzo\/#breadcrumb\"},\"inLanguage\":\"es\",\"potentialAction\":[{\"@type\":\"ReadAction\",\"target\":[\"https:\/\/torredonjimenoactualidad.com\/index.php\/2025\/03\/12\/torredonjimeno-acoge-una-jornada-de-convivencia-de-musicos-cofrades-de-la-campina-sur-el-proximo-29-de-marzo\/\"]}]},{\"@type\":\"BreadcrumbList\",\"@id\":\"https:\/\/torredonjimenoactualidad.com\/index.php\/2025\/03\/12\/torredonjimeno-acoge-una-jornada-de-convivencia-de-musicos-cofrades-de-la-campina-sur-el-proximo-29-de-marzo\/#breadcrumb\",\"itemListElement\":[{\"@type\":\"ListItem\",\"position\":1,\"name\":\"Portada\",\"item\":\"https:\/\/torredonjimenoactualidad.com\/\"},{\"@type\":\"ListItem\",\"position\":2,\"name\":\"Torredonjimeno acoge una jornada de convivencia de m\u00fasicos cofrades de la Campi\u00f1a Sur el pr\u00f3ximo 29 de marzo\"}]},{\"@type\":\"WebSite\",\"@id\":\"https:\/\/torredonjimenoactualidad.com\/#website\",\"url\":\"https:\/\/torredonjimenoactualidad.com\/\",\"name\":\"Torredonjimeno Actualidad\",\"description\":\"\",\"publisher\":{\"@id\":\"https:\/\/torredonjimenoactualidad.com\/#organization\"},\"potentialAction\":[{\"@type\":\"SearchAction\",\"target\":{\"@type\":\"EntryPoint\",\"urlTemplate\":\"https:\/\/torredonjimenoactualidad.com\/?s={search_term_string}\"},\"query-input\":\"required name=search_term_string\"}],\"inLanguage\":\"es\"},{\"@type\":\"Organization\",\"@id\":\"https:\/\/torredonjimenoactualidad.com\/#organization\",\"name\":\"Torredonjimeno Actualidad\",\"url\":\"https:\/\/torredonjimenoactualidad.com\/\",\"logo\":{\"@type\":\"ImageObject\",\"inLanguage\":\"es\",\"@id\":\"https:\/\/torredonjimenoactualidad.com\/#\/schema\/logo\/image\/\",\"url\":\"https:\/\/torredonjimenoactualidad.com\/wp-content\/uploads\/2023\/02\/logo-torredonjimeno-544x180-1.png\",\"contentUrl\":\"https:\/\/torredonjimenoactualidad.com\/wp-content\/uploads\/2023\/02\/logo-torredonjimeno-544x180-1.png\",\"width\":545,\"height\":112,\"caption\":\"Torredonjimeno Actualidad\"},\"image\":{\"@id\":\"https:\/\/torredonjimenoactualidad.com\/#\/schema\/logo\/image\/\"}},{\"@type\":\"Person\",\"@id\":\"https:\/\/torredonjimenoactualidad.com\/#\/schema\/person\/84de5f233e783ef2c75151a532b54977\",\"name\":\"Alba Mar\u00eda Torres\",\"image\":{\"@type\":\"ImageObject\",\"inLanguage\":\"es\",\"@id\":\"https:\/\/torredonjimenoactualidad.com\/#\/schema\/person\/image\/\",\"url\":\"https:\/\/secure.gravatar.com\/avatar\/f9371f188c71501b4475a9ba2a71595850ec72967f800a2ed8e3e2102859ed65?s=96&d=mm&r=g\",\"contentUrl\":\"https:\/\/secure.gravatar.com\/avatar\/f9371f188c71501b4475a9ba2a71595850ec72967f800a2ed8e3e2102859ed65?s=96&d=mm&r=g\",\"caption\":\"Alba Mar\u00eda Torres\"},\"url\":\"https:\/\/torredonjimenoactualidad.com\/index.php\/author\/alba-torres\/\"}]}<\/script>\n<!-- \/ Yoast SEO plugin. -->","yoast_head_json":{"title":"Torredonjimeno acoge una jornada de convivencia de m\u00fasicos cofrades de la Campi\u00f1a Sur el pr\u00f3ximo 29 de marzo - Torredonjimeno Actualidad","robots":{"index":"index","follow":"follow","max-snippet":"max-snippet:-1","max-image-preview":"max-image-preview:large","max-video-preview":"max-video-preview:-1"},"canonical":"https:\/\/torredonjimenoactualidad.com\/index.php\/2025\/03\/12\/torredonjimeno-acoge-una-jornada-de-convivencia-de-musicos-cofrades-de-la-campina-sur-el-proximo-29-de-marzo\/","og_locale":"es_ES","og_type":"article","og_title":"Torredonjimeno acoge una jornada de convivencia de m\u00fasicos cofrades de la Campi\u00f1a Sur el pr\u00f3ximo 29 de marzo - Torredonjimeno Actualidad","og_description":"El pr\u00f3ximo\u00a029 de marzo, Torredonjimeno ser\u00e1 el epicentro de la m\u00fasica cofrade en la Campi\u00f1a Sur con una\u00a0jornada de convivencia\u00a0organizada por la\u00a0Banda de Cornetas y Tambores El Rescate. El evento, de entrada libre, se celebrar\u00e1 en el espacio municipal de la\u00a0calle Fuente del M\u00e1rmol, frente al Polideportivo Municipal. Las puertas se abrir\u00e1n a las\u00a018:30 horas, &hellip; Torredonjimeno acoge una jornada de convivencia de m\u00fasicos cofrades de la Campi\u00f1a Sur el pr\u00f3ximo 29 de marzo Leer m\u00e1s &raquo;","og_url":"https:\/\/torredonjimenoactualidad.com\/index.php\/2025\/03\/12\/torredonjimeno-acoge-una-jornada-de-convivencia-de-musicos-cofrades-de-la-campina-sur-el-proximo-29-de-marzo\/","og_site_name":"Torredonjimeno Actualidad","article_published_time":"2025-03-12T15:06:51+00:00","article_modified_time":"2025-03-12T15:06:52+00:00","og_image":[{"width":1541,"height":880,"url":"https:\/\/torredonjimenoactualidad.com\/wp-content\/uploads\/2025\/03\/rescate.jpg","type":"image\/jpeg"}],"author":"Alba Mar\u00eda Torres","twitter_card":"summary_large_image","twitter_misc":{"Escrito por":"Alba Mar\u00eda Torres","Tiempo de lectura":"2 minutos"},"schema":{"@context":"https:\/\/schema.org","@graph":[{"@type":"Article","@id":"https:\/\/torredonjimenoactualidad.com\/index.php\/2025\/03\/12\/torredonjimeno-acoge-una-jornada-de-convivencia-de-musicos-cofrades-de-la-campina-sur-el-proximo-29-de-marzo\/#article","isPartOf":{"@id":"https:\/\/torredonjimenoactualidad.com\/index.php\/2025\/03\/12\/torredonjimeno-acoge-una-jornada-de-convivencia-de-musicos-cofrades-de-la-campina-sur-el-proximo-29-de-marzo\/"},"author":{"name":"Alba Mar\u00eda Torres","@id":"https:\/\/torredonjimenoactualidad.com\/#\/schema\/person\/84de5f233e783ef2c75151a532b54977"},"headline":"Torredonjimeno acoge una jornada de convivencia de m\u00fasicos cofrades de la Campi\u00f1a Sur el pr\u00f3ximo 29 de marzo","datePublished":"2025-03-12T15:06:51+00:00","dateModified":"2025-03-12T15:06:52+00:00","mainEntityOfPage":{"@id":"https:\/\/torredonjimenoactualidad.com\/index.php\/2025\/03\/12\/torredonjimeno-acoge-una-jornada-de-convivencia-de-musicos-cofrades-de-la-campina-sur-el-proximo-29-de-marzo\/"},"wordCount":334,"publisher":{"@id":"https:\/\/torredonjimenoactualidad.com\/#organization"},"inLanguage":"es"},{"@type":"WebPage","@id":"https:\/\/torredonjimenoactualidad.com\/index.php\/2025\/03\/12\/torredonjimeno-acoge-una-jornada-de-convivencia-de-musicos-cofrades-de-la-campina-sur-el-proximo-29-de-marzo\/","url":"https:\/\/torredonjimenoactualidad.com\/index.php\/2025\/03\/12\/torredonjimeno-acoge-una-jornada-de-convivencia-de-musicos-cofrades-de-la-campina-sur-el-proximo-29-de-marzo\/","name":"Torredonjimeno acoge una jornada de convivencia de m\u00fasicos cofrades de la Campi\u00f1a Sur el pr\u00f3ximo 29 de marzo - Torredonjimeno Actualidad","isPartOf":{"@id":"https:\/\/torredonjimenoactualidad.com\/#website"},"datePublished":"2025-03-12T15:06:51+00:00","dateModified":"2025-03-12T15:06:52+00:00","breadcrumb":{"@id":"https:\/\/torredonjimenoactualidad.com\/index.php\/2025\/03\/12\/torredonjimeno-acoge-una-jornada-de-convivencia-de-musicos-cofrades-de-la-campina-sur-el-proximo-29-de-marzo\/#breadcrumb"},"inLanguage":"es","potentialAction":[{"@type":"ReadAction","target":["https:\/\/torredonjimenoactualidad.com\/index.php\/2025\/03\/12\/torredonjimeno-acoge-una-jornada-de-convivencia-de-musicos-cofrades-de-la-campina-sur-el-proximo-29-de-marzo\/"]}]},{"@type":"BreadcrumbList","@id":"https:\/\/torredonjimenoactualidad.com\/index.php\/2025\/03\/12\/torredonjimeno-acoge-una-jornada-de-convivencia-de-musicos-cofrades-de-la-campina-sur-el-proximo-29-de-marzo\/#breadcrumb","itemListElement":[{"@type":"ListItem","position":1,"name":"Portada","item":"https:\/\/torredonjimenoactualidad.com\/"},{"@type":"ListItem","position":2,"name":"Torredonjimeno acoge una jornada de convivencia de m\u00fasicos cofrades de la Campi\u00f1a Sur el pr\u00f3ximo 29 de marzo"}]},{"@type":"WebSite","@id":"https:\/\/torredonjimenoactualidad.com\/#website","url":"https:\/\/torredonjimenoactualidad.com\/","name":"Torredonjimeno Actualidad","description":"","publisher":{"@id":"https:\/\/torredonjimenoactualidad.com\/#organization"},"potentialAction":[{"@type":"SearchAction","target":{"@type":"EntryPoint","urlTemplate":"https:\/\/torredonjimenoactualidad.com\/?s={search_term_string}"},"query-input":"required name=search_term_string"}],"inLanguage":"es"},{"@type":"Organization","@id":"https:\/\/torredonjimenoactualidad.com\/#organization","name":"Torredonjimeno Actualidad","url":"https:\/\/torredonjimenoactualidad.com\/","logo":{"@type":"ImageObject","inLanguage":"es","@id":"https:\/\/torredonjimenoactualidad.com\/#\/schema\/logo\/image\/","url":"https:\/\/torredonjimenoactualidad.com\/wp-content\/uploads\/2023\/02\/logo-torredonjimeno-544x180-1.png","contentUrl":"https:\/\/torredonjimenoactualidad.com\/wp-content\/uploads\/2023\/02\/logo-torredonjimeno-544x180-1.png","width":545,"height":112,"caption":"Torredonjimeno Actualidad"},"image":{"@id":"https:\/\/torredonjimenoactualidad.com\/#\/schema\/logo\/image\/"}},{"@type":"Person","@id":"https:\/\/torredonjimenoactualidad.com\/#\/schema\/person\/84de5f233e783ef2c75151a532b54977","name":"Alba Mar\u00eda Torres","image":{"@type":"ImageObject","inLanguage":"es","@id":"https:\/\/torredonjimenoactualidad.com\/#\/schema\/person\/image\/","url":"https:\/\/secure.gravatar.com\/avatar\/f9371f188c71501b4475a9ba2a71595850ec72967f800a2ed8e3e2102859ed65?s=96&d=mm&r=g","contentUrl":"https:\/\/secure.gravatar.com\/avatar\/f9371f188c71501b4475a9ba2a71595850ec72967f800a2ed8e3e2102859ed65?s=96&d=mm&r=g","caption":"Alba Mar\u00eda Torres"},"url":"https:\/\/torredonjimenoactualidad.com\/index.php\/author\/alba-torres\/"}]}},"_links":{"self":[{"href":"https:\/\/torredonjimenoactualidad.com\/index.php\/wp-json\/wp\/v2\/posts\/3230","targetHints":{"allow":["GET"]}}],"collection":[{"href":"https:\/\/torredonjimenoactualidad.com\/index.php\/wp-json\/wp\/v2\/posts"}],"about":[{"href":"https:\/\/torredonjimenoactualidad.com\/index.php\/wp-json\/wp\/v2\/types\/post"}],"author":[{"embeddable":true,"href":"https:\/\/torredonjimenoactualidad.com\/index.php\/wp-json\/wp\/v2\/users\/2"}],"replies":[{"embeddable":true,"href":"https:\/\/torredonjimenoactualidad.com\/index.php\/wp-json\/wp\/v2\/comments?post=3230"}],"version-history":[{"count":1,"href":"https:\/\/torredonjimenoactualidad.com\/index.php\/wp-json\/wp\/v2\/posts\/3230\/revisions"}],"predecessor-version":[{"id":3232,"href":"https:\/\/torredonjimenoactualidad.com\/index.php\/wp-json\/wp\/v2\/posts\/3230\/revisions\/3232"}],"wp:featuredmedia":[{"embeddable":true,"href":"https:\/\/torredonjimenoactualidad.com\/index.php\/wp-json\/wp\/v2\/media\/3231"}],"wp:attachment":[{"href":"https:\/\/torredonjimenoactualidad.com\/index.php\/wp-json\/wp\/v2\/media?parent=3230"}],"wp:term":[{"taxonomy":"category","embeddable":true,"href":"https:\/\/torredonjimenoactualidad.com\/index.php\/wp-json\/wp\/v2\/categories?post=3230"},{"taxonomy":"post_tag","embeddable":true,"href":"https:\/\/torredonjimenoactualidad.com\/index.php\/wp-json\/wp\/v2\/tags?post=3230"}],"curies":[{"name":"wp","href":"https:\/\/api.w.org\/{rel}","templated":true}]}}