{"id":3213,"date":"2025-03-05T15:59:26","date_gmt":"2025-03-05T15:59:26","guid":{"rendered":"https:\/\/torredonjimenoactualidad.com\/?p=3213"},"modified":"2025-03-05T16:09:00","modified_gmt":"2025-03-05T16:09:00","slug":"el-ies-santo-reino-celebra-manana-la-vii-marcha-carrera-por-las-mujeres-en-el-marco-del-dia-internacional-de-la-mujer","status":"publish","type":"post","link":"https:\/\/torredonjimenoactualidad.com\/index.php\/2025\/03\/05\/el-ies-santo-reino-celebra-manana-la-vii-marcha-carrera-por-las-mujeres-en-el-marco-del-dia-internacional-de-la-mujer\/","title":{"rendered":"El IES Santo Reino celebra ma\u00f1ana la VII Marcha\/Carrera por las Mujeres en el marco del D\u00eda Internacional de la Mujer"},"content":{"rendered":"\n<p>Este jueves 6 de marzo a las 12:00 horas, el IES Santo Reino acoger\u00e1 la VII Marcha\/Carrera por las Mujeres, un evento que se ha consolidado como una cita ineludible en estas fechas. La iniciativa tiene como objetivo fomentar la igualdad en el \u00e1mbito deportivo, la convivencia entre estudiantes y la solidaridad.<\/p>\n\n\n\n<p>La cita contar\u00e1 con la presencia de destacadas figuras del deporte jiennense, entre ellas Cynthia Ram\u00edrez, Andr\u00e9s Estepa, Javier L\u00f3pez, Isa Baus\u00e1n, Ana Visiedo y Marta Chicote. En especial, se reconocer\u00e1 la labor de Cynthia Ram\u00edrez, atleta profesional y docente, quien ha sido impulsora de este evento desde sus inicios.<\/p>\n\n\n\n<p>M\u00e1s de 700 escolares de distintos centros educativos participar\u00e1n en esta jornada, promoviendo valores esenciales como el trabajo en equipo y la inclusi\u00f3n. Como en ediciones anteriores, la marcha\/carrera tendr\u00e1 un car\u00e1cter ben\u00e9fico, destinando los fondos recaudados a las asociaciones AFIXA (Asociaci\u00f3n de Fibromialgia) y AFPAEN (Asociaci\u00f3n de Familiares y Personas con Alzh\u00e9imer y otras Enfermedades Neurol\u00f3gicas).<\/p>\n\n\n\n<p>El evento tambi\u00e9n destaca por su apuesta por la sostenibilidad. Este a\u00f1o, la camiseta oficial de la marcha est\u00e1 confeccionada con tejido reciclado certificado. Su dise\u00f1o ha sido realizado por el alumnado y profesorado del Ciclo de Artes Gr\u00e1ficas, siendo el dise\u00f1o ganador obra de la estudiante Aida Sanju\u00e1n M\u00ednguez de la Chica.<\/p>\n\n\n\n<p>La organizaci\u00f3n agradece el apoyo del Excmo. Ayuntamiento de Torredonjimeno, AMPA \u00abEl Parque\u00bb, as\u00ed como de la Polic\u00eda Local, Protecci\u00f3n Civil, Cruz Roja, el Club La Zancada y el Club Ciclista Tosiria, que velar\u00e1n por la seguridad de la actividad.<\/p>\n\n\n\n<p>La marcha tendr\u00e1 un recorrido de 3,5 km, combinando tramo urbano y v\u00eda verde, ofreciendo un entorno id\u00f3neo para la pr\u00e1ctica deportiva y la convivencia. La comunidad educativa y la ciudadan\u00eda est\u00e1n invitadas a sumarse a esta celebraci\u00f3n del deporte y la igualdad.<\/p>\n\n\n\n<p><\/p>\n","protected":false},"excerpt":{"rendered":"<p>Este jueves 6 de marzo a las 12:00 horas, el IES Santo Reino acoger\u00e1 la VII Marcha\/Carrera por las Mujeres, un evento que se ha consolidado como una cita ineludible en estas fechas. La iniciativa tiene como objetivo fomentar la igualdad en el \u00e1mbito deportivo, la convivencia entre estudiantes y la solidaridad. La cita contar\u00e1 &hellip;<\/p>\n<p class=\"read-more\"> <a class=\"\" href=\"https:\/\/torredonjimenoactualidad.com\/index.php\/2025\/03\/05\/el-ies-santo-reino-celebra-manana-la-vii-marcha-carrera-por-las-mujeres-en-el-marco-del-dia-internacional-de-la-mujer\/\"> <span class=\"screen-reader-text\">El IES Santo Reino celebra ma\u00f1ana la VII Marcha\/Carrera por las Mujeres en el marco del D\u00eda Internacional de la Mujer<\/span> Leer m\u00e1s &raquo;<\/a><\/p>\n","protected":false},"author":2,"featured_media":3214,"comment_status":"closed","ping_status":"open","sticky":false,"template":"","format":"standard","meta":{"site-sidebar-layout":"default","site-content-layout":"default","ast-global-header-display":"","ast-main-header-display":"","ast-hfb-above-header-display":"","ast-hfb-below-header-display":"","ast-hfb-mobile-header-display":"","site-post-title":"","ast-breadcrumbs-content":"","ast-featured-img":"","footer-sml-layout":"","theme-transparent-header-meta":"","adv-header-id-meta":"","stick-header-meta":"","header-above-stick-meta":"","header-main-stick-meta":"","header-below-stick-meta":"","footnotes":""},"categories":[1],"tags":[],"class_list":["post-3213","post","type-post","status-publish","format-standard","has-post-thumbnail","hentry","category-sin-categoria"],"yoast_head":"<!-- This site is optimized with the Yoast SEO plugin v20.8 - https:\/\/yoast.com\/wordpress\/plugins\/seo\/ -->\n<title>El IES Santo Reino celebra ma\u00f1ana la VII Marcha\/Carrera por las Mujeres en el marco del D\u00eda Internacional de la Mujer - Torredonjimeno Actualidad<\/title>\n<meta name=\"robots\" content=\"index, follow, max-snippet:-1, max-image-preview:large, max-video-preview:-1\" \/>\n<link rel=\"canonical\" href=\"https:\/\/torredonjimenoactualidad.com\/index.php\/2025\/03\/05\/el-ies-santo-reino-celebra-manana-la-vii-marcha-carrera-por-las-mujeres-en-el-marco-del-dia-internacional-de-la-mujer\/\" \/>\n<meta property=\"og:locale\" content=\"es_ES\" \/>\n<meta property=\"og:type\" content=\"article\" \/>\n<meta property=\"og:title\" content=\"El IES Santo Reino celebra ma\u00f1ana la VII Marcha\/Carrera por las Mujeres en el marco del D\u00eda Internacional de la Mujer - Torredonjimeno Actualidad\" \/>\n<meta property=\"og:description\" content=\"Este jueves 6 de marzo a las 12:00 horas, el IES Santo Reino acoger\u00e1 la VII Marcha\/Carrera por las Mujeres, un evento que se ha consolidado como una cita ineludible en estas fechas. La iniciativa tiene como objetivo fomentar la igualdad en el \u00e1mbito deportivo, la convivencia entre estudiantes y la solidaridad. La cita contar\u00e1 &hellip; El IES Santo Reino celebra ma\u00f1ana la VII Marcha\/Carrera por las Mujeres en el marco del D\u00eda Internacional de la Mujer Leer m\u00e1s &raquo;\" \/>\n<meta property=\"og:url\" content=\"https:\/\/torredonjimenoactualidad.com\/index.php\/2025\/03\/05\/el-ies-santo-reino-celebra-manana-la-vii-marcha-carrera-por-las-mujeres-en-el-marco-del-dia-internacional-de-la-mujer\/\" \/>\n<meta property=\"og:site_name\" content=\"Torredonjimeno Actualidad\" \/>\n<meta property=\"article:published_time\" content=\"2025-03-05T15:59:26+00:00\" \/>\n<meta property=\"article:modified_time\" content=\"2025-03-05T16:09:00+00:00\" \/>\n<meta property=\"og:image\" content=\"https:\/\/torredonjimenoactualidad.com\/wp-content\/uploads\/2025\/03\/IMG_7724-scaled.jpg\" \/>\n\t<meta property=\"og:image:width\" content=\"2560\" \/>\n\t<meta property=\"og:image:height\" content=\"1440\" \/>\n\t<meta property=\"og:image:type\" content=\"image\/jpeg\" \/>\n<meta name=\"author\" content=\"Alba Mar\u00eda Torres\" \/>\n<meta name=\"twitter:card\" content=\"summary_large_image\" \/>\n<meta name=\"twitter:label1\" content=\"Escrito por\" \/>\n\t<meta name=\"twitter:data1\" content=\"Alba Mar\u00eda Torres\" \/>\n\t<meta name=\"twitter:label2\" content=\"Tiempo de lectura\" \/>\n\t<meta name=\"twitter:data2\" content=\"2 minutos\" \/>\n<script type=\"application\/ld+json\" class=\"yoast-schema-graph\">{\"@context\":\"https:\/\/schema.org\",\"@graph\":[{\"@type\":\"Article\",\"@id\":\"https:\/\/torredonjimenoactualidad.com\/index.php\/2025\/03\/05\/el-ies-santo-reino-celebra-manana-la-vii-marcha-carrera-por-las-mujeres-en-el-marco-del-dia-internacional-de-la-mujer\/#article\",\"isPartOf\":{\"@id\":\"https:\/\/torredonjimenoactualidad.com\/index.php\/2025\/03\/05\/el-ies-santo-reino-celebra-manana-la-vii-marcha-carrera-por-las-mujeres-en-el-marco-del-dia-internacional-de-la-mujer\/\"},\"author\":{\"name\":\"Alba Mar\u00eda Torres\",\"@id\":\"https:\/\/torredonjimenoactualidad.com\/#\/schema\/person\/84de5f233e783ef2c75151a532b54977\"},\"headline\":\"El IES Santo Reino celebra ma\u00f1ana la VII Marcha\/Carrera por las Mujeres en el marco del D\u00eda Internacional de la Mujer\",\"datePublished\":\"2025-03-05T15:59:26+00:00\",\"dateModified\":\"2025-03-05T16:09:00+00:00\",\"mainEntityOfPage\":{\"@id\":\"https:\/\/torredonjimenoactualidad.com\/index.php\/2025\/03\/05\/el-ies-santo-reino-celebra-manana-la-vii-marcha-carrera-por-las-mujeres-en-el-marco-del-dia-internacional-de-la-mujer\/\"},\"wordCount\":348,\"publisher\":{\"@id\":\"https:\/\/torredonjimenoactualidad.com\/#organization\"},\"inLanguage\":\"es\"},{\"@type\":\"WebPage\",\"@id\":\"https:\/\/torredonjimenoactualidad.com\/index.php\/2025\/03\/05\/el-ies-santo-reino-celebra-manana-la-vii-marcha-carrera-por-las-mujeres-en-el-marco-del-dia-internacional-de-la-mujer\/\",\"url\":\"https:\/\/torredonjimenoactualidad.com\/index.php\/2025\/03\/05\/el-ies-santo-reino-celebra-manana-la-vii-marcha-carrera-por-las-mujeres-en-el-marco-del-dia-internacional-de-la-mujer\/\",\"name\":\"El IES Santo Reino celebra ma\u00f1ana la VII Marcha\/Carrera por las Mujeres en el marco del D\u00eda Internacional de la Mujer - Torredonjimeno Actualidad\",\"isPartOf\":{\"@id\":\"https:\/\/torredonjimenoactualidad.com\/#website\"},\"datePublished\":\"2025-03-05T15:59:26+00:00\",\"dateModified\":\"2025-03-05T16:09:00+00:00\",\"breadcrumb\":{\"@id\":\"https:\/\/torredonjimenoactualidad.com\/index.php\/2025\/03\/05\/el-ies-santo-reino-celebra-manana-la-vii-marcha-carrera-por-las-mujeres-en-el-marco-del-dia-internacional-de-la-mujer\/#breadcrumb\"},\"inLanguage\":\"es\",\"potentialAction\":[{\"@type\":\"ReadAction\",\"target\":[\"https:\/\/torredonjimenoactualidad.com\/index.php\/2025\/03\/05\/el-ies-santo-reino-celebra-manana-la-vii-marcha-carrera-por-las-mujeres-en-el-marco-del-dia-internacional-de-la-mujer\/\"]}]},{\"@type\":\"BreadcrumbList\",\"@id\":\"https:\/\/torredonjimenoactualidad.com\/index.php\/2025\/03\/05\/el-ies-santo-reino-celebra-manana-la-vii-marcha-carrera-por-las-mujeres-en-el-marco-del-dia-internacional-de-la-mujer\/#breadcrumb\",\"itemListElement\":[{\"@type\":\"ListItem\",\"position\":1,\"name\":\"Portada\",\"item\":\"https:\/\/torredonjimenoactualidad.com\/\"},{\"@type\":\"ListItem\",\"position\":2,\"name\":\"El IES Santo Reino celebra ma\u00f1ana la VII Marcha\/Carrera por las Mujeres en el marco del D\u00eda Internacional de la Mujer\"}]},{\"@type\":\"WebSite\",\"@id\":\"https:\/\/torredonjimenoactualidad.com\/#website\",\"url\":\"https:\/\/torredonjimenoactualidad.com\/\",\"name\":\"Torredonjimeno Actualidad\",\"description\":\"\",\"publisher\":{\"@id\":\"https:\/\/torredonjimenoactualidad.com\/#organization\"},\"potentialAction\":[{\"@type\":\"SearchAction\",\"target\":{\"@type\":\"EntryPoint\",\"urlTemplate\":\"https:\/\/torredonjimenoactualidad.com\/?s={search_term_string}\"},\"query-input\":\"required name=search_term_string\"}],\"inLanguage\":\"es\"},{\"@type\":\"Organization\",\"@id\":\"https:\/\/torredonjimenoactualidad.com\/#organization\",\"name\":\"Torredonjimeno Actualidad\",\"url\":\"https:\/\/torredonjimenoactualidad.com\/\",\"logo\":{\"@type\":\"ImageObject\",\"inLanguage\":\"es\",\"@id\":\"https:\/\/torredonjimenoactualidad.com\/#\/schema\/logo\/image\/\",\"url\":\"https:\/\/torredonjimenoactualidad.com\/wp-content\/uploads\/2023\/02\/logo-torredonjimeno-544x180-1.png\",\"contentUrl\":\"https:\/\/torredonjimenoactualidad.com\/wp-content\/uploads\/2023\/02\/logo-torredonjimeno-544x180-1.png\",\"width\":545,\"height\":112,\"caption\":\"Torredonjimeno Actualidad\"},\"image\":{\"@id\":\"https:\/\/torredonjimenoactualidad.com\/#\/schema\/logo\/image\/\"}},{\"@type\":\"Person\",\"@id\":\"https:\/\/torredonjimenoactualidad.com\/#\/schema\/person\/84de5f233e783ef2c75151a532b54977\",\"name\":\"Alba Mar\u00eda Torres\",\"image\":{\"@type\":\"ImageObject\",\"inLanguage\":\"es\",\"@id\":\"https:\/\/torredonjimenoactualidad.com\/#\/schema\/person\/image\/\",\"url\":\"https:\/\/secure.gravatar.com\/avatar\/f9371f188c71501b4475a9ba2a71595850ec72967f800a2ed8e3e2102859ed65?s=96&d=mm&r=g\",\"contentUrl\":\"https:\/\/secure.gravatar.com\/avatar\/f9371f188c71501b4475a9ba2a71595850ec72967f800a2ed8e3e2102859ed65?s=96&d=mm&r=g\",\"caption\":\"Alba Mar\u00eda Torres\"},\"url\":\"https:\/\/torredonjimenoactualidad.com\/index.php\/author\/alba-torres\/\"}]}<\/script>\n<!-- \/ Yoast SEO plugin. -->","yoast_head_json":{"title":"El IES Santo Reino celebra ma\u00f1ana la VII Marcha\/Carrera por las Mujeres en el marco del D\u00eda Internacional de la Mujer - Torredonjimeno Actualidad","robots":{"index":"index","follow":"follow","max-snippet":"max-snippet:-1","max-image-preview":"max-image-preview:large","max-video-preview":"max-video-preview:-1"},"canonical":"https:\/\/torredonjimenoactualidad.com\/index.php\/2025\/03\/05\/el-ies-santo-reino-celebra-manana-la-vii-marcha-carrera-por-las-mujeres-en-el-marco-del-dia-internacional-de-la-mujer\/","og_locale":"es_ES","og_type":"article","og_title":"El IES Santo Reino celebra ma\u00f1ana la VII Marcha\/Carrera por las Mujeres en el marco del D\u00eda Internacional de la Mujer - Torredonjimeno Actualidad","og_description":"Este jueves 6 de marzo a las 12:00 horas, el IES Santo Reino acoger\u00e1 la VII Marcha\/Carrera por las Mujeres, un evento que se ha consolidado como una cita ineludible en estas fechas. La iniciativa tiene como objetivo fomentar la igualdad en el \u00e1mbito deportivo, la convivencia entre estudiantes y la solidaridad. La cita contar\u00e1 &hellip; El IES Santo Reino celebra ma\u00f1ana la VII Marcha\/Carrera por las Mujeres en el marco del D\u00eda Internacional de la Mujer Leer m\u00e1s &raquo;","og_url":"https:\/\/torredonjimenoactualidad.com\/index.php\/2025\/03\/05\/el-ies-santo-reino-celebra-manana-la-vii-marcha-carrera-por-las-mujeres-en-el-marco-del-dia-internacional-de-la-mujer\/","og_site_name":"Torredonjimeno Actualidad","article_published_time":"2025-03-05T15:59:26+00:00","article_modified_time":"2025-03-05T16:09:00+00:00","og_image":[{"width":2560,"height":1440,"url":"https:\/\/torredonjimenoactualidad.com\/wp-content\/uploads\/2025\/03\/IMG_7724-scaled.jpg","type":"image\/jpeg"}],"author":"Alba Mar\u00eda Torres","twitter_card":"summary_large_image","twitter_misc":{"Escrito por":"Alba Mar\u00eda Torres","Tiempo de lectura":"2 minutos"},"schema":{"@context":"https:\/\/schema.org","@graph":[{"@type":"Article","@id":"https:\/\/torredonjimenoactualidad.com\/index.php\/2025\/03\/05\/el-ies-santo-reino-celebra-manana-la-vii-marcha-carrera-por-las-mujeres-en-el-marco-del-dia-internacional-de-la-mujer\/#article","isPartOf":{"@id":"https:\/\/torredonjimenoactualidad.com\/index.php\/2025\/03\/05\/el-ies-santo-reino-celebra-manana-la-vii-marcha-carrera-por-las-mujeres-en-el-marco-del-dia-internacional-de-la-mujer\/"},"author":{"name":"Alba Mar\u00eda Torres","@id":"https:\/\/torredonjimenoactualidad.com\/#\/schema\/person\/84de5f233e783ef2c75151a532b54977"},"headline":"El IES Santo Reino celebra ma\u00f1ana la VII Marcha\/Carrera por las Mujeres en el marco del D\u00eda Internacional de la Mujer","datePublished":"2025-03-05T15:59:26+00:00","dateModified":"2025-03-05T16:09:00+00:00","mainEntityOfPage":{"@id":"https:\/\/torredonjimenoactualidad.com\/index.php\/2025\/03\/05\/el-ies-santo-reino-celebra-manana-la-vii-marcha-carrera-por-las-mujeres-en-el-marco-del-dia-internacional-de-la-mujer\/"},"wordCount":348,"publisher":{"@id":"https:\/\/torredonjimenoactualidad.com\/#organization"},"inLanguage":"es"},{"@type":"WebPage","@id":"https:\/\/torredonjimenoactualidad.com\/index.php\/2025\/03\/05\/el-ies-santo-reino-celebra-manana-la-vii-marcha-carrera-por-las-mujeres-en-el-marco-del-dia-internacional-de-la-mujer\/","url":"https:\/\/torredonjimenoactualidad.com\/index.php\/2025\/03\/05\/el-ies-santo-reino-celebra-manana-la-vii-marcha-carrera-por-las-mujeres-en-el-marco-del-dia-internacional-de-la-mujer\/","name":"El IES Santo Reino celebra ma\u00f1ana la VII Marcha\/Carrera por las Mujeres en el marco del D\u00eda Internacional de la Mujer - Torredonjimeno Actualidad","isPartOf":{"@id":"https:\/\/torredonjimenoactualidad.com\/#website"},"datePublished":"2025-03-05T15:59:26+00:00","dateModified":"2025-03-05T16:09:00+00:00","breadcrumb":{"@id":"https:\/\/torredonjimenoactualidad.com\/index.php\/2025\/03\/05\/el-ies-santo-reino-celebra-manana-la-vii-marcha-carrera-por-las-mujeres-en-el-marco-del-dia-internacional-de-la-mujer\/#breadcrumb"},"inLanguage":"es","potentialAction":[{"@type":"ReadAction","target":["https:\/\/torredonjimenoactualidad.com\/index.php\/2025\/03\/05\/el-ies-santo-reino-celebra-manana-la-vii-marcha-carrera-por-las-mujeres-en-el-marco-del-dia-internacional-de-la-mujer\/"]}]},{"@type":"BreadcrumbList","@id":"https:\/\/torredonjimenoactualidad.com\/index.php\/2025\/03\/05\/el-ies-santo-reino-celebra-manana-la-vii-marcha-carrera-por-las-mujeres-en-el-marco-del-dia-internacional-de-la-mujer\/#breadcrumb","itemListElement":[{"@type":"ListItem","position":1,"name":"Portada","item":"https:\/\/torredonjimenoactualidad.com\/"},{"@type":"ListItem","position":2,"name":"El IES Santo Reino celebra ma\u00f1ana la VII Marcha\/Carrera por las Mujeres en el marco del D\u00eda Internacional de la Mujer"}]},{"@type":"WebSite","@id":"https:\/\/torredonjimenoactualidad.com\/#website","url":"https:\/\/torredonjimenoactualidad.com\/","name":"Torredonjimeno Actualidad","description":"","publisher":{"@id":"https:\/\/torredonjimenoactualidad.com\/#organization"},"potentialAction":[{"@type":"SearchAction","target":{"@type":"EntryPoint","urlTemplate":"https:\/\/torredonjimenoactualidad.com\/?s={search_term_string}"},"query-input":"required name=search_term_string"}],"inLanguage":"es"},{"@type":"Organization","@id":"https:\/\/torredonjimenoactualidad.com\/#organization","name":"Torredonjimeno Actualidad","url":"https:\/\/torredonjimenoactualidad.com\/","logo":{"@type":"ImageObject","inLanguage":"es","@id":"https:\/\/torredonjimenoactualidad.com\/#\/schema\/logo\/image\/","url":"https:\/\/torredonjimenoactualidad.com\/wp-content\/uploads\/2023\/02\/logo-torredonjimeno-544x180-1.png","contentUrl":"https:\/\/torredonjimenoactualidad.com\/wp-content\/uploads\/2023\/02\/logo-torredonjimeno-544x180-1.png","width":545,"height":112,"caption":"Torredonjimeno Actualidad"},"image":{"@id":"https:\/\/torredonjimenoactualidad.com\/#\/schema\/logo\/image\/"}},{"@type":"Person","@id":"https:\/\/torredonjimenoactualidad.com\/#\/schema\/person\/84de5f233e783ef2c75151a532b54977","name":"Alba Mar\u00eda Torres","image":{"@type":"ImageObject","inLanguage":"es","@id":"https:\/\/torredonjimenoactualidad.com\/#\/schema\/person\/image\/","url":"https:\/\/secure.gravatar.com\/avatar\/f9371f188c71501b4475a9ba2a71595850ec72967f800a2ed8e3e2102859ed65?s=96&d=mm&r=g","contentUrl":"https:\/\/secure.gravatar.com\/avatar\/f9371f188c71501b4475a9ba2a71595850ec72967f800a2ed8e3e2102859ed65?s=96&d=mm&r=g","caption":"Alba Mar\u00eda Torres"},"url":"https:\/\/torredonjimenoactualidad.com\/index.php\/author\/alba-torres\/"}]}},"_links":{"self":[{"href":"https:\/\/torredonjimenoactualidad.com\/index.php\/wp-json\/wp\/v2\/posts\/3213","targetHints":{"allow":["GET"]}}],"collection":[{"href":"https:\/\/torredonjimenoactualidad.com\/index.php\/wp-json\/wp\/v2\/posts"}],"about":[{"href":"https:\/\/torredonjimenoactualidad.com\/index.php\/wp-json\/wp\/v2\/types\/post"}],"author":[{"embeddable":true,"href":"https:\/\/torredonjimenoactualidad.com\/index.php\/wp-json\/wp\/v2\/users\/2"}],"replies":[{"embeddable":true,"href":"https:\/\/torredonjimenoactualidad.com\/index.php\/wp-json\/wp\/v2\/comments?post=3213"}],"version-history":[{"count":2,"href":"https:\/\/torredonjimenoactualidad.com\/index.php\/wp-json\/wp\/v2\/posts\/3213\/revisions"}],"predecessor-version":[{"id":3216,"href":"https:\/\/torredonjimenoactualidad.com\/index.php\/wp-json\/wp\/v2\/posts\/3213\/revisions\/3216"}],"wp:featuredmedia":[{"embeddable":true,"href":"https:\/\/torredonjimenoactualidad.com\/index.php\/wp-json\/wp\/v2\/media\/3214"}],"wp:attachment":[{"href":"https:\/\/torredonjimenoactualidad.com\/index.php\/wp-json\/wp\/v2\/media?parent=3213"}],"wp:term":[{"taxonomy":"category","embeddable":true,"href":"https:\/\/torredonjimenoactualidad.com\/index.php\/wp-json\/wp\/v2\/categories?post=3213"},{"taxonomy":"post_tag","embeddable":true,"href":"https:\/\/torredonjimenoactualidad.com\/index.php\/wp-json\/wp\/v2\/tags?post=3213"}],"curies":[{"name":"wp","href":"https:\/\/api.w.org\/{rel}","templated":true}]}}