{"id":3192,"date":"2025-03-03T14:43:23","date_gmt":"2025-03-03T14:43:23","guid":{"rendered":"https:\/\/torredonjimenoactualidad.com\/?p=3192"},"modified":"2025-03-03T14:48:47","modified_gmt":"2025-03-03T14:48:47","slug":"el-parque-cientifico-tecnologico-geolit-conmemorara-su-25o-aniversario-con-una-treintena-de-actividades","status":"publish","type":"post","link":"https:\/\/torredonjimenoactualidad.com\/index.php\/2025\/03\/03\/el-parque-cientifico-tecnologico-geolit-conmemorara-su-25o-aniversario-con-una-treintena-de-actividades\/","title":{"rendered":"El Parque Cient\u00edfico Tecnol\u00f3gico Geolit conmemorar\u00e1 su 25\u00ba aniversario con una treintena de actividades"},"content":{"rendered":"\n<p>El Parque Cient\u00edfico Tecnol\u00f3gico Geolit cumple 25 a\u00f1os y para conmemorar este aniversario ha programado una treintena de actividades que ponen el foco en la trayectoria y evoluci\u00f3n de este \u00abespacio de innovaci\u00f3n y emprendimiento\u00bb situado en Meng\u00edbar, donde se ubican m\u00e1s de 70 empresas y en el que trabajan m\u00e1s de 1.300 personas.<\/p>\n\n\n\n<p>El presidente de la Diputaci\u00f3n, Francisco Reyes, ha presentado este lunes, junto al alcalde del citado municipio, Juan Bravo, esta programaci\u00f3n en un acto al que han asistido responsables de distintas empresas del parque.<\/p>\n\n\n\n<p>\u00abGeolit es un espacio de innovaci\u00f3n, de desarrollo y de emprendimiento, en el que desde la Diputaci\u00f3n de Ja\u00e9n venimos apostando porque estamos convencidos de su potencial, de su capacidad de crecimiento y de que es un espacio fundamental para impulsar el desarrollo de nuestra provincia\u00bb, ha dicho Reyes, que ha estado acompa\u00f1ado por la diputada de Fondos Europeos y Geolit, Lourdes Mart\u00ednez, y el de Empleo y Empresa, Luis Miguel Carmona.<\/p>\n\n\n\n<p>Con respecto al programa de este 25 aniversario, ha resaltado que \u00abser\u00e1n protagonistas las empresas del parque, los empresarios y las empresarias\u00bb, con \u00abuna programaci\u00f3n para visibilizar Geolit como uno de los parques tecnol\u00f3gicos m\u00e1s importantes de Andaluc\u00eda y que se est\u00e1 haciendo un hueco en Espa\u00f1a\u00bb.<\/p>\n\n\n\n<p>El presidente de la Diputaci\u00f3n de Ja\u00e9n ha recordado que esta administraci\u00f3n asumi\u00f3 en diciembre de 2018 la gesti\u00f3n dinamizadora del parque \u00abfomentando la instalaci\u00f3n de nuevas empresas y entidades y apostando por su crecimiento\u00bb.<\/p>\n\n\n\n<p>\u00abPrueba de ello ha sido la puesta en marcha de la Incubadora de Alta Tecnolog\u00eda Matriz, en la que ya se incuban proyectos de una veintena de empresas, o la adquisici\u00f3n a la Junta de Andaluc\u00eda de los dos edificios que conforman el Centro Tecnol\u00f3gico de Servicios Avanzados\u00bb, ha comentado.<\/p>\n\n\n\n<p>Adem\u00e1s, Reyes ha afirmado que, \u00aba pesar de las dificultades, Geolit es un proyecto de \u00e9xito que todav\u00eda tiene mucho que dar y ofrecer a esta provincia\u00bb. Al hilo, ha considerado que el Centro Tecnol\u00f3gico de Desarrollo y Experimentaci\u00f3n (Cetedex) que el Ministerio de Defensa promueve en Ja\u00e9n \u00abva a suponer un revulsivo para este parque cient\u00edfico tecnol\u00f3gico\u00bb.<\/p>\n\n\n\n<p>De hecho, seg\u00fan ha a\u00f1adido, \u00abya se est\u00e1n desarrollando proyectos en Geolit vinculados\u00bb a esta iniciativa. \u00abGeolit cuenta con el espacio y las instalaciones necesarias para que empresas vinculadas a la industria, a la innovaci\u00f3n y a la tecnolog\u00eda de la defensa se instalen en el parque bajo el paraguas del Cetedex\u00bb, ha asegurado.<\/p>\n\n\n\n<h2 class=\"wp-block-heading\">EVENTOS DESTACADOS<\/h2>\n\n\n\n<p>Finalmente, Reyes ha desgranado el programa para conmemorar el primer cuarto de siglo de Geolit y ha aludido a tres grandes eventos: la gala conmemorativa del 25 aniversario, prevista el 8 de mayo; la Asamblea Nacional de la Asociaci\u00f3n de Parques Cient\u00edficos Tecnol\u00f3gicos de Espa\u00f1a, los d\u00edas 17 y 18 de junio; y el Encuentro de la Red de Incubadoras de Alta Tecnolog\u00eda, programado para los d\u00edas 25 y 26 de septiembre.<\/p>\n\n\n\n<p>Adem\u00e1s, se ha referido a las distintas jornadas de car\u00e1cter empresarial, como los Encuentros en Geolit, Geolit Expotech o Geolit EcoAction. \u00abEn este apartado se enmarca tambi\u00e9n October Tech, en el que se mostrar\u00e1n los proyectos tecnol\u00f3gicos que se desarrollan en el parque, el II Foro sobre Tendencias de Mercado y Oportunidades de Negocio, o el II Encuentro de CEOs y Directivos de Geolit\u00bb, ha se\u00f1alado.<\/p>\n\n\n\n<p>Tambi\u00e9n se han incluido actos de reconocimiento \u00abcon los que se pretende visibilizar el talento, liderazgo y contribuci\u00f3n de las mujeres que forman parte de Geolit, o destacar el potencial y las capacidades de las personas con discapacidad en el \u00e1mbito laboral y social\u00bb. Actos que tendr\u00e1n lugar con motivo del D\u00eda Internacional de las Mujeres y del D\u00eda de las Personas con Discapacidad, respectivamente.<\/p>\n\n\n\n<h2 class=\"wp-block-heading\">VISITAS, CONCURSOS Y EXPOSICI\u00d3N<\/h2>\n\n\n\n<p>De otro lado, para acercar este parque cient\u00edfico tecnol\u00f3gico a la sociedad jiennense se han previsto visitas de institutos, centros de formaci\u00f3n profesional y de universitarios. Adem\u00e1s, se han dise\u00f1ado propuestas de car\u00e1cter cultural y l\u00fadico, como el concurso de cortos &#8216;Vida en Geolit&#8217;, el concurso &#8216;Los retos de la innovaci\u00f3n&#8217; o el concurso infantil &#8216;\u00bfQu\u00e9 es para ti Geolit?&#8217;.<\/p>\n\n\n\n<p>En este \u00e1mbito, se enmarca, asimismo, una exposici\u00f3n retrospectiva de los 25 a\u00f1os de Geolit que se podr\u00e1 visitar durante el mes de mayo en la Diputaci\u00f3n jiennense y, posteriormente, en el propio parque.<\/p>\n\n\n\n<p>En el marco de esta programaci\u00f3n y vinculado al Cetedex, se va a realizar una misi\u00f3n comercial al Parque Tecnol\u00f3gico de Asturias enmarcada en el convenio de colaboraci\u00f3n para el fortalecimiento del Corredor Industrial Ruta de la Plata suscrito en 2024 por el parque asturiano, Geolit y las C\u00e1maras de Comercio de Oviedo y de Linares.<\/p>\n\n\n\n<p>Por \u00faltimo, este programa de actividades se complementa con una campa\u00f1a promocional bajo el eslogan &#8216;Somos Geolit&#8217;, tanto en medios de comunicaci\u00f3n, como en diferentes soportes de redes sociales. Con ella, se pretende visibilizar a este parque como un espacio de generaci\u00f3n de conocimiento, riqueza y empleo.<\/p>\n","protected":false},"excerpt":{"rendered":"<p>El Parque Cient\u00edfico Tecnol\u00f3gico Geolit cumple 25 a\u00f1os y para conmemorar este aniversario ha programado una treintena de actividades que ponen el foco en la trayectoria y evoluci\u00f3n de este \u00abespacio de innovaci\u00f3n y emprendimiento\u00bb situado en Meng\u00edbar, donde se ubican m\u00e1s de 70 empresas y en el que trabajan m\u00e1s de 1.300 personas. El &hellip;<\/p>\n<p class=\"read-more\"> <a class=\"\" href=\"https:\/\/torredonjimenoactualidad.com\/index.php\/2025\/03\/03\/el-parque-cientifico-tecnologico-geolit-conmemorara-su-25o-aniversario-con-una-treintena-de-actividades\/\"> <span class=\"screen-reader-text\">El Parque Cient\u00edfico Tecnol\u00f3gico Geolit conmemorar\u00e1 su 25\u00ba aniversario con una treintena de actividades<\/span> Leer m\u00e1s &raquo;<\/a><\/p>\n","protected":false},"author":3,"featured_media":3193,"comment_status":"closed","ping_status":"open","sticky":false,"template":"","format":"standard","meta":{"site-sidebar-layout":"default","site-content-layout":"default","ast-global-header-display":"","ast-main-header-display":"","ast-hfb-above-header-display":"","ast-hfb-below-header-display":"","ast-hfb-mobile-header-display":"","site-post-title":"","ast-breadcrumbs-content":"","ast-featured-img":"","footer-sml-layout":"","theme-transparent-header-meta":"","adv-header-id-meta":"","stick-header-meta":"","header-above-stick-meta":"","header-main-stick-meta":"","header-below-stick-meta":"","footnotes":""},"categories":[8],"tags":[],"class_list":["post-3192","post","type-post","status-publish","format-standard","has-post-thumbnail","hentry","category-provincia"],"yoast_head":"<!-- This site is optimized with the Yoast SEO plugin v20.8 - https:\/\/yoast.com\/wordpress\/plugins\/seo\/ -->\n<title>El Parque Cient\u00edfico Tecnol\u00f3gico Geolit conmemorar\u00e1 su 25\u00ba aniversario con una treintena de actividades - Torredonjimeno Actualidad<\/title>\n<meta name=\"robots\" content=\"index, follow, max-snippet:-1, max-image-preview:large, max-video-preview:-1\" \/>\n<link rel=\"canonical\" href=\"https:\/\/torredonjimenoactualidad.com\/index.php\/2025\/03\/03\/el-parque-cientifico-tecnologico-geolit-conmemorara-su-25o-aniversario-con-una-treintena-de-actividades\/\" \/>\n<meta property=\"og:locale\" content=\"es_ES\" \/>\n<meta property=\"og:type\" content=\"article\" \/>\n<meta property=\"og:title\" content=\"El Parque Cient\u00edfico Tecnol\u00f3gico Geolit conmemorar\u00e1 su 25\u00ba aniversario con una treintena de actividades - Torredonjimeno Actualidad\" \/>\n<meta property=\"og:description\" content=\"El Parque Cient\u00edfico Tecnol\u00f3gico Geolit cumple 25 a\u00f1os y para conmemorar este aniversario ha programado una treintena de actividades que ponen el foco en la trayectoria y evoluci\u00f3n de este \u00abespacio de innovaci\u00f3n y emprendimiento\u00bb situado en Meng\u00edbar, donde se ubican m\u00e1s de 70 empresas y en el que trabajan m\u00e1s de 1.300 personas. El &hellip; El Parque Cient\u00edfico Tecnol\u00f3gico Geolit conmemorar\u00e1 su 25\u00ba aniversario con una treintena de actividades Leer m\u00e1s &raquo;\" \/>\n<meta property=\"og:url\" content=\"https:\/\/torredonjimenoactualidad.com\/index.php\/2025\/03\/03\/el-parque-cientifico-tecnologico-geolit-conmemorara-su-25o-aniversario-con-una-treintena-de-actividades\/\" \/>\n<meta property=\"og:site_name\" content=\"Torredonjimeno Actualidad\" \/>\n<meta property=\"article:published_time\" content=\"2025-03-03T14:43:23+00:00\" \/>\n<meta property=\"article:modified_time\" content=\"2025-03-03T14:48:47+00:00\" \/>\n<meta property=\"og:image\" content=\"https:\/\/torredonjimenoactualidad.com\/wp-content\/uploads\/2025\/03\/fotonoticia_20250303141410_1920.jpg\" \/>\n\t<meta property=\"og:image:width\" content=\"1920\" \/>\n\t<meta property=\"og:image:height\" content=\"1098\" \/>\n\t<meta property=\"og:image:type\" content=\"image\/jpeg\" \/>\n<meta name=\"author\" content=\"Redaccion\" \/>\n<meta name=\"twitter:card\" content=\"summary_large_image\" \/>\n<meta name=\"twitter:label1\" content=\"Escrito por\" \/>\n\t<meta name=\"twitter:data1\" content=\"Redaccion\" \/>\n<script type=\"application\/ld+json\" class=\"yoast-schema-graph\">{\"@context\":\"https:\/\/schema.org\",\"@graph\":[{\"@type\":\"Article\",\"@id\":\"https:\/\/torredonjimenoactualidad.com\/index.php\/2025\/03\/03\/el-parque-cientifico-tecnologico-geolit-conmemorara-su-25o-aniversario-con-una-treintena-de-actividades\/#article\",\"isPartOf\":{\"@id\":\"https:\/\/torredonjimenoactualidad.com\/index.php\/2025\/03\/03\/el-parque-cientifico-tecnologico-geolit-conmemorara-su-25o-aniversario-con-una-treintena-de-actividades\/\"},\"author\":{\"name\":\"Redaccion\",\"@id\":\"https:\/\/torredonjimenoactualidad.com\/#\/schema\/person\/11f05803cdf40dbeb7f4fbf2365c9ac5\"},\"headline\":\"El Parque Cient\u00edfico Tecnol\u00f3gico Geolit conmemorar\u00e1 su 25\u00ba aniversario con una treintena de actividades\",\"datePublished\":\"2025-03-03T14:43:23+00:00\",\"dateModified\":\"2025-03-03T14:48:47+00:00\",\"mainEntityOfPage\":{\"@id\":\"https:\/\/torredonjimenoactualidad.com\/index.php\/2025\/03\/03\/el-parque-cientifico-tecnologico-geolit-conmemorara-su-25o-aniversario-con-una-treintena-de-actividades\/\"},\"wordCount\":892,\"publisher\":{\"@id\":\"https:\/\/torredonjimenoactualidad.com\/#organization\"},\"articleSection\":[\"provincia\"],\"inLanguage\":\"es\"},{\"@type\":\"WebPage\",\"@id\":\"https:\/\/torredonjimenoactualidad.com\/index.php\/2025\/03\/03\/el-parque-cientifico-tecnologico-geolit-conmemorara-su-25o-aniversario-con-una-treintena-de-actividades\/\",\"url\":\"https:\/\/torredonjimenoactualidad.com\/index.php\/2025\/03\/03\/el-parque-cientifico-tecnologico-geolit-conmemorara-su-25o-aniversario-con-una-treintena-de-actividades\/\",\"name\":\"El Parque Cient\u00edfico Tecnol\u00f3gico Geolit conmemorar\u00e1 su 25\u00ba aniversario con una treintena de actividades - Torredonjimeno Actualidad\",\"isPartOf\":{\"@id\":\"https:\/\/torredonjimenoactualidad.com\/#website\"},\"datePublished\":\"2025-03-03T14:43:23+00:00\",\"dateModified\":\"2025-03-03T14:48:47+00:00\",\"breadcrumb\":{\"@id\":\"https:\/\/torredonjimenoactualidad.com\/index.php\/2025\/03\/03\/el-parque-cientifico-tecnologico-geolit-conmemorara-su-25o-aniversario-con-una-treintena-de-actividades\/#breadcrumb\"},\"inLanguage\":\"es\",\"potentialAction\":[{\"@type\":\"ReadAction\",\"target\":[\"https:\/\/torredonjimenoactualidad.com\/index.php\/2025\/03\/03\/el-parque-cientifico-tecnologico-geolit-conmemorara-su-25o-aniversario-con-una-treintena-de-actividades\/\"]}]},{\"@type\":\"BreadcrumbList\",\"@id\":\"https:\/\/torredonjimenoactualidad.com\/index.php\/2025\/03\/03\/el-parque-cientifico-tecnologico-geolit-conmemorara-su-25o-aniversario-con-una-treintena-de-actividades\/#breadcrumb\",\"itemListElement\":[{\"@type\":\"ListItem\",\"position\":1,\"name\":\"Portada\",\"item\":\"https:\/\/torredonjimenoactualidad.com\/\"},{\"@type\":\"ListItem\",\"position\":2,\"name\":\"El Parque Cient\u00edfico Tecnol\u00f3gico Geolit conmemorar\u00e1 su 25\u00ba aniversario con una treintena de actividades\"}]},{\"@type\":\"WebSite\",\"@id\":\"https:\/\/torredonjimenoactualidad.com\/#website\",\"url\":\"https:\/\/torredonjimenoactualidad.com\/\",\"name\":\"Torredonjimeno Actualidad\",\"description\":\"\",\"publisher\":{\"@id\":\"https:\/\/torredonjimenoactualidad.com\/#organization\"},\"potentialAction\":[{\"@type\":\"SearchAction\",\"target\":{\"@type\":\"EntryPoint\",\"urlTemplate\":\"https:\/\/torredonjimenoactualidad.com\/?s={search_term_string}\"},\"query-input\":\"required name=search_term_string\"}],\"inLanguage\":\"es\"},{\"@type\":\"Organization\",\"@id\":\"https:\/\/torredonjimenoactualidad.com\/#organization\",\"name\":\"Torredonjimeno Actualidad\",\"url\":\"https:\/\/torredonjimenoactualidad.com\/\",\"logo\":{\"@type\":\"ImageObject\",\"inLanguage\":\"es\",\"@id\":\"https:\/\/torredonjimenoactualidad.com\/#\/schema\/logo\/image\/\",\"url\":\"https:\/\/torredonjimenoactualidad.com\/wp-content\/uploads\/2023\/02\/logo-torredonjimeno-544x180-1.png\",\"contentUrl\":\"https:\/\/torredonjimenoactualidad.com\/wp-content\/uploads\/2023\/02\/logo-torredonjimeno-544x180-1.png\",\"width\":545,\"height\":112,\"caption\":\"Torredonjimeno Actualidad\"},\"image\":{\"@id\":\"https:\/\/torredonjimenoactualidad.com\/#\/schema\/logo\/image\/\"}},{\"@type\":\"Person\",\"@id\":\"https:\/\/torredonjimenoactualidad.com\/#\/schema\/person\/11f05803cdf40dbeb7f4fbf2365c9ac5\",\"name\":\"Redaccion\",\"image\":{\"@type\":\"ImageObject\",\"inLanguage\":\"es\",\"@id\":\"https:\/\/torredonjimenoactualidad.com\/#\/schema\/person\/image\/\",\"url\":\"https:\/\/secure.gravatar.com\/avatar\/5917bab7eff43e17746fd29b509939469470810b6b989b7cc2f89e3188399bf3?s=96&d=mm&r=g\",\"contentUrl\":\"https:\/\/secure.gravatar.com\/avatar\/5917bab7eff43e17746fd29b509939469470810b6b989b7cc2f89e3188399bf3?s=96&d=mm&r=g\",\"caption\":\"Redaccion\"},\"url\":\"https:\/\/torredonjimenoactualidad.com\/index.php\/author\/jose-bueno\/\"}]}<\/script>\n<!-- \/ Yoast SEO plugin. -->","yoast_head_json":{"title":"El Parque Cient\u00edfico Tecnol\u00f3gico Geolit conmemorar\u00e1 su 25\u00ba aniversario con una treintena de actividades - Torredonjimeno Actualidad","robots":{"index":"index","follow":"follow","max-snippet":"max-snippet:-1","max-image-preview":"max-image-preview:large","max-video-preview":"max-video-preview:-1"},"canonical":"https:\/\/torredonjimenoactualidad.com\/index.php\/2025\/03\/03\/el-parque-cientifico-tecnologico-geolit-conmemorara-su-25o-aniversario-con-una-treintena-de-actividades\/","og_locale":"es_ES","og_type":"article","og_title":"El Parque Cient\u00edfico Tecnol\u00f3gico Geolit conmemorar\u00e1 su 25\u00ba aniversario con una treintena de actividades - Torredonjimeno Actualidad","og_description":"El Parque Cient\u00edfico Tecnol\u00f3gico Geolit cumple 25 a\u00f1os y para conmemorar este aniversario ha programado una treintena de actividades que ponen el foco en la trayectoria y evoluci\u00f3n de este \u00abespacio de innovaci\u00f3n y emprendimiento\u00bb situado en Meng\u00edbar, donde se ubican m\u00e1s de 70 empresas y en el que trabajan m\u00e1s de 1.300 personas. El &hellip; El Parque Cient\u00edfico Tecnol\u00f3gico Geolit conmemorar\u00e1 su 25\u00ba aniversario con una treintena de actividades Leer m\u00e1s &raquo;","og_url":"https:\/\/torredonjimenoactualidad.com\/index.php\/2025\/03\/03\/el-parque-cientifico-tecnologico-geolit-conmemorara-su-25o-aniversario-con-una-treintena-de-actividades\/","og_site_name":"Torredonjimeno Actualidad","article_published_time":"2025-03-03T14:43:23+00:00","article_modified_time":"2025-03-03T14:48:47+00:00","og_image":[{"width":1920,"height":1098,"url":"https:\/\/torredonjimenoactualidad.com\/wp-content\/uploads\/2025\/03\/fotonoticia_20250303141410_1920.jpg","type":"image\/jpeg"}],"author":"Redaccion","twitter_card":"summary_large_image","twitter_misc":{"Escrito por":"Redaccion"},"schema":{"@context":"https:\/\/schema.org","@graph":[{"@type":"Article","@id":"https:\/\/torredonjimenoactualidad.com\/index.php\/2025\/03\/03\/el-parque-cientifico-tecnologico-geolit-conmemorara-su-25o-aniversario-con-una-treintena-de-actividades\/#article","isPartOf":{"@id":"https:\/\/torredonjimenoactualidad.com\/index.php\/2025\/03\/03\/el-parque-cientifico-tecnologico-geolit-conmemorara-su-25o-aniversario-con-una-treintena-de-actividades\/"},"author":{"name":"Redaccion","@id":"https:\/\/torredonjimenoactualidad.com\/#\/schema\/person\/11f05803cdf40dbeb7f4fbf2365c9ac5"},"headline":"El Parque Cient\u00edfico Tecnol\u00f3gico Geolit conmemorar\u00e1 su 25\u00ba aniversario con una treintena de actividades","datePublished":"2025-03-03T14:43:23+00:00","dateModified":"2025-03-03T14:48:47+00:00","mainEntityOfPage":{"@id":"https:\/\/torredonjimenoactualidad.com\/index.php\/2025\/03\/03\/el-parque-cientifico-tecnologico-geolit-conmemorara-su-25o-aniversario-con-una-treintena-de-actividades\/"},"wordCount":892,"publisher":{"@id":"https:\/\/torredonjimenoactualidad.com\/#organization"},"articleSection":["provincia"],"inLanguage":"es"},{"@type":"WebPage","@id":"https:\/\/torredonjimenoactualidad.com\/index.php\/2025\/03\/03\/el-parque-cientifico-tecnologico-geolit-conmemorara-su-25o-aniversario-con-una-treintena-de-actividades\/","url":"https:\/\/torredonjimenoactualidad.com\/index.php\/2025\/03\/03\/el-parque-cientifico-tecnologico-geolit-conmemorara-su-25o-aniversario-con-una-treintena-de-actividades\/","name":"El Parque Cient\u00edfico Tecnol\u00f3gico Geolit conmemorar\u00e1 su 25\u00ba aniversario con una treintena de actividades - Torredonjimeno Actualidad","isPartOf":{"@id":"https:\/\/torredonjimenoactualidad.com\/#website"},"datePublished":"2025-03-03T14:43:23+00:00","dateModified":"2025-03-03T14:48:47+00:00","breadcrumb":{"@id":"https:\/\/torredonjimenoactualidad.com\/index.php\/2025\/03\/03\/el-parque-cientifico-tecnologico-geolit-conmemorara-su-25o-aniversario-con-una-treintena-de-actividades\/#breadcrumb"},"inLanguage":"es","potentialAction":[{"@type":"ReadAction","target":["https:\/\/torredonjimenoactualidad.com\/index.php\/2025\/03\/03\/el-parque-cientifico-tecnologico-geolit-conmemorara-su-25o-aniversario-con-una-treintena-de-actividades\/"]}]},{"@type":"BreadcrumbList","@id":"https:\/\/torredonjimenoactualidad.com\/index.php\/2025\/03\/03\/el-parque-cientifico-tecnologico-geolit-conmemorara-su-25o-aniversario-con-una-treintena-de-actividades\/#breadcrumb","itemListElement":[{"@type":"ListItem","position":1,"name":"Portada","item":"https:\/\/torredonjimenoactualidad.com\/"},{"@type":"ListItem","position":2,"name":"El Parque Cient\u00edfico Tecnol\u00f3gico Geolit conmemorar\u00e1 su 25\u00ba aniversario con una treintena de actividades"}]},{"@type":"WebSite","@id":"https:\/\/torredonjimenoactualidad.com\/#website","url":"https:\/\/torredonjimenoactualidad.com\/","name":"Torredonjimeno Actualidad","description":"","publisher":{"@id":"https:\/\/torredonjimenoactualidad.com\/#organization"},"potentialAction":[{"@type":"SearchAction","target":{"@type":"EntryPoint","urlTemplate":"https:\/\/torredonjimenoactualidad.com\/?s={search_term_string}"},"query-input":"required name=search_term_string"}],"inLanguage":"es"},{"@type":"Organization","@id":"https:\/\/torredonjimenoactualidad.com\/#organization","name":"Torredonjimeno Actualidad","url":"https:\/\/torredonjimenoactualidad.com\/","logo":{"@type":"ImageObject","inLanguage":"es","@id":"https:\/\/torredonjimenoactualidad.com\/#\/schema\/logo\/image\/","url":"https:\/\/torredonjimenoactualidad.com\/wp-content\/uploads\/2023\/02\/logo-torredonjimeno-544x180-1.png","contentUrl":"https:\/\/torredonjimenoactualidad.com\/wp-content\/uploads\/2023\/02\/logo-torredonjimeno-544x180-1.png","width":545,"height":112,"caption":"Torredonjimeno Actualidad"},"image":{"@id":"https:\/\/torredonjimenoactualidad.com\/#\/schema\/logo\/image\/"}},{"@type":"Person","@id":"https:\/\/torredonjimenoactualidad.com\/#\/schema\/person\/11f05803cdf40dbeb7f4fbf2365c9ac5","name":"Redaccion","image":{"@type":"ImageObject","inLanguage":"es","@id":"https:\/\/torredonjimenoactualidad.com\/#\/schema\/person\/image\/","url":"https:\/\/secure.gravatar.com\/avatar\/5917bab7eff43e17746fd29b509939469470810b6b989b7cc2f89e3188399bf3?s=96&d=mm&r=g","contentUrl":"https:\/\/secure.gravatar.com\/avatar\/5917bab7eff43e17746fd29b509939469470810b6b989b7cc2f89e3188399bf3?s=96&d=mm&r=g","caption":"Redaccion"},"url":"https:\/\/torredonjimenoactualidad.com\/index.php\/author\/jose-bueno\/"}]}},"_links":{"self":[{"href":"https:\/\/torredonjimenoactualidad.com\/index.php\/wp-json\/wp\/v2\/posts\/3192","targetHints":{"allow":["GET"]}}],"collection":[{"href":"https:\/\/torredonjimenoactualidad.com\/index.php\/wp-json\/wp\/v2\/posts"}],"about":[{"href":"https:\/\/torredonjimenoactualidad.com\/index.php\/wp-json\/wp\/v2\/types\/post"}],"author":[{"embeddable":true,"href":"https:\/\/torredonjimenoactualidad.com\/index.php\/wp-json\/wp\/v2\/users\/3"}],"replies":[{"embeddable":true,"href":"https:\/\/torredonjimenoactualidad.com\/index.php\/wp-json\/wp\/v2\/comments?post=3192"}],"version-history":[{"count":2,"href":"https:\/\/torredonjimenoactualidad.com\/index.php\/wp-json\/wp\/v2\/posts\/3192\/revisions"}],"predecessor-version":[{"id":3196,"href":"https:\/\/torredonjimenoactualidad.com\/index.php\/wp-json\/wp\/v2\/posts\/3192\/revisions\/3196"}],"wp:featuredmedia":[{"embeddable":true,"href":"https:\/\/torredonjimenoactualidad.com\/index.php\/wp-json\/wp\/v2\/media\/3193"}],"wp:attachment":[{"href":"https:\/\/torredonjimenoactualidad.com\/index.php\/wp-json\/wp\/v2\/media?parent=3192"}],"wp:term":[{"taxonomy":"category","embeddable":true,"href":"https:\/\/torredonjimenoactualidad.com\/index.php\/wp-json\/wp\/v2\/categories?post=3192"},{"taxonomy":"post_tag","embeddable":true,"href":"https:\/\/torredonjimenoactualidad.com\/index.php\/wp-json\/wp\/v2\/tags?post=3192"}],"curies":[{"name":"wp","href":"https:\/\/api.w.org\/{rel}","templated":true}]}}