{"id":3147,"date":"2025-02-26T08:33:33","date_gmt":"2025-02-26T08:33:33","guid":{"rendered":"https:\/\/torredonjimenoactualidad.com\/?p=3147"},"modified":"2025-02-26T08:33:36","modified_gmt":"2025-02-26T08:33:36","slug":"abierto-el-plazo-para-presentar-propuestas-a-los-presupuestos-participativos-de-torredonjimeno","status":"publish","type":"post","link":"https:\/\/torredonjimenoactualidad.com\/index.php\/2025\/02\/26\/abierto-el-plazo-para-presentar-propuestas-a-los-presupuestos-participativos-de-torredonjimeno\/","title":{"rendered":"Abierto el plazo para presentar propuestas a los Presupuestos Participativos de Torredonjimeno"},"content":{"rendered":"\n<p>La Concejal\u00eda de Participaci\u00f3n Ciudadana del Ayuntamiento de Torredonjimeno ha puesto en marcha un nuevo proceso de presupuestos participativos. Desde hoy, ya est\u00e1n disponibles los folletos para presentar propuestas, abriendo as\u00ed la fase de aportaci\u00f3n de ideas, que permanecer\u00e1 activa hasta el 9 de marzo.<\/p>\n\n\n\n<p>Cualquier persona interesada podr\u00e1 proponer mejoras para el municipio, ya sea en el \u00e1mbito de infraestructuras (obras) o en el desarrollo de actividades en diferentes \u00e1reas del Ayuntamiento. En el caso de las infraestructuras, las propuestas formar\u00e1n parte del proceso de presupuestos participativos de manera vinculante, con una partida establecida de 80.000 euros que los vecinos y vecinas decidir\u00e1n en qu\u00e9 invertir. Por su parte, las propuestas relacionadas con actividades ser\u00e1n trasladadas a las distintas concejal\u00edas para su posible inclusi\u00f3n en la programaci\u00f3n municipal.<\/p>\n\n\n\n<p>Las propuestas se podr\u00e1n presentar a trav\u00e9s de los formularios incluidos en los documentos que se est\u00e1n distribuyendo, los cuales contienen un apartado espec\u00edfico para infraestructuras y otro para actividades. Tambi\u00e9n se podr\u00e1n enviar de forma online.<\/p>\n\n\n\n<p>Tras la fase de recogida de propuestas, se llevar\u00e1n a cabo diferentes asambleas vecinales, donde las iniciativas ser\u00e1n debatidas y votadas antes de pasar a la fase de valoraci\u00f3n y votaci\u00f3n final. Adem\u00e1s, como novedad, se realizar\u00e1n talleres did\u00e1cticos infantiles en colaboraci\u00f3n con los centros educativos del municipio, para que los m\u00e1s peque\u00f1os tambi\u00e9n puedan aportar sus ideas y contribuir a la mejora de su entorno.<\/p>\n\n\n\n<p>Los puntos habilitados para la entrega de propuestas son el Centro C\u00edvico Mar\u00eda Zambrano, el Ayuntamiento, la Casa de la Cultura, el Centro de Participaci\u00f3n Activa de Mayores, el IES Santo Reino y el IES Acebuche. Asimismo, las propuestas podr\u00e1n presentarse de manera online a trav\u00e9s de la plataforma habilitada por el Ayuntamiento.<\/p>\n\n\n\n<p>Con esta iniciativa, el Ayuntamiento de Torredonjimeno busca fomentar la participaci\u00f3n ciudadana y hacer part\u00edcipe a toda la poblaci\u00f3n en la toma de decisiones sobre el futuro del municipio.<\/p>\n\n\n\n<p><\/p>\n","protected":false},"excerpt":{"rendered":"<p>La Concejal\u00eda de Participaci\u00f3n Ciudadana del Ayuntamiento de Torredonjimeno ha puesto en marcha un nuevo proceso de presupuestos participativos. Desde hoy, ya est\u00e1n disponibles los folletos para presentar propuestas, abriendo as\u00ed la fase de aportaci\u00f3n de ideas, que permanecer\u00e1 activa hasta el 9 de marzo. Cualquier persona interesada podr\u00e1 proponer mejoras para el municipio, ya &hellip;<\/p>\n<p class=\"read-more\"> <a class=\"\" href=\"https:\/\/torredonjimenoactualidad.com\/index.php\/2025\/02\/26\/abierto-el-plazo-para-presentar-propuestas-a-los-presupuestos-participativos-de-torredonjimeno\/\"> <span class=\"screen-reader-text\">Abierto el plazo para presentar propuestas a los Presupuestos Participativos de Torredonjimeno<\/span> Leer m\u00e1s &raquo;<\/a><\/p>\n","protected":false},"author":2,"featured_media":3148,"comment_status":"closed","ping_status":"open","sticky":false,"template":"","format":"standard","meta":{"site-sidebar-layout":"default","site-content-layout":"default","ast-global-header-display":"","ast-main-header-display":"","ast-hfb-above-header-display":"","ast-hfb-below-header-display":"","ast-hfb-mobile-header-display":"","site-post-title":"","ast-breadcrumbs-content":"","ast-featured-img":"","footer-sml-layout":"","theme-transparent-header-meta":"","adv-header-id-meta":"","stick-header-meta":"","header-above-stick-meta":"","header-main-stick-meta":"","header-below-stick-meta":"","footnotes":""},"categories":[1],"tags":[],"class_list":["post-3147","post","type-post","status-publish","format-standard","has-post-thumbnail","hentry","category-sin-categoria"],"yoast_head":"<!-- This site is optimized with the Yoast SEO plugin v20.8 - https:\/\/yoast.com\/wordpress\/plugins\/seo\/ -->\n<title>Abierto el plazo para presentar propuestas a los Presupuestos Participativos de Torredonjimeno - Torredonjimeno Actualidad<\/title>\n<meta name=\"robots\" content=\"index, follow, max-snippet:-1, max-image-preview:large, max-video-preview:-1\" \/>\n<link rel=\"canonical\" href=\"https:\/\/torredonjimenoactualidad.com\/index.php\/2025\/02\/26\/abierto-el-plazo-para-presentar-propuestas-a-los-presupuestos-participativos-de-torredonjimeno\/\" \/>\n<meta property=\"og:locale\" content=\"es_ES\" \/>\n<meta property=\"og:type\" content=\"article\" \/>\n<meta property=\"og:title\" content=\"Abierto el plazo para presentar propuestas a los Presupuestos Participativos de Torredonjimeno - Torredonjimeno Actualidad\" \/>\n<meta property=\"og:description\" content=\"La Concejal\u00eda de Participaci\u00f3n Ciudadana del Ayuntamiento de Torredonjimeno ha puesto en marcha un nuevo proceso de presupuestos participativos. Desde hoy, ya est\u00e1n disponibles los folletos para presentar propuestas, abriendo as\u00ed la fase de aportaci\u00f3n de ideas, que permanecer\u00e1 activa hasta el 9 de marzo. Cualquier persona interesada podr\u00e1 proponer mejoras para el municipio, ya &hellip; Abierto el plazo para presentar propuestas a los Presupuestos Participativos de Torredonjimeno Leer m\u00e1s &raquo;\" \/>\n<meta property=\"og:url\" content=\"https:\/\/torredonjimenoactualidad.com\/index.php\/2025\/02\/26\/abierto-el-plazo-para-presentar-propuestas-a-los-presupuestos-participativos-de-torredonjimeno\/\" \/>\n<meta property=\"og:site_name\" content=\"Torredonjimeno Actualidad\" \/>\n<meta property=\"article:published_time\" content=\"2025-02-26T08:33:33+00:00\" \/>\n<meta property=\"article:modified_time\" content=\"2025-02-26T08:33:36+00:00\" \/>\n<meta property=\"og:image\" content=\"https:\/\/torredonjimenoactualidad.com\/wp-content\/uploads\/2025\/02\/IMG_7011-scaled.jpg\" \/>\n\t<meta property=\"og:image:width\" content=\"2560\" \/>\n\t<meta property=\"og:image:height\" content=\"1440\" \/>\n\t<meta property=\"og:image:type\" content=\"image\/jpeg\" \/>\n<meta name=\"author\" content=\"Alba Mar\u00eda Torres\" \/>\n<meta name=\"twitter:card\" content=\"summary_large_image\" \/>\n<meta name=\"twitter:label1\" content=\"Escrito por\" \/>\n\t<meta name=\"twitter:data1\" content=\"Alba Mar\u00eda Torres\" \/>\n\t<meta name=\"twitter:label2\" content=\"Tiempo de lectura\" \/>\n\t<meta name=\"twitter:data2\" content=\"2 minutos\" \/>\n<script type=\"application\/ld+json\" class=\"yoast-schema-graph\">{\"@context\":\"https:\/\/schema.org\",\"@graph\":[{\"@type\":\"Article\",\"@id\":\"https:\/\/torredonjimenoactualidad.com\/index.php\/2025\/02\/26\/abierto-el-plazo-para-presentar-propuestas-a-los-presupuestos-participativos-de-torredonjimeno\/#article\",\"isPartOf\":{\"@id\":\"https:\/\/torredonjimenoactualidad.com\/index.php\/2025\/02\/26\/abierto-el-plazo-para-presentar-propuestas-a-los-presupuestos-participativos-de-torredonjimeno\/\"},\"author\":{\"name\":\"Alba Mar\u00eda Torres\",\"@id\":\"https:\/\/torredonjimenoactualidad.com\/#\/schema\/person\/84de5f233e783ef2c75151a532b54977\"},\"headline\":\"Abierto el plazo para presentar propuestas a los Presupuestos Participativos de Torredonjimeno\",\"datePublished\":\"2025-02-26T08:33:33+00:00\",\"dateModified\":\"2025-02-26T08:33:36+00:00\",\"mainEntityOfPage\":{\"@id\":\"https:\/\/torredonjimenoactualidad.com\/index.php\/2025\/02\/26\/abierto-el-plazo-para-presentar-propuestas-a-los-presupuestos-participativos-de-torredonjimeno\/\"},\"wordCount\":359,\"publisher\":{\"@id\":\"https:\/\/torredonjimenoactualidad.com\/#organization\"},\"inLanguage\":\"es\"},{\"@type\":\"WebPage\",\"@id\":\"https:\/\/torredonjimenoactualidad.com\/index.php\/2025\/02\/26\/abierto-el-plazo-para-presentar-propuestas-a-los-presupuestos-participativos-de-torredonjimeno\/\",\"url\":\"https:\/\/torredonjimenoactualidad.com\/index.php\/2025\/02\/26\/abierto-el-plazo-para-presentar-propuestas-a-los-presupuestos-participativos-de-torredonjimeno\/\",\"name\":\"Abierto el plazo para presentar propuestas a los Presupuestos Participativos de Torredonjimeno - Torredonjimeno Actualidad\",\"isPartOf\":{\"@id\":\"https:\/\/torredonjimenoactualidad.com\/#website\"},\"datePublished\":\"2025-02-26T08:33:33+00:00\",\"dateModified\":\"2025-02-26T08:33:36+00:00\",\"breadcrumb\":{\"@id\":\"https:\/\/torredonjimenoactualidad.com\/index.php\/2025\/02\/26\/abierto-el-plazo-para-presentar-propuestas-a-los-presupuestos-participativos-de-torredonjimeno\/#breadcrumb\"},\"inLanguage\":\"es\",\"potentialAction\":[{\"@type\":\"ReadAction\",\"target\":[\"https:\/\/torredonjimenoactualidad.com\/index.php\/2025\/02\/26\/abierto-el-plazo-para-presentar-propuestas-a-los-presupuestos-participativos-de-torredonjimeno\/\"]}]},{\"@type\":\"BreadcrumbList\",\"@id\":\"https:\/\/torredonjimenoactualidad.com\/index.php\/2025\/02\/26\/abierto-el-plazo-para-presentar-propuestas-a-los-presupuestos-participativos-de-torredonjimeno\/#breadcrumb\",\"itemListElement\":[{\"@type\":\"ListItem\",\"position\":1,\"name\":\"Portada\",\"item\":\"https:\/\/torredonjimenoactualidad.com\/\"},{\"@type\":\"ListItem\",\"position\":2,\"name\":\"Abierto el plazo para presentar propuestas a los Presupuestos Participativos de Torredonjimeno\"}]},{\"@type\":\"WebSite\",\"@id\":\"https:\/\/torredonjimenoactualidad.com\/#website\",\"url\":\"https:\/\/torredonjimenoactualidad.com\/\",\"name\":\"Torredonjimeno Actualidad\",\"description\":\"\",\"publisher\":{\"@id\":\"https:\/\/torredonjimenoactualidad.com\/#organization\"},\"potentialAction\":[{\"@type\":\"SearchAction\",\"target\":{\"@type\":\"EntryPoint\",\"urlTemplate\":\"https:\/\/torredonjimenoactualidad.com\/?s={search_term_string}\"},\"query-input\":\"required name=search_term_string\"}],\"inLanguage\":\"es\"},{\"@type\":\"Organization\",\"@id\":\"https:\/\/torredonjimenoactualidad.com\/#organization\",\"name\":\"Torredonjimeno Actualidad\",\"url\":\"https:\/\/torredonjimenoactualidad.com\/\",\"logo\":{\"@type\":\"ImageObject\",\"inLanguage\":\"es\",\"@id\":\"https:\/\/torredonjimenoactualidad.com\/#\/schema\/logo\/image\/\",\"url\":\"https:\/\/torredonjimenoactualidad.com\/wp-content\/uploads\/2023\/02\/logo-torredonjimeno-544x180-1.png\",\"contentUrl\":\"https:\/\/torredonjimenoactualidad.com\/wp-content\/uploads\/2023\/02\/logo-torredonjimeno-544x180-1.png\",\"width\":545,\"height\":112,\"caption\":\"Torredonjimeno Actualidad\"},\"image\":{\"@id\":\"https:\/\/torredonjimenoactualidad.com\/#\/schema\/logo\/image\/\"}},{\"@type\":\"Person\",\"@id\":\"https:\/\/torredonjimenoactualidad.com\/#\/schema\/person\/84de5f233e783ef2c75151a532b54977\",\"name\":\"Alba Mar\u00eda Torres\",\"image\":{\"@type\":\"ImageObject\",\"inLanguage\":\"es\",\"@id\":\"https:\/\/torredonjimenoactualidad.com\/#\/schema\/person\/image\/\",\"url\":\"https:\/\/secure.gravatar.com\/avatar\/f9371f188c71501b4475a9ba2a71595850ec72967f800a2ed8e3e2102859ed65?s=96&d=mm&r=g\",\"contentUrl\":\"https:\/\/secure.gravatar.com\/avatar\/f9371f188c71501b4475a9ba2a71595850ec72967f800a2ed8e3e2102859ed65?s=96&d=mm&r=g\",\"caption\":\"Alba Mar\u00eda Torres\"},\"url\":\"https:\/\/torredonjimenoactualidad.com\/index.php\/author\/alba-torres\/\"}]}<\/script>\n<!-- \/ Yoast SEO plugin. -->","yoast_head_json":{"title":"Abierto el plazo para presentar propuestas a los Presupuestos Participativos de Torredonjimeno - Torredonjimeno Actualidad","robots":{"index":"index","follow":"follow","max-snippet":"max-snippet:-1","max-image-preview":"max-image-preview:large","max-video-preview":"max-video-preview:-1"},"canonical":"https:\/\/torredonjimenoactualidad.com\/index.php\/2025\/02\/26\/abierto-el-plazo-para-presentar-propuestas-a-los-presupuestos-participativos-de-torredonjimeno\/","og_locale":"es_ES","og_type":"article","og_title":"Abierto el plazo para presentar propuestas a los Presupuestos Participativos de Torredonjimeno - Torredonjimeno Actualidad","og_description":"La Concejal\u00eda de Participaci\u00f3n Ciudadana del Ayuntamiento de Torredonjimeno ha puesto en marcha un nuevo proceso de presupuestos participativos. Desde hoy, ya est\u00e1n disponibles los folletos para presentar propuestas, abriendo as\u00ed la fase de aportaci\u00f3n de ideas, que permanecer\u00e1 activa hasta el 9 de marzo. Cualquier persona interesada podr\u00e1 proponer mejoras para el municipio, ya &hellip; Abierto el plazo para presentar propuestas a los Presupuestos Participativos de Torredonjimeno Leer m\u00e1s &raquo;","og_url":"https:\/\/torredonjimenoactualidad.com\/index.php\/2025\/02\/26\/abierto-el-plazo-para-presentar-propuestas-a-los-presupuestos-participativos-de-torredonjimeno\/","og_site_name":"Torredonjimeno Actualidad","article_published_time":"2025-02-26T08:33:33+00:00","article_modified_time":"2025-02-26T08:33:36+00:00","og_image":[{"width":2560,"height":1440,"url":"https:\/\/torredonjimenoactualidad.com\/wp-content\/uploads\/2025\/02\/IMG_7011-scaled.jpg","type":"image\/jpeg"}],"author":"Alba Mar\u00eda Torres","twitter_card":"summary_large_image","twitter_misc":{"Escrito por":"Alba Mar\u00eda Torres","Tiempo de lectura":"2 minutos"},"schema":{"@context":"https:\/\/schema.org","@graph":[{"@type":"Article","@id":"https:\/\/torredonjimenoactualidad.com\/index.php\/2025\/02\/26\/abierto-el-plazo-para-presentar-propuestas-a-los-presupuestos-participativos-de-torredonjimeno\/#article","isPartOf":{"@id":"https:\/\/torredonjimenoactualidad.com\/index.php\/2025\/02\/26\/abierto-el-plazo-para-presentar-propuestas-a-los-presupuestos-participativos-de-torredonjimeno\/"},"author":{"name":"Alba Mar\u00eda Torres","@id":"https:\/\/torredonjimenoactualidad.com\/#\/schema\/person\/84de5f233e783ef2c75151a532b54977"},"headline":"Abierto el plazo para presentar propuestas a los Presupuestos Participativos de Torredonjimeno","datePublished":"2025-02-26T08:33:33+00:00","dateModified":"2025-02-26T08:33:36+00:00","mainEntityOfPage":{"@id":"https:\/\/torredonjimenoactualidad.com\/index.php\/2025\/02\/26\/abierto-el-plazo-para-presentar-propuestas-a-los-presupuestos-participativos-de-torredonjimeno\/"},"wordCount":359,"publisher":{"@id":"https:\/\/torredonjimenoactualidad.com\/#organization"},"inLanguage":"es"},{"@type":"WebPage","@id":"https:\/\/torredonjimenoactualidad.com\/index.php\/2025\/02\/26\/abierto-el-plazo-para-presentar-propuestas-a-los-presupuestos-participativos-de-torredonjimeno\/","url":"https:\/\/torredonjimenoactualidad.com\/index.php\/2025\/02\/26\/abierto-el-plazo-para-presentar-propuestas-a-los-presupuestos-participativos-de-torredonjimeno\/","name":"Abierto el plazo para presentar propuestas a los Presupuestos Participativos de Torredonjimeno - Torredonjimeno Actualidad","isPartOf":{"@id":"https:\/\/torredonjimenoactualidad.com\/#website"},"datePublished":"2025-02-26T08:33:33+00:00","dateModified":"2025-02-26T08:33:36+00:00","breadcrumb":{"@id":"https:\/\/torredonjimenoactualidad.com\/index.php\/2025\/02\/26\/abierto-el-plazo-para-presentar-propuestas-a-los-presupuestos-participativos-de-torredonjimeno\/#breadcrumb"},"inLanguage":"es","potentialAction":[{"@type":"ReadAction","target":["https:\/\/torredonjimenoactualidad.com\/index.php\/2025\/02\/26\/abierto-el-plazo-para-presentar-propuestas-a-los-presupuestos-participativos-de-torredonjimeno\/"]}]},{"@type":"BreadcrumbList","@id":"https:\/\/torredonjimenoactualidad.com\/index.php\/2025\/02\/26\/abierto-el-plazo-para-presentar-propuestas-a-los-presupuestos-participativos-de-torredonjimeno\/#breadcrumb","itemListElement":[{"@type":"ListItem","position":1,"name":"Portada","item":"https:\/\/torredonjimenoactualidad.com\/"},{"@type":"ListItem","position":2,"name":"Abierto el plazo para presentar propuestas a los Presupuestos Participativos de Torredonjimeno"}]},{"@type":"WebSite","@id":"https:\/\/torredonjimenoactualidad.com\/#website","url":"https:\/\/torredonjimenoactualidad.com\/","name":"Torredonjimeno Actualidad","description":"","publisher":{"@id":"https:\/\/torredonjimenoactualidad.com\/#organization"},"potentialAction":[{"@type":"SearchAction","target":{"@type":"EntryPoint","urlTemplate":"https:\/\/torredonjimenoactualidad.com\/?s={search_term_string}"},"query-input":"required name=search_term_string"}],"inLanguage":"es"},{"@type":"Organization","@id":"https:\/\/torredonjimenoactualidad.com\/#organization","name":"Torredonjimeno Actualidad","url":"https:\/\/torredonjimenoactualidad.com\/","logo":{"@type":"ImageObject","inLanguage":"es","@id":"https:\/\/torredonjimenoactualidad.com\/#\/schema\/logo\/image\/","url":"https:\/\/torredonjimenoactualidad.com\/wp-content\/uploads\/2023\/02\/logo-torredonjimeno-544x180-1.png","contentUrl":"https:\/\/torredonjimenoactualidad.com\/wp-content\/uploads\/2023\/02\/logo-torredonjimeno-544x180-1.png","width":545,"height":112,"caption":"Torredonjimeno Actualidad"},"image":{"@id":"https:\/\/torredonjimenoactualidad.com\/#\/schema\/logo\/image\/"}},{"@type":"Person","@id":"https:\/\/torredonjimenoactualidad.com\/#\/schema\/person\/84de5f233e783ef2c75151a532b54977","name":"Alba Mar\u00eda Torres","image":{"@type":"ImageObject","inLanguage":"es","@id":"https:\/\/torredonjimenoactualidad.com\/#\/schema\/person\/image\/","url":"https:\/\/secure.gravatar.com\/avatar\/f9371f188c71501b4475a9ba2a71595850ec72967f800a2ed8e3e2102859ed65?s=96&d=mm&r=g","contentUrl":"https:\/\/secure.gravatar.com\/avatar\/f9371f188c71501b4475a9ba2a71595850ec72967f800a2ed8e3e2102859ed65?s=96&d=mm&r=g","caption":"Alba Mar\u00eda Torres"},"url":"https:\/\/torredonjimenoactualidad.com\/index.php\/author\/alba-torres\/"}]}},"_links":{"self":[{"href":"https:\/\/torredonjimenoactualidad.com\/index.php\/wp-json\/wp\/v2\/posts\/3147","targetHints":{"allow":["GET"]}}],"collection":[{"href":"https:\/\/torredonjimenoactualidad.com\/index.php\/wp-json\/wp\/v2\/posts"}],"about":[{"href":"https:\/\/torredonjimenoactualidad.com\/index.php\/wp-json\/wp\/v2\/types\/post"}],"author":[{"embeddable":true,"href":"https:\/\/torredonjimenoactualidad.com\/index.php\/wp-json\/wp\/v2\/users\/2"}],"replies":[{"embeddable":true,"href":"https:\/\/torredonjimenoactualidad.com\/index.php\/wp-json\/wp\/v2\/comments?post=3147"}],"version-history":[{"count":1,"href":"https:\/\/torredonjimenoactualidad.com\/index.php\/wp-json\/wp\/v2\/posts\/3147\/revisions"}],"predecessor-version":[{"id":3149,"href":"https:\/\/torredonjimenoactualidad.com\/index.php\/wp-json\/wp\/v2\/posts\/3147\/revisions\/3149"}],"wp:featuredmedia":[{"embeddable":true,"href":"https:\/\/torredonjimenoactualidad.com\/index.php\/wp-json\/wp\/v2\/media\/3148"}],"wp:attachment":[{"href":"https:\/\/torredonjimenoactualidad.com\/index.php\/wp-json\/wp\/v2\/media?parent=3147"}],"wp:term":[{"taxonomy":"category","embeddable":true,"href":"https:\/\/torredonjimenoactualidad.com\/index.php\/wp-json\/wp\/v2\/categories?post=3147"},{"taxonomy":"post_tag","embeddable":true,"href":"https:\/\/torredonjimenoactualidad.com\/index.php\/wp-json\/wp\/v2\/tags?post=3147"}],"curies":[{"name":"wp","href":"https:\/\/api.w.org\/{rel}","templated":true}]}}