{"id":3082,"date":"2025-02-19T15:18:36","date_gmt":"2025-02-19T15:18:36","guid":{"rendered":"https:\/\/torredonjimenoactualidad.com\/?p=3082"},"modified":"2025-02-19T15:18:37","modified_gmt":"2025-02-19T15:18:37","slug":"el-ceip-puerta-de-martos-invita-a-torredonjimeno-a-un-viaje-en-el-tiempo","status":"publish","type":"post","link":"https:\/\/torredonjimenoactualidad.com\/index.php\/2025\/02\/19\/el-ceip-puerta-de-martos-invita-a-torredonjimeno-a-un-viaje-en-el-tiempo\/","title":{"rendered":"El CEIP Puerta de Martos invita a Torredonjimeno a un viaje en el tiempo"},"content":{"rendered":"\n<p>La comunidad educativa del CEIP Puerta de Martos ha organizado una exposici\u00f3n \u00fanica que permitir\u00e1 a los visitantes recorrer la historia de Torredonjimeno a trav\u00e9s de im\u00e1genes y objetos que reflejan la evoluci\u00f3n del municipio a lo largo del tiempo. Bajo el t\u00edtulo&nbsp;<strong>\u00abUn Viaje en el Tiempo\u00bb<\/strong>, esta muestra fotogr\u00e1fica pretende conectar el pasado y el presente de la localidad con el objetivo de fortalecer la memoria colectiva y valorar la historia del pueblo.<\/p>\n\n\n\n<h3 class=\"wp-block-heading\">Fechas y horarios<\/h3>\n\n\n\n<p>La exposici\u00f3n estar\u00e1 abierta al p\u00fablico durante dos d\u00edas:<\/p>\n\n\n\n<ul class=\"wp-block-list\">\n<li><strong>Lunes 24 de este mes<\/strong>, en horario de 9:00 a 14:00 y de 16:30 a 18:30.<\/li>\n\n\n\n<li><strong>Mi\u00e9rcoles 26 de este mes<\/strong>, en horario de 9:00 a 14:00.<\/li>\n<\/ul>\n\n\n\n<p>El evento tendr\u00e1 lugar en las instalaciones del&nbsp;<strong>CEIP Puerta de Martos<\/strong>, y la entrada ser\u00e1 libre para todos los interesados en conocer m\u00e1s sobre la evoluci\u00f3n de Torredonjimeno.<\/p>\n\n\n\n<h3 class=\"wp-block-heading\">\u00bfQu\u00e9 se podr\u00e1 encontrar en la exposici\u00f3n?<\/h3>\n\n\n\n<p>Los visitantes podr\u00e1n disfrutar de una selecci\u00f3n de&nbsp;<strong>fotograf\u00edas antiguas y actuales<\/strong>&nbsp;que muestran la transformaci\u00f3n de calles, colegios, iglesias, el castillo y otros lugares emblem\u00e1ticos del municipio. Adem\u00e1s, se exhibir\u00e1n&nbsp;<strong>objetos tradicionales<\/strong>&nbsp;que evocan los oficios y costumbres de anta\u00f1o, junto con&nbsp;<strong>historias y curiosidades<\/strong>&nbsp;que han sido recopiladas con gran entusiasmo por la comunidad educativa.<\/p>\n\n\n\n<h3 class=\"wp-block-heading\">Invitaci\u00f3n a la participaci\u00f3n<\/h3>\n\n\n\n<p>El CEIP Puerta de Martos invita a las familias y vecinos de Torredonjimeno a seguir colaborando con la exposici\u00f3n mediante la aportaci\u00f3n de&nbsp;<strong>fotograf\u00edas antiguas, objetos hist\u00f3ricos o cualquier material que enriquezca la muestra<\/strong>. Quienes deseen contribuir podr\u00e1n llevar sus materiales al colegio&nbsp;<strong>durante esta semana<\/strong>.<\/p>\n\n\n\n<p>Esta exposici\u00f3n representa una oportunidad excepcional para que ni\u00f1os, j\u00f3venes y adultos descubran juntos c\u00f3mo ha cambiado Torredonjimeno a lo largo de las d\u00e9cadas.&nbsp;<strong>Un emotivo viaje en el tiempo que promete despertar recuerdos y fortalecer el v\u00ednculo con la historia local.<\/strong><\/p>\n","protected":false},"excerpt":{"rendered":"<p>La comunidad educativa del CEIP Puerta de Martos ha organizado una exposici\u00f3n \u00fanica que permitir\u00e1 a los visitantes recorrer la historia de Torredonjimeno a trav\u00e9s de im\u00e1genes y objetos que reflejan la evoluci\u00f3n del municipio a lo largo del tiempo. Bajo el t\u00edtulo&nbsp;\u00abUn Viaje en el Tiempo\u00bb, esta muestra fotogr\u00e1fica pretende conectar el pasado y &hellip;<\/p>\n<p class=\"read-more\"> <a class=\"\" href=\"https:\/\/torredonjimenoactualidad.com\/index.php\/2025\/02\/19\/el-ceip-puerta-de-martos-invita-a-torredonjimeno-a-un-viaje-en-el-tiempo\/\"> <span class=\"screen-reader-text\">El CEIP Puerta de Martos invita a Torredonjimeno a un viaje en el tiempo<\/span> Leer m\u00e1s &raquo;<\/a><\/p>\n","protected":false},"author":2,"featured_media":3083,"comment_status":"closed","ping_status":"open","sticky":false,"template":"","format":"standard","meta":{"site-sidebar-layout":"default","site-content-layout":"default","ast-global-header-display":"","ast-main-header-display":"","ast-hfb-above-header-display":"","ast-hfb-below-header-display":"","ast-hfb-mobile-header-display":"","site-post-title":"","ast-breadcrumbs-content":"","ast-featured-img":"","footer-sml-layout":"","theme-transparent-header-meta":"","adv-header-id-meta":"","stick-header-meta":"","header-above-stick-meta":"","header-main-stick-meta":"","header-below-stick-meta":"","footnotes":""},"categories":[7],"tags":[],"class_list":["post-3082","post","type-post","status-publish","format-standard","has-post-thumbnail","hentry","category-local"],"yoast_head":"<!-- This site is optimized with the Yoast SEO plugin v20.8 - https:\/\/yoast.com\/wordpress\/plugins\/seo\/ -->\n<title>El CEIP Puerta de Martos invita a Torredonjimeno a un viaje en el tiempo - Torredonjimeno Actualidad<\/title>\n<meta name=\"robots\" content=\"index, follow, max-snippet:-1, max-image-preview:large, max-video-preview:-1\" \/>\n<link rel=\"canonical\" href=\"https:\/\/torredonjimenoactualidad.com\/index.php\/2025\/02\/19\/el-ceip-puerta-de-martos-invita-a-torredonjimeno-a-un-viaje-en-el-tiempo\/\" \/>\n<meta property=\"og:locale\" content=\"es_ES\" \/>\n<meta property=\"og:type\" content=\"article\" \/>\n<meta property=\"og:title\" content=\"El CEIP Puerta de Martos invita a Torredonjimeno a un viaje en el tiempo - Torredonjimeno Actualidad\" \/>\n<meta property=\"og:description\" content=\"La comunidad educativa del CEIP Puerta de Martos ha organizado una exposici\u00f3n \u00fanica que permitir\u00e1 a los visitantes recorrer la historia de Torredonjimeno a trav\u00e9s de im\u00e1genes y objetos que reflejan la evoluci\u00f3n del municipio a lo largo del tiempo. Bajo el t\u00edtulo&nbsp;\u00abUn Viaje en el Tiempo\u00bb, esta muestra fotogr\u00e1fica pretende conectar el pasado y &hellip; El CEIP Puerta de Martos invita a Torredonjimeno a un viaje en el tiempo Leer m\u00e1s &raquo;\" \/>\n<meta property=\"og:url\" content=\"https:\/\/torredonjimenoactualidad.com\/index.php\/2025\/02\/19\/el-ceip-puerta-de-martos-invita-a-torredonjimeno-a-un-viaje-en-el-tiempo\/\" \/>\n<meta property=\"og:site_name\" content=\"Torredonjimeno Actualidad\" \/>\n<meta property=\"article:published_time\" content=\"2025-02-19T15:18:36+00:00\" \/>\n<meta property=\"article:modified_time\" content=\"2025-02-19T15:18:37+00:00\" \/>\n<meta property=\"og:image\" content=\"https:\/\/torredonjimenoactualidad.com\/wp-content\/uploads\/2025\/02\/480883892_611230948499069_2538766899212618191_n.jpg\" \/>\n\t<meta property=\"og:image:width\" content=\"1414\" \/>\n\t<meta property=\"og:image:height\" content=\"2000\" \/>\n\t<meta property=\"og:image:type\" content=\"image\/jpeg\" \/>\n<meta name=\"author\" content=\"Alba Mar\u00eda Torres\" \/>\n<meta name=\"twitter:card\" content=\"summary_large_image\" \/>\n<meta name=\"twitter:label1\" content=\"Escrito por\" \/>\n\t<meta name=\"twitter:data1\" content=\"Alba Mar\u00eda Torres\" \/>\n\t<meta name=\"twitter:label2\" content=\"Tiempo de lectura\" \/>\n\t<meta name=\"twitter:data2\" content=\"2 minutos\" \/>\n<script type=\"application\/ld+json\" class=\"yoast-schema-graph\">{\"@context\":\"https:\/\/schema.org\",\"@graph\":[{\"@type\":\"Article\",\"@id\":\"https:\/\/torredonjimenoactualidad.com\/index.php\/2025\/02\/19\/el-ceip-puerta-de-martos-invita-a-torredonjimeno-a-un-viaje-en-el-tiempo\/#article\",\"isPartOf\":{\"@id\":\"https:\/\/torredonjimenoactualidad.com\/index.php\/2025\/02\/19\/el-ceip-puerta-de-martos-invita-a-torredonjimeno-a-un-viaje-en-el-tiempo\/\"},\"author\":{\"name\":\"Alba Mar\u00eda Torres\",\"@id\":\"https:\/\/torredonjimenoactualidad.com\/#\/schema\/person\/84de5f233e783ef2c75151a532b54977\"},\"headline\":\"El CEIP Puerta de Martos invita a Torredonjimeno a un viaje en el tiempo\",\"datePublished\":\"2025-02-19T15:18:36+00:00\",\"dateModified\":\"2025-02-19T15:18:37+00:00\",\"mainEntityOfPage\":{\"@id\":\"https:\/\/torredonjimenoactualidad.com\/index.php\/2025\/02\/19\/el-ceip-puerta-de-martos-invita-a-torredonjimeno-a-un-viaje-en-el-tiempo\/\"},\"wordCount\":350,\"publisher\":{\"@id\":\"https:\/\/torredonjimenoactualidad.com\/#organization\"},\"articleSection\":[\"local\"],\"inLanguage\":\"es\"},{\"@type\":\"WebPage\",\"@id\":\"https:\/\/torredonjimenoactualidad.com\/index.php\/2025\/02\/19\/el-ceip-puerta-de-martos-invita-a-torredonjimeno-a-un-viaje-en-el-tiempo\/\",\"url\":\"https:\/\/torredonjimenoactualidad.com\/index.php\/2025\/02\/19\/el-ceip-puerta-de-martos-invita-a-torredonjimeno-a-un-viaje-en-el-tiempo\/\",\"name\":\"El CEIP Puerta de Martos invita a Torredonjimeno a un viaje en el tiempo - Torredonjimeno Actualidad\",\"isPartOf\":{\"@id\":\"https:\/\/torredonjimenoactualidad.com\/#website\"},\"datePublished\":\"2025-02-19T15:18:36+00:00\",\"dateModified\":\"2025-02-19T15:18:37+00:00\",\"breadcrumb\":{\"@id\":\"https:\/\/torredonjimenoactualidad.com\/index.php\/2025\/02\/19\/el-ceip-puerta-de-martos-invita-a-torredonjimeno-a-un-viaje-en-el-tiempo\/#breadcrumb\"},\"inLanguage\":\"es\",\"potentialAction\":[{\"@type\":\"ReadAction\",\"target\":[\"https:\/\/torredonjimenoactualidad.com\/index.php\/2025\/02\/19\/el-ceip-puerta-de-martos-invita-a-torredonjimeno-a-un-viaje-en-el-tiempo\/\"]}]},{\"@type\":\"BreadcrumbList\",\"@id\":\"https:\/\/torredonjimenoactualidad.com\/index.php\/2025\/02\/19\/el-ceip-puerta-de-martos-invita-a-torredonjimeno-a-un-viaje-en-el-tiempo\/#breadcrumb\",\"itemListElement\":[{\"@type\":\"ListItem\",\"position\":1,\"name\":\"Portada\",\"item\":\"https:\/\/torredonjimenoactualidad.com\/\"},{\"@type\":\"ListItem\",\"position\":2,\"name\":\"El CEIP Puerta de Martos invita a Torredonjimeno a un viaje en el tiempo\"}]},{\"@type\":\"WebSite\",\"@id\":\"https:\/\/torredonjimenoactualidad.com\/#website\",\"url\":\"https:\/\/torredonjimenoactualidad.com\/\",\"name\":\"Torredonjimeno Actualidad\",\"description\":\"\",\"publisher\":{\"@id\":\"https:\/\/torredonjimenoactualidad.com\/#organization\"},\"potentialAction\":[{\"@type\":\"SearchAction\",\"target\":{\"@type\":\"EntryPoint\",\"urlTemplate\":\"https:\/\/torredonjimenoactualidad.com\/?s={search_term_string}\"},\"query-input\":\"required name=search_term_string\"}],\"inLanguage\":\"es\"},{\"@type\":\"Organization\",\"@id\":\"https:\/\/torredonjimenoactualidad.com\/#organization\",\"name\":\"Torredonjimeno Actualidad\",\"url\":\"https:\/\/torredonjimenoactualidad.com\/\",\"logo\":{\"@type\":\"ImageObject\",\"inLanguage\":\"es\",\"@id\":\"https:\/\/torredonjimenoactualidad.com\/#\/schema\/logo\/image\/\",\"url\":\"https:\/\/torredonjimenoactualidad.com\/wp-content\/uploads\/2023\/02\/logo-torredonjimeno-544x180-1.png\",\"contentUrl\":\"https:\/\/torredonjimenoactualidad.com\/wp-content\/uploads\/2023\/02\/logo-torredonjimeno-544x180-1.png\",\"width\":545,\"height\":112,\"caption\":\"Torredonjimeno Actualidad\"},\"image\":{\"@id\":\"https:\/\/torredonjimenoactualidad.com\/#\/schema\/logo\/image\/\"}},{\"@type\":\"Person\",\"@id\":\"https:\/\/torredonjimenoactualidad.com\/#\/schema\/person\/84de5f233e783ef2c75151a532b54977\",\"name\":\"Alba Mar\u00eda Torres\",\"image\":{\"@type\":\"ImageObject\",\"inLanguage\":\"es\",\"@id\":\"https:\/\/torredonjimenoactualidad.com\/#\/schema\/person\/image\/\",\"url\":\"https:\/\/secure.gravatar.com\/avatar\/f9371f188c71501b4475a9ba2a71595850ec72967f800a2ed8e3e2102859ed65?s=96&d=mm&r=g\",\"contentUrl\":\"https:\/\/secure.gravatar.com\/avatar\/f9371f188c71501b4475a9ba2a71595850ec72967f800a2ed8e3e2102859ed65?s=96&d=mm&r=g\",\"caption\":\"Alba Mar\u00eda Torres\"},\"url\":\"https:\/\/torredonjimenoactualidad.com\/index.php\/author\/alba-torres\/\"}]}<\/script>\n<!-- \/ Yoast SEO plugin. -->","yoast_head_json":{"title":"El CEIP Puerta de Martos invita a Torredonjimeno a un viaje en el tiempo - Torredonjimeno Actualidad","robots":{"index":"index","follow":"follow","max-snippet":"max-snippet:-1","max-image-preview":"max-image-preview:large","max-video-preview":"max-video-preview:-1"},"canonical":"https:\/\/torredonjimenoactualidad.com\/index.php\/2025\/02\/19\/el-ceip-puerta-de-martos-invita-a-torredonjimeno-a-un-viaje-en-el-tiempo\/","og_locale":"es_ES","og_type":"article","og_title":"El CEIP Puerta de Martos invita a Torredonjimeno a un viaje en el tiempo - Torredonjimeno Actualidad","og_description":"La comunidad educativa del CEIP Puerta de Martos ha organizado una exposici\u00f3n \u00fanica que permitir\u00e1 a los visitantes recorrer la historia de Torredonjimeno a trav\u00e9s de im\u00e1genes y objetos que reflejan la evoluci\u00f3n del municipio a lo largo del tiempo. Bajo el t\u00edtulo&nbsp;\u00abUn Viaje en el Tiempo\u00bb, esta muestra fotogr\u00e1fica pretende conectar el pasado y &hellip; El CEIP Puerta de Martos invita a Torredonjimeno a un viaje en el tiempo Leer m\u00e1s &raquo;","og_url":"https:\/\/torredonjimenoactualidad.com\/index.php\/2025\/02\/19\/el-ceip-puerta-de-martos-invita-a-torredonjimeno-a-un-viaje-en-el-tiempo\/","og_site_name":"Torredonjimeno Actualidad","article_published_time":"2025-02-19T15:18:36+00:00","article_modified_time":"2025-02-19T15:18:37+00:00","og_image":[{"width":1414,"height":2000,"url":"https:\/\/torredonjimenoactualidad.com\/wp-content\/uploads\/2025\/02\/480883892_611230948499069_2538766899212618191_n.jpg","type":"image\/jpeg"}],"author":"Alba Mar\u00eda Torres","twitter_card":"summary_large_image","twitter_misc":{"Escrito por":"Alba Mar\u00eda Torres","Tiempo de lectura":"2 minutos"},"schema":{"@context":"https:\/\/schema.org","@graph":[{"@type":"Article","@id":"https:\/\/torredonjimenoactualidad.com\/index.php\/2025\/02\/19\/el-ceip-puerta-de-martos-invita-a-torredonjimeno-a-un-viaje-en-el-tiempo\/#article","isPartOf":{"@id":"https:\/\/torredonjimenoactualidad.com\/index.php\/2025\/02\/19\/el-ceip-puerta-de-martos-invita-a-torredonjimeno-a-un-viaje-en-el-tiempo\/"},"author":{"name":"Alba Mar\u00eda Torres","@id":"https:\/\/torredonjimenoactualidad.com\/#\/schema\/person\/84de5f233e783ef2c75151a532b54977"},"headline":"El CEIP Puerta de Martos invita a Torredonjimeno a un viaje en el tiempo","datePublished":"2025-02-19T15:18:36+00:00","dateModified":"2025-02-19T15:18:37+00:00","mainEntityOfPage":{"@id":"https:\/\/torredonjimenoactualidad.com\/index.php\/2025\/02\/19\/el-ceip-puerta-de-martos-invita-a-torredonjimeno-a-un-viaje-en-el-tiempo\/"},"wordCount":350,"publisher":{"@id":"https:\/\/torredonjimenoactualidad.com\/#organization"},"articleSection":["local"],"inLanguage":"es"},{"@type":"WebPage","@id":"https:\/\/torredonjimenoactualidad.com\/index.php\/2025\/02\/19\/el-ceip-puerta-de-martos-invita-a-torredonjimeno-a-un-viaje-en-el-tiempo\/","url":"https:\/\/torredonjimenoactualidad.com\/index.php\/2025\/02\/19\/el-ceip-puerta-de-martos-invita-a-torredonjimeno-a-un-viaje-en-el-tiempo\/","name":"El CEIP Puerta de Martos invita a Torredonjimeno a un viaje en el tiempo - Torredonjimeno Actualidad","isPartOf":{"@id":"https:\/\/torredonjimenoactualidad.com\/#website"},"datePublished":"2025-02-19T15:18:36+00:00","dateModified":"2025-02-19T15:18:37+00:00","breadcrumb":{"@id":"https:\/\/torredonjimenoactualidad.com\/index.php\/2025\/02\/19\/el-ceip-puerta-de-martos-invita-a-torredonjimeno-a-un-viaje-en-el-tiempo\/#breadcrumb"},"inLanguage":"es","potentialAction":[{"@type":"ReadAction","target":["https:\/\/torredonjimenoactualidad.com\/index.php\/2025\/02\/19\/el-ceip-puerta-de-martos-invita-a-torredonjimeno-a-un-viaje-en-el-tiempo\/"]}]},{"@type":"BreadcrumbList","@id":"https:\/\/torredonjimenoactualidad.com\/index.php\/2025\/02\/19\/el-ceip-puerta-de-martos-invita-a-torredonjimeno-a-un-viaje-en-el-tiempo\/#breadcrumb","itemListElement":[{"@type":"ListItem","position":1,"name":"Portada","item":"https:\/\/torredonjimenoactualidad.com\/"},{"@type":"ListItem","position":2,"name":"El CEIP Puerta de Martos invita a Torredonjimeno a un viaje en el tiempo"}]},{"@type":"WebSite","@id":"https:\/\/torredonjimenoactualidad.com\/#website","url":"https:\/\/torredonjimenoactualidad.com\/","name":"Torredonjimeno Actualidad","description":"","publisher":{"@id":"https:\/\/torredonjimenoactualidad.com\/#organization"},"potentialAction":[{"@type":"SearchAction","target":{"@type":"EntryPoint","urlTemplate":"https:\/\/torredonjimenoactualidad.com\/?s={search_term_string}"},"query-input":"required name=search_term_string"}],"inLanguage":"es"},{"@type":"Organization","@id":"https:\/\/torredonjimenoactualidad.com\/#organization","name":"Torredonjimeno Actualidad","url":"https:\/\/torredonjimenoactualidad.com\/","logo":{"@type":"ImageObject","inLanguage":"es","@id":"https:\/\/torredonjimenoactualidad.com\/#\/schema\/logo\/image\/","url":"https:\/\/torredonjimenoactualidad.com\/wp-content\/uploads\/2023\/02\/logo-torredonjimeno-544x180-1.png","contentUrl":"https:\/\/torredonjimenoactualidad.com\/wp-content\/uploads\/2023\/02\/logo-torredonjimeno-544x180-1.png","width":545,"height":112,"caption":"Torredonjimeno Actualidad"},"image":{"@id":"https:\/\/torredonjimenoactualidad.com\/#\/schema\/logo\/image\/"}},{"@type":"Person","@id":"https:\/\/torredonjimenoactualidad.com\/#\/schema\/person\/84de5f233e783ef2c75151a532b54977","name":"Alba Mar\u00eda Torres","image":{"@type":"ImageObject","inLanguage":"es","@id":"https:\/\/torredonjimenoactualidad.com\/#\/schema\/person\/image\/","url":"https:\/\/secure.gravatar.com\/avatar\/f9371f188c71501b4475a9ba2a71595850ec72967f800a2ed8e3e2102859ed65?s=96&d=mm&r=g","contentUrl":"https:\/\/secure.gravatar.com\/avatar\/f9371f188c71501b4475a9ba2a71595850ec72967f800a2ed8e3e2102859ed65?s=96&d=mm&r=g","caption":"Alba Mar\u00eda Torres"},"url":"https:\/\/torredonjimenoactualidad.com\/index.php\/author\/alba-torres\/"}]}},"_links":{"self":[{"href":"https:\/\/torredonjimenoactualidad.com\/index.php\/wp-json\/wp\/v2\/posts\/3082","targetHints":{"allow":["GET"]}}],"collection":[{"href":"https:\/\/torredonjimenoactualidad.com\/index.php\/wp-json\/wp\/v2\/posts"}],"about":[{"href":"https:\/\/torredonjimenoactualidad.com\/index.php\/wp-json\/wp\/v2\/types\/post"}],"author":[{"embeddable":true,"href":"https:\/\/torredonjimenoactualidad.com\/index.php\/wp-json\/wp\/v2\/users\/2"}],"replies":[{"embeddable":true,"href":"https:\/\/torredonjimenoactualidad.com\/index.php\/wp-json\/wp\/v2\/comments?post=3082"}],"version-history":[{"count":1,"href":"https:\/\/torredonjimenoactualidad.com\/index.php\/wp-json\/wp\/v2\/posts\/3082\/revisions"}],"predecessor-version":[{"id":3084,"href":"https:\/\/torredonjimenoactualidad.com\/index.php\/wp-json\/wp\/v2\/posts\/3082\/revisions\/3084"}],"wp:featuredmedia":[{"embeddable":true,"href":"https:\/\/torredonjimenoactualidad.com\/index.php\/wp-json\/wp\/v2\/media\/3083"}],"wp:attachment":[{"href":"https:\/\/torredonjimenoactualidad.com\/index.php\/wp-json\/wp\/v2\/media?parent=3082"}],"wp:term":[{"taxonomy":"category","embeddable":true,"href":"https:\/\/torredonjimenoactualidad.com\/index.php\/wp-json\/wp\/v2\/categories?post=3082"},{"taxonomy":"post_tag","embeddable":true,"href":"https:\/\/torredonjimenoactualidad.com\/index.php\/wp-json\/wp\/v2\/tags?post=3082"}],"curies":[{"name":"wp","href":"https:\/\/api.w.org\/{rel}","templated":true}]}}