{"id":3079,"date":"2025-02-19T14:35:08","date_gmt":"2025-02-19T14:35:08","guid":{"rendered":"https:\/\/torredonjimenoactualidad.com\/?p=3079"},"modified":"2025-02-19T14:35:10","modified_gmt":"2025-02-19T14:35:10","slug":"aceites-vallejo-de-torredonjimeno-presente-en-la-feria-gulfood-de-dubai","status":"publish","type":"post","link":"https:\/\/torredonjimenoactualidad.com\/index.php\/2025\/02\/19\/aceites-vallejo-de-torredonjimeno-presente-en-la-feria-gulfood-de-dubai\/","title":{"rendered":"Aceites Vallejo de Torredonjimeno, presente en la feria Gulfood de Dub\u00e1i"},"content":{"rendered":"\n<p>La conocida empresa ole\u00edcola de Torredonjimeno Aceites Vallejo est\u00e1 participando en Gulfood, la feria de alimentaci\u00f3n m\u00e1s importante de Emiratos \u00c1rabes, que se celebra en Dub\u00e1i hasta el pr\u00f3ximo 21 de febrero. Este evento, que celebra su trig\u00e9sima edici\u00f3n, se ha consolidado como un punto de encuentro clave para las principales marcas del sector agroalimentario a nivel mundial.<\/p>\n\n\n\n<p>Bajo el lema \u00abLa pr\u00f3xima frontera en alimentos\u00bb, la edici\u00f3n de este a\u00f1o pone el foco en las innovaciones m\u00e1s avanzadas en materia de seguridad alimentaria y sostenibilidad. Adem\u00e1s, cuenta con la presencia de 50 chefs galardonados con estrella Michelin, quienes participan en diversas demostraciones y actividades gastron\u00f3micas de alto nivel.<\/p>\n\n\n\n<p>En representaci\u00f3n de Aceites Vallejo, Eduardo Vallejo y Jos\u00e9 Ra\u00fal Carrillo son los encargados de atender a clientes y establecer nuevos contactos en un entorno de gran proyecci\u00f3n internacional. Seg\u00fan han se\u00f1alado, la visita est\u00e1 resultando \u00abespectacular e ilusionante\u00bb, destacando el inter\u00e9s que el aceite de oliva virgen extra est\u00e1 generando entre los asistentes.<\/p>\n\n\n\n<p>La presencia de Aceites Vallejo en Gulfood refuerza su estrategia de expansi\u00f3n en los mercados internacionales, consolidando la posici\u00f3n de la empresa tosiriana en el sector del aceite de oliva y contribuyendo a la difusi\u00f3n de la excelencia del AOVE jiennense en el mundo.<\/p>\n","protected":false},"excerpt":{"rendered":"<p>La conocida empresa ole\u00edcola de Torredonjimeno Aceites Vallejo est\u00e1 participando en Gulfood, la feria de alimentaci\u00f3n m\u00e1s importante de Emiratos \u00c1rabes, que se celebra en Dub\u00e1i hasta el pr\u00f3ximo 21 de febrero. Este evento, que celebra su trig\u00e9sima edici\u00f3n, se ha consolidado como un punto de encuentro clave para las principales marcas del sector agroalimentario &hellip;<\/p>\n<p class=\"read-more\"> <a class=\"\" href=\"https:\/\/torredonjimenoactualidad.com\/index.php\/2025\/02\/19\/aceites-vallejo-de-torredonjimeno-presente-en-la-feria-gulfood-de-dubai\/\"> <span class=\"screen-reader-text\">Aceites Vallejo de Torredonjimeno, presente en la feria Gulfood de Dub\u00e1i<\/span> Leer m\u00e1s &raquo;<\/a><\/p>\n","protected":false},"author":2,"featured_media":3080,"comment_status":"closed","ping_status":"open","sticky":false,"template":"","format":"standard","meta":{"site-sidebar-layout":"default","site-content-layout":"default","ast-global-header-display":"","ast-main-header-display":"","ast-hfb-above-header-display":"","ast-hfb-below-header-display":"","ast-hfb-mobile-header-display":"","site-post-title":"","ast-breadcrumbs-content":"","ast-featured-img":"","footer-sml-layout":"","theme-transparent-header-meta":"","adv-header-id-meta":"","stick-header-meta":"","header-above-stick-meta":"","header-main-stick-meta":"","header-below-stick-meta":"","footnotes":""},"categories":[1],"tags":[],"class_list":["post-3079","post","type-post","status-publish","format-standard","has-post-thumbnail","hentry","category-sin-categoria"],"yoast_head":"<!-- This site is optimized with the Yoast SEO plugin v20.8 - https:\/\/yoast.com\/wordpress\/plugins\/seo\/ -->\n<title>Aceites Vallejo de Torredonjimeno, presente en la feria Gulfood de Dub\u00e1i - Torredonjimeno Actualidad<\/title>\n<meta name=\"robots\" content=\"index, follow, max-snippet:-1, max-image-preview:large, max-video-preview:-1\" \/>\n<link rel=\"canonical\" href=\"https:\/\/torredonjimenoactualidad.com\/index.php\/2025\/02\/19\/aceites-vallejo-de-torredonjimeno-presente-en-la-feria-gulfood-de-dubai\/\" \/>\n<meta property=\"og:locale\" content=\"es_ES\" \/>\n<meta property=\"og:type\" content=\"article\" \/>\n<meta property=\"og:title\" content=\"Aceites Vallejo de Torredonjimeno, presente en la feria Gulfood de Dub\u00e1i - Torredonjimeno Actualidad\" \/>\n<meta property=\"og:description\" content=\"La conocida empresa ole\u00edcola de Torredonjimeno Aceites Vallejo est\u00e1 participando en Gulfood, la feria de alimentaci\u00f3n m\u00e1s importante de Emiratos \u00c1rabes, que se celebra en Dub\u00e1i hasta el pr\u00f3ximo 21 de febrero. Este evento, que celebra su trig\u00e9sima edici\u00f3n, se ha consolidado como un punto de encuentro clave para las principales marcas del sector agroalimentario &hellip; Aceites Vallejo de Torredonjimeno, presente en la feria Gulfood de Dub\u00e1i Leer m\u00e1s &raquo;\" \/>\n<meta property=\"og:url\" content=\"https:\/\/torredonjimenoactualidad.com\/index.php\/2025\/02\/19\/aceites-vallejo-de-torredonjimeno-presente-en-la-feria-gulfood-de-dubai\/\" \/>\n<meta property=\"og:site_name\" content=\"Torredonjimeno Actualidad\" \/>\n<meta property=\"article:published_time\" content=\"2025-02-19T14:35:08+00:00\" \/>\n<meta property=\"article:modified_time\" content=\"2025-02-19T14:35:10+00:00\" \/>\n<meta property=\"og:image\" content=\"https:\/\/torredonjimenoactualidad.com\/wp-content\/uploads\/2025\/02\/480523289_1032409618933405_3984802903736317655_n.jpg\" \/>\n\t<meta property=\"og:image:width\" content=\"1080\" \/>\n\t<meta property=\"og:image:height\" content=\"617\" \/>\n\t<meta property=\"og:image:type\" content=\"image\/jpeg\" \/>\n<meta name=\"author\" content=\"Alba Mar\u00eda Torres\" \/>\n<meta name=\"twitter:card\" content=\"summary_large_image\" \/>\n<meta name=\"twitter:label1\" content=\"Escrito por\" \/>\n\t<meta name=\"twitter:data1\" content=\"Alba Mar\u00eda Torres\" \/>\n\t<meta name=\"twitter:label2\" content=\"Tiempo de lectura\" \/>\n\t<meta name=\"twitter:data2\" content=\"1 minuto\" \/>\n<script type=\"application\/ld+json\" class=\"yoast-schema-graph\">{\"@context\":\"https:\/\/schema.org\",\"@graph\":[{\"@type\":\"Article\",\"@id\":\"https:\/\/torredonjimenoactualidad.com\/index.php\/2025\/02\/19\/aceites-vallejo-de-torredonjimeno-presente-en-la-feria-gulfood-de-dubai\/#article\",\"isPartOf\":{\"@id\":\"https:\/\/torredonjimenoactualidad.com\/index.php\/2025\/02\/19\/aceites-vallejo-de-torredonjimeno-presente-en-la-feria-gulfood-de-dubai\/\"},\"author\":{\"name\":\"Alba Mar\u00eda Torres\",\"@id\":\"https:\/\/torredonjimenoactualidad.com\/#\/schema\/person\/84de5f233e783ef2c75151a532b54977\"},\"headline\":\"Aceites Vallejo de Torredonjimeno, presente en la feria Gulfood de Dub\u00e1i\",\"datePublished\":\"2025-02-19T14:35:08+00:00\",\"dateModified\":\"2025-02-19T14:35:10+00:00\",\"mainEntityOfPage\":{\"@id\":\"https:\/\/torredonjimenoactualidad.com\/index.php\/2025\/02\/19\/aceites-vallejo-de-torredonjimeno-presente-en-la-feria-gulfood-de-dubai\/\"},\"wordCount\":239,\"publisher\":{\"@id\":\"https:\/\/torredonjimenoactualidad.com\/#organization\"},\"inLanguage\":\"es\"},{\"@type\":\"WebPage\",\"@id\":\"https:\/\/torredonjimenoactualidad.com\/index.php\/2025\/02\/19\/aceites-vallejo-de-torredonjimeno-presente-en-la-feria-gulfood-de-dubai\/\",\"url\":\"https:\/\/torredonjimenoactualidad.com\/index.php\/2025\/02\/19\/aceites-vallejo-de-torredonjimeno-presente-en-la-feria-gulfood-de-dubai\/\",\"name\":\"Aceites Vallejo de Torredonjimeno, presente en la feria Gulfood de Dub\u00e1i - Torredonjimeno Actualidad\",\"isPartOf\":{\"@id\":\"https:\/\/torredonjimenoactualidad.com\/#website\"},\"datePublished\":\"2025-02-19T14:35:08+00:00\",\"dateModified\":\"2025-02-19T14:35:10+00:00\",\"breadcrumb\":{\"@id\":\"https:\/\/torredonjimenoactualidad.com\/index.php\/2025\/02\/19\/aceites-vallejo-de-torredonjimeno-presente-en-la-feria-gulfood-de-dubai\/#breadcrumb\"},\"inLanguage\":\"es\",\"potentialAction\":[{\"@type\":\"ReadAction\",\"target\":[\"https:\/\/torredonjimenoactualidad.com\/index.php\/2025\/02\/19\/aceites-vallejo-de-torredonjimeno-presente-en-la-feria-gulfood-de-dubai\/\"]}]},{\"@type\":\"BreadcrumbList\",\"@id\":\"https:\/\/torredonjimenoactualidad.com\/index.php\/2025\/02\/19\/aceites-vallejo-de-torredonjimeno-presente-en-la-feria-gulfood-de-dubai\/#breadcrumb\",\"itemListElement\":[{\"@type\":\"ListItem\",\"position\":1,\"name\":\"Portada\",\"item\":\"https:\/\/torredonjimenoactualidad.com\/\"},{\"@type\":\"ListItem\",\"position\":2,\"name\":\"Aceites Vallejo de Torredonjimeno, presente en la feria Gulfood de Dub\u00e1i\"}]},{\"@type\":\"WebSite\",\"@id\":\"https:\/\/torredonjimenoactualidad.com\/#website\",\"url\":\"https:\/\/torredonjimenoactualidad.com\/\",\"name\":\"Torredonjimeno Actualidad\",\"description\":\"\",\"publisher\":{\"@id\":\"https:\/\/torredonjimenoactualidad.com\/#organization\"},\"potentialAction\":[{\"@type\":\"SearchAction\",\"target\":{\"@type\":\"EntryPoint\",\"urlTemplate\":\"https:\/\/torredonjimenoactualidad.com\/?s={search_term_string}\"},\"query-input\":\"required name=search_term_string\"}],\"inLanguage\":\"es\"},{\"@type\":\"Organization\",\"@id\":\"https:\/\/torredonjimenoactualidad.com\/#organization\",\"name\":\"Torredonjimeno Actualidad\",\"url\":\"https:\/\/torredonjimenoactualidad.com\/\",\"logo\":{\"@type\":\"ImageObject\",\"inLanguage\":\"es\",\"@id\":\"https:\/\/torredonjimenoactualidad.com\/#\/schema\/logo\/image\/\",\"url\":\"https:\/\/torredonjimenoactualidad.com\/wp-content\/uploads\/2023\/02\/logo-torredonjimeno-544x180-1.png\",\"contentUrl\":\"https:\/\/torredonjimenoactualidad.com\/wp-content\/uploads\/2023\/02\/logo-torredonjimeno-544x180-1.png\",\"width\":545,\"height\":112,\"caption\":\"Torredonjimeno Actualidad\"},\"image\":{\"@id\":\"https:\/\/torredonjimenoactualidad.com\/#\/schema\/logo\/image\/\"}},{\"@type\":\"Person\",\"@id\":\"https:\/\/torredonjimenoactualidad.com\/#\/schema\/person\/84de5f233e783ef2c75151a532b54977\",\"name\":\"Alba Mar\u00eda Torres\",\"image\":{\"@type\":\"ImageObject\",\"inLanguage\":\"es\",\"@id\":\"https:\/\/torredonjimenoactualidad.com\/#\/schema\/person\/image\/\",\"url\":\"https:\/\/secure.gravatar.com\/avatar\/f9371f188c71501b4475a9ba2a71595850ec72967f800a2ed8e3e2102859ed65?s=96&d=mm&r=g\",\"contentUrl\":\"https:\/\/secure.gravatar.com\/avatar\/f9371f188c71501b4475a9ba2a71595850ec72967f800a2ed8e3e2102859ed65?s=96&d=mm&r=g\",\"caption\":\"Alba Mar\u00eda Torres\"},\"url\":\"https:\/\/torredonjimenoactualidad.com\/index.php\/author\/alba-torres\/\"}]}<\/script>\n<!-- \/ Yoast SEO plugin. -->","yoast_head_json":{"title":"Aceites Vallejo de Torredonjimeno, presente en la feria Gulfood de Dub\u00e1i - Torredonjimeno Actualidad","robots":{"index":"index","follow":"follow","max-snippet":"max-snippet:-1","max-image-preview":"max-image-preview:large","max-video-preview":"max-video-preview:-1"},"canonical":"https:\/\/torredonjimenoactualidad.com\/index.php\/2025\/02\/19\/aceites-vallejo-de-torredonjimeno-presente-en-la-feria-gulfood-de-dubai\/","og_locale":"es_ES","og_type":"article","og_title":"Aceites Vallejo de Torredonjimeno, presente en la feria Gulfood de Dub\u00e1i - Torredonjimeno Actualidad","og_description":"La conocida empresa ole\u00edcola de Torredonjimeno Aceites Vallejo est\u00e1 participando en Gulfood, la feria de alimentaci\u00f3n m\u00e1s importante de Emiratos \u00c1rabes, que se celebra en Dub\u00e1i hasta el pr\u00f3ximo 21 de febrero. Este evento, que celebra su trig\u00e9sima edici\u00f3n, se ha consolidado como un punto de encuentro clave para las principales marcas del sector agroalimentario &hellip; Aceites Vallejo de Torredonjimeno, presente en la feria Gulfood de Dub\u00e1i Leer m\u00e1s &raquo;","og_url":"https:\/\/torredonjimenoactualidad.com\/index.php\/2025\/02\/19\/aceites-vallejo-de-torredonjimeno-presente-en-la-feria-gulfood-de-dubai\/","og_site_name":"Torredonjimeno Actualidad","article_published_time":"2025-02-19T14:35:08+00:00","article_modified_time":"2025-02-19T14:35:10+00:00","og_image":[{"width":1080,"height":617,"url":"https:\/\/torredonjimenoactualidad.com\/wp-content\/uploads\/2025\/02\/480523289_1032409618933405_3984802903736317655_n.jpg","type":"image\/jpeg"}],"author":"Alba Mar\u00eda Torres","twitter_card":"summary_large_image","twitter_misc":{"Escrito por":"Alba Mar\u00eda Torres","Tiempo de lectura":"1 minuto"},"schema":{"@context":"https:\/\/schema.org","@graph":[{"@type":"Article","@id":"https:\/\/torredonjimenoactualidad.com\/index.php\/2025\/02\/19\/aceites-vallejo-de-torredonjimeno-presente-en-la-feria-gulfood-de-dubai\/#article","isPartOf":{"@id":"https:\/\/torredonjimenoactualidad.com\/index.php\/2025\/02\/19\/aceites-vallejo-de-torredonjimeno-presente-en-la-feria-gulfood-de-dubai\/"},"author":{"name":"Alba Mar\u00eda Torres","@id":"https:\/\/torredonjimenoactualidad.com\/#\/schema\/person\/84de5f233e783ef2c75151a532b54977"},"headline":"Aceites Vallejo de Torredonjimeno, presente en la feria Gulfood de Dub\u00e1i","datePublished":"2025-02-19T14:35:08+00:00","dateModified":"2025-02-19T14:35:10+00:00","mainEntityOfPage":{"@id":"https:\/\/torredonjimenoactualidad.com\/index.php\/2025\/02\/19\/aceites-vallejo-de-torredonjimeno-presente-en-la-feria-gulfood-de-dubai\/"},"wordCount":239,"publisher":{"@id":"https:\/\/torredonjimenoactualidad.com\/#organization"},"inLanguage":"es"},{"@type":"WebPage","@id":"https:\/\/torredonjimenoactualidad.com\/index.php\/2025\/02\/19\/aceites-vallejo-de-torredonjimeno-presente-en-la-feria-gulfood-de-dubai\/","url":"https:\/\/torredonjimenoactualidad.com\/index.php\/2025\/02\/19\/aceites-vallejo-de-torredonjimeno-presente-en-la-feria-gulfood-de-dubai\/","name":"Aceites Vallejo de Torredonjimeno, presente en la feria Gulfood de Dub\u00e1i - Torredonjimeno Actualidad","isPartOf":{"@id":"https:\/\/torredonjimenoactualidad.com\/#website"},"datePublished":"2025-02-19T14:35:08+00:00","dateModified":"2025-02-19T14:35:10+00:00","breadcrumb":{"@id":"https:\/\/torredonjimenoactualidad.com\/index.php\/2025\/02\/19\/aceites-vallejo-de-torredonjimeno-presente-en-la-feria-gulfood-de-dubai\/#breadcrumb"},"inLanguage":"es","potentialAction":[{"@type":"ReadAction","target":["https:\/\/torredonjimenoactualidad.com\/index.php\/2025\/02\/19\/aceites-vallejo-de-torredonjimeno-presente-en-la-feria-gulfood-de-dubai\/"]}]},{"@type":"BreadcrumbList","@id":"https:\/\/torredonjimenoactualidad.com\/index.php\/2025\/02\/19\/aceites-vallejo-de-torredonjimeno-presente-en-la-feria-gulfood-de-dubai\/#breadcrumb","itemListElement":[{"@type":"ListItem","position":1,"name":"Portada","item":"https:\/\/torredonjimenoactualidad.com\/"},{"@type":"ListItem","position":2,"name":"Aceites Vallejo de Torredonjimeno, presente en la feria Gulfood de Dub\u00e1i"}]},{"@type":"WebSite","@id":"https:\/\/torredonjimenoactualidad.com\/#website","url":"https:\/\/torredonjimenoactualidad.com\/","name":"Torredonjimeno Actualidad","description":"","publisher":{"@id":"https:\/\/torredonjimenoactualidad.com\/#organization"},"potentialAction":[{"@type":"SearchAction","target":{"@type":"EntryPoint","urlTemplate":"https:\/\/torredonjimenoactualidad.com\/?s={search_term_string}"},"query-input":"required name=search_term_string"}],"inLanguage":"es"},{"@type":"Organization","@id":"https:\/\/torredonjimenoactualidad.com\/#organization","name":"Torredonjimeno Actualidad","url":"https:\/\/torredonjimenoactualidad.com\/","logo":{"@type":"ImageObject","inLanguage":"es","@id":"https:\/\/torredonjimenoactualidad.com\/#\/schema\/logo\/image\/","url":"https:\/\/torredonjimenoactualidad.com\/wp-content\/uploads\/2023\/02\/logo-torredonjimeno-544x180-1.png","contentUrl":"https:\/\/torredonjimenoactualidad.com\/wp-content\/uploads\/2023\/02\/logo-torredonjimeno-544x180-1.png","width":545,"height":112,"caption":"Torredonjimeno Actualidad"},"image":{"@id":"https:\/\/torredonjimenoactualidad.com\/#\/schema\/logo\/image\/"}},{"@type":"Person","@id":"https:\/\/torredonjimenoactualidad.com\/#\/schema\/person\/84de5f233e783ef2c75151a532b54977","name":"Alba Mar\u00eda Torres","image":{"@type":"ImageObject","inLanguage":"es","@id":"https:\/\/torredonjimenoactualidad.com\/#\/schema\/person\/image\/","url":"https:\/\/secure.gravatar.com\/avatar\/f9371f188c71501b4475a9ba2a71595850ec72967f800a2ed8e3e2102859ed65?s=96&d=mm&r=g","contentUrl":"https:\/\/secure.gravatar.com\/avatar\/f9371f188c71501b4475a9ba2a71595850ec72967f800a2ed8e3e2102859ed65?s=96&d=mm&r=g","caption":"Alba Mar\u00eda Torres"},"url":"https:\/\/torredonjimenoactualidad.com\/index.php\/author\/alba-torres\/"}]}},"_links":{"self":[{"href":"https:\/\/torredonjimenoactualidad.com\/index.php\/wp-json\/wp\/v2\/posts\/3079","targetHints":{"allow":["GET"]}}],"collection":[{"href":"https:\/\/torredonjimenoactualidad.com\/index.php\/wp-json\/wp\/v2\/posts"}],"about":[{"href":"https:\/\/torredonjimenoactualidad.com\/index.php\/wp-json\/wp\/v2\/types\/post"}],"author":[{"embeddable":true,"href":"https:\/\/torredonjimenoactualidad.com\/index.php\/wp-json\/wp\/v2\/users\/2"}],"replies":[{"embeddable":true,"href":"https:\/\/torredonjimenoactualidad.com\/index.php\/wp-json\/wp\/v2\/comments?post=3079"}],"version-history":[{"count":1,"href":"https:\/\/torredonjimenoactualidad.com\/index.php\/wp-json\/wp\/v2\/posts\/3079\/revisions"}],"predecessor-version":[{"id":3081,"href":"https:\/\/torredonjimenoactualidad.com\/index.php\/wp-json\/wp\/v2\/posts\/3079\/revisions\/3081"}],"wp:featuredmedia":[{"embeddable":true,"href":"https:\/\/torredonjimenoactualidad.com\/index.php\/wp-json\/wp\/v2\/media\/3080"}],"wp:attachment":[{"href":"https:\/\/torredonjimenoactualidad.com\/index.php\/wp-json\/wp\/v2\/media?parent=3079"}],"wp:term":[{"taxonomy":"category","embeddable":true,"href":"https:\/\/torredonjimenoactualidad.com\/index.php\/wp-json\/wp\/v2\/categories?post=3079"},{"taxonomy":"post_tag","embeddable":true,"href":"https:\/\/torredonjimenoactualidad.com\/index.php\/wp-json\/wp\/v2\/tags?post=3079"}],"curies":[{"name":"wp","href":"https:\/\/api.w.org\/{rel}","templated":true}]}}