{"id":3035,"date":"2025-02-07T13:19:01","date_gmt":"2025-02-07T13:19:01","guid":{"rendered":"https:\/\/torredonjimenoactualidad.com\/?p=3035"},"modified":"2025-02-07T13:19:03","modified_gmt":"2025-02-07T13:19:03","slug":"la-diputacion-destina-mas-de-13-millones-de-euros-a-su-plan-de-empleo-y-empresa-de-2025","status":"publish","type":"post","link":"https:\/\/torredonjimenoactualidad.com\/index.php\/2025\/02\/07\/la-diputacion-destina-mas-de-13-millones-de-euros-a-su-plan-de-empleo-y-empresa-de-2025\/","title":{"rendered":"La Diputaci\u00f3n destina m\u00e1s de 13 millones de euros a su Plan de Empleo y Empresa de 2025"},"content":{"rendered":"\n<p>El presidente de la Diputaci\u00f3n de Ja\u00e9n, Francisco Reyes, ha presentado este viernes el Plan de Empleo y Empresa 2025, que estar\u00e1 dotado con m\u00e1s de 13 millones de euros y que se traducir\u00e1 en 33 medidas, proyectos y acciones.<\/p>\n\n\n\n<p>As\u00ed lo ha sintetizado Reyes en un acto en el que ha estado acompa\u00f1ado por el diputado de Empleo y Empresa, Luis Miguel Carmona, y la diputada de Fondos Europeos y Geolit, Lourdes Mart\u00ednez, y en el que ha subrayado \u00abel gran esfuerzo inversor\u00bb que lleva haciendo la Administraci\u00f3n provincial desde 2012.<\/p>\n\n\n\n<p>Ese a\u00f1o, empez\u00f3 a poner en marcha planes de empleo como este, \u00abpese a no tener competencias, ni delegaci\u00f3n ni financiaci\u00f3n en materia de pol\u00edticas de empleo\u00bb. \u00abY tambi\u00e9n pese a que contamos con un presupuesto muy limitado, que representa apenas el 0,75 por ciento del presupuesto de la Junta de Andaluc\u00eda, que s\u00ed tiene competencias en pol\u00edticas activas de empleo\u00bb, ha a\u00f1adido.<\/p>\n\n\n\n<p>Reyes ha asegurado que ese \u00abgran esfuerzo\u00bb en materia de empleo es a\u00fan m\u00e1s importante si se suma la cantidad que la Diputaci\u00f3n \u00abdestina nuevamente este a\u00f1o al Plan Especial de Empleo para generar jornales en los municipios, que est\u00e1 dotado con tres millones de euros debido a que esta campa\u00f1a ole\u00edcola ha sido mejor que las dos anteriores\u00bb.<\/p>\n\n\n\n<p>En total, seg\u00fan ha precisado, son \u00abm\u00e1s de 16 millones de euros destinados este a\u00f1o a planes de empleo\u00bb. \u00abEsta inversi\u00f3n deja claro el compromiso que tenemos desde la Diputaci\u00f3n para dar respuesta a las necesidades de nuestra provincia y a las preocupaciones de los vecinos y vecinas. Y el empleo lo es\u00bb, ha asegurado.<\/p>\n\n\n\n<p>El presidente de la Diputaci\u00f3n, adem\u00e1s, ha se\u00f1alado que los datos de desempleo y de personas ocupadas han mejorado en los \u00faltimos a\u00f1os \u00abgracias a las pol\u00edticas econ\u00f3micas y de empleo del Gobierno de Espa\u00f1a, que est\u00e1n dando sus frutos\u00bb. En todo caso, ha resaltado que \u00abno hay que conformarse, siempre se puede mejorar y hay que seguir trabajando\u00bb.<\/p>\n\n\n\n<h2 class=\"wp-block-heading\">OBJETIVOS<\/h2>\n\n\n\n<p>De ah\u00ed que este a\u00f1o se haya vuelto a promover este Plan de Empleo y Empresa que incluye m\u00e1s de una treintena de medidas con las que se busca mejorar la cualificaci\u00f3n de los desempleados, \u00abespecialmente los colectivos m\u00e1s vulnerables como mujeres, j\u00f3venes o personas en riesgo de exclusi\u00f3n social\u00bb.<\/p>\n\n\n\n<p>Tambi\u00e9n tiene como objetivos retener y atraer el talento de la provincia; impulsar el emprendimiento y la competitividad de las empresas jiennenses y contribuir a desarrollar un ecosistema empresarial atractivo a trav\u00e9s del fortalecimiento del tejido empresarial, la atracci\u00f3n de inversiones y la captaci\u00f3n de fondos europeos.<\/p>\n\n\n\n<p>\u00abEn definitiva, lo que pretendemos es favorecer que se fije la poblaci\u00f3n en el territorio, consolidar a Ja\u00e9n como una tierra de oportunidades y saber aprovecharlas\u00bb, ha manifestado Reyes.<\/p>\n\n\n\n<p>En este contexto, ese ha detenido especialmente en \u00abla oportunidad que supone el Cetedex\u00bb, Centro Tecnol\u00f3gico de Desarrollo y Experimentaci\u00f3n que promueve el Ministerio de Defensa en la capital jiennense.<\/p>\n\n\n\n<p>\u00abYa est\u00e1 dando sus primeros frutos con empresas y proyectos vinculados de alguna manera a esta iniciativa que se van a instalar en nuestra provincia, caso de la firma Escribano en Linares, o el centro tecnol\u00f3gico de I+D de SAPA Placencia\u00bb, ha resaltado.<\/p>\n\n\n\n<h2 class=\"wp-block-heading\">CUATRO EJES<\/h2>\n\n\n\n<p>Tras esbozar la filosof\u00eda del Plan de Empleo y Empresa 2025, Reyes ha desgranado sus cuatro ejes y las principales medidas que se incluyen en cada uno. El primero de ellos, dotado con 425.000 euros, est\u00e1 centrado en favorecer el emprendimiento y la competitividad de las empresas.<\/p>\n\n\n\n<p>En este bloque se incluyen iniciativas como las ayudas al emprendimiento de j\u00f3venes titulados universitarios y de FP superior, incentivos para la promoci\u00f3n del empleo en municipios y entidades privadas de la provincia, el Foro Lince o los Premios Emprende e Innova en Desarrollo Sostenible.<\/p>\n\n\n\n<p>La segunda l\u00ednea de este plan, centrada en la mejora de la cualificaci\u00f3n profesional y las habilidades personales de las personas desempleadas, es la que tiene una mayor dotaci\u00f3n presupuestaria, m\u00e1s de siete millones de euros.<\/p>\n\n\n\n<p>Entre otros, incluye programas como el Proempleo 8, para facilitar pr\u00e1cticas profesionales a personas demandantes de empleo y que beneficiar\u00e1 a unos 1.300 usuarios, o el programa de Capacitaci\u00f3n Digital, con 1,56 millones de euros de presupuesto y llegar\u00e1 a unas 8.000 personas.<\/p>\n\n\n\n<p>Igualmente, recoge Pryectos Integrales para la Inserci\u00f3n Laboral, dotado con 568.000 euros y dirigido a los j\u00f3venes y desempleados en situaci\u00f3n de vulnerabilidad; 200.000 euros para el programa de Experiencias Profesionales para el Empleo y 153.000 euros para la Oficina Andaluc\u00eda Orienta en los municipios de Porcuna, Lopera y Lahiguera.<\/p>\n\n\n\n<h2 class=\"wp-block-heading\">TALENTO<\/h2>\n\n\n\n<p>El tercer bloque del Plan de Empleo y Empresa de este a\u00f1o gira en torno \u00aba la prioridad de retener y atraer talento a la provincia, porque es muy importante el esfuerzo formativo que se hace y hay que intentar que se quede o regrese a Ja\u00e9n\u00bb.<\/p>\n\n\n\n<p>En este eje, que tiene consignados m\u00e1s de 1,2 millones de euros, se contemplan medidas como Ja\u00e9n+, que consistir\u00e1 en 150 ayudas a personas reci\u00e9n tituladas y alumnado de la provincia de FP de Grado Medio y tiene un presupuesto superior a los 714.000 euros.<\/p>\n\n\n\n<p>Tambi\u00e9n incluye; Talentium Ja\u00e9n, para estancias profesionales en empresas de Bruselas a personas desempleadas postgraduadas (202.500 euros) y Talentium Empresa, con el que se busca que empresas jiennenses aprovechen el talento juvenil (300.000 euros).<\/p>\n\n\n\n<p>El cuarto y \u00faltimo bloque tiene como principal objetivo desarrollar un ecosistema empresarial atractivo para la generaci\u00f3n de actividad econ\u00f3mica y empleo. En este apartado, que suma un presupuesto global de casi cinco millones, hay numerosas iniciativas, como la mejora de las instalaciones de Geolit para acoger a m\u00e1s empresas o la consolidaci\u00f3n de la Incubadora de Alta Tecnolog\u00eda Martriz, que ya alberga a m\u00e1s de 20 firmas.<\/p>\n\n\n\n<p>Adem\u00e1s, se mantendr\u00e1 el apoyo econ\u00f3mico a los cinco centros tecnol\u00f3gicos de la provincia; se respaldar\u00e1 con 200.000 euros a entidades y asociaciones que promuevan el desarrollo econ\u00f3mico y empresarial; se ayudar\u00e1 a ayuntamientos con una partida de un mill\u00f3n de euros para que impulsen espacios productivos; continuar\u00e1 la labor de la Oficina Acelera Pyme Rural o se ejecutar\u00e1 el programa Ja\u00e9n territorio inteligente, con 600.000 euros que se repartir\u00e1n entre 68 municipios.<\/p>\n\n\n\n<h2 class=\"wp-block-heading\">PLATAFORMA<\/h2>\n\n\n\n<p>A todas estas iniciativas, el presidente de la Diputaci\u00f3n ha sumado el trabajo que se seguir\u00e1 realizando a trav\u00e9s de la plataforma Ja\u00e9n por Industria, a la que ya se han adherido m\u00e1s de 200 empresas; la colaboraci\u00f3n que se mantendr\u00e1 con las C\u00e1maras de Comercio de la provincia o la Oficina Cetedex.<\/p>\n\n\n\n<p>Asimismo, se mantiene la Oficina de Fondos Europeos. \u00abVamos a seguir trabajando para captar fondos europeos en el nuevo marco comunitario e incrementar as\u00ed los casi 378 millones de euros que se han comprometido para la provincia\u00bb, ha asegurado.<\/p>\n\n\n\n<p>Para Reyes, estas \u00abnumerosas medidas\u00bb demuestran \u00abel amplio esfuerzo\u00bb de la Diputaci\u00f3n por intentar llegar a todo el territorio jienennse y que sus empresas \u00absepan que cuentan con una administraci\u00f3n que puede echarles una mano\u00bb.<\/p>\n\n\n\n<p>Como resultado de ese esfuerzo, ha puesto de ejemplo \u00ablos frutos que dio el Plan de Empleo y Empresa del a\u00f1o pasado\u00bb. \u00abPermiti\u00f3 que m\u00e1s de 3.000 personas, empresas y entidades se acogieran a los distintos proyectos incluidos en este plan y se generaran m\u00e1s de 300 puestos de trabajo\u00bb, ha concluido.<\/p>\n","protected":false},"excerpt":{"rendered":"<p>El presidente de la Diputaci\u00f3n de Ja\u00e9n, Francisco Reyes, ha presentado este viernes el Plan de Empleo y Empresa 2025, que estar\u00e1 dotado con m\u00e1s de 13 millones de euros y que se traducir\u00e1 en 33 medidas, proyectos y acciones. As\u00ed lo ha sintetizado Reyes en un acto en el que ha estado acompa\u00f1ado por &hellip;<\/p>\n<p class=\"read-more\"> <a class=\"\" href=\"https:\/\/torredonjimenoactualidad.com\/index.php\/2025\/02\/07\/la-diputacion-destina-mas-de-13-millones-de-euros-a-su-plan-de-empleo-y-empresa-de-2025\/\"> <span class=\"screen-reader-text\">La Diputaci\u00f3n destina m\u00e1s de 13 millones de euros a su Plan de Empleo y Empresa de 2025<\/span> Leer m\u00e1s &raquo;<\/a><\/p>\n","protected":false},"author":3,"featured_media":3036,"comment_status":"closed","ping_status":"open","sticky":false,"template":"","format":"standard","meta":{"site-sidebar-layout":"default","site-content-layout":"default","ast-global-header-display":"","ast-main-header-display":"","ast-hfb-above-header-display":"","ast-hfb-below-header-display":"","ast-hfb-mobile-header-display":"","site-post-title":"","ast-breadcrumbs-content":"","ast-featured-img":"","footer-sml-layout":"","theme-transparent-header-meta":"","adv-header-id-meta":"","stick-header-meta":"","header-above-stick-meta":"","header-main-stick-meta":"","header-below-stick-meta":"","footnotes":""},"categories":[1],"tags":[],"class_list":["post-3035","post","type-post","status-publish","format-standard","has-post-thumbnail","hentry","category-sin-categoria"],"yoast_head":"<!-- This site is optimized with the Yoast SEO plugin v20.8 - https:\/\/yoast.com\/wordpress\/plugins\/seo\/ -->\n<title>La Diputaci\u00f3n destina m\u00e1s de 13 millones de euros a su Plan de Empleo y Empresa de 2025 - Torredonjimeno Actualidad<\/title>\n<meta name=\"robots\" content=\"index, follow, max-snippet:-1, max-image-preview:large, max-video-preview:-1\" \/>\n<link rel=\"canonical\" href=\"https:\/\/torredonjimenoactualidad.com\/index.php\/2025\/02\/07\/la-diputacion-destina-mas-de-13-millones-de-euros-a-su-plan-de-empleo-y-empresa-de-2025\/\" \/>\n<meta property=\"og:locale\" content=\"es_ES\" \/>\n<meta property=\"og:type\" content=\"article\" \/>\n<meta property=\"og:title\" content=\"La Diputaci\u00f3n destina m\u00e1s de 13 millones de euros a su Plan de Empleo y Empresa de 2025 - Torredonjimeno Actualidad\" \/>\n<meta property=\"og:description\" content=\"El presidente de la Diputaci\u00f3n de Ja\u00e9n, Francisco Reyes, ha presentado este viernes el Plan de Empleo y Empresa 2025, que estar\u00e1 dotado con m\u00e1s de 13 millones de euros y que se traducir\u00e1 en 33 medidas, proyectos y acciones. As\u00ed lo ha sintetizado Reyes en un acto en el que ha estado acompa\u00f1ado por &hellip; La Diputaci\u00f3n destina m\u00e1s de 13 millones de euros a su Plan de Empleo y Empresa de 2025 Leer m\u00e1s &raquo;\" \/>\n<meta property=\"og:url\" content=\"https:\/\/torredonjimenoactualidad.com\/index.php\/2025\/02\/07\/la-diputacion-destina-mas-de-13-millones-de-euros-a-su-plan-de-empleo-y-empresa-de-2025\/\" \/>\n<meta property=\"og:site_name\" content=\"Torredonjimeno Actualidad\" \/>\n<meta property=\"article:published_time\" content=\"2025-02-07T13:19:01+00:00\" \/>\n<meta property=\"article:modified_time\" content=\"2025-02-07T13:19:03+00:00\" \/>\n<meta property=\"og:image\" content=\"https:\/\/torredonjimenoactualidad.com\/wp-content\/uploads\/2025\/02\/fotonoticia_20250207134317_1920.jpg\" \/>\n\t<meta property=\"og:image:width\" content=\"1541\" \/>\n\t<meta property=\"og:image:height\" content=\"881\" \/>\n\t<meta property=\"og:image:type\" content=\"image\/jpeg\" \/>\n<meta name=\"author\" content=\"Redaccion\" \/>\n<meta name=\"twitter:card\" content=\"summary_large_image\" \/>\n<meta name=\"twitter:label1\" content=\"Escrito por\" \/>\n\t<meta name=\"twitter:data1\" content=\"Redaccion\" \/>\n\t<meta name=\"twitter:label2\" content=\"Tiempo de lectura\" \/>\n\t<meta name=\"twitter:data2\" content=\"6 minutos\" \/>\n<script type=\"application\/ld+json\" class=\"yoast-schema-graph\">{\"@context\":\"https:\/\/schema.org\",\"@graph\":[{\"@type\":\"Article\",\"@id\":\"https:\/\/torredonjimenoactualidad.com\/index.php\/2025\/02\/07\/la-diputacion-destina-mas-de-13-millones-de-euros-a-su-plan-de-empleo-y-empresa-de-2025\/#article\",\"isPartOf\":{\"@id\":\"https:\/\/torredonjimenoactualidad.com\/index.php\/2025\/02\/07\/la-diputacion-destina-mas-de-13-millones-de-euros-a-su-plan-de-empleo-y-empresa-de-2025\/\"},\"author\":{\"name\":\"Redaccion\",\"@id\":\"https:\/\/torredonjimenoactualidad.com\/#\/schema\/person\/11f05803cdf40dbeb7f4fbf2365c9ac5\"},\"headline\":\"La Diputaci\u00f3n destina m\u00e1s de 13 millones de euros a su Plan de Empleo y Empresa de 2025\",\"datePublished\":\"2025-02-07T13:19:01+00:00\",\"dateModified\":\"2025-02-07T13:19:03+00:00\",\"mainEntityOfPage\":{\"@id\":\"https:\/\/torredonjimenoactualidad.com\/index.php\/2025\/02\/07\/la-diputacion-destina-mas-de-13-millones-de-euros-a-su-plan-de-empleo-y-empresa-de-2025\/\"},\"wordCount\":1282,\"publisher\":{\"@id\":\"https:\/\/torredonjimenoactualidad.com\/#organization\"},\"inLanguage\":\"es\"},{\"@type\":\"WebPage\",\"@id\":\"https:\/\/torredonjimenoactualidad.com\/index.php\/2025\/02\/07\/la-diputacion-destina-mas-de-13-millones-de-euros-a-su-plan-de-empleo-y-empresa-de-2025\/\",\"url\":\"https:\/\/torredonjimenoactualidad.com\/index.php\/2025\/02\/07\/la-diputacion-destina-mas-de-13-millones-de-euros-a-su-plan-de-empleo-y-empresa-de-2025\/\",\"name\":\"La Diputaci\u00f3n destina m\u00e1s de 13 millones de euros a su Plan de Empleo y Empresa de 2025 - Torredonjimeno Actualidad\",\"isPartOf\":{\"@id\":\"https:\/\/torredonjimenoactualidad.com\/#website\"},\"datePublished\":\"2025-02-07T13:19:01+00:00\",\"dateModified\":\"2025-02-07T13:19:03+00:00\",\"breadcrumb\":{\"@id\":\"https:\/\/torredonjimenoactualidad.com\/index.php\/2025\/02\/07\/la-diputacion-destina-mas-de-13-millones-de-euros-a-su-plan-de-empleo-y-empresa-de-2025\/#breadcrumb\"},\"inLanguage\":\"es\",\"potentialAction\":[{\"@type\":\"ReadAction\",\"target\":[\"https:\/\/torredonjimenoactualidad.com\/index.php\/2025\/02\/07\/la-diputacion-destina-mas-de-13-millones-de-euros-a-su-plan-de-empleo-y-empresa-de-2025\/\"]}]},{\"@type\":\"BreadcrumbList\",\"@id\":\"https:\/\/torredonjimenoactualidad.com\/index.php\/2025\/02\/07\/la-diputacion-destina-mas-de-13-millones-de-euros-a-su-plan-de-empleo-y-empresa-de-2025\/#breadcrumb\",\"itemListElement\":[{\"@type\":\"ListItem\",\"position\":1,\"name\":\"Portada\",\"item\":\"https:\/\/torredonjimenoactualidad.com\/\"},{\"@type\":\"ListItem\",\"position\":2,\"name\":\"La Diputaci\u00f3n destina m\u00e1s de 13 millones de euros a su Plan de Empleo y Empresa de 2025\"}]},{\"@type\":\"WebSite\",\"@id\":\"https:\/\/torredonjimenoactualidad.com\/#website\",\"url\":\"https:\/\/torredonjimenoactualidad.com\/\",\"name\":\"Torredonjimeno Actualidad\",\"description\":\"\",\"publisher\":{\"@id\":\"https:\/\/torredonjimenoactualidad.com\/#organization\"},\"potentialAction\":[{\"@type\":\"SearchAction\",\"target\":{\"@type\":\"EntryPoint\",\"urlTemplate\":\"https:\/\/torredonjimenoactualidad.com\/?s={search_term_string}\"},\"query-input\":\"required name=search_term_string\"}],\"inLanguage\":\"es\"},{\"@type\":\"Organization\",\"@id\":\"https:\/\/torredonjimenoactualidad.com\/#organization\",\"name\":\"Torredonjimeno Actualidad\",\"url\":\"https:\/\/torredonjimenoactualidad.com\/\",\"logo\":{\"@type\":\"ImageObject\",\"inLanguage\":\"es\",\"@id\":\"https:\/\/torredonjimenoactualidad.com\/#\/schema\/logo\/image\/\",\"url\":\"https:\/\/torredonjimenoactualidad.com\/wp-content\/uploads\/2023\/02\/logo-torredonjimeno-544x180-1.png\",\"contentUrl\":\"https:\/\/torredonjimenoactualidad.com\/wp-content\/uploads\/2023\/02\/logo-torredonjimeno-544x180-1.png\",\"width\":545,\"height\":112,\"caption\":\"Torredonjimeno Actualidad\"},\"image\":{\"@id\":\"https:\/\/torredonjimenoactualidad.com\/#\/schema\/logo\/image\/\"}},{\"@type\":\"Person\",\"@id\":\"https:\/\/torredonjimenoactualidad.com\/#\/schema\/person\/11f05803cdf40dbeb7f4fbf2365c9ac5\",\"name\":\"Redaccion\",\"image\":{\"@type\":\"ImageObject\",\"inLanguage\":\"es\",\"@id\":\"https:\/\/torredonjimenoactualidad.com\/#\/schema\/person\/image\/\",\"url\":\"https:\/\/secure.gravatar.com\/avatar\/5917bab7eff43e17746fd29b509939469470810b6b989b7cc2f89e3188399bf3?s=96&d=mm&r=g\",\"contentUrl\":\"https:\/\/secure.gravatar.com\/avatar\/5917bab7eff43e17746fd29b509939469470810b6b989b7cc2f89e3188399bf3?s=96&d=mm&r=g\",\"caption\":\"Redaccion\"},\"url\":\"https:\/\/torredonjimenoactualidad.com\/index.php\/author\/jose-bueno\/\"}]}<\/script>\n<!-- \/ Yoast SEO plugin. -->","yoast_head_json":{"title":"La Diputaci\u00f3n destina m\u00e1s de 13 millones de euros a su Plan de Empleo y Empresa de 2025 - Torredonjimeno Actualidad","robots":{"index":"index","follow":"follow","max-snippet":"max-snippet:-1","max-image-preview":"max-image-preview:large","max-video-preview":"max-video-preview:-1"},"canonical":"https:\/\/torredonjimenoactualidad.com\/index.php\/2025\/02\/07\/la-diputacion-destina-mas-de-13-millones-de-euros-a-su-plan-de-empleo-y-empresa-de-2025\/","og_locale":"es_ES","og_type":"article","og_title":"La Diputaci\u00f3n destina m\u00e1s de 13 millones de euros a su Plan de Empleo y Empresa de 2025 - Torredonjimeno Actualidad","og_description":"El presidente de la Diputaci\u00f3n de Ja\u00e9n, Francisco Reyes, ha presentado este viernes el Plan de Empleo y Empresa 2025, que estar\u00e1 dotado con m\u00e1s de 13 millones de euros y que se traducir\u00e1 en 33 medidas, proyectos y acciones. As\u00ed lo ha sintetizado Reyes en un acto en el que ha estado acompa\u00f1ado por &hellip; La Diputaci\u00f3n destina m\u00e1s de 13 millones de euros a su Plan de Empleo y Empresa de 2025 Leer m\u00e1s &raquo;","og_url":"https:\/\/torredonjimenoactualidad.com\/index.php\/2025\/02\/07\/la-diputacion-destina-mas-de-13-millones-de-euros-a-su-plan-de-empleo-y-empresa-de-2025\/","og_site_name":"Torredonjimeno Actualidad","article_published_time":"2025-02-07T13:19:01+00:00","article_modified_time":"2025-02-07T13:19:03+00:00","og_image":[{"width":1541,"height":881,"url":"https:\/\/torredonjimenoactualidad.com\/wp-content\/uploads\/2025\/02\/fotonoticia_20250207134317_1920.jpg","type":"image\/jpeg"}],"author":"Redaccion","twitter_card":"summary_large_image","twitter_misc":{"Escrito por":"Redaccion","Tiempo de lectura":"6 minutos"},"schema":{"@context":"https:\/\/schema.org","@graph":[{"@type":"Article","@id":"https:\/\/torredonjimenoactualidad.com\/index.php\/2025\/02\/07\/la-diputacion-destina-mas-de-13-millones-de-euros-a-su-plan-de-empleo-y-empresa-de-2025\/#article","isPartOf":{"@id":"https:\/\/torredonjimenoactualidad.com\/index.php\/2025\/02\/07\/la-diputacion-destina-mas-de-13-millones-de-euros-a-su-plan-de-empleo-y-empresa-de-2025\/"},"author":{"name":"Redaccion","@id":"https:\/\/torredonjimenoactualidad.com\/#\/schema\/person\/11f05803cdf40dbeb7f4fbf2365c9ac5"},"headline":"La Diputaci\u00f3n destina m\u00e1s de 13 millones de euros a su Plan de Empleo y Empresa de 2025","datePublished":"2025-02-07T13:19:01+00:00","dateModified":"2025-02-07T13:19:03+00:00","mainEntityOfPage":{"@id":"https:\/\/torredonjimenoactualidad.com\/index.php\/2025\/02\/07\/la-diputacion-destina-mas-de-13-millones-de-euros-a-su-plan-de-empleo-y-empresa-de-2025\/"},"wordCount":1282,"publisher":{"@id":"https:\/\/torredonjimenoactualidad.com\/#organization"},"inLanguage":"es"},{"@type":"WebPage","@id":"https:\/\/torredonjimenoactualidad.com\/index.php\/2025\/02\/07\/la-diputacion-destina-mas-de-13-millones-de-euros-a-su-plan-de-empleo-y-empresa-de-2025\/","url":"https:\/\/torredonjimenoactualidad.com\/index.php\/2025\/02\/07\/la-diputacion-destina-mas-de-13-millones-de-euros-a-su-plan-de-empleo-y-empresa-de-2025\/","name":"La Diputaci\u00f3n destina m\u00e1s de 13 millones de euros a su Plan de Empleo y Empresa de 2025 - Torredonjimeno Actualidad","isPartOf":{"@id":"https:\/\/torredonjimenoactualidad.com\/#website"},"datePublished":"2025-02-07T13:19:01+00:00","dateModified":"2025-02-07T13:19:03+00:00","breadcrumb":{"@id":"https:\/\/torredonjimenoactualidad.com\/index.php\/2025\/02\/07\/la-diputacion-destina-mas-de-13-millones-de-euros-a-su-plan-de-empleo-y-empresa-de-2025\/#breadcrumb"},"inLanguage":"es","potentialAction":[{"@type":"ReadAction","target":["https:\/\/torredonjimenoactualidad.com\/index.php\/2025\/02\/07\/la-diputacion-destina-mas-de-13-millones-de-euros-a-su-plan-de-empleo-y-empresa-de-2025\/"]}]},{"@type":"BreadcrumbList","@id":"https:\/\/torredonjimenoactualidad.com\/index.php\/2025\/02\/07\/la-diputacion-destina-mas-de-13-millones-de-euros-a-su-plan-de-empleo-y-empresa-de-2025\/#breadcrumb","itemListElement":[{"@type":"ListItem","position":1,"name":"Portada","item":"https:\/\/torredonjimenoactualidad.com\/"},{"@type":"ListItem","position":2,"name":"La Diputaci\u00f3n destina m\u00e1s de 13 millones de euros a su Plan de Empleo y Empresa de 2025"}]},{"@type":"WebSite","@id":"https:\/\/torredonjimenoactualidad.com\/#website","url":"https:\/\/torredonjimenoactualidad.com\/","name":"Torredonjimeno Actualidad","description":"","publisher":{"@id":"https:\/\/torredonjimenoactualidad.com\/#organization"},"potentialAction":[{"@type":"SearchAction","target":{"@type":"EntryPoint","urlTemplate":"https:\/\/torredonjimenoactualidad.com\/?s={search_term_string}"},"query-input":"required name=search_term_string"}],"inLanguage":"es"},{"@type":"Organization","@id":"https:\/\/torredonjimenoactualidad.com\/#organization","name":"Torredonjimeno Actualidad","url":"https:\/\/torredonjimenoactualidad.com\/","logo":{"@type":"ImageObject","inLanguage":"es","@id":"https:\/\/torredonjimenoactualidad.com\/#\/schema\/logo\/image\/","url":"https:\/\/torredonjimenoactualidad.com\/wp-content\/uploads\/2023\/02\/logo-torredonjimeno-544x180-1.png","contentUrl":"https:\/\/torredonjimenoactualidad.com\/wp-content\/uploads\/2023\/02\/logo-torredonjimeno-544x180-1.png","width":545,"height":112,"caption":"Torredonjimeno Actualidad"},"image":{"@id":"https:\/\/torredonjimenoactualidad.com\/#\/schema\/logo\/image\/"}},{"@type":"Person","@id":"https:\/\/torredonjimenoactualidad.com\/#\/schema\/person\/11f05803cdf40dbeb7f4fbf2365c9ac5","name":"Redaccion","image":{"@type":"ImageObject","inLanguage":"es","@id":"https:\/\/torredonjimenoactualidad.com\/#\/schema\/person\/image\/","url":"https:\/\/secure.gravatar.com\/avatar\/5917bab7eff43e17746fd29b509939469470810b6b989b7cc2f89e3188399bf3?s=96&d=mm&r=g","contentUrl":"https:\/\/secure.gravatar.com\/avatar\/5917bab7eff43e17746fd29b509939469470810b6b989b7cc2f89e3188399bf3?s=96&d=mm&r=g","caption":"Redaccion"},"url":"https:\/\/torredonjimenoactualidad.com\/index.php\/author\/jose-bueno\/"}]}},"_links":{"self":[{"href":"https:\/\/torredonjimenoactualidad.com\/index.php\/wp-json\/wp\/v2\/posts\/3035","targetHints":{"allow":["GET"]}}],"collection":[{"href":"https:\/\/torredonjimenoactualidad.com\/index.php\/wp-json\/wp\/v2\/posts"}],"about":[{"href":"https:\/\/torredonjimenoactualidad.com\/index.php\/wp-json\/wp\/v2\/types\/post"}],"author":[{"embeddable":true,"href":"https:\/\/torredonjimenoactualidad.com\/index.php\/wp-json\/wp\/v2\/users\/3"}],"replies":[{"embeddable":true,"href":"https:\/\/torredonjimenoactualidad.com\/index.php\/wp-json\/wp\/v2\/comments?post=3035"}],"version-history":[{"count":1,"href":"https:\/\/torredonjimenoactualidad.com\/index.php\/wp-json\/wp\/v2\/posts\/3035\/revisions"}],"predecessor-version":[{"id":3037,"href":"https:\/\/torredonjimenoactualidad.com\/index.php\/wp-json\/wp\/v2\/posts\/3035\/revisions\/3037"}],"wp:featuredmedia":[{"embeddable":true,"href":"https:\/\/torredonjimenoactualidad.com\/index.php\/wp-json\/wp\/v2\/media\/3036"}],"wp:attachment":[{"href":"https:\/\/torredonjimenoactualidad.com\/index.php\/wp-json\/wp\/v2\/media?parent=3035"}],"wp:term":[{"taxonomy":"category","embeddable":true,"href":"https:\/\/torredonjimenoactualidad.com\/index.php\/wp-json\/wp\/v2\/categories?post=3035"},{"taxonomy":"post_tag","embeddable":true,"href":"https:\/\/torredonjimenoactualidad.com\/index.php\/wp-json\/wp\/v2\/tags?post=3035"}],"curies":[{"name":"wp","href":"https:\/\/api.w.org\/{rel}","templated":true}]}}