{"id":3032,"date":"2025-02-06T17:34:27","date_gmt":"2025-02-06T17:34:27","guid":{"rendered":"https:\/\/torredonjimenoactualidad.com\/?p=3032"},"modified":"2025-02-06T17:34:28","modified_gmt":"2025-02-06T17:34:28","slug":"amplia-participacion-el-taller-interparroquial-de-oracion-y-vida","status":"publish","type":"post","link":"https:\/\/torredonjimenoactualidad.com\/index.php\/2025\/02\/06\/amplia-participacion-el-taller-interparroquial-de-oracion-y-vida\/","title":{"rendered":"Amplia participaci\u00f3n el taller interparroquial de oraci\u00f3n y vida"},"content":{"rendered":"\n<p>En la \u00faltima semana del pasado mes de enero, continu\u00f3 desarroll\u00e1ndose en Torredonjimeno el taller de oraci\u00f3n y vida, organizado por las parroquias de la localidad. El programa avanza con \u00e9xito hacia las quince sesiones establecidas, consolid\u00e1ndose como un espacio de encuentro espiritual y reflexi\u00f3n para sus participantes.<\/p>\n\n\n\n<p>La experiencia est\u00e1 siendo enriquecedora para los asistentes. que en las \u00faltimas sesiones abord\u00f3 el tema \u201cPrincipio, centro, meta (Cristo centrado)\u201d, enfoc\u00e1ndose en la meditaci\u00f3n de la Palabra de Dios y en los mensajes del padre Ignacio Larra\u00f1aga. Con din\u00e1micas de oraci\u00f3n de acogida, cantos y reflexi\u00f3n, el taller sigue fortaleciendo la vida espiritual de los participantes.<\/p>\n\n\n\n<p>El objetivo central del programa es integrar la fe en la vida diaria, siguiendo la pregunta \u201d\u00bfQu\u00e9 har\u00eda Jes\u00fas en mi lugar?\u201d, como gu\u00eda para la toma de decisiones y la vivencia cristiana. Con cinco sesiones restantes, la comunidad interparroquial espera seguir profundizando en la oraci\u00f3n y el crecimiento personal.<\/p>\n","protected":false},"excerpt":{"rendered":"<p>En la \u00faltima semana del pasado mes de enero, continu\u00f3 desarroll\u00e1ndose en Torredonjimeno el taller de oraci\u00f3n y vida, organizado por las parroquias de la localidad. El programa avanza con \u00e9xito hacia las quince sesiones establecidas, consolid\u00e1ndose como un espacio de encuentro espiritual y reflexi\u00f3n para sus participantes. La experiencia est\u00e1 siendo enriquecedora para los &hellip;<\/p>\n<p class=\"read-more\"> <a class=\"\" href=\"https:\/\/torredonjimenoactualidad.com\/index.php\/2025\/02\/06\/amplia-participacion-el-taller-interparroquial-de-oracion-y-vida\/\"> <span class=\"screen-reader-text\">Amplia participaci\u00f3n el taller interparroquial de oraci\u00f3n y vida<\/span> Leer m\u00e1s &raquo;<\/a><\/p>\n","protected":false},"author":2,"featured_media":3033,"comment_status":"closed","ping_status":"open","sticky":false,"template":"","format":"standard","meta":{"site-sidebar-layout":"default","site-content-layout":"default","ast-global-header-display":"","ast-main-header-display":"","ast-hfb-above-header-display":"","ast-hfb-below-header-display":"","ast-hfb-mobile-header-display":"","site-post-title":"","ast-breadcrumbs-content":"","ast-featured-img":"","footer-sml-layout":"","theme-transparent-header-meta":"","adv-header-id-meta":"","stick-header-meta":"","header-above-stick-meta":"","header-main-stick-meta":"","header-below-stick-meta":"","footnotes":""},"categories":[7],"tags":[],"class_list":["post-3032","post","type-post","status-publish","format-standard","has-post-thumbnail","hentry","category-local"],"yoast_head":"<!-- This site is optimized with the Yoast SEO plugin v20.8 - https:\/\/yoast.com\/wordpress\/plugins\/seo\/ -->\n<title>Amplia participaci\u00f3n el taller interparroquial de oraci\u00f3n y vida - Torredonjimeno Actualidad<\/title>\n<meta name=\"robots\" content=\"index, follow, max-snippet:-1, max-image-preview:large, max-video-preview:-1\" \/>\n<link rel=\"canonical\" href=\"https:\/\/torredonjimenoactualidad.com\/index.php\/2025\/02\/06\/amplia-participacion-el-taller-interparroquial-de-oracion-y-vida\/\" \/>\n<meta property=\"og:locale\" content=\"es_ES\" \/>\n<meta property=\"og:type\" content=\"article\" \/>\n<meta property=\"og:title\" content=\"Amplia participaci\u00f3n el taller interparroquial de oraci\u00f3n y vida - Torredonjimeno Actualidad\" \/>\n<meta property=\"og:description\" content=\"En la \u00faltima semana del pasado mes de enero, continu\u00f3 desarroll\u00e1ndose en Torredonjimeno el taller de oraci\u00f3n y vida, organizado por las parroquias de la localidad. El programa avanza con \u00e9xito hacia las quince sesiones establecidas, consolid\u00e1ndose como un espacio de encuentro espiritual y reflexi\u00f3n para sus participantes. La experiencia est\u00e1 siendo enriquecedora para los &hellip; Amplia participaci\u00f3n el taller interparroquial de oraci\u00f3n y vida Leer m\u00e1s &raquo;\" \/>\n<meta property=\"og:url\" content=\"https:\/\/torredonjimenoactualidad.com\/index.php\/2025\/02\/06\/amplia-participacion-el-taller-interparroquial-de-oracion-y-vida\/\" \/>\n<meta property=\"og:site_name\" content=\"Torredonjimeno Actualidad\" \/>\n<meta property=\"article:published_time\" content=\"2025-02-06T17:34:27+00:00\" \/>\n<meta property=\"article:modified_time\" content=\"2025-02-06T17:34:28+00:00\" \/>\n<meta property=\"og:image\" content=\"https:\/\/torredonjimenoactualidad.com\/wp-content\/uploads\/2025\/02\/talleres.jpg\" \/>\n\t<meta property=\"og:image:width\" content=\"983\" \/>\n\t<meta property=\"og:image:height\" content=\"504\" \/>\n\t<meta property=\"og:image:type\" content=\"image\/jpeg\" \/>\n<meta name=\"author\" content=\"Alba Mar\u00eda Torres\" \/>\n<meta name=\"twitter:card\" content=\"summary_large_image\" \/>\n<meta name=\"twitter:label1\" content=\"Escrito por\" \/>\n\t<meta name=\"twitter:data1\" content=\"Alba Mar\u00eda Torres\" \/>\n\t<meta name=\"twitter:label2\" content=\"Tiempo de lectura\" \/>\n\t<meta name=\"twitter:data2\" content=\"1 minuto\" \/>\n<script type=\"application\/ld+json\" class=\"yoast-schema-graph\">{\"@context\":\"https:\/\/schema.org\",\"@graph\":[{\"@type\":\"Article\",\"@id\":\"https:\/\/torredonjimenoactualidad.com\/index.php\/2025\/02\/06\/amplia-participacion-el-taller-interparroquial-de-oracion-y-vida\/#article\",\"isPartOf\":{\"@id\":\"https:\/\/torredonjimenoactualidad.com\/index.php\/2025\/02\/06\/amplia-participacion-el-taller-interparroquial-de-oracion-y-vida\/\"},\"author\":{\"name\":\"Alba Mar\u00eda Torres\",\"@id\":\"https:\/\/torredonjimenoactualidad.com\/#\/schema\/person\/84de5f233e783ef2c75151a532b54977\"},\"headline\":\"Amplia participaci\u00f3n el taller interparroquial de oraci\u00f3n y vida\",\"datePublished\":\"2025-02-06T17:34:27+00:00\",\"dateModified\":\"2025-02-06T17:34:28+00:00\",\"mainEntityOfPage\":{\"@id\":\"https:\/\/torredonjimenoactualidad.com\/index.php\/2025\/02\/06\/amplia-participacion-el-taller-interparroquial-de-oracion-y-vida\/\"},\"wordCount\":180,\"publisher\":{\"@id\":\"https:\/\/torredonjimenoactualidad.com\/#organization\"},\"articleSection\":[\"local\"],\"inLanguage\":\"es\"},{\"@type\":\"WebPage\",\"@id\":\"https:\/\/torredonjimenoactualidad.com\/index.php\/2025\/02\/06\/amplia-participacion-el-taller-interparroquial-de-oracion-y-vida\/\",\"url\":\"https:\/\/torredonjimenoactualidad.com\/index.php\/2025\/02\/06\/amplia-participacion-el-taller-interparroquial-de-oracion-y-vida\/\",\"name\":\"Amplia participaci\u00f3n el taller interparroquial de oraci\u00f3n y vida - Torredonjimeno Actualidad\",\"isPartOf\":{\"@id\":\"https:\/\/torredonjimenoactualidad.com\/#website\"},\"datePublished\":\"2025-02-06T17:34:27+00:00\",\"dateModified\":\"2025-02-06T17:34:28+00:00\",\"breadcrumb\":{\"@id\":\"https:\/\/torredonjimenoactualidad.com\/index.php\/2025\/02\/06\/amplia-participacion-el-taller-interparroquial-de-oracion-y-vida\/#breadcrumb\"},\"inLanguage\":\"es\",\"potentialAction\":[{\"@type\":\"ReadAction\",\"target\":[\"https:\/\/torredonjimenoactualidad.com\/index.php\/2025\/02\/06\/amplia-participacion-el-taller-interparroquial-de-oracion-y-vida\/\"]}]},{\"@type\":\"BreadcrumbList\",\"@id\":\"https:\/\/torredonjimenoactualidad.com\/index.php\/2025\/02\/06\/amplia-participacion-el-taller-interparroquial-de-oracion-y-vida\/#breadcrumb\",\"itemListElement\":[{\"@type\":\"ListItem\",\"position\":1,\"name\":\"Portada\",\"item\":\"https:\/\/torredonjimenoactualidad.com\/\"},{\"@type\":\"ListItem\",\"position\":2,\"name\":\"Amplia participaci\u00f3n el taller interparroquial de oraci\u00f3n y vida\"}]},{\"@type\":\"WebSite\",\"@id\":\"https:\/\/torredonjimenoactualidad.com\/#website\",\"url\":\"https:\/\/torredonjimenoactualidad.com\/\",\"name\":\"Torredonjimeno Actualidad\",\"description\":\"\",\"publisher\":{\"@id\":\"https:\/\/torredonjimenoactualidad.com\/#organization\"},\"potentialAction\":[{\"@type\":\"SearchAction\",\"target\":{\"@type\":\"EntryPoint\",\"urlTemplate\":\"https:\/\/torredonjimenoactualidad.com\/?s={search_term_string}\"},\"query-input\":\"required name=search_term_string\"}],\"inLanguage\":\"es\"},{\"@type\":\"Organization\",\"@id\":\"https:\/\/torredonjimenoactualidad.com\/#organization\",\"name\":\"Torredonjimeno Actualidad\",\"url\":\"https:\/\/torredonjimenoactualidad.com\/\",\"logo\":{\"@type\":\"ImageObject\",\"inLanguage\":\"es\",\"@id\":\"https:\/\/torredonjimenoactualidad.com\/#\/schema\/logo\/image\/\",\"url\":\"https:\/\/torredonjimenoactualidad.com\/wp-content\/uploads\/2023\/02\/logo-torredonjimeno-544x180-1.png\",\"contentUrl\":\"https:\/\/torredonjimenoactualidad.com\/wp-content\/uploads\/2023\/02\/logo-torredonjimeno-544x180-1.png\",\"width\":545,\"height\":112,\"caption\":\"Torredonjimeno Actualidad\"},\"image\":{\"@id\":\"https:\/\/torredonjimenoactualidad.com\/#\/schema\/logo\/image\/\"}},{\"@type\":\"Person\",\"@id\":\"https:\/\/torredonjimenoactualidad.com\/#\/schema\/person\/84de5f233e783ef2c75151a532b54977\",\"name\":\"Alba Mar\u00eda Torres\",\"image\":{\"@type\":\"ImageObject\",\"inLanguage\":\"es\",\"@id\":\"https:\/\/torredonjimenoactualidad.com\/#\/schema\/person\/image\/\",\"url\":\"https:\/\/secure.gravatar.com\/avatar\/f9371f188c71501b4475a9ba2a71595850ec72967f800a2ed8e3e2102859ed65?s=96&d=mm&r=g\",\"contentUrl\":\"https:\/\/secure.gravatar.com\/avatar\/f9371f188c71501b4475a9ba2a71595850ec72967f800a2ed8e3e2102859ed65?s=96&d=mm&r=g\",\"caption\":\"Alba Mar\u00eda Torres\"},\"url\":\"https:\/\/torredonjimenoactualidad.com\/index.php\/author\/alba-torres\/\"}]}<\/script>\n<!-- \/ Yoast SEO plugin. -->","yoast_head_json":{"title":"Amplia participaci\u00f3n el taller interparroquial de oraci\u00f3n y vida - Torredonjimeno Actualidad","robots":{"index":"index","follow":"follow","max-snippet":"max-snippet:-1","max-image-preview":"max-image-preview:large","max-video-preview":"max-video-preview:-1"},"canonical":"https:\/\/torredonjimenoactualidad.com\/index.php\/2025\/02\/06\/amplia-participacion-el-taller-interparroquial-de-oracion-y-vida\/","og_locale":"es_ES","og_type":"article","og_title":"Amplia participaci\u00f3n el taller interparroquial de oraci\u00f3n y vida - Torredonjimeno Actualidad","og_description":"En la \u00faltima semana del pasado mes de enero, continu\u00f3 desarroll\u00e1ndose en Torredonjimeno el taller de oraci\u00f3n y vida, organizado por las parroquias de la localidad. El programa avanza con \u00e9xito hacia las quince sesiones establecidas, consolid\u00e1ndose como un espacio de encuentro espiritual y reflexi\u00f3n para sus participantes. La experiencia est\u00e1 siendo enriquecedora para los &hellip; Amplia participaci\u00f3n el taller interparroquial de oraci\u00f3n y vida Leer m\u00e1s &raquo;","og_url":"https:\/\/torredonjimenoactualidad.com\/index.php\/2025\/02\/06\/amplia-participacion-el-taller-interparroquial-de-oracion-y-vida\/","og_site_name":"Torredonjimeno Actualidad","article_published_time":"2025-02-06T17:34:27+00:00","article_modified_time":"2025-02-06T17:34:28+00:00","og_image":[{"width":983,"height":504,"url":"https:\/\/torredonjimenoactualidad.com\/wp-content\/uploads\/2025\/02\/talleres.jpg","type":"image\/jpeg"}],"author":"Alba Mar\u00eda Torres","twitter_card":"summary_large_image","twitter_misc":{"Escrito por":"Alba Mar\u00eda Torres","Tiempo de lectura":"1 minuto"},"schema":{"@context":"https:\/\/schema.org","@graph":[{"@type":"Article","@id":"https:\/\/torredonjimenoactualidad.com\/index.php\/2025\/02\/06\/amplia-participacion-el-taller-interparroquial-de-oracion-y-vida\/#article","isPartOf":{"@id":"https:\/\/torredonjimenoactualidad.com\/index.php\/2025\/02\/06\/amplia-participacion-el-taller-interparroquial-de-oracion-y-vida\/"},"author":{"name":"Alba Mar\u00eda Torres","@id":"https:\/\/torredonjimenoactualidad.com\/#\/schema\/person\/84de5f233e783ef2c75151a532b54977"},"headline":"Amplia participaci\u00f3n el taller interparroquial de oraci\u00f3n y vida","datePublished":"2025-02-06T17:34:27+00:00","dateModified":"2025-02-06T17:34:28+00:00","mainEntityOfPage":{"@id":"https:\/\/torredonjimenoactualidad.com\/index.php\/2025\/02\/06\/amplia-participacion-el-taller-interparroquial-de-oracion-y-vida\/"},"wordCount":180,"publisher":{"@id":"https:\/\/torredonjimenoactualidad.com\/#organization"},"articleSection":["local"],"inLanguage":"es"},{"@type":"WebPage","@id":"https:\/\/torredonjimenoactualidad.com\/index.php\/2025\/02\/06\/amplia-participacion-el-taller-interparroquial-de-oracion-y-vida\/","url":"https:\/\/torredonjimenoactualidad.com\/index.php\/2025\/02\/06\/amplia-participacion-el-taller-interparroquial-de-oracion-y-vida\/","name":"Amplia participaci\u00f3n el taller interparroquial de oraci\u00f3n y vida - Torredonjimeno Actualidad","isPartOf":{"@id":"https:\/\/torredonjimenoactualidad.com\/#website"},"datePublished":"2025-02-06T17:34:27+00:00","dateModified":"2025-02-06T17:34:28+00:00","breadcrumb":{"@id":"https:\/\/torredonjimenoactualidad.com\/index.php\/2025\/02\/06\/amplia-participacion-el-taller-interparroquial-de-oracion-y-vida\/#breadcrumb"},"inLanguage":"es","potentialAction":[{"@type":"ReadAction","target":["https:\/\/torredonjimenoactualidad.com\/index.php\/2025\/02\/06\/amplia-participacion-el-taller-interparroquial-de-oracion-y-vida\/"]}]},{"@type":"BreadcrumbList","@id":"https:\/\/torredonjimenoactualidad.com\/index.php\/2025\/02\/06\/amplia-participacion-el-taller-interparroquial-de-oracion-y-vida\/#breadcrumb","itemListElement":[{"@type":"ListItem","position":1,"name":"Portada","item":"https:\/\/torredonjimenoactualidad.com\/"},{"@type":"ListItem","position":2,"name":"Amplia participaci\u00f3n el taller interparroquial de oraci\u00f3n y vida"}]},{"@type":"WebSite","@id":"https:\/\/torredonjimenoactualidad.com\/#website","url":"https:\/\/torredonjimenoactualidad.com\/","name":"Torredonjimeno Actualidad","description":"","publisher":{"@id":"https:\/\/torredonjimenoactualidad.com\/#organization"},"potentialAction":[{"@type":"SearchAction","target":{"@type":"EntryPoint","urlTemplate":"https:\/\/torredonjimenoactualidad.com\/?s={search_term_string}"},"query-input":"required name=search_term_string"}],"inLanguage":"es"},{"@type":"Organization","@id":"https:\/\/torredonjimenoactualidad.com\/#organization","name":"Torredonjimeno Actualidad","url":"https:\/\/torredonjimenoactualidad.com\/","logo":{"@type":"ImageObject","inLanguage":"es","@id":"https:\/\/torredonjimenoactualidad.com\/#\/schema\/logo\/image\/","url":"https:\/\/torredonjimenoactualidad.com\/wp-content\/uploads\/2023\/02\/logo-torredonjimeno-544x180-1.png","contentUrl":"https:\/\/torredonjimenoactualidad.com\/wp-content\/uploads\/2023\/02\/logo-torredonjimeno-544x180-1.png","width":545,"height":112,"caption":"Torredonjimeno Actualidad"},"image":{"@id":"https:\/\/torredonjimenoactualidad.com\/#\/schema\/logo\/image\/"}},{"@type":"Person","@id":"https:\/\/torredonjimenoactualidad.com\/#\/schema\/person\/84de5f233e783ef2c75151a532b54977","name":"Alba Mar\u00eda Torres","image":{"@type":"ImageObject","inLanguage":"es","@id":"https:\/\/torredonjimenoactualidad.com\/#\/schema\/person\/image\/","url":"https:\/\/secure.gravatar.com\/avatar\/f9371f188c71501b4475a9ba2a71595850ec72967f800a2ed8e3e2102859ed65?s=96&d=mm&r=g","contentUrl":"https:\/\/secure.gravatar.com\/avatar\/f9371f188c71501b4475a9ba2a71595850ec72967f800a2ed8e3e2102859ed65?s=96&d=mm&r=g","caption":"Alba Mar\u00eda Torres"},"url":"https:\/\/torredonjimenoactualidad.com\/index.php\/author\/alba-torres\/"}]}},"_links":{"self":[{"href":"https:\/\/torredonjimenoactualidad.com\/index.php\/wp-json\/wp\/v2\/posts\/3032","targetHints":{"allow":["GET"]}}],"collection":[{"href":"https:\/\/torredonjimenoactualidad.com\/index.php\/wp-json\/wp\/v2\/posts"}],"about":[{"href":"https:\/\/torredonjimenoactualidad.com\/index.php\/wp-json\/wp\/v2\/types\/post"}],"author":[{"embeddable":true,"href":"https:\/\/torredonjimenoactualidad.com\/index.php\/wp-json\/wp\/v2\/users\/2"}],"replies":[{"embeddable":true,"href":"https:\/\/torredonjimenoactualidad.com\/index.php\/wp-json\/wp\/v2\/comments?post=3032"}],"version-history":[{"count":1,"href":"https:\/\/torredonjimenoactualidad.com\/index.php\/wp-json\/wp\/v2\/posts\/3032\/revisions"}],"predecessor-version":[{"id":3034,"href":"https:\/\/torredonjimenoactualidad.com\/index.php\/wp-json\/wp\/v2\/posts\/3032\/revisions\/3034"}],"wp:featuredmedia":[{"embeddable":true,"href":"https:\/\/torredonjimenoactualidad.com\/index.php\/wp-json\/wp\/v2\/media\/3033"}],"wp:attachment":[{"href":"https:\/\/torredonjimenoactualidad.com\/index.php\/wp-json\/wp\/v2\/media?parent=3032"}],"wp:term":[{"taxonomy":"category","embeddable":true,"href":"https:\/\/torredonjimenoactualidad.com\/index.php\/wp-json\/wp\/v2\/categories?post=3032"},{"taxonomy":"post_tag","embeddable":true,"href":"https:\/\/torredonjimenoactualidad.com\/index.php\/wp-json\/wp\/v2\/tags?post=3032"}],"curies":[{"name":"wp","href":"https:\/\/api.w.org\/{rel}","templated":true}]}}