{"id":3020,"date":"2025-02-06T15:32:27","date_gmt":"2025-02-06T15:32:27","guid":{"rendered":"https:\/\/torredonjimenoactualidad.com\/?p=3020"},"modified":"2025-02-06T17:09:53","modified_gmt":"2025-02-06T17:09:53","slug":"el-ayuntamiento-de-torredonjimeno-presenta-la-programacion-de-invierno-joven-con-una-oferta-variada-de-actividades","status":"publish","type":"post","link":"https:\/\/torredonjimenoactualidad.com\/index.php\/2025\/02\/06\/el-ayuntamiento-de-torredonjimeno-presenta-la-programacion-de-invierno-joven-con-una-oferta-variada-de-actividades\/","title":{"rendered":"El Ayuntamiento de Torredonjimeno presenta la programaci\u00f3n de \u201cInvierno Joven\u201d con una oferta variada de actividades"},"content":{"rendered":"\n<p>Este jueves, el Ayuntamiento de Torredonjimeno ha presentado la nueva edici\u00f3n de&nbsp;Invierno Joven, una programaci\u00f3n de actividades dirigidas a la juventud que se desarrollar\u00e1 durante los meses de febrero y marzo. La concejala de Juventud, Ana Calahorro, acompa\u00f1ada del t\u00e9cnico de juventud, Francis C\u00e1mara, han sido los encargados de detallar las iniciativas que conforman esta propuesta, que combina formaci\u00f3n, ocio, deporte y creatividad.<\/p>\n\n\n\n<p>El programa incluir\u00e1 un total de ocho actividades, algunas de las cuales repiten tras el \u00e9xito de ediciones anteriores, mientras que otras son completamente novedosas.<\/p>\n\n\n\n<p><strong>Formaci\u00f3n, creatividad y orientaci\u00f3n educativa<\/strong><\/p>\n\n\n\n<p>Como parte fundamental del programa, se mantiene la\u00a0Escuela Virtual de Formaci\u00f3n, que ofrece cerca de 200 cursos online accesibles a toda la poblaci\u00f3n tosiriana. Adem\u00e1s, se celebrar\u00e1 una nueva edici\u00f3n del\u00a0Empaville, una actividad de rol educativo en la que el alumnado de tercero de la ESO de los centros Instituto Acebuche, Instituto Santo Reino y Colegio San Jos\u00e9 de la Monta\u00f1a participar\u00e1 en un proceso participativo que simula la toma de decisiones en el entramado local.<\/p>\n\n\n\n<p>Otra de las actividades consolidadas es el&nbsp;viaje al Sal\u00f3n del Estudiante de Marmolejo, que tendr\u00e1 lugar el 14 de febrero. \u201cPonemos a disposici\u00f3n de los centros de secundaria un autob\u00fas para que nuestros j\u00f3venes puedan informarse de primera mano sobre la oferta formativa y laboral existente, ayud\u00e1ndoles a definir sus opciones de futuro\u201d, ha explicado Ana Calahorro.<\/p>\n\n\n\n<p><strong>Novedades en el programa<\/strong><\/p>\n\n\n\n<p>Entre las nuevas actividades que se incorporan este a\u00f1o destaca el&nbsp;Taller de Artesan\u00eda Creativa con Resina y Madera, que se llevar\u00e1 a cabo el 11 de febrero a las 17:00 en el Centro C\u00edvico Mar\u00eda Zambrano. Adem\u00e1s, los d\u00edas 15, 18 y 20 de febrero se impartir\u00e1n&nbsp;Talleres Monogr\u00e1ficos de Fotograf\u00eda en la Calle, que permitir\u00e1n a los participantes explorar la creatividad fotogr\u00e1fica en diferentes horarios y escenarios urbanos de Torredonjimeno.<\/p>\n\n\n\n<p>Otra novedad es el&nbsp;Taller \u201cRostro Radiante\u201d, que tendr\u00e1 lugar el 22 de febrero, y que abordar\u00e1 aspectos relacionados con el cuidado facial y la salud est\u00e9tica. Tambi\u00e9n se ha incluido un&nbsp;Taller de Maquillaje Art\u00edstico Carnavalesco, los d\u00edas 25 y 26 de febrero, coincidiendo con las fechas previas a los festejos del carnaval tosiriano.<\/p>\n\n\n\n<p><strong>Deporte y aventura en la nieve<\/strong><\/p>\n\n\n\n<p>Como broche final de la programaci\u00f3n, el 15 de marzo se organizar\u00e1 un&nbsp;viaje multiaventura a Sierra Nevada, en el que los participantes podr\u00e1n disfrutar de actividades como paseos en raquetas de nieve, deslizamientos en trineos, construcci\u00f3n de refugios de emergencia, charlas sobre monta\u00f1ismo y batallas de bolas de nieve.<\/p>\n\n\n\n<p>La concejala ha resaltado la variedad de la programaci\u00f3n, as\u00ed como su accesibilidad: \u201cLa gran mayor\u00eda de las actividades son gratuitas para la juventud. Solo el viaje a Sierra Nevada tendr\u00e1 un coste de 26 euros, un precio simb\u00f3lico para facilitar la participaci\u00f3n\u201d.<\/p>\n\n\n\n<p>Por \u00faltimo, el t\u00e9cnico municipal de Juventud, Francis C\u00e1mara ha animado a la juventud del municipio a inscribirse en las actividades dirigi\u00e9ndose al Centro C\u00edvico Mar\u00eda Zambrano, por tel\u00e9fono en el&nbsp;699 858 722&nbsp;o&nbsp;953 57 23 09, o bien por correo electr\u00f3nico en&nbsp;juventud@tosiria.com.<\/p>\n\n\n\n<figure class=\"wp-block-image aligncenter size-large is-resized\"><img loading=\"lazy\" decoding=\"async\" width=\"724\" height=\"1024\" src=\"https:\/\/torredonjimenoactualidad.com\/wp-content\/uploads\/2025\/02\/476081910_1035749021931051_1200456959086102546_n-724x1024.jpg\" alt=\"\" class=\"wp-image-3029\" style=\"width:568px;height:auto\" srcset=\"https:\/\/torredonjimenoactualidad.com\/wp-content\/uploads\/2025\/02\/476081910_1035749021931051_1200456959086102546_n-724x1024.jpg 724w, https:\/\/torredonjimenoactualidad.com\/wp-content\/uploads\/2025\/02\/476081910_1035749021931051_1200456959086102546_n-212x300.jpg 212w, https:\/\/torredonjimenoactualidad.com\/wp-content\/uploads\/2025\/02\/476081910_1035749021931051_1200456959086102546_n-768x1086.jpg 768w, https:\/\/torredonjimenoactualidad.com\/wp-content\/uploads\/2025\/02\/476081910_1035749021931051_1200456959086102546_n-1086x1536.jpg 1086w, https:\/\/torredonjimenoactualidad.com\/wp-content\/uploads\/2025\/02\/476081910_1035749021931051_1200456959086102546_n.jpg 1131w\" sizes=\"auto, (max-width: 724px) 100vw, 724px\" \/><\/figure>\n","protected":false},"excerpt":{"rendered":"<p>Este jueves, el Ayuntamiento de Torredonjimeno ha presentado la nueva edici\u00f3n de&nbsp;Invierno Joven, una programaci\u00f3n de actividades dirigidas a la juventud que se desarrollar\u00e1 durante los meses de febrero y marzo. La concejala de Juventud, Ana Calahorro, acompa\u00f1ada del t\u00e9cnico de juventud, Francis C\u00e1mara, han sido los encargados de detallar las iniciativas que conforman esta &hellip;<\/p>\n<p class=\"read-more\"> <a class=\"\" href=\"https:\/\/torredonjimenoactualidad.com\/index.php\/2025\/02\/06\/el-ayuntamiento-de-torredonjimeno-presenta-la-programacion-de-invierno-joven-con-una-oferta-variada-de-actividades\/\"> <span class=\"screen-reader-text\">El Ayuntamiento de Torredonjimeno presenta la programaci\u00f3n de \u201cInvierno Joven\u201d con una oferta variada de actividades<\/span> Leer m\u00e1s &raquo;<\/a><\/p>\n","protected":false},"author":2,"featured_media":3021,"comment_status":"closed","ping_status":"open","sticky":false,"template":"","format":"standard","meta":{"site-sidebar-layout":"default","site-content-layout":"default","ast-global-header-display":"","ast-main-header-display":"","ast-hfb-above-header-display":"","ast-hfb-below-header-display":"","ast-hfb-mobile-header-display":"","site-post-title":"","ast-breadcrumbs-content":"","ast-featured-img":"","footer-sml-layout":"","theme-transparent-header-meta":"","adv-header-id-meta":"","stick-header-meta":"","header-above-stick-meta":"","header-main-stick-meta":"","header-below-stick-meta":"","footnotes":""},"categories":[7],"tags":[],"class_list":["post-3020","post","type-post","status-publish","format-standard","has-post-thumbnail","hentry","category-local"],"yoast_head":"<!-- This site is optimized with the Yoast SEO plugin v20.8 - https:\/\/yoast.com\/wordpress\/plugins\/seo\/ -->\n<title>El Ayuntamiento de Torredonjimeno presenta la programaci\u00f3n de \u201cInvierno Joven\u201d con una oferta variada de actividades - Torredonjimeno Actualidad<\/title>\n<meta name=\"robots\" content=\"index, follow, max-snippet:-1, max-image-preview:large, max-video-preview:-1\" \/>\n<link rel=\"canonical\" href=\"https:\/\/torredonjimenoactualidad.com\/index.php\/2025\/02\/06\/el-ayuntamiento-de-torredonjimeno-presenta-la-programacion-de-invierno-joven-con-una-oferta-variada-de-actividades\/\" \/>\n<meta property=\"og:locale\" content=\"es_ES\" \/>\n<meta property=\"og:type\" content=\"article\" \/>\n<meta property=\"og:title\" content=\"El Ayuntamiento de Torredonjimeno presenta la programaci\u00f3n de \u201cInvierno Joven\u201d con una oferta variada de actividades - Torredonjimeno Actualidad\" \/>\n<meta property=\"og:description\" content=\"Este jueves, el Ayuntamiento de Torredonjimeno ha presentado la nueva edici\u00f3n de&nbsp;Invierno Joven, una programaci\u00f3n de actividades dirigidas a la juventud que se desarrollar\u00e1 durante los meses de febrero y marzo. La concejala de Juventud, Ana Calahorro, acompa\u00f1ada del t\u00e9cnico de juventud, Francis C\u00e1mara, han sido los encargados de detallar las iniciativas que conforman esta &hellip; El Ayuntamiento de Torredonjimeno presenta la programaci\u00f3n de \u201cInvierno Joven\u201d con una oferta variada de actividades Leer m\u00e1s &raquo;\" \/>\n<meta property=\"og:url\" content=\"https:\/\/torredonjimenoactualidad.com\/index.php\/2025\/02\/06\/el-ayuntamiento-de-torredonjimeno-presenta-la-programacion-de-invierno-joven-con-una-oferta-variada-de-actividades\/\" \/>\n<meta property=\"og:site_name\" content=\"Torredonjimeno Actualidad\" \/>\n<meta property=\"article:published_time\" content=\"2025-02-06T15:32:27+00:00\" \/>\n<meta property=\"article:modified_time\" content=\"2025-02-06T17:09:53+00:00\" \/>\n<meta property=\"og:image\" content=\"https:\/\/torredonjimenoactualidad.com\/wp-content\/uploads\/2025\/02\/f5637ee3-ef95-4148-a036-001f2111b398.jpg\" \/>\n\t<meta property=\"og:image:width\" content=\"900\" \/>\n\t<meta property=\"og:image:height\" content=\"514\" \/>\n\t<meta property=\"og:image:type\" content=\"image\/jpeg\" \/>\n<meta name=\"author\" content=\"Alba Mar\u00eda Torres\" \/>\n<meta name=\"twitter:card\" content=\"summary_large_image\" \/>\n<meta name=\"twitter:label1\" content=\"Escrito por\" \/>\n\t<meta name=\"twitter:data1\" content=\"Alba Mar\u00eda Torres\" \/>\n\t<meta name=\"twitter:label2\" content=\"Tiempo de lectura\" \/>\n\t<meta name=\"twitter:data2\" content=\"3 minutos\" \/>\n<script type=\"application\/ld+json\" class=\"yoast-schema-graph\">{\"@context\":\"https:\/\/schema.org\",\"@graph\":[{\"@type\":\"Article\",\"@id\":\"https:\/\/torredonjimenoactualidad.com\/index.php\/2025\/02\/06\/el-ayuntamiento-de-torredonjimeno-presenta-la-programacion-de-invierno-joven-con-una-oferta-variada-de-actividades\/#article\",\"isPartOf\":{\"@id\":\"https:\/\/torredonjimenoactualidad.com\/index.php\/2025\/02\/06\/el-ayuntamiento-de-torredonjimeno-presenta-la-programacion-de-invierno-joven-con-una-oferta-variada-de-actividades\/\"},\"author\":{\"name\":\"Alba Mar\u00eda Torres\",\"@id\":\"https:\/\/torredonjimenoactualidad.com\/#\/schema\/person\/84de5f233e783ef2c75151a532b54977\"},\"headline\":\"El Ayuntamiento de Torredonjimeno presenta la programaci\u00f3n de \u201cInvierno Joven\u201d con una oferta variada de actividades\",\"datePublished\":\"2025-02-06T15:32:27+00:00\",\"dateModified\":\"2025-02-06T17:09:53+00:00\",\"mainEntityOfPage\":{\"@id\":\"https:\/\/torredonjimenoactualidad.com\/index.php\/2025\/02\/06\/el-ayuntamiento-de-torredonjimeno-presenta-la-programacion-de-invierno-joven-con-una-oferta-variada-de-actividades\/\"},\"wordCount\":565,\"publisher\":{\"@id\":\"https:\/\/torredonjimenoactualidad.com\/#organization\"},\"articleSection\":[\"local\"],\"inLanguage\":\"es\"},{\"@type\":\"WebPage\",\"@id\":\"https:\/\/torredonjimenoactualidad.com\/index.php\/2025\/02\/06\/el-ayuntamiento-de-torredonjimeno-presenta-la-programacion-de-invierno-joven-con-una-oferta-variada-de-actividades\/\",\"url\":\"https:\/\/torredonjimenoactualidad.com\/index.php\/2025\/02\/06\/el-ayuntamiento-de-torredonjimeno-presenta-la-programacion-de-invierno-joven-con-una-oferta-variada-de-actividades\/\",\"name\":\"El Ayuntamiento de Torredonjimeno presenta la programaci\u00f3n de \u201cInvierno Joven\u201d con una oferta variada de actividades - Torredonjimeno Actualidad\",\"isPartOf\":{\"@id\":\"https:\/\/torredonjimenoactualidad.com\/#website\"},\"datePublished\":\"2025-02-06T15:32:27+00:00\",\"dateModified\":\"2025-02-06T17:09:53+00:00\",\"breadcrumb\":{\"@id\":\"https:\/\/torredonjimenoactualidad.com\/index.php\/2025\/02\/06\/el-ayuntamiento-de-torredonjimeno-presenta-la-programacion-de-invierno-joven-con-una-oferta-variada-de-actividades\/#breadcrumb\"},\"inLanguage\":\"es\",\"potentialAction\":[{\"@type\":\"ReadAction\",\"target\":[\"https:\/\/torredonjimenoactualidad.com\/index.php\/2025\/02\/06\/el-ayuntamiento-de-torredonjimeno-presenta-la-programacion-de-invierno-joven-con-una-oferta-variada-de-actividades\/\"]}]},{\"@type\":\"BreadcrumbList\",\"@id\":\"https:\/\/torredonjimenoactualidad.com\/index.php\/2025\/02\/06\/el-ayuntamiento-de-torredonjimeno-presenta-la-programacion-de-invierno-joven-con-una-oferta-variada-de-actividades\/#breadcrumb\",\"itemListElement\":[{\"@type\":\"ListItem\",\"position\":1,\"name\":\"Portada\",\"item\":\"https:\/\/torredonjimenoactualidad.com\/\"},{\"@type\":\"ListItem\",\"position\":2,\"name\":\"El Ayuntamiento de Torredonjimeno presenta la programaci\u00f3n de \u201cInvierno Joven\u201d con una oferta variada de actividades\"}]},{\"@type\":\"WebSite\",\"@id\":\"https:\/\/torredonjimenoactualidad.com\/#website\",\"url\":\"https:\/\/torredonjimenoactualidad.com\/\",\"name\":\"Torredonjimeno Actualidad\",\"description\":\"\",\"publisher\":{\"@id\":\"https:\/\/torredonjimenoactualidad.com\/#organization\"},\"potentialAction\":[{\"@type\":\"SearchAction\",\"target\":{\"@type\":\"EntryPoint\",\"urlTemplate\":\"https:\/\/torredonjimenoactualidad.com\/?s={search_term_string}\"},\"query-input\":\"required name=search_term_string\"}],\"inLanguage\":\"es\"},{\"@type\":\"Organization\",\"@id\":\"https:\/\/torredonjimenoactualidad.com\/#organization\",\"name\":\"Torredonjimeno Actualidad\",\"url\":\"https:\/\/torredonjimenoactualidad.com\/\",\"logo\":{\"@type\":\"ImageObject\",\"inLanguage\":\"es\",\"@id\":\"https:\/\/torredonjimenoactualidad.com\/#\/schema\/logo\/image\/\",\"url\":\"https:\/\/torredonjimenoactualidad.com\/wp-content\/uploads\/2023\/02\/logo-torredonjimeno-544x180-1.png\",\"contentUrl\":\"https:\/\/torredonjimenoactualidad.com\/wp-content\/uploads\/2023\/02\/logo-torredonjimeno-544x180-1.png\",\"width\":545,\"height\":112,\"caption\":\"Torredonjimeno Actualidad\"},\"image\":{\"@id\":\"https:\/\/torredonjimenoactualidad.com\/#\/schema\/logo\/image\/\"}},{\"@type\":\"Person\",\"@id\":\"https:\/\/torredonjimenoactualidad.com\/#\/schema\/person\/84de5f233e783ef2c75151a532b54977\",\"name\":\"Alba Mar\u00eda Torres\",\"image\":{\"@type\":\"ImageObject\",\"inLanguage\":\"es\",\"@id\":\"https:\/\/torredonjimenoactualidad.com\/#\/schema\/person\/image\/\",\"url\":\"https:\/\/secure.gravatar.com\/avatar\/f9371f188c71501b4475a9ba2a71595850ec72967f800a2ed8e3e2102859ed65?s=96&d=mm&r=g\",\"contentUrl\":\"https:\/\/secure.gravatar.com\/avatar\/f9371f188c71501b4475a9ba2a71595850ec72967f800a2ed8e3e2102859ed65?s=96&d=mm&r=g\",\"caption\":\"Alba Mar\u00eda Torres\"},\"url\":\"https:\/\/torredonjimenoactualidad.com\/index.php\/author\/alba-torres\/\"}]}<\/script>\n<!-- \/ Yoast SEO plugin. -->","yoast_head_json":{"title":"El Ayuntamiento de Torredonjimeno presenta la programaci\u00f3n de \u201cInvierno Joven\u201d con una oferta variada de actividades - Torredonjimeno Actualidad","robots":{"index":"index","follow":"follow","max-snippet":"max-snippet:-1","max-image-preview":"max-image-preview:large","max-video-preview":"max-video-preview:-1"},"canonical":"https:\/\/torredonjimenoactualidad.com\/index.php\/2025\/02\/06\/el-ayuntamiento-de-torredonjimeno-presenta-la-programacion-de-invierno-joven-con-una-oferta-variada-de-actividades\/","og_locale":"es_ES","og_type":"article","og_title":"El Ayuntamiento de Torredonjimeno presenta la programaci\u00f3n de \u201cInvierno Joven\u201d con una oferta variada de actividades - Torredonjimeno Actualidad","og_description":"Este jueves, el Ayuntamiento de Torredonjimeno ha presentado la nueva edici\u00f3n de&nbsp;Invierno Joven, una programaci\u00f3n de actividades dirigidas a la juventud que se desarrollar\u00e1 durante los meses de febrero y marzo. La concejala de Juventud, Ana Calahorro, acompa\u00f1ada del t\u00e9cnico de juventud, Francis C\u00e1mara, han sido los encargados de detallar las iniciativas que conforman esta &hellip; El Ayuntamiento de Torredonjimeno presenta la programaci\u00f3n de \u201cInvierno Joven\u201d con una oferta variada de actividades Leer m\u00e1s &raquo;","og_url":"https:\/\/torredonjimenoactualidad.com\/index.php\/2025\/02\/06\/el-ayuntamiento-de-torredonjimeno-presenta-la-programacion-de-invierno-joven-con-una-oferta-variada-de-actividades\/","og_site_name":"Torredonjimeno Actualidad","article_published_time":"2025-02-06T15:32:27+00:00","article_modified_time":"2025-02-06T17:09:53+00:00","og_image":[{"width":900,"height":514,"url":"https:\/\/torredonjimenoactualidad.com\/wp-content\/uploads\/2025\/02\/f5637ee3-ef95-4148-a036-001f2111b398.jpg","type":"image\/jpeg"}],"author":"Alba Mar\u00eda Torres","twitter_card":"summary_large_image","twitter_misc":{"Escrito por":"Alba Mar\u00eda Torres","Tiempo de lectura":"3 minutos"},"schema":{"@context":"https:\/\/schema.org","@graph":[{"@type":"Article","@id":"https:\/\/torredonjimenoactualidad.com\/index.php\/2025\/02\/06\/el-ayuntamiento-de-torredonjimeno-presenta-la-programacion-de-invierno-joven-con-una-oferta-variada-de-actividades\/#article","isPartOf":{"@id":"https:\/\/torredonjimenoactualidad.com\/index.php\/2025\/02\/06\/el-ayuntamiento-de-torredonjimeno-presenta-la-programacion-de-invierno-joven-con-una-oferta-variada-de-actividades\/"},"author":{"name":"Alba Mar\u00eda Torres","@id":"https:\/\/torredonjimenoactualidad.com\/#\/schema\/person\/84de5f233e783ef2c75151a532b54977"},"headline":"El Ayuntamiento de Torredonjimeno presenta la programaci\u00f3n de \u201cInvierno Joven\u201d con una oferta variada de actividades","datePublished":"2025-02-06T15:32:27+00:00","dateModified":"2025-02-06T17:09:53+00:00","mainEntityOfPage":{"@id":"https:\/\/torredonjimenoactualidad.com\/index.php\/2025\/02\/06\/el-ayuntamiento-de-torredonjimeno-presenta-la-programacion-de-invierno-joven-con-una-oferta-variada-de-actividades\/"},"wordCount":565,"publisher":{"@id":"https:\/\/torredonjimenoactualidad.com\/#organization"},"articleSection":["local"],"inLanguage":"es"},{"@type":"WebPage","@id":"https:\/\/torredonjimenoactualidad.com\/index.php\/2025\/02\/06\/el-ayuntamiento-de-torredonjimeno-presenta-la-programacion-de-invierno-joven-con-una-oferta-variada-de-actividades\/","url":"https:\/\/torredonjimenoactualidad.com\/index.php\/2025\/02\/06\/el-ayuntamiento-de-torredonjimeno-presenta-la-programacion-de-invierno-joven-con-una-oferta-variada-de-actividades\/","name":"El Ayuntamiento de Torredonjimeno presenta la programaci\u00f3n de \u201cInvierno Joven\u201d con una oferta variada de actividades - Torredonjimeno Actualidad","isPartOf":{"@id":"https:\/\/torredonjimenoactualidad.com\/#website"},"datePublished":"2025-02-06T15:32:27+00:00","dateModified":"2025-02-06T17:09:53+00:00","breadcrumb":{"@id":"https:\/\/torredonjimenoactualidad.com\/index.php\/2025\/02\/06\/el-ayuntamiento-de-torredonjimeno-presenta-la-programacion-de-invierno-joven-con-una-oferta-variada-de-actividades\/#breadcrumb"},"inLanguage":"es","potentialAction":[{"@type":"ReadAction","target":["https:\/\/torredonjimenoactualidad.com\/index.php\/2025\/02\/06\/el-ayuntamiento-de-torredonjimeno-presenta-la-programacion-de-invierno-joven-con-una-oferta-variada-de-actividades\/"]}]},{"@type":"BreadcrumbList","@id":"https:\/\/torredonjimenoactualidad.com\/index.php\/2025\/02\/06\/el-ayuntamiento-de-torredonjimeno-presenta-la-programacion-de-invierno-joven-con-una-oferta-variada-de-actividades\/#breadcrumb","itemListElement":[{"@type":"ListItem","position":1,"name":"Portada","item":"https:\/\/torredonjimenoactualidad.com\/"},{"@type":"ListItem","position":2,"name":"El Ayuntamiento de Torredonjimeno presenta la programaci\u00f3n de \u201cInvierno Joven\u201d con una oferta variada de actividades"}]},{"@type":"WebSite","@id":"https:\/\/torredonjimenoactualidad.com\/#website","url":"https:\/\/torredonjimenoactualidad.com\/","name":"Torredonjimeno Actualidad","description":"","publisher":{"@id":"https:\/\/torredonjimenoactualidad.com\/#organization"},"potentialAction":[{"@type":"SearchAction","target":{"@type":"EntryPoint","urlTemplate":"https:\/\/torredonjimenoactualidad.com\/?s={search_term_string}"},"query-input":"required name=search_term_string"}],"inLanguage":"es"},{"@type":"Organization","@id":"https:\/\/torredonjimenoactualidad.com\/#organization","name":"Torredonjimeno Actualidad","url":"https:\/\/torredonjimenoactualidad.com\/","logo":{"@type":"ImageObject","inLanguage":"es","@id":"https:\/\/torredonjimenoactualidad.com\/#\/schema\/logo\/image\/","url":"https:\/\/torredonjimenoactualidad.com\/wp-content\/uploads\/2023\/02\/logo-torredonjimeno-544x180-1.png","contentUrl":"https:\/\/torredonjimenoactualidad.com\/wp-content\/uploads\/2023\/02\/logo-torredonjimeno-544x180-1.png","width":545,"height":112,"caption":"Torredonjimeno Actualidad"},"image":{"@id":"https:\/\/torredonjimenoactualidad.com\/#\/schema\/logo\/image\/"}},{"@type":"Person","@id":"https:\/\/torredonjimenoactualidad.com\/#\/schema\/person\/84de5f233e783ef2c75151a532b54977","name":"Alba Mar\u00eda Torres","image":{"@type":"ImageObject","inLanguage":"es","@id":"https:\/\/torredonjimenoactualidad.com\/#\/schema\/person\/image\/","url":"https:\/\/secure.gravatar.com\/avatar\/f9371f188c71501b4475a9ba2a71595850ec72967f800a2ed8e3e2102859ed65?s=96&d=mm&r=g","contentUrl":"https:\/\/secure.gravatar.com\/avatar\/f9371f188c71501b4475a9ba2a71595850ec72967f800a2ed8e3e2102859ed65?s=96&d=mm&r=g","caption":"Alba Mar\u00eda Torres"},"url":"https:\/\/torredonjimenoactualidad.com\/index.php\/author\/alba-torres\/"}]}},"_links":{"self":[{"href":"https:\/\/torredonjimenoactualidad.com\/index.php\/wp-json\/wp\/v2\/posts\/3020","targetHints":{"allow":["GET"]}}],"collection":[{"href":"https:\/\/torredonjimenoactualidad.com\/index.php\/wp-json\/wp\/v2\/posts"}],"about":[{"href":"https:\/\/torredonjimenoactualidad.com\/index.php\/wp-json\/wp\/v2\/types\/post"}],"author":[{"embeddable":true,"href":"https:\/\/torredonjimenoactualidad.com\/index.php\/wp-json\/wp\/v2\/users\/2"}],"replies":[{"embeddable":true,"href":"https:\/\/torredonjimenoactualidad.com\/index.php\/wp-json\/wp\/v2\/comments?post=3020"}],"version-history":[{"count":3,"href":"https:\/\/torredonjimenoactualidad.com\/index.php\/wp-json\/wp\/v2\/posts\/3020\/revisions"}],"predecessor-version":[{"id":3031,"href":"https:\/\/torredonjimenoactualidad.com\/index.php\/wp-json\/wp\/v2\/posts\/3020\/revisions\/3031"}],"wp:featuredmedia":[{"embeddable":true,"href":"https:\/\/torredonjimenoactualidad.com\/index.php\/wp-json\/wp\/v2\/media\/3021"}],"wp:attachment":[{"href":"https:\/\/torredonjimenoactualidad.com\/index.php\/wp-json\/wp\/v2\/media?parent=3020"}],"wp:term":[{"taxonomy":"category","embeddable":true,"href":"https:\/\/torredonjimenoactualidad.com\/index.php\/wp-json\/wp\/v2\/categories?post=3020"},{"taxonomy":"post_tag","embeddable":true,"href":"https:\/\/torredonjimenoactualidad.com\/index.php\/wp-json\/wp\/v2\/tags?post=3020"}],"curies":[{"name":"wp","href":"https:\/\/api.w.org\/{rel}","templated":true}]}}