{"id":2974,"date":"2025-01-28T11:16:05","date_gmt":"2025-01-28T11:16:05","guid":{"rendered":"https:\/\/torredonjimenoactualidad.com\/?p=2974"},"modified":"2025-01-28T11:45:27","modified_gmt":"2025-01-28T11:45:27","slug":"i-marcha-cofrade-de-torredonjimeno-a-beneficio-de-afpaen","status":"publish","type":"post","link":"https:\/\/torredonjimenoactualidad.com\/index.php\/2025\/01\/28\/i-marcha-cofrade-de-torredonjimeno-a-beneficio-de-afpaen\/","title":{"rendered":"I Marcha Cofrade de Torredonjimeno a beneficio de Afpaen"},"content":{"rendered":"\n<p>Este martes se ha presentado en el Ayuntamiento de Torredonjimeno la\u00a0I Marcha Cofrade \u201cCiudad de Torredonjimeno\u201d, un evento solidario organizado por la\u00a0Hermandad de la Resurrecci\u00f3n, que recorrer\u00e1 tres kil\u00f3metros y est\u00e1 dirigida a participantes de todas las edades. La marcha se celebrar\u00e1 el domingo 16 de febrero, a partir de las 11:00 de la ma\u00f1ana, y tendr\u00e1 un marcado car\u00e1cter ben\u00e9fico, en beneficio de la Asociaci\u00f3n de Familiares y Personas con Alzheimer y otras Enfermedades Neurol\u00f3gicas (AFPAEN).<\/p>\n\n\n\n<p>En el acto de presentaci\u00f3n participaron\u00a0Ana Bel\u00e9n Lara, concejala de Deporte del Ayuntamiento de Torredonjimeno;\u00a0Bel\u00e9n Erena, administradora de la Hermandad de la Resurrecci\u00f3n;\u00a0Juan Guardia, miembro de la Junta de Gobierno de dicha hermandad; y\u00a0Puri Granadino, presidenta de AFPAEN.<\/p>\n\n\n\n<p><strong>Una marcha solidaria y de convivencia<\/strong><\/p>\n\n\n\n<p>Bel\u00e9n Erena destac\u00f3 la importancia de esta actividad, explicando que surgi\u00f3 como parte de las iniciativas solidarias que realiza la Hermandad de la Resurrecci\u00f3n. Adem\u00e1s, se\u00f1al\u00f3 que la marcha recorrer\u00e1 las casas de hermandad de la ciudad, fomentando la convivencia entre las cofrad\u00edas locales. \u201cEsperamos que esta marcha se consolide y podamos repetirla en los pr\u00f3ximos a\u00f1os\u201d, afirm\u00f3.<\/p>\n\n\n\n<p>La inscripci\u00f3n tendr\u00e1 un coste m\u00ednimo de\u00a03 euros, con la posibilidad de realizar donaciones mayores. El importe \u00edntegro recaudado ser\u00e1 destinado a AFPAEN. Los interesados podr\u00e1n inscribirse mediante un\u00a0c\u00f3digo QR\u00a0disponible en el cartel oficial del evento o a trav\u00e9s del siguiente enlace <a href=\"https:\/\/docs.google.com\/...\/1FAIpQLSd4wZdtYQcwmx...\/viewform\">https:\/\/docs.google.com\/&#8230;\/1FAIpQLSd4wZdtYQcwmx&#8230;\/viewform<\/a> o mediante WhatsApp al n\u00famero 674 70 86 91.<\/p>\n\n\n\n<p>Para aquellos que no puedan participar f\u00edsicamente, estar\u00e1 disponible el\u00a0\u201cdorsal cero\u201d\u00a0para colaborar de forma simb\u00f3lica.<\/p>\n\n\n\n<p>Recorrido y detalles de la marcha<\/p>\n\n\n\n<p>El recorrido, de aproximadamente tres kil\u00f3metros, comenzar\u00e1 en la\u00a0Plaza de la Constituci\u00f3n\u00a0y pasar\u00e1 por calles emblem\u00e1ticas de Torredonjimeno como El Agua, Herrer\u00eda, San Pedro, Quebrada y Mesones, para finalizar nuevamente en la Plaza de la Constituci\u00f3n. Todos los participantes recibir\u00e1n un obsequio, que incluir\u00e1 una mochila, una camiseta y una botella de agua, cortes\u00eda del Ayuntamiento y Caja Rural de Ja\u00e9n. Adem\u00e1s, se premiar\u00e1 a las tres cofrad\u00edas que aporten mayor n\u00famero de participantes.<\/p>\n\n\n\n<p>Erena tambi\u00e9n destac\u00f3 que las inscripciones realizadas antes del 6 de febrero podr\u00e1n garantizar la talla de camiseta, mientras que, posteriormente, estar\u00e1n sujetas a disponibilidad.<\/p>\n\n\n\n<p><strong>Reconocimiento a la solidaridad de Torredonjimeno<\/strong><\/p>\n\n\n\n<p>Por su parte,\u00a0Puri Granadino, presidenta de AFPAEN, agradeci\u00f3 profundamente la iniciativa y el apoyo recibido por parte del Ayuntamiento, la Hermandad de la Resurrecci\u00f3n, las cofrad\u00edas locales y Caja Rural de Ja\u00e9n. \u201cGracias a eventos como este, podemos seguir avanzando en nuestra labor de apoyo a las personas afectadas por alzheimer y otras enfermedades neurol\u00f3gicas\u201d, destac\u00f3.<\/p>\n\n\n\n<p><\/p>\n","protected":false},"excerpt":{"rendered":"<p>Este martes se ha presentado en el Ayuntamiento de Torredonjimeno la\u00a0I Marcha Cofrade \u201cCiudad de Torredonjimeno\u201d, un evento solidario organizado por la\u00a0Hermandad de la Resurrecci\u00f3n, que recorrer\u00e1 tres kil\u00f3metros y est\u00e1 dirigida a participantes de todas las edades. La marcha se celebrar\u00e1 el domingo 16 de febrero, a partir de las 11:00 de la ma\u00f1ana, &hellip;<\/p>\n<p class=\"read-more\"> <a class=\"\" href=\"https:\/\/torredonjimenoactualidad.com\/index.php\/2025\/01\/28\/i-marcha-cofrade-de-torredonjimeno-a-beneficio-de-afpaen\/\"> <span class=\"screen-reader-text\">I Marcha Cofrade de Torredonjimeno a beneficio de Afpaen<\/span> Leer m\u00e1s &raquo;<\/a><\/p>\n","protected":false},"author":2,"featured_media":2975,"comment_status":"closed","ping_status":"open","sticky":false,"template":"","format":"standard","meta":{"site-sidebar-layout":"default","site-content-layout":"default","ast-global-header-display":"","ast-main-header-display":"","ast-hfb-above-header-display":"","ast-hfb-below-header-display":"","ast-hfb-mobile-header-display":"","site-post-title":"","ast-breadcrumbs-content":"","ast-featured-img":"","footer-sml-layout":"","theme-transparent-header-meta":"","adv-header-id-meta":"","stick-header-meta":"","header-above-stick-meta":"","header-main-stick-meta":"","header-below-stick-meta":"","footnotes":""},"categories":[1],"tags":[],"class_list":["post-2974","post","type-post","status-publish","format-standard","has-post-thumbnail","hentry","category-sin-categoria"],"yoast_head":"<!-- This site is optimized with the Yoast SEO plugin v20.8 - https:\/\/yoast.com\/wordpress\/plugins\/seo\/ -->\n<title>I Marcha Cofrade de Torredonjimeno a beneficio de Afpaen - Torredonjimeno Actualidad<\/title>\n<meta name=\"robots\" content=\"index, follow, max-snippet:-1, max-image-preview:large, max-video-preview:-1\" \/>\n<link rel=\"canonical\" href=\"https:\/\/torredonjimenoactualidad.com\/index.php\/2025\/01\/28\/i-marcha-cofrade-de-torredonjimeno-a-beneficio-de-afpaen\/\" \/>\n<meta property=\"og:locale\" content=\"es_ES\" \/>\n<meta property=\"og:type\" content=\"article\" \/>\n<meta property=\"og:title\" content=\"I Marcha Cofrade de Torredonjimeno a beneficio de Afpaen - Torredonjimeno Actualidad\" \/>\n<meta property=\"og:description\" content=\"Este martes se ha presentado en el Ayuntamiento de Torredonjimeno la\u00a0I Marcha Cofrade \u201cCiudad de Torredonjimeno\u201d, un evento solidario organizado por la\u00a0Hermandad de la Resurrecci\u00f3n, que recorrer\u00e1 tres kil\u00f3metros y est\u00e1 dirigida a participantes de todas las edades. La marcha se celebrar\u00e1 el domingo 16 de febrero, a partir de las 11:00 de la ma\u00f1ana, &hellip; I Marcha Cofrade de Torredonjimeno a beneficio de Afpaen Leer m\u00e1s &raquo;\" \/>\n<meta property=\"og:url\" content=\"https:\/\/torredonjimenoactualidad.com\/index.php\/2025\/01\/28\/i-marcha-cofrade-de-torredonjimeno-a-beneficio-de-afpaen\/\" \/>\n<meta property=\"og:site_name\" content=\"Torredonjimeno Actualidad\" \/>\n<meta property=\"article:published_time\" content=\"2025-01-28T11:16:05+00:00\" \/>\n<meta property=\"article:modified_time\" content=\"2025-01-28T11:45:27+00:00\" \/>\n<meta property=\"og:image\" content=\"https:\/\/torredonjimenoactualidad.com\/wp-content\/uploads\/2025\/01\/474530772_1145509130918465_6684553549226848093_n.jpg\" \/>\n\t<meta property=\"og:image:width\" content=\"1440\" \/>\n\t<meta property=\"og:image:height\" content=\"822\" \/>\n\t<meta property=\"og:image:type\" content=\"image\/jpeg\" \/>\n<meta name=\"author\" content=\"Alba Mar\u00eda Torres\" \/>\n<meta name=\"twitter:card\" content=\"summary_large_image\" \/>\n<meta name=\"twitter:label1\" content=\"Escrito por\" \/>\n\t<meta name=\"twitter:data1\" content=\"Alba Mar\u00eda Torres\" \/>\n\t<meta name=\"twitter:label2\" content=\"Tiempo de lectura\" \/>\n\t<meta name=\"twitter:data2\" content=\"2 minutos\" \/>\n<script type=\"application\/ld+json\" class=\"yoast-schema-graph\">{\"@context\":\"https:\/\/schema.org\",\"@graph\":[{\"@type\":\"Article\",\"@id\":\"https:\/\/torredonjimenoactualidad.com\/index.php\/2025\/01\/28\/i-marcha-cofrade-de-torredonjimeno-a-beneficio-de-afpaen\/#article\",\"isPartOf\":{\"@id\":\"https:\/\/torredonjimenoactualidad.com\/index.php\/2025\/01\/28\/i-marcha-cofrade-de-torredonjimeno-a-beneficio-de-afpaen\/\"},\"author\":{\"name\":\"Alba Mar\u00eda Torres\",\"@id\":\"https:\/\/torredonjimenoactualidad.com\/#\/schema\/person\/84de5f233e783ef2c75151a532b54977\"},\"headline\":\"I Marcha Cofrade de Torredonjimeno a beneficio de Afpaen\",\"datePublished\":\"2025-01-28T11:16:05+00:00\",\"dateModified\":\"2025-01-28T11:45:27+00:00\",\"mainEntityOfPage\":{\"@id\":\"https:\/\/torredonjimenoactualidad.com\/index.php\/2025\/01\/28\/i-marcha-cofrade-de-torredonjimeno-a-beneficio-de-afpaen\/\"},\"wordCount\":478,\"publisher\":{\"@id\":\"https:\/\/torredonjimenoactualidad.com\/#organization\"},\"inLanguage\":\"es\"},{\"@type\":\"WebPage\",\"@id\":\"https:\/\/torredonjimenoactualidad.com\/index.php\/2025\/01\/28\/i-marcha-cofrade-de-torredonjimeno-a-beneficio-de-afpaen\/\",\"url\":\"https:\/\/torredonjimenoactualidad.com\/index.php\/2025\/01\/28\/i-marcha-cofrade-de-torredonjimeno-a-beneficio-de-afpaen\/\",\"name\":\"I Marcha Cofrade de Torredonjimeno a beneficio de Afpaen - Torredonjimeno Actualidad\",\"isPartOf\":{\"@id\":\"https:\/\/torredonjimenoactualidad.com\/#website\"},\"datePublished\":\"2025-01-28T11:16:05+00:00\",\"dateModified\":\"2025-01-28T11:45:27+00:00\",\"breadcrumb\":{\"@id\":\"https:\/\/torredonjimenoactualidad.com\/index.php\/2025\/01\/28\/i-marcha-cofrade-de-torredonjimeno-a-beneficio-de-afpaen\/#breadcrumb\"},\"inLanguage\":\"es\",\"potentialAction\":[{\"@type\":\"ReadAction\",\"target\":[\"https:\/\/torredonjimenoactualidad.com\/index.php\/2025\/01\/28\/i-marcha-cofrade-de-torredonjimeno-a-beneficio-de-afpaen\/\"]}]},{\"@type\":\"BreadcrumbList\",\"@id\":\"https:\/\/torredonjimenoactualidad.com\/index.php\/2025\/01\/28\/i-marcha-cofrade-de-torredonjimeno-a-beneficio-de-afpaen\/#breadcrumb\",\"itemListElement\":[{\"@type\":\"ListItem\",\"position\":1,\"name\":\"Portada\",\"item\":\"https:\/\/torredonjimenoactualidad.com\/\"},{\"@type\":\"ListItem\",\"position\":2,\"name\":\"I Marcha Cofrade de Torredonjimeno a beneficio de Afpaen\"}]},{\"@type\":\"WebSite\",\"@id\":\"https:\/\/torredonjimenoactualidad.com\/#website\",\"url\":\"https:\/\/torredonjimenoactualidad.com\/\",\"name\":\"Torredonjimeno Actualidad\",\"description\":\"\",\"publisher\":{\"@id\":\"https:\/\/torredonjimenoactualidad.com\/#organization\"},\"potentialAction\":[{\"@type\":\"SearchAction\",\"target\":{\"@type\":\"EntryPoint\",\"urlTemplate\":\"https:\/\/torredonjimenoactualidad.com\/?s={search_term_string}\"},\"query-input\":\"required name=search_term_string\"}],\"inLanguage\":\"es\"},{\"@type\":\"Organization\",\"@id\":\"https:\/\/torredonjimenoactualidad.com\/#organization\",\"name\":\"Torredonjimeno Actualidad\",\"url\":\"https:\/\/torredonjimenoactualidad.com\/\",\"logo\":{\"@type\":\"ImageObject\",\"inLanguage\":\"es\",\"@id\":\"https:\/\/torredonjimenoactualidad.com\/#\/schema\/logo\/image\/\",\"url\":\"https:\/\/torredonjimenoactualidad.com\/wp-content\/uploads\/2023\/02\/logo-torredonjimeno-544x180-1.png\",\"contentUrl\":\"https:\/\/torredonjimenoactualidad.com\/wp-content\/uploads\/2023\/02\/logo-torredonjimeno-544x180-1.png\",\"width\":545,\"height\":112,\"caption\":\"Torredonjimeno Actualidad\"},\"image\":{\"@id\":\"https:\/\/torredonjimenoactualidad.com\/#\/schema\/logo\/image\/\"}},{\"@type\":\"Person\",\"@id\":\"https:\/\/torredonjimenoactualidad.com\/#\/schema\/person\/84de5f233e783ef2c75151a532b54977\",\"name\":\"Alba Mar\u00eda Torres\",\"image\":{\"@type\":\"ImageObject\",\"inLanguage\":\"es\",\"@id\":\"https:\/\/torredonjimenoactualidad.com\/#\/schema\/person\/image\/\",\"url\":\"https:\/\/secure.gravatar.com\/avatar\/f9371f188c71501b4475a9ba2a71595850ec72967f800a2ed8e3e2102859ed65?s=96&d=mm&r=g\",\"contentUrl\":\"https:\/\/secure.gravatar.com\/avatar\/f9371f188c71501b4475a9ba2a71595850ec72967f800a2ed8e3e2102859ed65?s=96&d=mm&r=g\",\"caption\":\"Alba Mar\u00eda Torres\"},\"url\":\"https:\/\/torredonjimenoactualidad.com\/index.php\/author\/alba-torres\/\"}]}<\/script>\n<!-- \/ Yoast SEO plugin. -->","yoast_head_json":{"title":"I Marcha Cofrade de Torredonjimeno a beneficio de Afpaen - Torredonjimeno Actualidad","robots":{"index":"index","follow":"follow","max-snippet":"max-snippet:-1","max-image-preview":"max-image-preview:large","max-video-preview":"max-video-preview:-1"},"canonical":"https:\/\/torredonjimenoactualidad.com\/index.php\/2025\/01\/28\/i-marcha-cofrade-de-torredonjimeno-a-beneficio-de-afpaen\/","og_locale":"es_ES","og_type":"article","og_title":"I Marcha Cofrade de Torredonjimeno a beneficio de Afpaen - Torredonjimeno Actualidad","og_description":"Este martes se ha presentado en el Ayuntamiento de Torredonjimeno la\u00a0I Marcha Cofrade \u201cCiudad de Torredonjimeno\u201d, un evento solidario organizado por la\u00a0Hermandad de la Resurrecci\u00f3n, que recorrer\u00e1 tres kil\u00f3metros y est\u00e1 dirigida a participantes de todas las edades. La marcha se celebrar\u00e1 el domingo 16 de febrero, a partir de las 11:00 de la ma\u00f1ana, &hellip; I Marcha Cofrade de Torredonjimeno a beneficio de Afpaen Leer m\u00e1s &raquo;","og_url":"https:\/\/torredonjimenoactualidad.com\/index.php\/2025\/01\/28\/i-marcha-cofrade-de-torredonjimeno-a-beneficio-de-afpaen\/","og_site_name":"Torredonjimeno Actualidad","article_published_time":"2025-01-28T11:16:05+00:00","article_modified_time":"2025-01-28T11:45:27+00:00","og_image":[{"width":1440,"height":822,"url":"https:\/\/torredonjimenoactualidad.com\/wp-content\/uploads\/2025\/01\/474530772_1145509130918465_6684553549226848093_n.jpg","type":"image\/jpeg"}],"author":"Alba Mar\u00eda Torres","twitter_card":"summary_large_image","twitter_misc":{"Escrito por":"Alba Mar\u00eda Torres","Tiempo de lectura":"2 minutos"},"schema":{"@context":"https:\/\/schema.org","@graph":[{"@type":"Article","@id":"https:\/\/torredonjimenoactualidad.com\/index.php\/2025\/01\/28\/i-marcha-cofrade-de-torredonjimeno-a-beneficio-de-afpaen\/#article","isPartOf":{"@id":"https:\/\/torredonjimenoactualidad.com\/index.php\/2025\/01\/28\/i-marcha-cofrade-de-torredonjimeno-a-beneficio-de-afpaen\/"},"author":{"name":"Alba Mar\u00eda Torres","@id":"https:\/\/torredonjimenoactualidad.com\/#\/schema\/person\/84de5f233e783ef2c75151a532b54977"},"headline":"I Marcha Cofrade de Torredonjimeno a beneficio de Afpaen","datePublished":"2025-01-28T11:16:05+00:00","dateModified":"2025-01-28T11:45:27+00:00","mainEntityOfPage":{"@id":"https:\/\/torredonjimenoactualidad.com\/index.php\/2025\/01\/28\/i-marcha-cofrade-de-torredonjimeno-a-beneficio-de-afpaen\/"},"wordCount":478,"publisher":{"@id":"https:\/\/torredonjimenoactualidad.com\/#organization"},"inLanguage":"es"},{"@type":"WebPage","@id":"https:\/\/torredonjimenoactualidad.com\/index.php\/2025\/01\/28\/i-marcha-cofrade-de-torredonjimeno-a-beneficio-de-afpaen\/","url":"https:\/\/torredonjimenoactualidad.com\/index.php\/2025\/01\/28\/i-marcha-cofrade-de-torredonjimeno-a-beneficio-de-afpaen\/","name":"I Marcha Cofrade de Torredonjimeno a beneficio de Afpaen - Torredonjimeno Actualidad","isPartOf":{"@id":"https:\/\/torredonjimenoactualidad.com\/#website"},"datePublished":"2025-01-28T11:16:05+00:00","dateModified":"2025-01-28T11:45:27+00:00","breadcrumb":{"@id":"https:\/\/torredonjimenoactualidad.com\/index.php\/2025\/01\/28\/i-marcha-cofrade-de-torredonjimeno-a-beneficio-de-afpaen\/#breadcrumb"},"inLanguage":"es","potentialAction":[{"@type":"ReadAction","target":["https:\/\/torredonjimenoactualidad.com\/index.php\/2025\/01\/28\/i-marcha-cofrade-de-torredonjimeno-a-beneficio-de-afpaen\/"]}]},{"@type":"BreadcrumbList","@id":"https:\/\/torredonjimenoactualidad.com\/index.php\/2025\/01\/28\/i-marcha-cofrade-de-torredonjimeno-a-beneficio-de-afpaen\/#breadcrumb","itemListElement":[{"@type":"ListItem","position":1,"name":"Portada","item":"https:\/\/torredonjimenoactualidad.com\/"},{"@type":"ListItem","position":2,"name":"I Marcha Cofrade de Torredonjimeno a beneficio de Afpaen"}]},{"@type":"WebSite","@id":"https:\/\/torredonjimenoactualidad.com\/#website","url":"https:\/\/torredonjimenoactualidad.com\/","name":"Torredonjimeno Actualidad","description":"","publisher":{"@id":"https:\/\/torredonjimenoactualidad.com\/#organization"},"potentialAction":[{"@type":"SearchAction","target":{"@type":"EntryPoint","urlTemplate":"https:\/\/torredonjimenoactualidad.com\/?s={search_term_string}"},"query-input":"required name=search_term_string"}],"inLanguage":"es"},{"@type":"Organization","@id":"https:\/\/torredonjimenoactualidad.com\/#organization","name":"Torredonjimeno Actualidad","url":"https:\/\/torredonjimenoactualidad.com\/","logo":{"@type":"ImageObject","inLanguage":"es","@id":"https:\/\/torredonjimenoactualidad.com\/#\/schema\/logo\/image\/","url":"https:\/\/torredonjimenoactualidad.com\/wp-content\/uploads\/2023\/02\/logo-torredonjimeno-544x180-1.png","contentUrl":"https:\/\/torredonjimenoactualidad.com\/wp-content\/uploads\/2023\/02\/logo-torredonjimeno-544x180-1.png","width":545,"height":112,"caption":"Torredonjimeno Actualidad"},"image":{"@id":"https:\/\/torredonjimenoactualidad.com\/#\/schema\/logo\/image\/"}},{"@type":"Person","@id":"https:\/\/torredonjimenoactualidad.com\/#\/schema\/person\/84de5f233e783ef2c75151a532b54977","name":"Alba Mar\u00eda Torres","image":{"@type":"ImageObject","inLanguage":"es","@id":"https:\/\/torredonjimenoactualidad.com\/#\/schema\/person\/image\/","url":"https:\/\/secure.gravatar.com\/avatar\/f9371f188c71501b4475a9ba2a71595850ec72967f800a2ed8e3e2102859ed65?s=96&d=mm&r=g","contentUrl":"https:\/\/secure.gravatar.com\/avatar\/f9371f188c71501b4475a9ba2a71595850ec72967f800a2ed8e3e2102859ed65?s=96&d=mm&r=g","caption":"Alba Mar\u00eda Torres"},"url":"https:\/\/torredonjimenoactualidad.com\/index.php\/author\/alba-torres\/"}]}},"_links":{"self":[{"href":"https:\/\/torredonjimenoactualidad.com\/index.php\/wp-json\/wp\/v2\/posts\/2974","targetHints":{"allow":["GET"]}}],"collection":[{"href":"https:\/\/torredonjimenoactualidad.com\/index.php\/wp-json\/wp\/v2\/posts"}],"about":[{"href":"https:\/\/torredonjimenoactualidad.com\/index.php\/wp-json\/wp\/v2\/types\/post"}],"author":[{"embeddable":true,"href":"https:\/\/torredonjimenoactualidad.com\/index.php\/wp-json\/wp\/v2\/users\/2"}],"replies":[{"embeddable":true,"href":"https:\/\/torredonjimenoactualidad.com\/index.php\/wp-json\/wp\/v2\/comments?post=2974"}],"version-history":[{"count":2,"href":"https:\/\/torredonjimenoactualidad.com\/index.php\/wp-json\/wp\/v2\/posts\/2974\/revisions"}],"predecessor-version":[{"id":2979,"href":"https:\/\/torredonjimenoactualidad.com\/index.php\/wp-json\/wp\/v2\/posts\/2974\/revisions\/2979"}],"wp:featuredmedia":[{"embeddable":true,"href":"https:\/\/torredonjimenoactualidad.com\/index.php\/wp-json\/wp\/v2\/media\/2975"}],"wp:attachment":[{"href":"https:\/\/torredonjimenoactualidad.com\/index.php\/wp-json\/wp\/v2\/media?parent=2974"}],"wp:term":[{"taxonomy":"category","embeddable":true,"href":"https:\/\/torredonjimenoactualidad.com\/index.php\/wp-json\/wp\/v2\/categories?post=2974"},{"taxonomy":"post_tag","embeddable":true,"href":"https:\/\/torredonjimenoactualidad.com\/index.php\/wp-json\/wp\/v2\/tags?post=2974"}],"curies":[{"name":"wp","href":"https:\/\/api.w.org\/{rel}","templated":true}]}}