{"id":2888,"date":"2025-01-14T08:43:23","date_gmt":"2025-01-14T08:43:23","guid":{"rendered":"https:\/\/torredonjimenoactualidad.com\/?p=2888"},"modified":"2025-01-14T08:43:23","modified_gmt":"2025-01-14T08:43:23","slug":"torredonjimeno-celebra-el-proximo-viernes-la-tradicional-bendicion-de-animales-por-san-anton","status":"publish","type":"post","link":"https:\/\/torredonjimenoactualidad.com\/index.php\/2025\/01\/14\/torredonjimeno-celebra-el-proximo-viernes-la-tradicional-bendicion-de-animales-por-san-anton\/","title":{"rendered":"Torredonjimeno celebra el pr\u00f3ximo viernes la tradicional bendici\u00f3n de animales por San Ant\u00f3n"},"content":{"rendered":"\n<p>Las parroquias de Torredonjimeno honrar\u00e1n este viernes 17 de enero la festividad de San Antonio Abad, patr\u00f3n de los animales, con la tradicional bendici\u00f3n de mascotas. Este ritual, que forma parte de las costumbres m\u00e1s arraigadas del cristian\u00edsimo congrega cada a\u00f1o a vecinos y animales a las puertas de los templos de la localidad.<\/p>\n\n\n\n<p>A las 16:30 horas tendr\u00e1 lugar la primera bendici\u00f3n de animales en la Plaza de la Virgen del Olivo. M\u00e1s tarde, a las 17:30 horas, se llevar\u00e1 a cabo otro acto similar en la lonja de la Iglesia de San Pedro. En esta misma parroquia, la jornada culminar\u00e1 a las 19:00 horas con la celebraci\u00f3n de la Eucarist\u00eda dedicada especialmente a la festividad de San Ant\u00f3n. <\/p>\n\n\n\n<p>De igual manera, en la Parroquia de Santa Mar\u00eda tambi\u00e9n tendr\u00e1 lugar la tradici\u00f3n bendici\u00f3n de animales, programada a las 19:30 horas en la puerta principal del templo. <\/p>\n\n\n\n<p>Esta cita anual no solo destaca por su car\u00e1cter religioso, sino tambi\u00e9n por el cari\u00f1o que muchos tosirianos muestran hacia sus mascotas, a las que encomiendan a San Ant\u00f3n para que las proteja. <\/p>\n\n\n\n<p><\/p>\n","protected":false},"excerpt":{"rendered":"<p>Las parroquias de Torredonjimeno honrar\u00e1n este viernes 17 de enero la festividad de San Antonio Abad, patr\u00f3n de los animales, con la tradicional bendici\u00f3n de mascotas. Este ritual, que forma parte de las costumbres m\u00e1s arraigadas del cristian\u00edsimo congrega cada a\u00f1o a vecinos y animales a las puertas de los templos de la localidad. A &hellip;<\/p>\n<p class=\"read-more\"> <a class=\"\" href=\"https:\/\/torredonjimenoactualidad.com\/index.php\/2025\/01\/14\/torredonjimeno-celebra-el-proximo-viernes-la-tradicional-bendicion-de-animales-por-san-anton\/\"> <span class=\"screen-reader-text\">Torredonjimeno celebra el pr\u00f3ximo viernes la tradicional bendici\u00f3n de animales por San Ant\u00f3n<\/span> Leer m\u00e1s &raquo;<\/a><\/p>\n","protected":false},"author":2,"featured_media":2889,"comment_status":"closed","ping_status":"open","sticky":false,"template":"","format":"standard","meta":{"site-sidebar-layout":"default","site-content-layout":"default","ast-global-header-display":"","ast-main-header-display":"","ast-hfb-above-header-display":"","ast-hfb-below-header-display":"","ast-hfb-mobile-header-display":"","site-post-title":"","ast-breadcrumbs-content":"","ast-featured-img":"","footer-sml-layout":"","theme-transparent-header-meta":"","adv-header-id-meta":"","stick-header-meta":"","header-above-stick-meta":"","header-main-stick-meta":"","header-below-stick-meta":"","footnotes":""},"categories":[1],"tags":[],"class_list":["post-2888","post","type-post","status-publish","format-standard","has-post-thumbnail","hentry","category-sin-categoria"],"yoast_head":"<!-- This site is optimized with the Yoast SEO plugin v20.8 - https:\/\/yoast.com\/wordpress\/plugins\/seo\/ -->\n<title>Torredonjimeno celebra el pr\u00f3ximo viernes la tradicional bendici\u00f3n de animales por San Ant\u00f3n - Torredonjimeno Actualidad<\/title>\n<meta name=\"robots\" content=\"index, follow, max-snippet:-1, max-image-preview:large, max-video-preview:-1\" \/>\n<link rel=\"canonical\" href=\"https:\/\/torredonjimenoactualidad.com\/index.php\/2025\/01\/14\/torredonjimeno-celebra-el-proximo-viernes-la-tradicional-bendicion-de-animales-por-san-anton\/\" \/>\n<meta property=\"og:locale\" content=\"es_ES\" \/>\n<meta property=\"og:type\" content=\"article\" \/>\n<meta property=\"og:title\" content=\"Torredonjimeno celebra el pr\u00f3ximo viernes la tradicional bendici\u00f3n de animales por San Ant\u00f3n - Torredonjimeno Actualidad\" \/>\n<meta property=\"og:description\" content=\"Las parroquias de Torredonjimeno honrar\u00e1n este viernes 17 de enero la festividad de San Antonio Abad, patr\u00f3n de los animales, con la tradicional bendici\u00f3n de mascotas. Este ritual, que forma parte de las costumbres m\u00e1s arraigadas del cristian\u00edsimo congrega cada a\u00f1o a vecinos y animales a las puertas de los templos de la localidad. A &hellip; Torredonjimeno celebra el pr\u00f3ximo viernes la tradicional bendici\u00f3n de animales por San Ant\u00f3n Leer m\u00e1s &raquo;\" \/>\n<meta property=\"og:url\" content=\"https:\/\/torredonjimenoactualidad.com\/index.php\/2025\/01\/14\/torredonjimeno-celebra-el-proximo-viernes-la-tradicional-bendicion-de-animales-por-san-anton\/\" \/>\n<meta property=\"og:site_name\" content=\"Torredonjimeno Actualidad\" \/>\n<meta property=\"article:published_time\" content=\"2025-01-14T08:43:23+00:00\" \/>\n<meta property=\"og:image\" content=\"https:\/\/torredonjimenoactualidad.com\/wp-content\/uploads\/2025\/01\/IMG_0171-scaled.jpg\" \/>\n\t<meta property=\"og:image:width\" content=\"2560\" \/>\n\t<meta property=\"og:image:height\" content=\"1440\" \/>\n\t<meta property=\"og:image:type\" content=\"image\/jpeg\" \/>\n<meta name=\"author\" content=\"Alba Mar\u00eda Torres\" \/>\n<meta name=\"twitter:card\" content=\"summary_large_image\" \/>\n<meta name=\"twitter:label1\" content=\"Escrito por\" \/>\n\t<meta name=\"twitter:data1\" content=\"Alba Mar\u00eda Torres\" \/>\n\t<meta name=\"twitter:label2\" content=\"Tiempo de lectura\" \/>\n\t<meta name=\"twitter:data2\" content=\"1 minuto\" \/>\n<script type=\"application\/ld+json\" class=\"yoast-schema-graph\">{\"@context\":\"https:\/\/schema.org\",\"@graph\":[{\"@type\":\"Article\",\"@id\":\"https:\/\/torredonjimenoactualidad.com\/index.php\/2025\/01\/14\/torredonjimeno-celebra-el-proximo-viernes-la-tradicional-bendicion-de-animales-por-san-anton\/#article\",\"isPartOf\":{\"@id\":\"https:\/\/torredonjimenoactualidad.com\/index.php\/2025\/01\/14\/torredonjimeno-celebra-el-proximo-viernes-la-tradicional-bendicion-de-animales-por-san-anton\/\"},\"author\":{\"name\":\"Alba Mar\u00eda Torres\",\"@id\":\"https:\/\/torredonjimenoactualidad.com\/#\/schema\/person\/84de5f233e783ef2c75151a532b54977\"},\"headline\":\"Torredonjimeno celebra el pr\u00f3ximo viernes la tradicional bendici\u00f3n de animales por San Ant\u00f3n\",\"datePublished\":\"2025-01-14T08:43:23+00:00\",\"dateModified\":\"2025-01-14T08:43:23+00:00\",\"mainEntityOfPage\":{\"@id\":\"https:\/\/torredonjimenoactualidad.com\/index.php\/2025\/01\/14\/torredonjimeno-celebra-el-proximo-viernes-la-tradicional-bendicion-de-animales-por-san-anton\/\"},\"wordCount\":211,\"publisher\":{\"@id\":\"https:\/\/torredonjimenoactualidad.com\/#organization\"},\"inLanguage\":\"es\"},{\"@type\":\"WebPage\",\"@id\":\"https:\/\/torredonjimenoactualidad.com\/index.php\/2025\/01\/14\/torredonjimeno-celebra-el-proximo-viernes-la-tradicional-bendicion-de-animales-por-san-anton\/\",\"url\":\"https:\/\/torredonjimenoactualidad.com\/index.php\/2025\/01\/14\/torredonjimeno-celebra-el-proximo-viernes-la-tradicional-bendicion-de-animales-por-san-anton\/\",\"name\":\"Torredonjimeno celebra el pr\u00f3ximo viernes la tradicional bendici\u00f3n de animales por San Ant\u00f3n - Torredonjimeno Actualidad\",\"isPartOf\":{\"@id\":\"https:\/\/torredonjimenoactualidad.com\/#website\"},\"datePublished\":\"2025-01-14T08:43:23+00:00\",\"dateModified\":\"2025-01-14T08:43:23+00:00\",\"breadcrumb\":{\"@id\":\"https:\/\/torredonjimenoactualidad.com\/index.php\/2025\/01\/14\/torredonjimeno-celebra-el-proximo-viernes-la-tradicional-bendicion-de-animales-por-san-anton\/#breadcrumb\"},\"inLanguage\":\"es\",\"potentialAction\":[{\"@type\":\"ReadAction\",\"target\":[\"https:\/\/torredonjimenoactualidad.com\/index.php\/2025\/01\/14\/torredonjimeno-celebra-el-proximo-viernes-la-tradicional-bendicion-de-animales-por-san-anton\/\"]}]},{\"@type\":\"BreadcrumbList\",\"@id\":\"https:\/\/torredonjimenoactualidad.com\/index.php\/2025\/01\/14\/torredonjimeno-celebra-el-proximo-viernes-la-tradicional-bendicion-de-animales-por-san-anton\/#breadcrumb\",\"itemListElement\":[{\"@type\":\"ListItem\",\"position\":1,\"name\":\"Portada\",\"item\":\"https:\/\/torredonjimenoactualidad.com\/\"},{\"@type\":\"ListItem\",\"position\":2,\"name\":\"Torredonjimeno celebra el pr\u00f3ximo viernes la tradicional bendici\u00f3n de animales por San Ant\u00f3n\"}]},{\"@type\":\"WebSite\",\"@id\":\"https:\/\/torredonjimenoactualidad.com\/#website\",\"url\":\"https:\/\/torredonjimenoactualidad.com\/\",\"name\":\"Torredonjimeno Actualidad\",\"description\":\"\",\"publisher\":{\"@id\":\"https:\/\/torredonjimenoactualidad.com\/#organization\"},\"potentialAction\":[{\"@type\":\"SearchAction\",\"target\":{\"@type\":\"EntryPoint\",\"urlTemplate\":\"https:\/\/torredonjimenoactualidad.com\/?s={search_term_string}\"},\"query-input\":\"required name=search_term_string\"}],\"inLanguage\":\"es\"},{\"@type\":\"Organization\",\"@id\":\"https:\/\/torredonjimenoactualidad.com\/#organization\",\"name\":\"Torredonjimeno Actualidad\",\"url\":\"https:\/\/torredonjimenoactualidad.com\/\",\"logo\":{\"@type\":\"ImageObject\",\"inLanguage\":\"es\",\"@id\":\"https:\/\/torredonjimenoactualidad.com\/#\/schema\/logo\/image\/\",\"url\":\"https:\/\/torredonjimenoactualidad.com\/wp-content\/uploads\/2023\/02\/logo-torredonjimeno-544x180-1.png\",\"contentUrl\":\"https:\/\/torredonjimenoactualidad.com\/wp-content\/uploads\/2023\/02\/logo-torredonjimeno-544x180-1.png\",\"width\":545,\"height\":112,\"caption\":\"Torredonjimeno Actualidad\"},\"image\":{\"@id\":\"https:\/\/torredonjimenoactualidad.com\/#\/schema\/logo\/image\/\"}},{\"@type\":\"Person\",\"@id\":\"https:\/\/torredonjimenoactualidad.com\/#\/schema\/person\/84de5f233e783ef2c75151a532b54977\",\"name\":\"Alba Mar\u00eda Torres\",\"image\":{\"@type\":\"ImageObject\",\"inLanguage\":\"es\",\"@id\":\"https:\/\/torredonjimenoactualidad.com\/#\/schema\/person\/image\/\",\"url\":\"https:\/\/secure.gravatar.com\/avatar\/f9371f188c71501b4475a9ba2a71595850ec72967f800a2ed8e3e2102859ed65?s=96&d=mm&r=g\",\"contentUrl\":\"https:\/\/secure.gravatar.com\/avatar\/f9371f188c71501b4475a9ba2a71595850ec72967f800a2ed8e3e2102859ed65?s=96&d=mm&r=g\",\"caption\":\"Alba Mar\u00eda Torres\"},\"url\":\"https:\/\/torredonjimenoactualidad.com\/index.php\/author\/alba-torres\/\"}]}<\/script>\n<!-- \/ Yoast SEO plugin. -->","yoast_head_json":{"title":"Torredonjimeno celebra el pr\u00f3ximo viernes la tradicional bendici\u00f3n de animales por San Ant\u00f3n - Torredonjimeno Actualidad","robots":{"index":"index","follow":"follow","max-snippet":"max-snippet:-1","max-image-preview":"max-image-preview:large","max-video-preview":"max-video-preview:-1"},"canonical":"https:\/\/torredonjimenoactualidad.com\/index.php\/2025\/01\/14\/torredonjimeno-celebra-el-proximo-viernes-la-tradicional-bendicion-de-animales-por-san-anton\/","og_locale":"es_ES","og_type":"article","og_title":"Torredonjimeno celebra el pr\u00f3ximo viernes la tradicional bendici\u00f3n de animales por San Ant\u00f3n - Torredonjimeno Actualidad","og_description":"Las parroquias de Torredonjimeno honrar\u00e1n este viernes 17 de enero la festividad de San Antonio Abad, patr\u00f3n de los animales, con la tradicional bendici\u00f3n de mascotas. Este ritual, que forma parte de las costumbres m\u00e1s arraigadas del cristian\u00edsimo congrega cada a\u00f1o a vecinos y animales a las puertas de los templos de la localidad. A &hellip; Torredonjimeno celebra el pr\u00f3ximo viernes la tradicional bendici\u00f3n de animales por San Ant\u00f3n Leer m\u00e1s &raquo;","og_url":"https:\/\/torredonjimenoactualidad.com\/index.php\/2025\/01\/14\/torredonjimeno-celebra-el-proximo-viernes-la-tradicional-bendicion-de-animales-por-san-anton\/","og_site_name":"Torredonjimeno Actualidad","article_published_time":"2025-01-14T08:43:23+00:00","og_image":[{"width":2560,"height":1440,"url":"https:\/\/torredonjimenoactualidad.com\/wp-content\/uploads\/2025\/01\/IMG_0171-scaled.jpg","type":"image\/jpeg"}],"author":"Alba Mar\u00eda Torres","twitter_card":"summary_large_image","twitter_misc":{"Escrito por":"Alba Mar\u00eda Torres","Tiempo de lectura":"1 minuto"},"schema":{"@context":"https:\/\/schema.org","@graph":[{"@type":"Article","@id":"https:\/\/torredonjimenoactualidad.com\/index.php\/2025\/01\/14\/torredonjimeno-celebra-el-proximo-viernes-la-tradicional-bendicion-de-animales-por-san-anton\/#article","isPartOf":{"@id":"https:\/\/torredonjimenoactualidad.com\/index.php\/2025\/01\/14\/torredonjimeno-celebra-el-proximo-viernes-la-tradicional-bendicion-de-animales-por-san-anton\/"},"author":{"name":"Alba Mar\u00eda Torres","@id":"https:\/\/torredonjimenoactualidad.com\/#\/schema\/person\/84de5f233e783ef2c75151a532b54977"},"headline":"Torredonjimeno celebra el pr\u00f3ximo viernes la tradicional bendici\u00f3n de animales por San Ant\u00f3n","datePublished":"2025-01-14T08:43:23+00:00","dateModified":"2025-01-14T08:43:23+00:00","mainEntityOfPage":{"@id":"https:\/\/torredonjimenoactualidad.com\/index.php\/2025\/01\/14\/torredonjimeno-celebra-el-proximo-viernes-la-tradicional-bendicion-de-animales-por-san-anton\/"},"wordCount":211,"publisher":{"@id":"https:\/\/torredonjimenoactualidad.com\/#organization"},"inLanguage":"es"},{"@type":"WebPage","@id":"https:\/\/torredonjimenoactualidad.com\/index.php\/2025\/01\/14\/torredonjimeno-celebra-el-proximo-viernes-la-tradicional-bendicion-de-animales-por-san-anton\/","url":"https:\/\/torredonjimenoactualidad.com\/index.php\/2025\/01\/14\/torredonjimeno-celebra-el-proximo-viernes-la-tradicional-bendicion-de-animales-por-san-anton\/","name":"Torredonjimeno celebra el pr\u00f3ximo viernes la tradicional bendici\u00f3n de animales por San Ant\u00f3n - Torredonjimeno Actualidad","isPartOf":{"@id":"https:\/\/torredonjimenoactualidad.com\/#website"},"datePublished":"2025-01-14T08:43:23+00:00","dateModified":"2025-01-14T08:43:23+00:00","breadcrumb":{"@id":"https:\/\/torredonjimenoactualidad.com\/index.php\/2025\/01\/14\/torredonjimeno-celebra-el-proximo-viernes-la-tradicional-bendicion-de-animales-por-san-anton\/#breadcrumb"},"inLanguage":"es","potentialAction":[{"@type":"ReadAction","target":["https:\/\/torredonjimenoactualidad.com\/index.php\/2025\/01\/14\/torredonjimeno-celebra-el-proximo-viernes-la-tradicional-bendicion-de-animales-por-san-anton\/"]}]},{"@type":"BreadcrumbList","@id":"https:\/\/torredonjimenoactualidad.com\/index.php\/2025\/01\/14\/torredonjimeno-celebra-el-proximo-viernes-la-tradicional-bendicion-de-animales-por-san-anton\/#breadcrumb","itemListElement":[{"@type":"ListItem","position":1,"name":"Portada","item":"https:\/\/torredonjimenoactualidad.com\/"},{"@type":"ListItem","position":2,"name":"Torredonjimeno celebra el pr\u00f3ximo viernes la tradicional bendici\u00f3n de animales por San Ant\u00f3n"}]},{"@type":"WebSite","@id":"https:\/\/torredonjimenoactualidad.com\/#website","url":"https:\/\/torredonjimenoactualidad.com\/","name":"Torredonjimeno Actualidad","description":"","publisher":{"@id":"https:\/\/torredonjimenoactualidad.com\/#organization"},"potentialAction":[{"@type":"SearchAction","target":{"@type":"EntryPoint","urlTemplate":"https:\/\/torredonjimenoactualidad.com\/?s={search_term_string}"},"query-input":"required name=search_term_string"}],"inLanguage":"es"},{"@type":"Organization","@id":"https:\/\/torredonjimenoactualidad.com\/#organization","name":"Torredonjimeno Actualidad","url":"https:\/\/torredonjimenoactualidad.com\/","logo":{"@type":"ImageObject","inLanguage":"es","@id":"https:\/\/torredonjimenoactualidad.com\/#\/schema\/logo\/image\/","url":"https:\/\/torredonjimenoactualidad.com\/wp-content\/uploads\/2023\/02\/logo-torredonjimeno-544x180-1.png","contentUrl":"https:\/\/torredonjimenoactualidad.com\/wp-content\/uploads\/2023\/02\/logo-torredonjimeno-544x180-1.png","width":545,"height":112,"caption":"Torredonjimeno Actualidad"},"image":{"@id":"https:\/\/torredonjimenoactualidad.com\/#\/schema\/logo\/image\/"}},{"@type":"Person","@id":"https:\/\/torredonjimenoactualidad.com\/#\/schema\/person\/84de5f233e783ef2c75151a532b54977","name":"Alba Mar\u00eda Torres","image":{"@type":"ImageObject","inLanguage":"es","@id":"https:\/\/torredonjimenoactualidad.com\/#\/schema\/person\/image\/","url":"https:\/\/secure.gravatar.com\/avatar\/f9371f188c71501b4475a9ba2a71595850ec72967f800a2ed8e3e2102859ed65?s=96&d=mm&r=g","contentUrl":"https:\/\/secure.gravatar.com\/avatar\/f9371f188c71501b4475a9ba2a71595850ec72967f800a2ed8e3e2102859ed65?s=96&d=mm&r=g","caption":"Alba Mar\u00eda Torres"},"url":"https:\/\/torredonjimenoactualidad.com\/index.php\/author\/alba-torres\/"}]}},"_links":{"self":[{"href":"https:\/\/torredonjimenoactualidad.com\/index.php\/wp-json\/wp\/v2\/posts\/2888","targetHints":{"allow":["GET"]}}],"collection":[{"href":"https:\/\/torredonjimenoactualidad.com\/index.php\/wp-json\/wp\/v2\/posts"}],"about":[{"href":"https:\/\/torredonjimenoactualidad.com\/index.php\/wp-json\/wp\/v2\/types\/post"}],"author":[{"embeddable":true,"href":"https:\/\/torredonjimenoactualidad.com\/index.php\/wp-json\/wp\/v2\/users\/2"}],"replies":[{"embeddable":true,"href":"https:\/\/torredonjimenoactualidad.com\/index.php\/wp-json\/wp\/v2\/comments?post=2888"}],"version-history":[{"count":1,"href":"https:\/\/torredonjimenoactualidad.com\/index.php\/wp-json\/wp\/v2\/posts\/2888\/revisions"}],"predecessor-version":[{"id":2890,"href":"https:\/\/torredonjimenoactualidad.com\/index.php\/wp-json\/wp\/v2\/posts\/2888\/revisions\/2890"}],"wp:featuredmedia":[{"embeddable":true,"href":"https:\/\/torredonjimenoactualidad.com\/index.php\/wp-json\/wp\/v2\/media\/2889"}],"wp:attachment":[{"href":"https:\/\/torredonjimenoactualidad.com\/index.php\/wp-json\/wp\/v2\/media?parent=2888"}],"wp:term":[{"taxonomy":"category","embeddable":true,"href":"https:\/\/torredonjimenoactualidad.com\/index.php\/wp-json\/wp\/v2\/categories?post=2888"},{"taxonomy":"post_tag","embeddable":true,"href":"https:\/\/torredonjimenoactualidad.com\/index.php\/wp-json\/wp\/v2\/tags?post=2888"}],"curies":[{"name":"wp","href":"https:\/\/api.w.org\/{rel}","templated":true}]}}