{"id":2884,"date":"2025-01-13T15:41:23","date_gmt":"2025-01-13T15:41:23","guid":{"rendered":"https:\/\/torredonjimenoactualidad.com\/?p=2884"},"modified":"2025-01-13T15:41:24","modified_gmt":"2025-01-13T15:41:24","slug":"publicadas-las-bases-del-concurso-de-agrupaciones-de-carnaval-2025-en-torredonjimeno","status":"publish","type":"post","link":"https:\/\/torredonjimenoactualidad.com\/index.php\/2025\/01\/13\/publicadas-las-bases-del-concurso-de-agrupaciones-de-carnaval-2025-en-torredonjimeno\/","title":{"rendered":"Publicadas las bases del Concurso de Agrupaciones de Carnaval 2025 en Torredonjimeno"},"content":{"rendered":"\n<p>El esperado\u00a0<strong>Concurso de Agrupaciones de Carnaval 2025<\/strong>\u00a0de Torredonjimeno ya tiene sus bases establecidas. El evento, que se celebrar\u00e1 en el <strong>Teatro Municipal \u201cAlcalde Miguel Anguita\u201d<\/strong>, promete llenar de color, m\u00fasica y humor el pr\u00f3ximo mes de febrero.<\/p>\n\n\n\n<p>El Ayuntamiento de Torredonjimeno, a trav\u00e9s de su concejal\u00eda de Festejos, con la colaboraci\u00f3n de la Asociacion CHATO, han difundido este lunes las bases del concurso, que al igual que a\u00f1os anteriores, espera la participaci\u00f3n de numerosas agrupaciones.<\/p>\n\n\n\n<h1 class=\"wp-block-heading\"><strong>Modalidades y caracter\u00edsticas<\/strong><\/h1>\n\n\n\n<p>El concurso estar\u00e1 abierto a dos modalidades:\u00a0<strong>Comparsas<\/strong>\u00a0y\u00a0<strong>Chirigotas<\/strong>. Cada una tendr\u00e1 sus propias particularidades, pero ambas comparten el esp\u00edritu festivo y sat\u00edrico que caracteriza al carnaval. Las comparsas, formadas por entre 10 y 16 integrantes, destacan por su interpretaci\u00f3n a dos voces y un instrumental que incluye bombo, caja y guitarras espa\u00f1olas. Por su parte, las chirigotas, con entre 8 y 16 componentes, ofrecer\u00e1n espect\u00e1culos cargados de humor y creatividad esc\u00e9nica.<\/p>\n\n\n\n<h4 class=\"wp-block-heading\"><strong>Fases del concurso y fechas clave<\/strong><\/h4>\n\n\n\n<p>Las agrupaciones interesadas deber\u00e1n inscribirse antes del&nbsp;<strong>17 de febrero de 2025<\/strong>, enviando sus solicitudes a&nbsp;<a>carnavaltorredonjimeno@gmail.com<\/a>&nbsp;y abonando una fianza de 50 euros. Las fases del concurso estar\u00e1n organizadas de la siguiente manera:<\/p>\n\n\n\n<ul class=\"wp-block-list\">\n<li><strong>Semifinales:<\/strong>\u00a0Seg\u00fan el n\u00famero de inscripciones, se celebrar\u00e1n entre el\u00a0<strong>20 y el 23 de febrero<\/strong>.<\/li>\n\n\n\n<li><strong>Final:<\/strong>\u00a0Los mejores tres conjuntos de cada modalidad competir\u00e1n el\u00a0<strong>28 de febrero de 2025<\/strong>.<\/li>\n<\/ul>\n\n\n\n<p>El orden de actuaci\u00f3n se sortear\u00e1 el\u00a0<strong>18 de febrero<\/strong>\u00a0en la Casa Municipal de Cultura, en una reuni\u00f3n donde se ultimar\u00e1n los detalles organizativos.<\/p>\n\n\n\n<h4 class=\"wp-block-heading\"><strong>Repertorio y tiempo<\/strong><\/h4>\n\n\n\n<p>Cada agrupaci\u00f3n deber\u00e1 interpretar un repertorio compuesto por\u00a0<strong>presentaci\u00f3n, dos pasodobles, dos cupl\u00e9s con estribillo y un popurr\u00ed<\/strong>. Las letras deber\u00e1n ser originales, y las actuaciones tendr\u00e1n una duraci\u00f3n m\u00e1xima de 30 minutos. El incumplimiento de los tiempos ser\u00e1 penalizado seg\u00fan las normas establecidas.<\/p>\n\n\n\n<h4 class=\"wp-block-heading\"><strong>Premios<\/strong><\/h4>\n\n\n\n<p>Los ganadores en ambas modalidades recibir\u00e1n premios en met\u00e1lico:<\/p>\n\n\n\n<ul class=\"wp-block-list\">\n<li><strong>1\u00ba premio:<\/strong>\u00a02.000 \u20ac<\/li>\n\n\n\n<li><strong>2\u00ba premio:<\/strong>\u00a01.300 \u20ac<\/li>\n\n\n\n<li><strong>3\u00ba premio:<\/strong>\u00a0700 \u20ac<\/li>\n<\/ul>\n\n\n\n<h4 class=\"wp-block-heading\"><strong>Jurado y normas<\/strong><\/h4>\n\n\n\n<p>El jurado estar\u00e1 compuesto por un presidente, cuatro vocales y dos suplentes, y evaluar\u00e1 aspectos como la calidad de la letra, m\u00fasica, originalidad y creatividad esc\u00e9nica. El respeto a las normas ser\u00e1 fundamental, y cualquier conducta inapropiada podr\u00eda derivar en sanciones severas, incluyendo la descalificaci\u00f3n.<\/p>\n\n\n\n<h4 class=\"wp-block-heading\"><a href=\"https:\/\/drive.google.com\/file\/d\/1vRdVhfu6pbbtGDuILpGJP4brfRAjoHd4\/view?fbclid=IwZXh0bgNhZW0CMTAAAR2zKg6V7hAb8d6jY3UCLTo8D6-NUhlGpH7_gb0Hx4tKm4Qzr38XG12o85c_aem_zjOdvHSaQprGVxJpZn6J5g\">AQU\u00cd PUEDES CONSULTAR O DESCARGAR LAS BASES<\/a><\/h4>\n","protected":false},"excerpt":{"rendered":"<p>El esperado\u00a0Concurso de Agrupaciones de Carnaval 2025\u00a0de Torredonjimeno ya tiene sus bases establecidas. El evento, que se celebrar\u00e1 en el Teatro Municipal \u201cAlcalde Miguel Anguita\u201d, promete llenar de color, m\u00fasica y humor el pr\u00f3ximo mes de febrero. El Ayuntamiento de Torredonjimeno, a trav\u00e9s de su concejal\u00eda de Festejos, con la colaboraci\u00f3n de la Asociacion CHATO, &hellip;<\/p>\n<p class=\"read-more\"> <a class=\"\" href=\"https:\/\/torredonjimenoactualidad.com\/index.php\/2025\/01\/13\/publicadas-las-bases-del-concurso-de-agrupaciones-de-carnaval-2025-en-torredonjimeno\/\"> <span class=\"screen-reader-text\">Publicadas las bases del Concurso de Agrupaciones de Carnaval 2025 en Torredonjimeno<\/span> Leer m\u00e1s &raquo;<\/a><\/p>\n","protected":false},"author":2,"featured_media":2885,"comment_status":"closed","ping_status":"open","sticky":false,"template":"","format":"standard","meta":{"site-sidebar-layout":"default","site-content-layout":"default","ast-global-header-display":"","ast-main-header-display":"","ast-hfb-above-header-display":"","ast-hfb-below-header-display":"","ast-hfb-mobile-header-display":"","site-post-title":"","ast-breadcrumbs-content":"","ast-featured-img":"","footer-sml-layout":"","theme-transparent-header-meta":"","adv-header-id-meta":"","stick-header-meta":"","header-above-stick-meta":"","header-main-stick-meta":"","header-below-stick-meta":"","footnotes":""},"categories":[7],"tags":[],"class_list":["post-2884","post","type-post","status-publish","format-standard","has-post-thumbnail","hentry","category-local"],"yoast_head":"<!-- This site is optimized with the Yoast SEO plugin v20.8 - https:\/\/yoast.com\/wordpress\/plugins\/seo\/ -->\n<title>Publicadas las bases del Concurso de Agrupaciones de Carnaval 2025 en Torredonjimeno - Torredonjimeno Actualidad<\/title>\n<meta name=\"robots\" content=\"index, follow, max-snippet:-1, max-image-preview:large, max-video-preview:-1\" \/>\n<link rel=\"canonical\" href=\"https:\/\/torredonjimenoactualidad.com\/index.php\/2025\/01\/13\/publicadas-las-bases-del-concurso-de-agrupaciones-de-carnaval-2025-en-torredonjimeno\/\" \/>\n<meta property=\"og:locale\" content=\"es_ES\" \/>\n<meta property=\"og:type\" content=\"article\" \/>\n<meta property=\"og:title\" content=\"Publicadas las bases del Concurso de Agrupaciones de Carnaval 2025 en Torredonjimeno - Torredonjimeno Actualidad\" \/>\n<meta property=\"og:description\" content=\"El esperado\u00a0Concurso de Agrupaciones de Carnaval 2025\u00a0de Torredonjimeno ya tiene sus bases establecidas. El evento, que se celebrar\u00e1 en el Teatro Municipal \u201cAlcalde Miguel Anguita\u201d, promete llenar de color, m\u00fasica y humor el pr\u00f3ximo mes de febrero. El Ayuntamiento de Torredonjimeno, a trav\u00e9s de su concejal\u00eda de Festejos, con la colaboraci\u00f3n de la Asociacion CHATO, &hellip; Publicadas las bases del Concurso de Agrupaciones de Carnaval 2025 en Torredonjimeno Leer m\u00e1s &raquo;\" \/>\n<meta property=\"og:url\" content=\"https:\/\/torredonjimenoactualidad.com\/index.php\/2025\/01\/13\/publicadas-las-bases-del-concurso-de-agrupaciones-de-carnaval-2025-en-torredonjimeno\/\" \/>\n<meta property=\"og:site_name\" content=\"Torredonjimeno Actualidad\" \/>\n<meta property=\"article:published_time\" content=\"2025-01-13T15:41:23+00:00\" \/>\n<meta property=\"article:modified_time\" content=\"2025-01-13T15:41:24+00:00\" \/>\n<meta property=\"og:image\" content=\"https:\/\/torredonjimenoactualidad.com\/wp-content\/uploads\/2025\/01\/IMG_1830.jpg\" \/>\n\t<meta property=\"og:image:width\" content=\"2018\" \/>\n\t<meta property=\"og:image:height\" content=\"1153\" \/>\n\t<meta property=\"og:image:type\" content=\"image\/jpeg\" \/>\n<meta name=\"author\" content=\"Alba Mar\u00eda Torres\" \/>\n<meta name=\"twitter:card\" content=\"summary_large_image\" \/>\n<meta name=\"twitter:label1\" content=\"Escrito por\" \/>\n\t<meta name=\"twitter:data1\" content=\"Alba Mar\u00eda Torres\" \/>\n\t<meta name=\"twitter:label2\" content=\"Tiempo de lectura\" \/>\n\t<meta name=\"twitter:data2\" content=\"2 minutos\" \/>\n<script type=\"application\/ld+json\" class=\"yoast-schema-graph\">{\"@context\":\"https:\/\/schema.org\",\"@graph\":[{\"@type\":\"Article\",\"@id\":\"https:\/\/torredonjimenoactualidad.com\/index.php\/2025\/01\/13\/publicadas-las-bases-del-concurso-de-agrupaciones-de-carnaval-2025-en-torredonjimeno\/#article\",\"isPartOf\":{\"@id\":\"https:\/\/torredonjimenoactualidad.com\/index.php\/2025\/01\/13\/publicadas-las-bases-del-concurso-de-agrupaciones-de-carnaval-2025-en-torredonjimeno\/\"},\"author\":{\"name\":\"Alba Mar\u00eda Torres\",\"@id\":\"https:\/\/torredonjimenoactualidad.com\/#\/schema\/person\/84de5f233e783ef2c75151a532b54977\"},\"headline\":\"Publicadas las bases del Concurso de Agrupaciones de Carnaval 2025 en Torredonjimeno\",\"datePublished\":\"2025-01-13T15:41:23+00:00\",\"dateModified\":\"2025-01-13T15:41:24+00:00\",\"mainEntityOfPage\":{\"@id\":\"https:\/\/torredonjimenoactualidad.com\/index.php\/2025\/01\/13\/publicadas-las-bases-del-concurso-de-agrupaciones-de-carnaval-2025-en-torredonjimeno\/\"},\"wordCount\":404,\"publisher\":{\"@id\":\"https:\/\/torredonjimenoactualidad.com\/#organization\"},\"articleSection\":[\"local\"],\"inLanguage\":\"es\"},{\"@type\":\"WebPage\",\"@id\":\"https:\/\/torredonjimenoactualidad.com\/index.php\/2025\/01\/13\/publicadas-las-bases-del-concurso-de-agrupaciones-de-carnaval-2025-en-torredonjimeno\/\",\"url\":\"https:\/\/torredonjimenoactualidad.com\/index.php\/2025\/01\/13\/publicadas-las-bases-del-concurso-de-agrupaciones-de-carnaval-2025-en-torredonjimeno\/\",\"name\":\"Publicadas las bases del Concurso de Agrupaciones de Carnaval 2025 en Torredonjimeno - Torredonjimeno Actualidad\",\"isPartOf\":{\"@id\":\"https:\/\/torredonjimenoactualidad.com\/#website\"},\"datePublished\":\"2025-01-13T15:41:23+00:00\",\"dateModified\":\"2025-01-13T15:41:24+00:00\",\"breadcrumb\":{\"@id\":\"https:\/\/torredonjimenoactualidad.com\/index.php\/2025\/01\/13\/publicadas-las-bases-del-concurso-de-agrupaciones-de-carnaval-2025-en-torredonjimeno\/#breadcrumb\"},\"inLanguage\":\"es\",\"potentialAction\":[{\"@type\":\"ReadAction\",\"target\":[\"https:\/\/torredonjimenoactualidad.com\/index.php\/2025\/01\/13\/publicadas-las-bases-del-concurso-de-agrupaciones-de-carnaval-2025-en-torredonjimeno\/\"]}]},{\"@type\":\"BreadcrumbList\",\"@id\":\"https:\/\/torredonjimenoactualidad.com\/index.php\/2025\/01\/13\/publicadas-las-bases-del-concurso-de-agrupaciones-de-carnaval-2025-en-torredonjimeno\/#breadcrumb\",\"itemListElement\":[{\"@type\":\"ListItem\",\"position\":1,\"name\":\"Portada\",\"item\":\"https:\/\/torredonjimenoactualidad.com\/\"},{\"@type\":\"ListItem\",\"position\":2,\"name\":\"Publicadas las bases del Concurso de Agrupaciones de Carnaval 2025 en Torredonjimeno\"}]},{\"@type\":\"WebSite\",\"@id\":\"https:\/\/torredonjimenoactualidad.com\/#website\",\"url\":\"https:\/\/torredonjimenoactualidad.com\/\",\"name\":\"Torredonjimeno Actualidad\",\"description\":\"\",\"publisher\":{\"@id\":\"https:\/\/torredonjimenoactualidad.com\/#organization\"},\"potentialAction\":[{\"@type\":\"SearchAction\",\"target\":{\"@type\":\"EntryPoint\",\"urlTemplate\":\"https:\/\/torredonjimenoactualidad.com\/?s={search_term_string}\"},\"query-input\":\"required name=search_term_string\"}],\"inLanguage\":\"es\"},{\"@type\":\"Organization\",\"@id\":\"https:\/\/torredonjimenoactualidad.com\/#organization\",\"name\":\"Torredonjimeno Actualidad\",\"url\":\"https:\/\/torredonjimenoactualidad.com\/\",\"logo\":{\"@type\":\"ImageObject\",\"inLanguage\":\"es\",\"@id\":\"https:\/\/torredonjimenoactualidad.com\/#\/schema\/logo\/image\/\",\"url\":\"https:\/\/torredonjimenoactualidad.com\/wp-content\/uploads\/2023\/02\/logo-torredonjimeno-544x180-1.png\",\"contentUrl\":\"https:\/\/torredonjimenoactualidad.com\/wp-content\/uploads\/2023\/02\/logo-torredonjimeno-544x180-1.png\",\"width\":545,\"height\":112,\"caption\":\"Torredonjimeno Actualidad\"},\"image\":{\"@id\":\"https:\/\/torredonjimenoactualidad.com\/#\/schema\/logo\/image\/\"}},{\"@type\":\"Person\",\"@id\":\"https:\/\/torredonjimenoactualidad.com\/#\/schema\/person\/84de5f233e783ef2c75151a532b54977\",\"name\":\"Alba Mar\u00eda Torres\",\"image\":{\"@type\":\"ImageObject\",\"inLanguage\":\"es\",\"@id\":\"https:\/\/torredonjimenoactualidad.com\/#\/schema\/person\/image\/\",\"url\":\"https:\/\/secure.gravatar.com\/avatar\/f9371f188c71501b4475a9ba2a71595850ec72967f800a2ed8e3e2102859ed65?s=96&d=mm&r=g\",\"contentUrl\":\"https:\/\/secure.gravatar.com\/avatar\/f9371f188c71501b4475a9ba2a71595850ec72967f800a2ed8e3e2102859ed65?s=96&d=mm&r=g\",\"caption\":\"Alba Mar\u00eda Torres\"},\"url\":\"https:\/\/torredonjimenoactualidad.com\/index.php\/author\/alba-torres\/\"}]}<\/script>\n<!-- \/ Yoast SEO plugin. -->","yoast_head_json":{"title":"Publicadas las bases del Concurso de Agrupaciones de Carnaval 2025 en Torredonjimeno - Torredonjimeno Actualidad","robots":{"index":"index","follow":"follow","max-snippet":"max-snippet:-1","max-image-preview":"max-image-preview:large","max-video-preview":"max-video-preview:-1"},"canonical":"https:\/\/torredonjimenoactualidad.com\/index.php\/2025\/01\/13\/publicadas-las-bases-del-concurso-de-agrupaciones-de-carnaval-2025-en-torredonjimeno\/","og_locale":"es_ES","og_type":"article","og_title":"Publicadas las bases del Concurso de Agrupaciones de Carnaval 2025 en Torredonjimeno - Torredonjimeno Actualidad","og_description":"El esperado\u00a0Concurso de Agrupaciones de Carnaval 2025\u00a0de Torredonjimeno ya tiene sus bases establecidas. El evento, que se celebrar\u00e1 en el Teatro Municipal \u201cAlcalde Miguel Anguita\u201d, promete llenar de color, m\u00fasica y humor el pr\u00f3ximo mes de febrero. El Ayuntamiento de Torredonjimeno, a trav\u00e9s de su concejal\u00eda de Festejos, con la colaboraci\u00f3n de la Asociacion CHATO, &hellip; Publicadas las bases del Concurso de Agrupaciones de Carnaval 2025 en Torredonjimeno Leer m\u00e1s &raquo;","og_url":"https:\/\/torredonjimenoactualidad.com\/index.php\/2025\/01\/13\/publicadas-las-bases-del-concurso-de-agrupaciones-de-carnaval-2025-en-torredonjimeno\/","og_site_name":"Torredonjimeno Actualidad","article_published_time":"2025-01-13T15:41:23+00:00","article_modified_time":"2025-01-13T15:41:24+00:00","og_image":[{"width":2018,"height":1153,"url":"https:\/\/torredonjimenoactualidad.com\/wp-content\/uploads\/2025\/01\/IMG_1830.jpg","type":"image\/jpeg"}],"author":"Alba Mar\u00eda Torres","twitter_card":"summary_large_image","twitter_misc":{"Escrito por":"Alba Mar\u00eda Torres","Tiempo de lectura":"2 minutos"},"schema":{"@context":"https:\/\/schema.org","@graph":[{"@type":"Article","@id":"https:\/\/torredonjimenoactualidad.com\/index.php\/2025\/01\/13\/publicadas-las-bases-del-concurso-de-agrupaciones-de-carnaval-2025-en-torredonjimeno\/#article","isPartOf":{"@id":"https:\/\/torredonjimenoactualidad.com\/index.php\/2025\/01\/13\/publicadas-las-bases-del-concurso-de-agrupaciones-de-carnaval-2025-en-torredonjimeno\/"},"author":{"name":"Alba Mar\u00eda Torres","@id":"https:\/\/torredonjimenoactualidad.com\/#\/schema\/person\/84de5f233e783ef2c75151a532b54977"},"headline":"Publicadas las bases del Concurso de Agrupaciones de Carnaval 2025 en Torredonjimeno","datePublished":"2025-01-13T15:41:23+00:00","dateModified":"2025-01-13T15:41:24+00:00","mainEntityOfPage":{"@id":"https:\/\/torredonjimenoactualidad.com\/index.php\/2025\/01\/13\/publicadas-las-bases-del-concurso-de-agrupaciones-de-carnaval-2025-en-torredonjimeno\/"},"wordCount":404,"publisher":{"@id":"https:\/\/torredonjimenoactualidad.com\/#organization"},"articleSection":["local"],"inLanguage":"es"},{"@type":"WebPage","@id":"https:\/\/torredonjimenoactualidad.com\/index.php\/2025\/01\/13\/publicadas-las-bases-del-concurso-de-agrupaciones-de-carnaval-2025-en-torredonjimeno\/","url":"https:\/\/torredonjimenoactualidad.com\/index.php\/2025\/01\/13\/publicadas-las-bases-del-concurso-de-agrupaciones-de-carnaval-2025-en-torredonjimeno\/","name":"Publicadas las bases del Concurso de Agrupaciones de Carnaval 2025 en Torredonjimeno - Torredonjimeno Actualidad","isPartOf":{"@id":"https:\/\/torredonjimenoactualidad.com\/#website"},"datePublished":"2025-01-13T15:41:23+00:00","dateModified":"2025-01-13T15:41:24+00:00","breadcrumb":{"@id":"https:\/\/torredonjimenoactualidad.com\/index.php\/2025\/01\/13\/publicadas-las-bases-del-concurso-de-agrupaciones-de-carnaval-2025-en-torredonjimeno\/#breadcrumb"},"inLanguage":"es","potentialAction":[{"@type":"ReadAction","target":["https:\/\/torredonjimenoactualidad.com\/index.php\/2025\/01\/13\/publicadas-las-bases-del-concurso-de-agrupaciones-de-carnaval-2025-en-torredonjimeno\/"]}]},{"@type":"BreadcrumbList","@id":"https:\/\/torredonjimenoactualidad.com\/index.php\/2025\/01\/13\/publicadas-las-bases-del-concurso-de-agrupaciones-de-carnaval-2025-en-torredonjimeno\/#breadcrumb","itemListElement":[{"@type":"ListItem","position":1,"name":"Portada","item":"https:\/\/torredonjimenoactualidad.com\/"},{"@type":"ListItem","position":2,"name":"Publicadas las bases del Concurso de Agrupaciones de Carnaval 2025 en Torredonjimeno"}]},{"@type":"WebSite","@id":"https:\/\/torredonjimenoactualidad.com\/#website","url":"https:\/\/torredonjimenoactualidad.com\/","name":"Torredonjimeno Actualidad","description":"","publisher":{"@id":"https:\/\/torredonjimenoactualidad.com\/#organization"},"potentialAction":[{"@type":"SearchAction","target":{"@type":"EntryPoint","urlTemplate":"https:\/\/torredonjimenoactualidad.com\/?s={search_term_string}"},"query-input":"required name=search_term_string"}],"inLanguage":"es"},{"@type":"Organization","@id":"https:\/\/torredonjimenoactualidad.com\/#organization","name":"Torredonjimeno Actualidad","url":"https:\/\/torredonjimenoactualidad.com\/","logo":{"@type":"ImageObject","inLanguage":"es","@id":"https:\/\/torredonjimenoactualidad.com\/#\/schema\/logo\/image\/","url":"https:\/\/torredonjimenoactualidad.com\/wp-content\/uploads\/2023\/02\/logo-torredonjimeno-544x180-1.png","contentUrl":"https:\/\/torredonjimenoactualidad.com\/wp-content\/uploads\/2023\/02\/logo-torredonjimeno-544x180-1.png","width":545,"height":112,"caption":"Torredonjimeno Actualidad"},"image":{"@id":"https:\/\/torredonjimenoactualidad.com\/#\/schema\/logo\/image\/"}},{"@type":"Person","@id":"https:\/\/torredonjimenoactualidad.com\/#\/schema\/person\/84de5f233e783ef2c75151a532b54977","name":"Alba Mar\u00eda Torres","image":{"@type":"ImageObject","inLanguage":"es","@id":"https:\/\/torredonjimenoactualidad.com\/#\/schema\/person\/image\/","url":"https:\/\/secure.gravatar.com\/avatar\/f9371f188c71501b4475a9ba2a71595850ec72967f800a2ed8e3e2102859ed65?s=96&d=mm&r=g","contentUrl":"https:\/\/secure.gravatar.com\/avatar\/f9371f188c71501b4475a9ba2a71595850ec72967f800a2ed8e3e2102859ed65?s=96&d=mm&r=g","caption":"Alba Mar\u00eda Torres"},"url":"https:\/\/torredonjimenoactualidad.com\/index.php\/author\/alba-torres\/"}]}},"_links":{"self":[{"href":"https:\/\/torredonjimenoactualidad.com\/index.php\/wp-json\/wp\/v2\/posts\/2884","targetHints":{"allow":["GET"]}}],"collection":[{"href":"https:\/\/torredonjimenoactualidad.com\/index.php\/wp-json\/wp\/v2\/posts"}],"about":[{"href":"https:\/\/torredonjimenoactualidad.com\/index.php\/wp-json\/wp\/v2\/types\/post"}],"author":[{"embeddable":true,"href":"https:\/\/torredonjimenoactualidad.com\/index.php\/wp-json\/wp\/v2\/users\/2"}],"replies":[{"embeddable":true,"href":"https:\/\/torredonjimenoactualidad.com\/index.php\/wp-json\/wp\/v2\/comments?post=2884"}],"version-history":[{"count":1,"href":"https:\/\/torredonjimenoactualidad.com\/index.php\/wp-json\/wp\/v2\/posts\/2884\/revisions"}],"predecessor-version":[{"id":2886,"href":"https:\/\/torredonjimenoactualidad.com\/index.php\/wp-json\/wp\/v2\/posts\/2884\/revisions\/2886"}],"wp:featuredmedia":[{"embeddable":true,"href":"https:\/\/torredonjimenoactualidad.com\/index.php\/wp-json\/wp\/v2\/media\/2885"}],"wp:attachment":[{"href":"https:\/\/torredonjimenoactualidad.com\/index.php\/wp-json\/wp\/v2\/media?parent=2884"}],"wp:term":[{"taxonomy":"category","embeddable":true,"href":"https:\/\/torredonjimenoactualidad.com\/index.php\/wp-json\/wp\/v2\/categories?post=2884"},{"taxonomy":"post_tag","embeddable":true,"href":"https:\/\/torredonjimenoactualidad.com\/index.php\/wp-json\/wp\/v2\/tags?post=2884"}],"curies":[{"name":"wp","href":"https:\/\/api.w.org\/{rel}","templated":true}]}}