{"id":2881,"date":"2025-01-10T16:56:10","date_gmt":"2025-01-10T16:56:10","guid":{"rendered":"https:\/\/torredonjimenoactualidad.com\/?p=2881"},"modified":"2025-01-10T16:56:39","modified_gmt":"2025-01-10T16:56:39","slug":"el-tosiriano-manuel-juan-caravaca-susi-reconocido-con-el-premio-maestro-de-almazara-oleomaq-2025","status":"publish","type":"post","link":"https:\/\/torredonjimenoactualidad.com\/index.php\/2025\/01\/10\/el-tosiriano-manuel-juan-caravaca-susi-reconocido-con-el-premio-maestro-de-almazara-oleomaq-2025\/","title":{"rendered":"El tosiriano Manuel Juan Caravaca Susi, reconocido con el premio \u00abMaestro de Almazara OLEOMAQ 2025\u00bb"},"content":{"rendered":"\n<p>El esfuerzo y la dedicaci\u00f3n tienen su recompensa. Este viernes se ha conocido el fallo de los prestigiosos Premios de Excelencia de ENOMAQ y OLEOMAQ, en los que ha sido premiado el tosiriano Manuel Juan Caravaca Susi, con el premio \u201cMaestro de Almazara Oleomaq 2025\u201d por su trayectoria profesional ejemplar y polifac\u00e9tica.<\/p>\n\n\n\n<p>Manuel Juan es fundador y presidente de la <a><\/a>Asociaci\u00f3n Espa\u00f1ola de Maestros y Operarios de Almazaras, AEMODA; t\u00e9cnico en elaboraci\u00f3n de aceites y grasas con m\u00e1s de 35 a\u00f1os de experiencia; coautor de 5 libros del sector ole\u00edcola; formador de maestros de almazaras en la Universidad de Ja\u00e9n y en el Centro de Interpretaci\u00f3n Olivar y Aceite de \u00dabeda y tutor de alumnado en pr\u00e1cticas de ciclos formativos de formaci\u00f3n profesional. Asesora tambi\u00e9n a diversas almazaras y es catador desde hace 14 a\u00f1os en el panel CM Europa, acreditado por la ENAC.<\/p>\n\n\n\n<p>Este reconocimiento pone en valor sus 35 a\u00f1os de trayectoria profesional en el sector del aceite de oliva, un campo al que ha dedicado su vida con pasi\u00f3n y compromiso.<\/p>\n\n\n\n<p>La entrega de los premios se llevar\u00e1 a cabo el pr\u00f3ximo 11 de febrero de 2025 en el Auditorio de Feria de Zaragoza durante el desarrollo de la 24\u00ba edici\u00f3n del certamen.<\/p>\n","protected":false},"excerpt":{"rendered":"<p>El esfuerzo y la dedicaci\u00f3n tienen su recompensa. Este viernes se ha conocido el fallo de los prestigiosos Premios de Excelencia de ENOMAQ y OLEOMAQ, en los que ha sido premiado el tosiriano Manuel Juan Caravaca Susi, con el premio \u201cMaestro de Almazara Oleomaq 2025\u201d por su trayectoria profesional ejemplar y polifac\u00e9tica. Manuel Juan es &hellip;<\/p>\n<p class=\"read-more\"> <a class=\"\" href=\"https:\/\/torredonjimenoactualidad.com\/index.php\/2025\/01\/10\/el-tosiriano-manuel-juan-caravaca-susi-reconocido-con-el-premio-maestro-de-almazara-oleomaq-2025\/\"> <span class=\"screen-reader-text\">El tosiriano Manuel Juan Caravaca Susi, reconocido con el premio \u00abMaestro de Almazara OLEOMAQ 2025\u00bb<\/span> Leer m\u00e1s &raquo;<\/a><\/p>\n","protected":false},"author":2,"featured_media":2882,"comment_status":"closed","ping_status":"open","sticky":false,"template":"","format":"standard","meta":{"site-sidebar-layout":"default","site-content-layout":"default","ast-global-header-display":"","ast-main-header-display":"","ast-hfb-above-header-display":"","ast-hfb-below-header-display":"","ast-hfb-mobile-header-display":"","site-post-title":"","ast-breadcrumbs-content":"","ast-featured-img":"","footer-sml-layout":"","theme-transparent-header-meta":"","adv-header-id-meta":"","stick-header-meta":"","header-above-stick-meta":"","header-main-stick-meta":"","header-below-stick-meta":"","footnotes":""},"categories":[7],"tags":[],"class_list":["post-2881","post","type-post","status-publish","format-standard","has-post-thumbnail","hentry","category-local"],"yoast_head":"<!-- This site is optimized with the Yoast SEO plugin v20.8 - https:\/\/yoast.com\/wordpress\/plugins\/seo\/ -->\n<title>El tosiriano Manuel Juan Caravaca Susi, reconocido con el premio &quot;Maestro de Almazara OLEOMAQ 2025&quot; - Torredonjimeno Actualidad<\/title>\n<meta name=\"robots\" content=\"index, follow, max-snippet:-1, max-image-preview:large, max-video-preview:-1\" \/>\n<link rel=\"canonical\" href=\"https:\/\/torredonjimenoactualidad.com\/index.php\/2025\/01\/10\/el-tosiriano-manuel-juan-caravaca-susi-reconocido-con-el-premio-maestro-de-almazara-oleomaq-2025\/\" \/>\n<meta property=\"og:locale\" content=\"es_ES\" \/>\n<meta property=\"og:type\" content=\"article\" \/>\n<meta property=\"og:title\" content=\"El tosiriano Manuel Juan Caravaca Susi, reconocido con el premio &quot;Maestro de Almazara OLEOMAQ 2025&quot; - Torredonjimeno Actualidad\" \/>\n<meta property=\"og:description\" content=\"El esfuerzo y la dedicaci\u00f3n tienen su recompensa. Este viernes se ha conocido el fallo de los prestigiosos Premios de Excelencia de ENOMAQ y OLEOMAQ, en los que ha sido premiado el tosiriano Manuel Juan Caravaca Susi, con el premio \u201cMaestro de Almazara Oleomaq 2025\u201d por su trayectoria profesional ejemplar y polifac\u00e9tica. Manuel Juan es &hellip; El tosiriano Manuel Juan Caravaca Susi, reconocido con el premio \u00abMaestro de Almazara OLEOMAQ 2025\u00bb Leer m\u00e1s &raquo;\" \/>\n<meta property=\"og:url\" content=\"https:\/\/torredonjimenoactualidad.com\/index.php\/2025\/01\/10\/el-tosiriano-manuel-juan-caravaca-susi-reconocido-con-el-premio-maestro-de-almazara-oleomaq-2025\/\" \/>\n<meta property=\"og:site_name\" content=\"Torredonjimeno Actualidad\" \/>\n<meta property=\"article:published_time\" content=\"2025-01-10T16:56:10+00:00\" \/>\n<meta property=\"article:modified_time\" content=\"2025-01-10T16:56:39+00:00\" \/>\n<meta property=\"og:image\" content=\"https:\/\/torredonjimenoactualidad.com\/wp-content\/uploads\/2025\/01\/443844153_952729806863066_1123971557711591999_n.jpg\" \/>\n\t<meta property=\"og:image:width\" content=\"1440\" \/>\n\t<meta property=\"og:image:height\" content=\"810\" \/>\n\t<meta property=\"og:image:type\" content=\"image\/jpeg\" \/>\n<meta name=\"author\" content=\"Alba Mar\u00eda Torres\" \/>\n<meta name=\"twitter:card\" content=\"summary_large_image\" \/>\n<meta name=\"twitter:label1\" content=\"Escrito por\" \/>\n\t<meta name=\"twitter:data1\" content=\"Alba Mar\u00eda Torres\" \/>\n\t<meta name=\"twitter:label2\" content=\"Tiempo de lectura\" \/>\n\t<meta name=\"twitter:data2\" content=\"1 minuto\" \/>\n<script type=\"application\/ld+json\" class=\"yoast-schema-graph\">{\"@context\":\"https:\/\/schema.org\",\"@graph\":[{\"@type\":\"Article\",\"@id\":\"https:\/\/torredonjimenoactualidad.com\/index.php\/2025\/01\/10\/el-tosiriano-manuel-juan-caravaca-susi-reconocido-con-el-premio-maestro-de-almazara-oleomaq-2025\/#article\",\"isPartOf\":{\"@id\":\"https:\/\/torredonjimenoactualidad.com\/index.php\/2025\/01\/10\/el-tosiriano-manuel-juan-caravaca-susi-reconocido-con-el-premio-maestro-de-almazara-oleomaq-2025\/\"},\"author\":{\"name\":\"Alba Mar\u00eda Torres\",\"@id\":\"https:\/\/torredonjimenoactualidad.com\/#\/schema\/person\/84de5f233e783ef2c75151a532b54977\"},\"headline\":\"El tosiriano Manuel Juan Caravaca Susi, reconocido con el premio \u00abMaestro de Almazara OLEOMAQ 2025\u00bb\",\"datePublished\":\"2025-01-10T16:56:10+00:00\",\"dateModified\":\"2025-01-10T16:56:39+00:00\",\"mainEntityOfPage\":{\"@id\":\"https:\/\/torredonjimenoactualidad.com\/index.php\/2025\/01\/10\/el-tosiriano-manuel-juan-caravaca-susi-reconocido-con-el-premio-maestro-de-almazara-oleomaq-2025\/\"},\"wordCount\":231,\"publisher\":{\"@id\":\"https:\/\/torredonjimenoactualidad.com\/#organization\"},\"articleSection\":[\"local\"],\"inLanguage\":\"es\"},{\"@type\":\"WebPage\",\"@id\":\"https:\/\/torredonjimenoactualidad.com\/index.php\/2025\/01\/10\/el-tosiriano-manuel-juan-caravaca-susi-reconocido-con-el-premio-maestro-de-almazara-oleomaq-2025\/\",\"url\":\"https:\/\/torredonjimenoactualidad.com\/index.php\/2025\/01\/10\/el-tosiriano-manuel-juan-caravaca-susi-reconocido-con-el-premio-maestro-de-almazara-oleomaq-2025\/\",\"name\":\"El tosiriano Manuel Juan Caravaca Susi, reconocido con el premio \\\"Maestro de Almazara OLEOMAQ 2025\\\" - Torredonjimeno Actualidad\",\"isPartOf\":{\"@id\":\"https:\/\/torredonjimenoactualidad.com\/#website\"},\"datePublished\":\"2025-01-10T16:56:10+00:00\",\"dateModified\":\"2025-01-10T16:56:39+00:00\",\"breadcrumb\":{\"@id\":\"https:\/\/torredonjimenoactualidad.com\/index.php\/2025\/01\/10\/el-tosiriano-manuel-juan-caravaca-susi-reconocido-con-el-premio-maestro-de-almazara-oleomaq-2025\/#breadcrumb\"},\"inLanguage\":\"es\",\"potentialAction\":[{\"@type\":\"ReadAction\",\"target\":[\"https:\/\/torredonjimenoactualidad.com\/index.php\/2025\/01\/10\/el-tosiriano-manuel-juan-caravaca-susi-reconocido-con-el-premio-maestro-de-almazara-oleomaq-2025\/\"]}]},{\"@type\":\"BreadcrumbList\",\"@id\":\"https:\/\/torredonjimenoactualidad.com\/index.php\/2025\/01\/10\/el-tosiriano-manuel-juan-caravaca-susi-reconocido-con-el-premio-maestro-de-almazara-oleomaq-2025\/#breadcrumb\",\"itemListElement\":[{\"@type\":\"ListItem\",\"position\":1,\"name\":\"Portada\",\"item\":\"https:\/\/torredonjimenoactualidad.com\/\"},{\"@type\":\"ListItem\",\"position\":2,\"name\":\"El tosiriano Manuel Juan Caravaca Susi, reconocido con el premio \u00abMaestro de Almazara OLEOMAQ 2025\u00bb\"}]},{\"@type\":\"WebSite\",\"@id\":\"https:\/\/torredonjimenoactualidad.com\/#website\",\"url\":\"https:\/\/torredonjimenoactualidad.com\/\",\"name\":\"Torredonjimeno Actualidad\",\"description\":\"\",\"publisher\":{\"@id\":\"https:\/\/torredonjimenoactualidad.com\/#organization\"},\"potentialAction\":[{\"@type\":\"SearchAction\",\"target\":{\"@type\":\"EntryPoint\",\"urlTemplate\":\"https:\/\/torredonjimenoactualidad.com\/?s={search_term_string}\"},\"query-input\":\"required name=search_term_string\"}],\"inLanguage\":\"es\"},{\"@type\":\"Organization\",\"@id\":\"https:\/\/torredonjimenoactualidad.com\/#organization\",\"name\":\"Torredonjimeno Actualidad\",\"url\":\"https:\/\/torredonjimenoactualidad.com\/\",\"logo\":{\"@type\":\"ImageObject\",\"inLanguage\":\"es\",\"@id\":\"https:\/\/torredonjimenoactualidad.com\/#\/schema\/logo\/image\/\",\"url\":\"https:\/\/torredonjimenoactualidad.com\/wp-content\/uploads\/2023\/02\/logo-torredonjimeno-544x180-1.png\",\"contentUrl\":\"https:\/\/torredonjimenoactualidad.com\/wp-content\/uploads\/2023\/02\/logo-torredonjimeno-544x180-1.png\",\"width\":545,\"height\":112,\"caption\":\"Torredonjimeno Actualidad\"},\"image\":{\"@id\":\"https:\/\/torredonjimenoactualidad.com\/#\/schema\/logo\/image\/\"}},{\"@type\":\"Person\",\"@id\":\"https:\/\/torredonjimenoactualidad.com\/#\/schema\/person\/84de5f233e783ef2c75151a532b54977\",\"name\":\"Alba Mar\u00eda Torres\",\"image\":{\"@type\":\"ImageObject\",\"inLanguage\":\"es\",\"@id\":\"https:\/\/torredonjimenoactualidad.com\/#\/schema\/person\/image\/\",\"url\":\"https:\/\/secure.gravatar.com\/avatar\/f9371f188c71501b4475a9ba2a71595850ec72967f800a2ed8e3e2102859ed65?s=96&d=mm&r=g\",\"contentUrl\":\"https:\/\/secure.gravatar.com\/avatar\/f9371f188c71501b4475a9ba2a71595850ec72967f800a2ed8e3e2102859ed65?s=96&d=mm&r=g\",\"caption\":\"Alba Mar\u00eda Torres\"},\"url\":\"https:\/\/torredonjimenoactualidad.com\/index.php\/author\/alba-torres\/\"}]}<\/script>\n<!-- \/ Yoast SEO plugin. -->","yoast_head_json":{"title":"El tosiriano Manuel Juan Caravaca Susi, reconocido con el premio \"Maestro de Almazara OLEOMAQ 2025\" - Torredonjimeno Actualidad","robots":{"index":"index","follow":"follow","max-snippet":"max-snippet:-1","max-image-preview":"max-image-preview:large","max-video-preview":"max-video-preview:-1"},"canonical":"https:\/\/torredonjimenoactualidad.com\/index.php\/2025\/01\/10\/el-tosiriano-manuel-juan-caravaca-susi-reconocido-con-el-premio-maestro-de-almazara-oleomaq-2025\/","og_locale":"es_ES","og_type":"article","og_title":"El tosiriano Manuel Juan Caravaca Susi, reconocido con el premio \"Maestro de Almazara OLEOMAQ 2025\" - Torredonjimeno Actualidad","og_description":"El esfuerzo y la dedicaci\u00f3n tienen su recompensa. Este viernes se ha conocido el fallo de los prestigiosos Premios de Excelencia de ENOMAQ y OLEOMAQ, en los que ha sido premiado el tosiriano Manuel Juan Caravaca Susi, con el premio \u201cMaestro de Almazara Oleomaq 2025\u201d por su trayectoria profesional ejemplar y polifac\u00e9tica. Manuel Juan es &hellip; El tosiriano Manuel Juan Caravaca Susi, reconocido con el premio \u00abMaestro de Almazara OLEOMAQ 2025\u00bb Leer m\u00e1s &raquo;","og_url":"https:\/\/torredonjimenoactualidad.com\/index.php\/2025\/01\/10\/el-tosiriano-manuel-juan-caravaca-susi-reconocido-con-el-premio-maestro-de-almazara-oleomaq-2025\/","og_site_name":"Torredonjimeno Actualidad","article_published_time":"2025-01-10T16:56:10+00:00","article_modified_time":"2025-01-10T16:56:39+00:00","og_image":[{"width":1440,"height":810,"url":"https:\/\/torredonjimenoactualidad.com\/wp-content\/uploads\/2025\/01\/443844153_952729806863066_1123971557711591999_n.jpg","type":"image\/jpeg"}],"author":"Alba Mar\u00eda Torres","twitter_card":"summary_large_image","twitter_misc":{"Escrito por":"Alba Mar\u00eda Torres","Tiempo de lectura":"1 minuto"},"schema":{"@context":"https:\/\/schema.org","@graph":[{"@type":"Article","@id":"https:\/\/torredonjimenoactualidad.com\/index.php\/2025\/01\/10\/el-tosiriano-manuel-juan-caravaca-susi-reconocido-con-el-premio-maestro-de-almazara-oleomaq-2025\/#article","isPartOf":{"@id":"https:\/\/torredonjimenoactualidad.com\/index.php\/2025\/01\/10\/el-tosiriano-manuel-juan-caravaca-susi-reconocido-con-el-premio-maestro-de-almazara-oleomaq-2025\/"},"author":{"name":"Alba Mar\u00eda Torres","@id":"https:\/\/torredonjimenoactualidad.com\/#\/schema\/person\/84de5f233e783ef2c75151a532b54977"},"headline":"El tosiriano Manuel Juan Caravaca Susi, reconocido con el premio \u00abMaestro de Almazara OLEOMAQ 2025\u00bb","datePublished":"2025-01-10T16:56:10+00:00","dateModified":"2025-01-10T16:56:39+00:00","mainEntityOfPage":{"@id":"https:\/\/torredonjimenoactualidad.com\/index.php\/2025\/01\/10\/el-tosiriano-manuel-juan-caravaca-susi-reconocido-con-el-premio-maestro-de-almazara-oleomaq-2025\/"},"wordCount":231,"publisher":{"@id":"https:\/\/torredonjimenoactualidad.com\/#organization"},"articleSection":["local"],"inLanguage":"es"},{"@type":"WebPage","@id":"https:\/\/torredonjimenoactualidad.com\/index.php\/2025\/01\/10\/el-tosiriano-manuel-juan-caravaca-susi-reconocido-con-el-premio-maestro-de-almazara-oleomaq-2025\/","url":"https:\/\/torredonjimenoactualidad.com\/index.php\/2025\/01\/10\/el-tosiriano-manuel-juan-caravaca-susi-reconocido-con-el-premio-maestro-de-almazara-oleomaq-2025\/","name":"El tosiriano Manuel Juan Caravaca Susi, reconocido con el premio \"Maestro de Almazara OLEOMAQ 2025\" - Torredonjimeno Actualidad","isPartOf":{"@id":"https:\/\/torredonjimenoactualidad.com\/#website"},"datePublished":"2025-01-10T16:56:10+00:00","dateModified":"2025-01-10T16:56:39+00:00","breadcrumb":{"@id":"https:\/\/torredonjimenoactualidad.com\/index.php\/2025\/01\/10\/el-tosiriano-manuel-juan-caravaca-susi-reconocido-con-el-premio-maestro-de-almazara-oleomaq-2025\/#breadcrumb"},"inLanguage":"es","potentialAction":[{"@type":"ReadAction","target":["https:\/\/torredonjimenoactualidad.com\/index.php\/2025\/01\/10\/el-tosiriano-manuel-juan-caravaca-susi-reconocido-con-el-premio-maestro-de-almazara-oleomaq-2025\/"]}]},{"@type":"BreadcrumbList","@id":"https:\/\/torredonjimenoactualidad.com\/index.php\/2025\/01\/10\/el-tosiriano-manuel-juan-caravaca-susi-reconocido-con-el-premio-maestro-de-almazara-oleomaq-2025\/#breadcrumb","itemListElement":[{"@type":"ListItem","position":1,"name":"Portada","item":"https:\/\/torredonjimenoactualidad.com\/"},{"@type":"ListItem","position":2,"name":"El tosiriano Manuel Juan Caravaca Susi, reconocido con el premio \u00abMaestro de Almazara OLEOMAQ 2025\u00bb"}]},{"@type":"WebSite","@id":"https:\/\/torredonjimenoactualidad.com\/#website","url":"https:\/\/torredonjimenoactualidad.com\/","name":"Torredonjimeno Actualidad","description":"","publisher":{"@id":"https:\/\/torredonjimenoactualidad.com\/#organization"},"potentialAction":[{"@type":"SearchAction","target":{"@type":"EntryPoint","urlTemplate":"https:\/\/torredonjimenoactualidad.com\/?s={search_term_string}"},"query-input":"required name=search_term_string"}],"inLanguage":"es"},{"@type":"Organization","@id":"https:\/\/torredonjimenoactualidad.com\/#organization","name":"Torredonjimeno Actualidad","url":"https:\/\/torredonjimenoactualidad.com\/","logo":{"@type":"ImageObject","inLanguage":"es","@id":"https:\/\/torredonjimenoactualidad.com\/#\/schema\/logo\/image\/","url":"https:\/\/torredonjimenoactualidad.com\/wp-content\/uploads\/2023\/02\/logo-torredonjimeno-544x180-1.png","contentUrl":"https:\/\/torredonjimenoactualidad.com\/wp-content\/uploads\/2023\/02\/logo-torredonjimeno-544x180-1.png","width":545,"height":112,"caption":"Torredonjimeno Actualidad"},"image":{"@id":"https:\/\/torredonjimenoactualidad.com\/#\/schema\/logo\/image\/"}},{"@type":"Person","@id":"https:\/\/torredonjimenoactualidad.com\/#\/schema\/person\/84de5f233e783ef2c75151a532b54977","name":"Alba Mar\u00eda Torres","image":{"@type":"ImageObject","inLanguage":"es","@id":"https:\/\/torredonjimenoactualidad.com\/#\/schema\/person\/image\/","url":"https:\/\/secure.gravatar.com\/avatar\/f9371f188c71501b4475a9ba2a71595850ec72967f800a2ed8e3e2102859ed65?s=96&d=mm&r=g","contentUrl":"https:\/\/secure.gravatar.com\/avatar\/f9371f188c71501b4475a9ba2a71595850ec72967f800a2ed8e3e2102859ed65?s=96&d=mm&r=g","caption":"Alba Mar\u00eda Torres"},"url":"https:\/\/torredonjimenoactualidad.com\/index.php\/author\/alba-torres\/"}]}},"_links":{"self":[{"href":"https:\/\/torredonjimenoactualidad.com\/index.php\/wp-json\/wp\/v2\/posts\/2881","targetHints":{"allow":["GET"]}}],"collection":[{"href":"https:\/\/torredonjimenoactualidad.com\/index.php\/wp-json\/wp\/v2\/posts"}],"about":[{"href":"https:\/\/torredonjimenoactualidad.com\/index.php\/wp-json\/wp\/v2\/types\/post"}],"author":[{"embeddable":true,"href":"https:\/\/torredonjimenoactualidad.com\/index.php\/wp-json\/wp\/v2\/users\/2"}],"replies":[{"embeddable":true,"href":"https:\/\/torredonjimenoactualidad.com\/index.php\/wp-json\/wp\/v2\/comments?post=2881"}],"version-history":[{"count":1,"href":"https:\/\/torredonjimenoactualidad.com\/index.php\/wp-json\/wp\/v2\/posts\/2881\/revisions"}],"predecessor-version":[{"id":2883,"href":"https:\/\/torredonjimenoactualidad.com\/index.php\/wp-json\/wp\/v2\/posts\/2881\/revisions\/2883"}],"wp:featuredmedia":[{"embeddable":true,"href":"https:\/\/torredonjimenoactualidad.com\/index.php\/wp-json\/wp\/v2\/media\/2882"}],"wp:attachment":[{"href":"https:\/\/torredonjimenoactualidad.com\/index.php\/wp-json\/wp\/v2\/media?parent=2881"}],"wp:term":[{"taxonomy":"category","embeddable":true,"href":"https:\/\/torredonjimenoactualidad.com\/index.php\/wp-json\/wp\/v2\/categories?post=2881"},{"taxonomy":"post_tag","embeddable":true,"href":"https:\/\/torredonjimenoactualidad.com\/index.php\/wp-json\/wp\/v2\/tags?post=2881"}],"curies":[{"name":"wp","href":"https:\/\/api.w.org\/{rel}","templated":true}]}}