{"id":2797,"date":"2024-12-03T13:58:03","date_gmt":"2024-12-03T13:58:03","guid":{"rendered":"https:\/\/torredonjimenoactualidad.com\/?p=2797"},"modified":"2024-12-03T13:58:04","modified_gmt":"2024-12-03T13:58:04","slug":"martos-rinde-homenaje-al-olivar-y-al-aceite-de-oliva-con-su-xliv-fiesta-de-la-aceituna","status":"publish","type":"post","link":"https:\/\/torredonjimenoactualidad.com\/index.php\/2024\/12\/03\/martos-rinde-homenaje-al-olivar-y-al-aceite-de-oliva-con-su-xliv-fiesta-de-la-aceituna\/","title":{"rendered":"Martos rinde homenaje al olivar y al aceite de oliva con su XLIV Fiesta de la Aceituna"},"content":{"rendered":"\n<p>Martos celebra este a\u00f1o la XLIV edici\u00f3n de la Fiesta de la Aceituna, un evento en el que colabora la Diputaci\u00f3n y que incluye en torno a 40 actividades hasta el pr\u00f3ximo 15 de diciembre con las que rendir homenaje al olivar, al aceite de oliva y a las personas que trabajan en el sector ole\u00edcola en la provincia.<\/p>\n\n\n\n<p>El diputado de Promoci\u00f3n y Turismo, Francisco Javier Lozano, y el alcalde de Martos, Emilio Torres, han presentado este evento en el que colabora la Diputaci\u00f3n de Ja\u00e9n y que tendr\u00e1 su d\u00eda grande el 8 de diciembre, con el reparto de unos 11.000 hoyos de pan con aceite de oliva y bacalao.<\/p>\n\n\n\n<p>El programa de actividades, que se inici\u00f3 el 11 de noviembre, contempla propuestas para todas las edades y p\u00fablicos, con exposiciones de pintura y dibujo, visitas a olivos centenarios y cooperativas de aceite, cuentacuentos, m\u00fasica flamenca, rutas de senderismo, mercado Degusta Ja\u00e9n o conferencias, entre otras.<\/p>\n\n\n\n<p>El acto central, que se celebrar\u00e1 el 8 de diciembre, se iniciar\u00e1 con el preg\u00f3n de la Fiesta de la Aceituna, que este a\u00f1o correr\u00e1 a cargo del gerente de Andaltec, Jos\u00e9 Mar\u00eda Navarro. A continuaci\u00f3n, se ofrecer\u00e1n los tradicionales hoyos aceituneros y se recrear\u00e1 la extracci\u00f3n de aceite de oliva con una prensa de husillo de tracci\u00f3n manual.<\/p>\n\n\n\n<p>\u00abRealmente es una celebraci\u00f3n para felicitar a los agricultores, para encontrarnos con la producci\u00f3n del aceite de oliva y sobre todo para sentirnos orgullosos de una provincia que tras muchos siglos de trabajo sigue haciendo los mejores aceites de oliva y sobre todo con mucho sacrificio y mucho esfuerzo\u00bb, ha dicho Lozano.<\/p>\n\n\n\n<p>Lozano ha felicitado al Ayuntamiento de Martos por esta \u00abcolaboraci\u00f3n estrecha\u00bb y por la amplia programaci\u00f3n que se ha puesto en marcha en esta nueva edici\u00f3n.<\/p>\n\n\n\n<p>Por su parte, el alcalde de Martos, Emilio Torres, ha puesto el acento en que se trata de una programaci\u00f3n \u00abmuy trasversal\u00bb dise\u00f1alada para \u00abpromocionar tur\u00edsticamente nuestra ciudad de la mano de nuestro aceite de oliva\u00bb.<\/p>\n\n\n\n<p>\u00abMartos siempre ha sido conocida como una de las poblaciones con mayor producci\u00f3n puesto que tenemos pr\u00e1cticamente 22.000 hect\u00e1reas de olivar en el t\u00e9rmino, pero ahora tambi\u00e9n lo somos en cuanto a calidad\u00bb, ha dicho Torres.<\/p>\n","protected":false},"excerpt":{"rendered":"<p>Martos celebra este a\u00f1o la XLIV edici\u00f3n de la Fiesta de la Aceituna, un evento en el que colabora la Diputaci\u00f3n y que incluye en torno a 40 actividades hasta el pr\u00f3ximo 15 de diciembre con las que rendir homenaje al olivar, al aceite de oliva y a las personas que trabajan en el sector &hellip;<\/p>\n<p class=\"read-more\"> <a class=\"\" href=\"https:\/\/torredonjimenoactualidad.com\/index.php\/2024\/12\/03\/martos-rinde-homenaje-al-olivar-y-al-aceite-de-oliva-con-su-xliv-fiesta-de-la-aceituna\/\"> <span class=\"screen-reader-text\">Martos rinde homenaje al olivar y al aceite de oliva con su XLIV Fiesta de la Aceituna<\/span> Leer m\u00e1s &raquo;<\/a><\/p>\n","protected":false},"author":3,"featured_media":2798,"comment_status":"closed","ping_status":"open","sticky":false,"template":"","format":"standard","meta":{"site-sidebar-layout":"default","site-content-layout":"default","ast-global-header-display":"","ast-main-header-display":"","ast-hfb-above-header-display":"","ast-hfb-below-header-display":"","ast-hfb-mobile-header-display":"","site-post-title":"","ast-breadcrumbs-content":"","ast-featured-img":"","footer-sml-layout":"","theme-transparent-header-meta":"","adv-header-id-meta":"","stick-header-meta":"","header-above-stick-meta":"","header-main-stick-meta":"","header-below-stick-meta":"","footnotes":""},"categories":[8],"tags":[],"class_list":["post-2797","post","type-post","status-publish","format-standard","has-post-thumbnail","hentry","category-provincia"],"yoast_head":"<!-- This site is optimized with the Yoast SEO plugin v20.8 - https:\/\/yoast.com\/wordpress\/plugins\/seo\/ -->\n<title>Martos rinde homenaje al olivar y al aceite de oliva con su XLIV Fiesta de la Aceituna - Torredonjimeno Actualidad<\/title>\n<meta name=\"robots\" content=\"index, follow, max-snippet:-1, max-image-preview:large, max-video-preview:-1\" \/>\n<link rel=\"canonical\" href=\"https:\/\/torredonjimenoactualidad.com\/index.php\/2024\/12\/03\/martos-rinde-homenaje-al-olivar-y-al-aceite-de-oliva-con-su-xliv-fiesta-de-la-aceituna\/\" \/>\n<meta property=\"og:locale\" content=\"es_ES\" \/>\n<meta property=\"og:type\" content=\"article\" \/>\n<meta property=\"og:title\" content=\"Martos rinde homenaje al olivar y al aceite de oliva con su XLIV Fiesta de la Aceituna - Torredonjimeno Actualidad\" \/>\n<meta property=\"og:description\" content=\"Martos celebra este a\u00f1o la XLIV edici\u00f3n de la Fiesta de la Aceituna, un evento en el que colabora la Diputaci\u00f3n y que incluye en torno a 40 actividades hasta el pr\u00f3ximo 15 de diciembre con las que rendir homenaje al olivar, al aceite de oliva y a las personas que trabajan en el sector &hellip; Martos rinde homenaje al olivar y al aceite de oliva con su XLIV Fiesta de la Aceituna Leer m\u00e1s &raquo;\" \/>\n<meta property=\"og:url\" content=\"https:\/\/torredonjimenoactualidad.com\/index.php\/2024\/12\/03\/martos-rinde-homenaje-al-olivar-y-al-aceite-de-oliva-con-su-xliv-fiesta-de-la-aceituna\/\" \/>\n<meta property=\"og:site_name\" content=\"Torredonjimeno Actualidad\" \/>\n<meta property=\"article:published_time\" content=\"2024-12-03T13:58:03+00:00\" \/>\n<meta property=\"article:modified_time\" content=\"2024-12-03T13:58:04+00:00\" \/>\n<meta property=\"og:image\" content=\"https:\/\/torredonjimenoactualidad.com\/wp-content\/uploads\/2024\/12\/fotonoticia_20241203142137_1920.jpg\" \/>\n\t<meta property=\"og:image:width\" content=\"1920\" \/>\n\t<meta property=\"og:image:height\" content=\"1080\" \/>\n\t<meta property=\"og:image:type\" content=\"image\/jpeg\" \/>\n<meta name=\"author\" content=\"Redaccion\" \/>\n<meta name=\"twitter:card\" content=\"summary_large_image\" \/>\n<meta name=\"twitter:label1\" content=\"Escrito por\" \/>\n\t<meta name=\"twitter:data1\" content=\"Redaccion\" \/>\n\t<meta name=\"twitter:label2\" content=\"Tiempo de lectura\" \/>\n\t<meta name=\"twitter:data2\" content=\"2 minutos\" \/>\n<script type=\"application\/ld+json\" class=\"yoast-schema-graph\">{\"@context\":\"https:\/\/schema.org\",\"@graph\":[{\"@type\":\"Article\",\"@id\":\"https:\/\/torredonjimenoactualidad.com\/index.php\/2024\/12\/03\/martos-rinde-homenaje-al-olivar-y-al-aceite-de-oliva-con-su-xliv-fiesta-de-la-aceituna\/#article\",\"isPartOf\":{\"@id\":\"https:\/\/torredonjimenoactualidad.com\/index.php\/2024\/12\/03\/martos-rinde-homenaje-al-olivar-y-al-aceite-de-oliva-con-su-xliv-fiesta-de-la-aceituna\/\"},\"author\":{\"name\":\"Redaccion\",\"@id\":\"https:\/\/torredonjimenoactualidad.com\/#\/schema\/person\/11f05803cdf40dbeb7f4fbf2365c9ac5\"},\"headline\":\"Martos rinde homenaje al olivar y al aceite de oliva con su XLIV Fiesta de la Aceituna\",\"datePublished\":\"2024-12-03T13:58:03+00:00\",\"dateModified\":\"2024-12-03T13:58:04+00:00\",\"mainEntityOfPage\":{\"@id\":\"https:\/\/torredonjimenoactualidad.com\/index.php\/2024\/12\/03\/martos-rinde-homenaje-al-olivar-y-al-aceite-de-oliva-con-su-xliv-fiesta-de-la-aceituna\/\"},\"wordCount\":409,\"publisher\":{\"@id\":\"https:\/\/torredonjimenoactualidad.com\/#organization\"},\"articleSection\":[\"provincia\"],\"inLanguage\":\"es\"},{\"@type\":\"WebPage\",\"@id\":\"https:\/\/torredonjimenoactualidad.com\/index.php\/2024\/12\/03\/martos-rinde-homenaje-al-olivar-y-al-aceite-de-oliva-con-su-xliv-fiesta-de-la-aceituna\/\",\"url\":\"https:\/\/torredonjimenoactualidad.com\/index.php\/2024\/12\/03\/martos-rinde-homenaje-al-olivar-y-al-aceite-de-oliva-con-su-xliv-fiesta-de-la-aceituna\/\",\"name\":\"Martos rinde homenaje al olivar y al aceite de oliva con su XLIV Fiesta de la Aceituna - Torredonjimeno Actualidad\",\"isPartOf\":{\"@id\":\"https:\/\/torredonjimenoactualidad.com\/#website\"},\"datePublished\":\"2024-12-03T13:58:03+00:00\",\"dateModified\":\"2024-12-03T13:58:04+00:00\",\"breadcrumb\":{\"@id\":\"https:\/\/torredonjimenoactualidad.com\/index.php\/2024\/12\/03\/martos-rinde-homenaje-al-olivar-y-al-aceite-de-oliva-con-su-xliv-fiesta-de-la-aceituna\/#breadcrumb\"},\"inLanguage\":\"es\",\"potentialAction\":[{\"@type\":\"ReadAction\",\"target\":[\"https:\/\/torredonjimenoactualidad.com\/index.php\/2024\/12\/03\/martos-rinde-homenaje-al-olivar-y-al-aceite-de-oliva-con-su-xliv-fiesta-de-la-aceituna\/\"]}]},{\"@type\":\"BreadcrumbList\",\"@id\":\"https:\/\/torredonjimenoactualidad.com\/index.php\/2024\/12\/03\/martos-rinde-homenaje-al-olivar-y-al-aceite-de-oliva-con-su-xliv-fiesta-de-la-aceituna\/#breadcrumb\",\"itemListElement\":[{\"@type\":\"ListItem\",\"position\":1,\"name\":\"Portada\",\"item\":\"https:\/\/torredonjimenoactualidad.com\/\"},{\"@type\":\"ListItem\",\"position\":2,\"name\":\"Martos rinde homenaje al olivar y al aceite de oliva con su XLIV Fiesta de la Aceituna\"}]},{\"@type\":\"WebSite\",\"@id\":\"https:\/\/torredonjimenoactualidad.com\/#website\",\"url\":\"https:\/\/torredonjimenoactualidad.com\/\",\"name\":\"Torredonjimeno Actualidad\",\"description\":\"\",\"publisher\":{\"@id\":\"https:\/\/torredonjimenoactualidad.com\/#organization\"},\"potentialAction\":[{\"@type\":\"SearchAction\",\"target\":{\"@type\":\"EntryPoint\",\"urlTemplate\":\"https:\/\/torredonjimenoactualidad.com\/?s={search_term_string}\"},\"query-input\":\"required name=search_term_string\"}],\"inLanguage\":\"es\"},{\"@type\":\"Organization\",\"@id\":\"https:\/\/torredonjimenoactualidad.com\/#organization\",\"name\":\"Torredonjimeno Actualidad\",\"url\":\"https:\/\/torredonjimenoactualidad.com\/\",\"logo\":{\"@type\":\"ImageObject\",\"inLanguage\":\"es\",\"@id\":\"https:\/\/torredonjimenoactualidad.com\/#\/schema\/logo\/image\/\",\"url\":\"https:\/\/torredonjimenoactualidad.com\/wp-content\/uploads\/2023\/02\/logo-torredonjimeno-544x180-1.png\",\"contentUrl\":\"https:\/\/torredonjimenoactualidad.com\/wp-content\/uploads\/2023\/02\/logo-torredonjimeno-544x180-1.png\",\"width\":545,\"height\":112,\"caption\":\"Torredonjimeno Actualidad\"},\"image\":{\"@id\":\"https:\/\/torredonjimenoactualidad.com\/#\/schema\/logo\/image\/\"}},{\"@type\":\"Person\",\"@id\":\"https:\/\/torredonjimenoactualidad.com\/#\/schema\/person\/11f05803cdf40dbeb7f4fbf2365c9ac5\",\"name\":\"Redaccion\",\"image\":{\"@type\":\"ImageObject\",\"inLanguage\":\"es\",\"@id\":\"https:\/\/torredonjimenoactualidad.com\/#\/schema\/person\/image\/\",\"url\":\"https:\/\/secure.gravatar.com\/avatar\/5917bab7eff43e17746fd29b509939469470810b6b989b7cc2f89e3188399bf3?s=96&d=mm&r=g\",\"contentUrl\":\"https:\/\/secure.gravatar.com\/avatar\/5917bab7eff43e17746fd29b509939469470810b6b989b7cc2f89e3188399bf3?s=96&d=mm&r=g\",\"caption\":\"Redaccion\"},\"url\":\"https:\/\/torredonjimenoactualidad.com\/index.php\/author\/jose-bueno\/\"}]}<\/script>\n<!-- \/ Yoast SEO plugin. -->","yoast_head_json":{"title":"Martos rinde homenaje al olivar y al aceite de oliva con su XLIV Fiesta de la Aceituna - Torredonjimeno Actualidad","robots":{"index":"index","follow":"follow","max-snippet":"max-snippet:-1","max-image-preview":"max-image-preview:large","max-video-preview":"max-video-preview:-1"},"canonical":"https:\/\/torredonjimenoactualidad.com\/index.php\/2024\/12\/03\/martos-rinde-homenaje-al-olivar-y-al-aceite-de-oliva-con-su-xliv-fiesta-de-la-aceituna\/","og_locale":"es_ES","og_type":"article","og_title":"Martos rinde homenaje al olivar y al aceite de oliva con su XLIV Fiesta de la Aceituna - Torredonjimeno Actualidad","og_description":"Martos celebra este a\u00f1o la XLIV edici\u00f3n de la Fiesta de la Aceituna, un evento en el que colabora la Diputaci\u00f3n y que incluye en torno a 40 actividades hasta el pr\u00f3ximo 15 de diciembre con las que rendir homenaje al olivar, al aceite de oliva y a las personas que trabajan en el sector &hellip; Martos rinde homenaje al olivar y al aceite de oliva con su XLIV Fiesta de la Aceituna Leer m\u00e1s &raquo;","og_url":"https:\/\/torredonjimenoactualidad.com\/index.php\/2024\/12\/03\/martos-rinde-homenaje-al-olivar-y-al-aceite-de-oliva-con-su-xliv-fiesta-de-la-aceituna\/","og_site_name":"Torredonjimeno Actualidad","article_published_time":"2024-12-03T13:58:03+00:00","article_modified_time":"2024-12-03T13:58:04+00:00","og_image":[{"width":1920,"height":1080,"url":"https:\/\/torredonjimenoactualidad.com\/wp-content\/uploads\/2024\/12\/fotonoticia_20241203142137_1920.jpg","type":"image\/jpeg"}],"author":"Redaccion","twitter_card":"summary_large_image","twitter_misc":{"Escrito por":"Redaccion","Tiempo de lectura":"2 minutos"},"schema":{"@context":"https:\/\/schema.org","@graph":[{"@type":"Article","@id":"https:\/\/torredonjimenoactualidad.com\/index.php\/2024\/12\/03\/martos-rinde-homenaje-al-olivar-y-al-aceite-de-oliva-con-su-xliv-fiesta-de-la-aceituna\/#article","isPartOf":{"@id":"https:\/\/torredonjimenoactualidad.com\/index.php\/2024\/12\/03\/martos-rinde-homenaje-al-olivar-y-al-aceite-de-oliva-con-su-xliv-fiesta-de-la-aceituna\/"},"author":{"name":"Redaccion","@id":"https:\/\/torredonjimenoactualidad.com\/#\/schema\/person\/11f05803cdf40dbeb7f4fbf2365c9ac5"},"headline":"Martos rinde homenaje al olivar y al aceite de oliva con su XLIV Fiesta de la Aceituna","datePublished":"2024-12-03T13:58:03+00:00","dateModified":"2024-12-03T13:58:04+00:00","mainEntityOfPage":{"@id":"https:\/\/torredonjimenoactualidad.com\/index.php\/2024\/12\/03\/martos-rinde-homenaje-al-olivar-y-al-aceite-de-oliva-con-su-xliv-fiesta-de-la-aceituna\/"},"wordCount":409,"publisher":{"@id":"https:\/\/torredonjimenoactualidad.com\/#organization"},"articleSection":["provincia"],"inLanguage":"es"},{"@type":"WebPage","@id":"https:\/\/torredonjimenoactualidad.com\/index.php\/2024\/12\/03\/martos-rinde-homenaje-al-olivar-y-al-aceite-de-oliva-con-su-xliv-fiesta-de-la-aceituna\/","url":"https:\/\/torredonjimenoactualidad.com\/index.php\/2024\/12\/03\/martos-rinde-homenaje-al-olivar-y-al-aceite-de-oliva-con-su-xliv-fiesta-de-la-aceituna\/","name":"Martos rinde homenaje al olivar y al aceite de oliva con su XLIV Fiesta de la Aceituna - Torredonjimeno Actualidad","isPartOf":{"@id":"https:\/\/torredonjimenoactualidad.com\/#website"},"datePublished":"2024-12-03T13:58:03+00:00","dateModified":"2024-12-03T13:58:04+00:00","breadcrumb":{"@id":"https:\/\/torredonjimenoactualidad.com\/index.php\/2024\/12\/03\/martos-rinde-homenaje-al-olivar-y-al-aceite-de-oliva-con-su-xliv-fiesta-de-la-aceituna\/#breadcrumb"},"inLanguage":"es","potentialAction":[{"@type":"ReadAction","target":["https:\/\/torredonjimenoactualidad.com\/index.php\/2024\/12\/03\/martos-rinde-homenaje-al-olivar-y-al-aceite-de-oliva-con-su-xliv-fiesta-de-la-aceituna\/"]}]},{"@type":"BreadcrumbList","@id":"https:\/\/torredonjimenoactualidad.com\/index.php\/2024\/12\/03\/martos-rinde-homenaje-al-olivar-y-al-aceite-de-oliva-con-su-xliv-fiesta-de-la-aceituna\/#breadcrumb","itemListElement":[{"@type":"ListItem","position":1,"name":"Portada","item":"https:\/\/torredonjimenoactualidad.com\/"},{"@type":"ListItem","position":2,"name":"Martos rinde homenaje al olivar y al aceite de oliva con su XLIV Fiesta de la Aceituna"}]},{"@type":"WebSite","@id":"https:\/\/torredonjimenoactualidad.com\/#website","url":"https:\/\/torredonjimenoactualidad.com\/","name":"Torredonjimeno Actualidad","description":"","publisher":{"@id":"https:\/\/torredonjimenoactualidad.com\/#organization"},"potentialAction":[{"@type":"SearchAction","target":{"@type":"EntryPoint","urlTemplate":"https:\/\/torredonjimenoactualidad.com\/?s={search_term_string}"},"query-input":"required name=search_term_string"}],"inLanguage":"es"},{"@type":"Organization","@id":"https:\/\/torredonjimenoactualidad.com\/#organization","name":"Torredonjimeno Actualidad","url":"https:\/\/torredonjimenoactualidad.com\/","logo":{"@type":"ImageObject","inLanguage":"es","@id":"https:\/\/torredonjimenoactualidad.com\/#\/schema\/logo\/image\/","url":"https:\/\/torredonjimenoactualidad.com\/wp-content\/uploads\/2023\/02\/logo-torredonjimeno-544x180-1.png","contentUrl":"https:\/\/torredonjimenoactualidad.com\/wp-content\/uploads\/2023\/02\/logo-torredonjimeno-544x180-1.png","width":545,"height":112,"caption":"Torredonjimeno Actualidad"},"image":{"@id":"https:\/\/torredonjimenoactualidad.com\/#\/schema\/logo\/image\/"}},{"@type":"Person","@id":"https:\/\/torredonjimenoactualidad.com\/#\/schema\/person\/11f05803cdf40dbeb7f4fbf2365c9ac5","name":"Redaccion","image":{"@type":"ImageObject","inLanguage":"es","@id":"https:\/\/torredonjimenoactualidad.com\/#\/schema\/person\/image\/","url":"https:\/\/secure.gravatar.com\/avatar\/5917bab7eff43e17746fd29b509939469470810b6b989b7cc2f89e3188399bf3?s=96&d=mm&r=g","contentUrl":"https:\/\/secure.gravatar.com\/avatar\/5917bab7eff43e17746fd29b509939469470810b6b989b7cc2f89e3188399bf3?s=96&d=mm&r=g","caption":"Redaccion"},"url":"https:\/\/torredonjimenoactualidad.com\/index.php\/author\/jose-bueno\/"}]}},"_links":{"self":[{"href":"https:\/\/torredonjimenoactualidad.com\/index.php\/wp-json\/wp\/v2\/posts\/2797","targetHints":{"allow":["GET"]}}],"collection":[{"href":"https:\/\/torredonjimenoactualidad.com\/index.php\/wp-json\/wp\/v2\/posts"}],"about":[{"href":"https:\/\/torredonjimenoactualidad.com\/index.php\/wp-json\/wp\/v2\/types\/post"}],"author":[{"embeddable":true,"href":"https:\/\/torredonjimenoactualidad.com\/index.php\/wp-json\/wp\/v2\/users\/3"}],"replies":[{"embeddable":true,"href":"https:\/\/torredonjimenoactualidad.com\/index.php\/wp-json\/wp\/v2\/comments?post=2797"}],"version-history":[{"count":1,"href":"https:\/\/torredonjimenoactualidad.com\/index.php\/wp-json\/wp\/v2\/posts\/2797\/revisions"}],"predecessor-version":[{"id":2799,"href":"https:\/\/torredonjimenoactualidad.com\/index.php\/wp-json\/wp\/v2\/posts\/2797\/revisions\/2799"}],"wp:featuredmedia":[{"embeddable":true,"href":"https:\/\/torredonjimenoactualidad.com\/index.php\/wp-json\/wp\/v2\/media\/2798"}],"wp:attachment":[{"href":"https:\/\/torredonjimenoactualidad.com\/index.php\/wp-json\/wp\/v2\/media?parent=2797"}],"wp:term":[{"taxonomy":"category","embeddable":true,"href":"https:\/\/torredonjimenoactualidad.com\/index.php\/wp-json\/wp\/v2\/categories?post=2797"},{"taxonomy":"post_tag","embeddable":true,"href":"https:\/\/torredonjimenoactualidad.com\/index.php\/wp-json\/wp\/v2\/tags?post=2797"}],"curies":[{"name":"wp","href":"https:\/\/api.w.org\/{rel}","templated":true}]}}