{"id":2793,"date":"2024-12-03T09:57:07","date_gmt":"2024-12-03T09:57:07","guid":{"rendered":"https:\/\/torredonjimenoactualidad.com\/?p=2793"},"modified":"2024-12-03T10:00:55","modified_gmt":"2024-12-03T10:00:55","slug":"sergio-nunez-montavez-sera-el-encargado-del-cartel-de-la-semana-santa-2025-en-torredonjimeno","status":"publish","type":"post","link":"https:\/\/torredonjimenoactualidad.com\/index.php\/2024\/12\/03\/sergio-nunez-montavez-sera-el-encargado-del-cartel-de-la-semana-santa-2025-en-torredonjimeno\/","title":{"rendered":"Sergio N\u00fa\u00f1ez Mont\u00e1vez ser\u00e1 el encargado del cartel de la Semana Santa 2025 en Torredonjimeno"},"content":{"rendered":"\n<p>La Semana Santa de Torredonjimeno 2025 contar\u00e1 con un cartel de excepci\u00f3n. Sergio N\u00fa\u00f1ez Mont\u00e1vez, joven artista nacido en 1999 en Arquillos (Ja\u00e9n), ha sido designado para plasmar al Cristo del Perd\u00f3n y realizar la obra que representar\u00e1 esta importante celebraci\u00f3n religiosa.<\/p>\n\n\n\n<p>Sergio inici\u00f3 su formaci\u00f3n art\u00edstica en Redondela (Pontevedra), de la mano del maestro Suso C. Ben, y la ampli\u00f3 en Sevilla, ciudad donde actualmente reside. Su trayectoria est\u00e1 marcada por un profundo compromiso con el arte sacro y un dominio t\u00e9cnico que combina naturalismo, simbolismo y una destacada capacidad para transmitir misticismo.<\/p>\n\n\n\n<p>Entre sus creaciones m\u00e1s reconocidas se encuentran trabajos para carteles del Ayuntamiento de Arquillos, la iglesia de San Esteban Protom\u00e1rtir en Vegas del Condado (Le\u00f3n) y exposiciones colectivas como \u00abPaz desde tiempo inmemorial\u00bb en Ronda (M\u00e1laga), \u00abVisi\u00f3n de una coronaci\u00f3n\u00bb en Sanl\u00facar de Barrameda (C\u00e1diz) y \u00abEsperanzaMare\u00bb en Algeciras (C\u00e1diz). Su obra tambi\u00e9n ha sido parte del primer certamen de Arte Sacro \u00abCanto a las Nieves\u00bb en Sevilla, y en eventos destacados como \u00abRenovatio\u00bb en Marchena (Sevilla). Asimismo, ha elaborado piezas como el cartel de la velada para la Cofrad\u00eda de Nuestra Se\u00f1ora de la Fuensanta en Alcaudete (Ja\u00e9n) y el \u00f3valo del estandarte del Sant\u00edsimo Cristo del Rosario de Valverde de Llerena (Badajoz).<\/p>\n\n\n\n<p>En paralelo, Sergio ha incursionado en la plater\u00eda y la orfebrer\u00eda, disciplinas en las que se titul\u00f3 como t\u00e9cnico en la Escuela Pabell\u00f3n de Chile de Sevilla. Actualmente, contin\u00faa perfeccionando su t\u00e9cnica en la Escuela de Arte del Pabell\u00f3n de Nervi\u00f3n, donde cursa el Ciclo Superior de Dorado y Policrom\u00eda.<\/p>\n\n\n\n<p>Su designaci\u00f3n para el cartel de la Semana Santa 2025 de Torredonjimeno es un reconocimiento a su talento y trayectoria, que promete dejar una huella imborrable en esta celebraci\u00f3n. El cartel, que destacar\u00e1 la imagen del Cristo del Perd\u00f3n, ser\u00e1 una muestra m\u00e1s de su capacidad para fusionar arte y espiritualidad, honrando la tradici\u00f3n con un enfoque contempor\u00e1neo y profundamente simb\u00f3lico.<\/p>\n","protected":false},"excerpt":{"rendered":"<p>La Semana Santa de Torredonjimeno 2025 contar\u00e1 con un cartel de excepci\u00f3n. Sergio N\u00fa\u00f1ez Mont\u00e1vez, joven artista nacido en 1999 en Arquillos (Ja\u00e9n), ha sido designado para plasmar al Cristo del Perd\u00f3n y realizar la obra que representar\u00e1 esta importante celebraci\u00f3n religiosa. Sergio inici\u00f3 su formaci\u00f3n art\u00edstica en Redondela (Pontevedra), de la mano del maestro &hellip;<\/p>\n<p class=\"read-more\"> <a class=\"\" href=\"https:\/\/torredonjimenoactualidad.com\/index.php\/2024\/12\/03\/sergio-nunez-montavez-sera-el-encargado-del-cartel-de-la-semana-santa-2025-en-torredonjimeno\/\"> <span class=\"screen-reader-text\">Sergio N\u00fa\u00f1ez Mont\u00e1vez ser\u00e1 el encargado del cartel de la Semana Santa 2025 en Torredonjimeno<\/span> Leer m\u00e1s &raquo;<\/a><\/p>\n","protected":false},"author":2,"featured_media":2794,"comment_status":"closed","ping_status":"open","sticky":false,"template":"","format":"standard","meta":{"site-sidebar-layout":"default","site-content-layout":"default","ast-global-header-display":"","ast-main-header-display":"","ast-hfb-above-header-display":"","ast-hfb-below-header-display":"","ast-hfb-mobile-header-display":"","site-post-title":"","ast-breadcrumbs-content":"","ast-featured-img":"","footer-sml-layout":"","theme-transparent-header-meta":"","adv-header-id-meta":"","stick-header-meta":"","header-above-stick-meta":"","header-main-stick-meta":"","header-below-stick-meta":"","footnotes":""},"categories":[1],"tags":[],"class_list":["post-2793","post","type-post","status-publish","format-standard","has-post-thumbnail","hentry","category-sin-categoria"],"yoast_head":"<!-- This site is optimized with the Yoast SEO plugin v20.8 - https:\/\/yoast.com\/wordpress\/plugins\/seo\/ -->\n<title>Sergio N\u00fa\u00f1ez Mont\u00e1vez ser\u00e1 el encargado del cartel de la Semana Santa 2025 en Torredonjimeno - Torredonjimeno Actualidad<\/title>\n<meta name=\"robots\" content=\"index, follow, max-snippet:-1, max-image-preview:large, max-video-preview:-1\" \/>\n<link rel=\"canonical\" href=\"https:\/\/torredonjimenoactualidad.com\/index.php\/2024\/12\/03\/sergio-nunez-montavez-sera-el-encargado-del-cartel-de-la-semana-santa-2025-en-torredonjimeno\/\" \/>\n<meta property=\"og:locale\" content=\"es_ES\" \/>\n<meta property=\"og:type\" content=\"article\" \/>\n<meta property=\"og:title\" content=\"Sergio N\u00fa\u00f1ez Mont\u00e1vez ser\u00e1 el encargado del cartel de la Semana Santa 2025 en Torredonjimeno - Torredonjimeno Actualidad\" \/>\n<meta property=\"og:description\" content=\"La Semana Santa de Torredonjimeno 2025 contar\u00e1 con un cartel de excepci\u00f3n. Sergio N\u00fa\u00f1ez Mont\u00e1vez, joven artista nacido en 1999 en Arquillos (Ja\u00e9n), ha sido designado para plasmar al Cristo del Perd\u00f3n y realizar la obra que representar\u00e1 esta importante celebraci\u00f3n religiosa. Sergio inici\u00f3 su formaci\u00f3n art\u00edstica en Redondela (Pontevedra), de la mano del maestro &hellip; Sergio N\u00fa\u00f1ez Mont\u00e1vez ser\u00e1 el encargado del cartel de la Semana Santa 2025 en Torredonjimeno Leer m\u00e1s &raquo;\" \/>\n<meta property=\"og:url\" content=\"https:\/\/torredonjimenoactualidad.com\/index.php\/2024\/12\/03\/sergio-nunez-montavez-sera-el-encargado-del-cartel-de-la-semana-santa-2025-en-torredonjimeno\/\" \/>\n<meta property=\"og:site_name\" content=\"Torredonjimeno Actualidad\" \/>\n<meta property=\"article:published_time\" content=\"2024-12-03T09:57:07+00:00\" \/>\n<meta property=\"article:modified_time\" content=\"2024-12-03T10:00:55+00:00\" \/>\n<meta property=\"og:image\" content=\"https:\/\/torredonjimenoactualidad.com\/wp-content\/uploads\/2024\/12\/469104614_981202030719892_4277960304515904226_n-2.jpg\" \/>\n\t<meta property=\"og:image:width\" content=\"1439\" \/>\n\t<meta property=\"og:image:height\" content=\"1021\" \/>\n\t<meta property=\"og:image:type\" content=\"image\/jpeg\" \/>\n<meta name=\"author\" content=\"Alba Mar\u00eda Torres\" \/>\n<meta name=\"twitter:card\" content=\"summary_large_image\" \/>\n<meta name=\"twitter:label1\" content=\"Escrito por\" \/>\n\t<meta name=\"twitter:data1\" content=\"Alba Mar\u00eda Torres\" \/>\n\t<meta name=\"twitter:label2\" content=\"Tiempo de lectura\" \/>\n\t<meta name=\"twitter:data2\" content=\"2 minutos\" \/>\n<script type=\"application\/ld+json\" class=\"yoast-schema-graph\">{\"@context\":\"https:\/\/schema.org\",\"@graph\":[{\"@type\":\"Article\",\"@id\":\"https:\/\/torredonjimenoactualidad.com\/index.php\/2024\/12\/03\/sergio-nunez-montavez-sera-el-encargado-del-cartel-de-la-semana-santa-2025-en-torredonjimeno\/#article\",\"isPartOf\":{\"@id\":\"https:\/\/torredonjimenoactualidad.com\/index.php\/2024\/12\/03\/sergio-nunez-montavez-sera-el-encargado-del-cartel-de-la-semana-santa-2025-en-torredonjimeno\/\"},\"author\":{\"name\":\"Alba Mar\u00eda Torres\",\"@id\":\"https:\/\/torredonjimenoactualidad.com\/#\/schema\/person\/84de5f233e783ef2c75151a532b54977\"},\"headline\":\"Sergio N\u00fa\u00f1ez Mont\u00e1vez ser\u00e1 el encargado del cartel de la Semana Santa 2025 en Torredonjimeno\",\"datePublished\":\"2024-12-03T09:57:07+00:00\",\"dateModified\":\"2024-12-03T10:00:55+00:00\",\"mainEntityOfPage\":{\"@id\":\"https:\/\/torredonjimenoactualidad.com\/index.php\/2024\/12\/03\/sergio-nunez-montavez-sera-el-encargado-del-cartel-de-la-semana-santa-2025-en-torredonjimeno\/\"},\"wordCount\":371,\"publisher\":{\"@id\":\"https:\/\/torredonjimenoactualidad.com\/#organization\"},\"inLanguage\":\"es\"},{\"@type\":\"WebPage\",\"@id\":\"https:\/\/torredonjimenoactualidad.com\/index.php\/2024\/12\/03\/sergio-nunez-montavez-sera-el-encargado-del-cartel-de-la-semana-santa-2025-en-torredonjimeno\/\",\"url\":\"https:\/\/torredonjimenoactualidad.com\/index.php\/2024\/12\/03\/sergio-nunez-montavez-sera-el-encargado-del-cartel-de-la-semana-santa-2025-en-torredonjimeno\/\",\"name\":\"Sergio N\u00fa\u00f1ez Mont\u00e1vez ser\u00e1 el encargado del cartel de la Semana Santa 2025 en Torredonjimeno - Torredonjimeno Actualidad\",\"isPartOf\":{\"@id\":\"https:\/\/torredonjimenoactualidad.com\/#website\"},\"datePublished\":\"2024-12-03T09:57:07+00:00\",\"dateModified\":\"2024-12-03T10:00:55+00:00\",\"breadcrumb\":{\"@id\":\"https:\/\/torredonjimenoactualidad.com\/index.php\/2024\/12\/03\/sergio-nunez-montavez-sera-el-encargado-del-cartel-de-la-semana-santa-2025-en-torredonjimeno\/#breadcrumb\"},\"inLanguage\":\"es\",\"potentialAction\":[{\"@type\":\"ReadAction\",\"target\":[\"https:\/\/torredonjimenoactualidad.com\/index.php\/2024\/12\/03\/sergio-nunez-montavez-sera-el-encargado-del-cartel-de-la-semana-santa-2025-en-torredonjimeno\/\"]}]},{\"@type\":\"BreadcrumbList\",\"@id\":\"https:\/\/torredonjimenoactualidad.com\/index.php\/2024\/12\/03\/sergio-nunez-montavez-sera-el-encargado-del-cartel-de-la-semana-santa-2025-en-torredonjimeno\/#breadcrumb\",\"itemListElement\":[{\"@type\":\"ListItem\",\"position\":1,\"name\":\"Portada\",\"item\":\"https:\/\/torredonjimenoactualidad.com\/\"},{\"@type\":\"ListItem\",\"position\":2,\"name\":\"Sergio N\u00fa\u00f1ez Mont\u00e1vez ser\u00e1 el encargado del cartel de la Semana Santa 2025 en Torredonjimeno\"}]},{\"@type\":\"WebSite\",\"@id\":\"https:\/\/torredonjimenoactualidad.com\/#website\",\"url\":\"https:\/\/torredonjimenoactualidad.com\/\",\"name\":\"Torredonjimeno Actualidad\",\"description\":\"\",\"publisher\":{\"@id\":\"https:\/\/torredonjimenoactualidad.com\/#organization\"},\"potentialAction\":[{\"@type\":\"SearchAction\",\"target\":{\"@type\":\"EntryPoint\",\"urlTemplate\":\"https:\/\/torredonjimenoactualidad.com\/?s={search_term_string}\"},\"query-input\":\"required name=search_term_string\"}],\"inLanguage\":\"es\"},{\"@type\":\"Organization\",\"@id\":\"https:\/\/torredonjimenoactualidad.com\/#organization\",\"name\":\"Torredonjimeno Actualidad\",\"url\":\"https:\/\/torredonjimenoactualidad.com\/\",\"logo\":{\"@type\":\"ImageObject\",\"inLanguage\":\"es\",\"@id\":\"https:\/\/torredonjimenoactualidad.com\/#\/schema\/logo\/image\/\",\"url\":\"https:\/\/torredonjimenoactualidad.com\/wp-content\/uploads\/2023\/02\/logo-torredonjimeno-544x180-1.png\",\"contentUrl\":\"https:\/\/torredonjimenoactualidad.com\/wp-content\/uploads\/2023\/02\/logo-torredonjimeno-544x180-1.png\",\"width\":545,\"height\":112,\"caption\":\"Torredonjimeno Actualidad\"},\"image\":{\"@id\":\"https:\/\/torredonjimenoactualidad.com\/#\/schema\/logo\/image\/\"}},{\"@type\":\"Person\",\"@id\":\"https:\/\/torredonjimenoactualidad.com\/#\/schema\/person\/84de5f233e783ef2c75151a532b54977\",\"name\":\"Alba Mar\u00eda Torres\",\"image\":{\"@type\":\"ImageObject\",\"inLanguage\":\"es\",\"@id\":\"https:\/\/torredonjimenoactualidad.com\/#\/schema\/person\/image\/\",\"url\":\"https:\/\/secure.gravatar.com\/avatar\/f9371f188c71501b4475a9ba2a71595850ec72967f800a2ed8e3e2102859ed65?s=96&d=mm&r=g\",\"contentUrl\":\"https:\/\/secure.gravatar.com\/avatar\/f9371f188c71501b4475a9ba2a71595850ec72967f800a2ed8e3e2102859ed65?s=96&d=mm&r=g\",\"caption\":\"Alba Mar\u00eda Torres\"},\"url\":\"https:\/\/torredonjimenoactualidad.com\/index.php\/author\/alba-torres\/\"}]}<\/script>\n<!-- \/ Yoast SEO plugin. -->","yoast_head_json":{"title":"Sergio N\u00fa\u00f1ez Mont\u00e1vez ser\u00e1 el encargado del cartel de la Semana Santa 2025 en Torredonjimeno - Torredonjimeno Actualidad","robots":{"index":"index","follow":"follow","max-snippet":"max-snippet:-1","max-image-preview":"max-image-preview:large","max-video-preview":"max-video-preview:-1"},"canonical":"https:\/\/torredonjimenoactualidad.com\/index.php\/2024\/12\/03\/sergio-nunez-montavez-sera-el-encargado-del-cartel-de-la-semana-santa-2025-en-torredonjimeno\/","og_locale":"es_ES","og_type":"article","og_title":"Sergio N\u00fa\u00f1ez Mont\u00e1vez ser\u00e1 el encargado del cartel de la Semana Santa 2025 en Torredonjimeno - Torredonjimeno Actualidad","og_description":"La Semana Santa de Torredonjimeno 2025 contar\u00e1 con un cartel de excepci\u00f3n. Sergio N\u00fa\u00f1ez Mont\u00e1vez, joven artista nacido en 1999 en Arquillos (Ja\u00e9n), ha sido designado para plasmar al Cristo del Perd\u00f3n y realizar la obra que representar\u00e1 esta importante celebraci\u00f3n religiosa. Sergio inici\u00f3 su formaci\u00f3n art\u00edstica en Redondela (Pontevedra), de la mano del maestro &hellip; Sergio N\u00fa\u00f1ez Mont\u00e1vez ser\u00e1 el encargado del cartel de la Semana Santa 2025 en Torredonjimeno Leer m\u00e1s &raquo;","og_url":"https:\/\/torredonjimenoactualidad.com\/index.php\/2024\/12\/03\/sergio-nunez-montavez-sera-el-encargado-del-cartel-de-la-semana-santa-2025-en-torredonjimeno\/","og_site_name":"Torredonjimeno Actualidad","article_published_time":"2024-12-03T09:57:07+00:00","article_modified_time":"2024-12-03T10:00:55+00:00","og_image":[{"width":1439,"height":1021,"url":"https:\/\/torredonjimenoactualidad.com\/wp-content\/uploads\/2024\/12\/469104614_981202030719892_4277960304515904226_n-2.jpg","type":"image\/jpeg"}],"author":"Alba Mar\u00eda Torres","twitter_card":"summary_large_image","twitter_misc":{"Escrito por":"Alba Mar\u00eda Torres","Tiempo de lectura":"2 minutos"},"schema":{"@context":"https:\/\/schema.org","@graph":[{"@type":"Article","@id":"https:\/\/torredonjimenoactualidad.com\/index.php\/2024\/12\/03\/sergio-nunez-montavez-sera-el-encargado-del-cartel-de-la-semana-santa-2025-en-torredonjimeno\/#article","isPartOf":{"@id":"https:\/\/torredonjimenoactualidad.com\/index.php\/2024\/12\/03\/sergio-nunez-montavez-sera-el-encargado-del-cartel-de-la-semana-santa-2025-en-torredonjimeno\/"},"author":{"name":"Alba Mar\u00eda Torres","@id":"https:\/\/torredonjimenoactualidad.com\/#\/schema\/person\/84de5f233e783ef2c75151a532b54977"},"headline":"Sergio N\u00fa\u00f1ez Mont\u00e1vez ser\u00e1 el encargado del cartel de la Semana Santa 2025 en Torredonjimeno","datePublished":"2024-12-03T09:57:07+00:00","dateModified":"2024-12-03T10:00:55+00:00","mainEntityOfPage":{"@id":"https:\/\/torredonjimenoactualidad.com\/index.php\/2024\/12\/03\/sergio-nunez-montavez-sera-el-encargado-del-cartel-de-la-semana-santa-2025-en-torredonjimeno\/"},"wordCount":371,"publisher":{"@id":"https:\/\/torredonjimenoactualidad.com\/#organization"},"inLanguage":"es"},{"@type":"WebPage","@id":"https:\/\/torredonjimenoactualidad.com\/index.php\/2024\/12\/03\/sergio-nunez-montavez-sera-el-encargado-del-cartel-de-la-semana-santa-2025-en-torredonjimeno\/","url":"https:\/\/torredonjimenoactualidad.com\/index.php\/2024\/12\/03\/sergio-nunez-montavez-sera-el-encargado-del-cartel-de-la-semana-santa-2025-en-torredonjimeno\/","name":"Sergio N\u00fa\u00f1ez Mont\u00e1vez ser\u00e1 el encargado del cartel de la Semana Santa 2025 en Torredonjimeno - Torredonjimeno Actualidad","isPartOf":{"@id":"https:\/\/torredonjimenoactualidad.com\/#website"},"datePublished":"2024-12-03T09:57:07+00:00","dateModified":"2024-12-03T10:00:55+00:00","breadcrumb":{"@id":"https:\/\/torredonjimenoactualidad.com\/index.php\/2024\/12\/03\/sergio-nunez-montavez-sera-el-encargado-del-cartel-de-la-semana-santa-2025-en-torredonjimeno\/#breadcrumb"},"inLanguage":"es","potentialAction":[{"@type":"ReadAction","target":["https:\/\/torredonjimenoactualidad.com\/index.php\/2024\/12\/03\/sergio-nunez-montavez-sera-el-encargado-del-cartel-de-la-semana-santa-2025-en-torredonjimeno\/"]}]},{"@type":"BreadcrumbList","@id":"https:\/\/torredonjimenoactualidad.com\/index.php\/2024\/12\/03\/sergio-nunez-montavez-sera-el-encargado-del-cartel-de-la-semana-santa-2025-en-torredonjimeno\/#breadcrumb","itemListElement":[{"@type":"ListItem","position":1,"name":"Portada","item":"https:\/\/torredonjimenoactualidad.com\/"},{"@type":"ListItem","position":2,"name":"Sergio N\u00fa\u00f1ez Mont\u00e1vez ser\u00e1 el encargado del cartel de la Semana Santa 2025 en Torredonjimeno"}]},{"@type":"WebSite","@id":"https:\/\/torredonjimenoactualidad.com\/#website","url":"https:\/\/torredonjimenoactualidad.com\/","name":"Torredonjimeno Actualidad","description":"","publisher":{"@id":"https:\/\/torredonjimenoactualidad.com\/#organization"},"potentialAction":[{"@type":"SearchAction","target":{"@type":"EntryPoint","urlTemplate":"https:\/\/torredonjimenoactualidad.com\/?s={search_term_string}"},"query-input":"required name=search_term_string"}],"inLanguage":"es"},{"@type":"Organization","@id":"https:\/\/torredonjimenoactualidad.com\/#organization","name":"Torredonjimeno Actualidad","url":"https:\/\/torredonjimenoactualidad.com\/","logo":{"@type":"ImageObject","inLanguage":"es","@id":"https:\/\/torredonjimenoactualidad.com\/#\/schema\/logo\/image\/","url":"https:\/\/torredonjimenoactualidad.com\/wp-content\/uploads\/2023\/02\/logo-torredonjimeno-544x180-1.png","contentUrl":"https:\/\/torredonjimenoactualidad.com\/wp-content\/uploads\/2023\/02\/logo-torredonjimeno-544x180-1.png","width":545,"height":112,"caption":"Torredonjimeno Actualidad"},"image":{"@id":"https:\/\/torredonjimenoactualidad.com\/#\/schema\/logo\/image\/"}},{"@type":"Person","@id":"https:\/\/torredonjimenoactualidad.com\/#\/schema\/person\/84de5f233e783ef2c75151a532b54977","name":"Alba Mar\u00eda Torres","image":{"@type":"ImageObject","inLanguage":"es","@id":"https:\/\/torredonjimenoactualidad.com\/#\/schema\/person\/image\/","url":"https:\/\/secure.gravatar.com\/avatar\/f9371f188c71501b4475a9ba2a71595850ec72967f800a2ed8e3e2102859ed65?s=96&d=mm&r=g","contentUrl":"https:\/\/secure.gravatar.com\/avatar\/f9371f188c71501b4475a9ba2a71595850ec72967f800a2ed8e3e2102859ed65?s=96&d=mm&r=g","caption":"Alba Mar\u00eda Torres"},"url":"https:\/\/torredonjimenoactualidad.com\/index.php\/author\/alba-torres\/"}]}},"_links":{"self":[{"href":"https:\/\/torredonjimenoactualidad.com\/index.php\/wp-json\/wp\/v2\/posts\/2793","targetHints":{"allow":["GET"]}}],"collection":[{"href":"https:\/\/torredonjimenoactualidad.com\/index.php\/wp-json\/wp\/v2\/posts"}],"about":[{"href":"https:\/\/torredonjimenoactualidad.com\/index.php\/wp-json\/wp\/v2\/types\/post"}],"author":[{"embeddable":true,"href":"https:\/\/torredonjimenoactualidad.com\/index.php\/wp-json\/wp\/v2\/users\/2"}],"replies":[{"embeddable":true,"href":"https:\/\/torredonjimenoactualidad.com\/index.php\/wp-json\/wp\/v2\/comments?post=2793"}],"version-history":[{"count":1,"href":"https:\/\/torredonjimenoactualidad.com\/index.php\/wp-json\/wp\/v2\/posts\/2793\/revisions"}],"predecessor-version":[{"id":2795,"href":"https:\/\/torredonjimenoactualidad.com\/index.php\/wp-json\/wp\/v2\/posts\/2793\/revisions\/2795"}],"wp:featuredmedia":[{"embeddable":true,"href":"https:\/\/torredonjimenoactualidad.com\/index.php\/wp-json\/wp\/v2\/media\/2794"}],"wp:attachment":[{"href":"https:\/\/torredonjimenoactualidad.com\/index.php\/wp-json\/wp\/v2\/media?parent=2793"}],"wp:term":[{"taxonomy":"category","embeddable":true,"href":"https:\/\/torredonjimenoactualidad.com\/index.php\/wp-json\/wp\/v2\/categories?post=2793"},{"taxonomy":"post_tag","embeddable":true,"href":"https:\/\/torredonjimenoactualidad.com\/index.php\/wp-json\/wp\/v2\/tags?post=2793"}],"curies":[{"name":"wp","href":"https:\/\/api.w.org\/{rel}","templated":true}]}}