{"id":2789,"date":"2024-12-02T19:40:41","date_gmt":"2024-12-02T19:40:41","guid":{"rendered":"https:\/\/torredonjimenoactualidad.com\/?p=2789"},"modified":"2024-12-02T19:40:42","modified_gmt":"2024-12-02T19:40:42","slug":"amplia-representacion-tosiriana-en-el-encuentro-diocesano-de-cofradias","status":"publish","type":"post","link":"https:\/\/torredonjimenoactualidad.com\/index.php\/2024\/12\/02\/amplia-representacion-tosiriana-en-el-encuentro-diocesano-de-cofradias\/","title":{"rendered":"Amplia representaci\u00f3n tosiriana en el Encuentro Diocesano de Cofrad\u00edas"},"content":{"rendered":"\n<p>Ayer, primer domingo de Adviento, la Casa de la Iglesia de Ja\u00e9n acogi\u00f3 la trig\u00e9sima quinta edici\u00f3n del Encuentro Diocesano de Cofrad\u00edas, una jornada que reuni\u00f3 a una amplia representaci\u00f3n de hermandades de toda la provincia. Torredonjimeno estuvo representado por las hermandades del <strong>Huerto, Ecce Homo, Cristo del Amor y Silencio, Humildad, Virgen de la Cabeza, Santos Patronos y Nuestra Se\u00f1ora de Consolaci\u00f3n.<\/strong><\/p>\n\n\n\n<p>La jornada comenz\u00f3 con una solemne misa presidida por el obispo Sebasti\u00e1n Chico Mart\u00ednez, acompa\u00f1ado por el delegado de cofrad\u00edas de la di\u00f3cesis y p\u00e1rroco de San Pedro de Torredonjimeno, Agust\u00edn Rodr\u00edguez, y el secretario particular del obispo, Francisco Javier Cova. Durante la homil\u00eda, el prelado jiennense felicit\u00f3 el inicio del nuevo a\u00f1o lit\u00fargico e invit\u00f3 a los presentes a reflexionar sobre el Adviento. \u201cEl Adviento no es simplemente el inicio de un ciclo lit\u00fargico, es el comienzo de un camino, un itinerario iluminado por la fe y transfigurado por el amor y la vitalidad del Esp\u00edritu Santo. Como cofrad\u00eda, este tiempo nos invita a profundizar nuestra misi\u00f3n de ser portadores de esperanza en medio del mundo\u201d, se\u00f1al\u00f3 el obispo.<\/p>\n\n\n\n<p>Tras la eucarist\u00eda, los cofrades se trasladaron al sal\u00f3n de actos de la Casa de la Iglesia, donde participaron en una charla sobre el Jubileo, impartida por la malague\u00f1a Paloma Saborido, colaboradora del Dicasterio para la Evangelizaci\u00f3n y experta en el mundo cofrade. Durante su intervenci\u00f3n, Saborido destac\u00f3 la importancia del sentimiento cofrade como medio para llegar a lo divino: \u201cEl camino de la belleza a trav\u00e9s de las im\u00e1genes es nuestro particular itinerario para llegar a Cristo\u201d. Asimismo, anim\u00f3 a las hermandades a preparar el Jubileo de la Esperanza y subray\u00f3 que la apertura de la Puerta Santa no solo es una invitaci\u00f3n a quienes se han alejado de la fe, sino un llamado para que los cofrades salgan a anunciar el Evangelio.<\/p>\n\n\n\n<p>Durante el encuentro, la delegaci\u00f3n diocesana present\u00f3 la solicitud para que el pr\u00f3ximo Encuentro de J\u00f3venes Cofrades, previsto para febrero de 2026, tenga como sede la capital jiennense, en el marco del Jubileo. Adem\u00e1s, se ofrecieron diversos avisos y comunicaciones de inter\u00e9s para los participantes, reafirmando el compromiso de las hermandades con su misi\u00f3n evangelizadora y social.<\/p>\n\n\n\n<p>Este trig\u00e9simo quinto Encuentro Diocesano de Cofrad\u00edas se consolida, una vez m\u00e1s, como un espacio clave para el intercambio de experiencias y el fortalecimiento del mundo cofrade en la Di\u00f3cesis de Ja\u00e9n.<\/p>\n\n\n\n<figure class=\"wp-block-image aligncenter size-large is-resized\"><img loading=\"lazy\" decoding=\"async\" width=\"1024\" height=\"683\" src=\"https:\/\/torredonjimenoactualidad.com\/wp-content\/uploads\/2024\/12\/2351d9e3-58b1-40e9-b86e-08699c24da56-1024x683.jpg\" alt=\"\" class=\"wp-image-2791\" style=\"width:774px;height:auto\" srcset=\"https:\/\/torredonjimenoactualidad.com\/wp-content\/uploads\/2024\/12\/2351d9e3-58b1-40e9-b86e-08699c24da56-1024x683.jpg 1024w, https:\/\/torredonjimenoactualidad.com\/wp-content\/uploads\/2024\/12\/2351d9e3-58b1-40e9-b86e-08699c24da56-300x200.jpg 300w, https:\/\/torredonjimenoactualidad.com\/wp-content\/uploads\/2024\/12\/2351d9e3-58b1-40e9-b86e-08699c24da56-768x512.jpg 768w, https:\/\/torredonjimenoactualidad.com\/wp-content\/uploads\/2024\/12\/2351d9e3-58b1-40e9-b86e-08699c24da56.jpg 1080w\" sizes=\"auto, (max-width: 1024px) 100vw, 1024px\" \/><\/figure>\n","protected":false},"excerpt":{"rendered":"<p>Ayer, primer domingo de Adviento, la Casa de la Iglesia de Ja\u00e9n acogi\u00f3 la trig\u00e9sima quinta edici\u00f3n del Encuentro Diocesano de Cofrad\u00edas, una jornada que reuni\u00f3 a una amplia representaci\u00f3n de hermandades de toda la provincia. Torredonjimeno estuvo representado por las hermandades del Huerto, Ecce Homo, Cristo del Amor y Silencio, Humildad, Virgen de la &hellip;<\/p>\n<p class=\"read-more\"> <a class=\"\" href=\"https:\/\/torredonjimenoactualidad.com\/index.php\/2024\/12\/02\/amplia-representacion-tosiriana-en-el-encuentro-diocesano-de-cofradias\/\"> <span class=\"screen-reader-text\">Amplia representaci\u00f3n tosiriana en el Encuentro Diocesano de Cofrad\u00edas<\/span> Leer m\u00e1s &raquo;<\/a><\/p>\n","protected":false},"author":2,"featured_media":2790,"comment_status":"closed","ping_status":"open","sticky":false,"template":"","format":"standard","meta":{"site-sidebar-layout":"default","site-content-layout":"default","ast-global-header-display":"","ast-main-header-display":"","ast-hfb-above-header-display":"","ast-hfb-below-header-display":"","ast-hfb-mobile-header-display":"","site-post-title":"","ast-breadcrumbs-content":"","ast-featured-img":"","footer-sml-layout":"","theme-transparent-header-meta":"","adv-header-id-meta":"","stick-header-meta":"","header-above-stick-meta":"","header-main-stick-meta":"","header-below-stick-meta":"","footnotes":""},"categories":[1],"tags":[],"class_list":["post-2789","post","type-post","status-publish","format-standard","has-post-thumbnail","hentry","category-sin-categoria"],"yoast_head":"<!-- This site is optimized with the Yoast SEO plugin v20.8 - https:\/\/yoast.com\/wordpress\/plugins\/seo\/ -->\n<title>Amplia representaci\u00f3n tosiriana en el Encuentro Diocesano de Cofrad\u00edas - Torredonjimeno Actualidad<\/title>\n<meta name=\"robots\" content=\"index, follow, max-snippet:-1, max-image-preview:large, max-video-preview:-1\" \/>\n<link rel=\"canonical\" href=\"https:\/\/torredonjimenoactualidad.com\/index.php\/2024\/12\/02\/amplia-representacion-tosiriana-en-el-encuentro-diocesano-de-cofradias\/\" \/>\n<meta property=\"og:locale\" content=\"es_ES\" \/>\n<meta property=\"og:type\" content=\"article\" \/>\n<meta property=\"og:title\" content=\"Amplia representaci\u00f3n tosiriana en el Encuentro Diocesano de Cofrad\u00edas - Torredonjimeno Actualidad\" \/>\n<meta property=\"og:description\" content=\"Ayer, primer domingo de Adviento, la Casa de la Iglesia de Ja\u00e9n acogi\u00f3 la trig\u00e9sima quinta edici\u00f3n del Encuentro Diocesano de Cofrad\u00edas, una jornada que reuni\u00f3 a una amplia representaci\u00f3n de hermandades de toda la provincia. Torredonjimeno estuvo representado por las hermandades del Huerto, Ecce Homo, Cristo del Amor y Silencio, Humildad, Virgen de la &hellip; Amplia representaci\u00f3n tosiriana en el Encuentro Diocesano de Cofrad\u00edas Leer m\u00e1s &raquo;\" \/>\n<meta property=\"og:url\" content=\"https:\/\/torredonjimenoactualidad.com\/index.php\/2024\/12\/02\/amplia-representacion-tosiriana-en-el-encuentro-diocesano-de-cofradias\/\" \/>\n<meta property=\"og:site_name\" content=\"Torredonjimeno Actualidad\" \/>\n<meta property=\"article:published_time\" content=\"2024-12-02T19:40:41+00:00\" \/>\n<meta property=\"article:modified_time\" content=\"2024-12-02T19:40:42+00:00\" \/>\n<meta property=\"og:image\" content=\"https:\/\/torredonjimenoactualidad.com\/wp-content\/uploads\/2024\/12\/468657569_998953132271596_6345076131000606504_n.jpg\" \/>\n\t<meta property=\"og:image:width\" content=\"1662\" \/>\n\t<meta property=\"og:image:height\" content=\"949\" \/>\n\t<meta property=\"og:image:type\" content=\"image\/jpeg\" \/>\n<meta name=\"author\" content=\"Alba Mar\u00eda Torres\" \/>\n<meta name=\"twitter:card\" content=\"summary_large_image\" \/>\n<meta name=\"twitter:label1\" content=\"Escrito por\" \/>\n\t<meta name=\"twitter:data1\" content=\"Alba Mar\u00eda Torres\" \/>\n\t<meta name=\"twitter:label2\" content=\"Tiempo de lectura\" \/>\n\t<meta name=\"twitter:data2\" content=\"3 minutos\" \/>\n<script type=\"application\/ld+json\" class=\"yoast-schema-graph\">{\"@context\":\"https:\/\/schema.org\",\"@graph\":[{\"@type\":\"Article\",\"@id\":\"https:\/\/torredonjimenoactualidad.com\/index.php\/2024\/12\/02\/amplia-representacion-tosiriana-en-el-encuentro-diocesano-de-cofradias\/#article\",\"isPartOf\":{\"@id\":\"https:\/\/torredonjimenoactualidad.com\/index.php\/2024\/12\/02\/amplia-representacion-tosiriana-en-el-encuentro-diocesano-de-cofradias\/\"},\"author\":{\"name\":\"Alba Mar\u00eda Torres\",\"@id\":\"https:\/\/torredonjimenoactualidad.com\/#\/schema\/person\/84de5f233e783ef2c75151a532b54977\"},\"headline\":\"Amplia representaci\u00f3n tosiriana en el Encuentro Diocesano de Cofrad\u00edas\",\"datePublished\":\"2024-12-02T19:40:41+00:00\",\"dateModified\":\"2024-12-02T19:40:42+00:00\",\"mainEntityOfPage\":{\"@id\":\"https:\/\/torredonjimenoactualidad.com\/index.php\/2024\/12\/02\/amplia-representacion-tosiriana-en-el-encuentro-diocesano-de-cofradias\/\"},\"wordCount\":448,\"publisher\":{\"@id\":\"https:\/\/torredonjimenoactualidad.com\/#organization\"},\"inLanguage\":\"es\"},{\"@type\":\"WebPage\",\"@id\":\"https:\/\/torredonjimenoactualidad.com\/index.php\/2024\/12\/02\/amplia-representacion-tosiriana-en-el-encuentro-diocesano-de-cofradias\/\",\"url\":\"https:\/\/torredonjimenoactualidad.com\/index.php\/2024\/12\/02\/amplia-representacion-tosiriana-en-el-encuentro-diocesano-de-cofradias\/\",\"name\":\"Amplia representaci\u00f3n tosiriana en el Encuentro Diocesano de Cofrad\u00edas - Torredonjimeno Actualidad\",\"isPartOf\":{\"@id\":\"https:\/\/torredonjimenoactualidad.com\/#website\"},\"datePublished\":\"2024-12-02T19:40:41+00:00\",\"dateModified\":\"2024-12-02T19:40:42+00:00\",\"breadcrumb\":{\"@id\":\"https:\/\/torredonjimenoactualidad.com\/index.php\/2024\/12\/02\/amplia-representacion-tosiriana-en-el-encuentro-diocesano-de-cofradias\/#breadcrumb\"},\"inLanguage\":\"es\",\"potentialAction\":[{\"@type\":\"ReadAction\",\"target\":[\"https:\/\/torredonjimenoactualidad.com\/index.php\/2024\/12\/02\/amplia-representacion-tosiriana-en-el-encuentro-diocesano-de-cofradias\/\"]}]},{\"@type\":\"BreadcrumbList\",\"@id\":\"https:\/\/torredonjimenoactualidad.com\/index.php\/2024\/12\/02\/amplia-representacion-tosiriana-en-el-encuentro-diocesano-de-cofradias\/#breadcrumb\",\"itemListElement\":[{\"@type\":\"ListItem\",\"position\":1,\"name\":\"Portada\",\"item\":\"https:\/\/torredonjimenoactualidad.com\/\"},{\"@type\":\"ListItem\",\"position\":2,\"name\":\"Amplia representaci\u00f3n tosiriana en el Encuentro Diocesano de Cofrad\u00edas\"}]},{\"@type\":\"WebSite\",\"@id\":\"https:\/\/torredonjimenoactualidad.com\/#website\",\"url\":\"https:\/\/torredonjimenoactualidad.com\/\",\"name\":\"Torredonjimeno Actualidad\",\"description\":\"\",\"publisher\":{\"@id\":\"https:\/\/torredonjimenoactualidad.com\/#organization\"},\"potentialAction\":[{\"@type\":\"SearchAction\",\"target\":{\"@type\":\"EntryPoint\",\"urlTemplate\":\"https:\/\/torredonjimenoactualidad.com\/?s={search_term_string}\"},\"query-input\":\"required name=search_term_string\"}],\"inLanguage\":\"es\"},{\"@type\":\"Organization\",\"@id\":\"https:\/\/torredonjimenoactualidad.com\/#organization\",\"name\":\"Torredonjimeno Actualidad\",\"url\":\"https:\/\/torredonjimenoactualidad.com\/\",\"logo\":{\"@type\":\"ImageObject\",\"inLanguage\":\"es\",\"@id\":\"https:\/\/torredonjimenoactualidad.com\/#\/schema\/logo\/image\/\",\"url\":\"https:\/\/torredonjimenoactualidad.com\/wp-content\/uploads\/2023\/02\/logo-torredonjimeno-544x180-1.png\",\"contentUrl\":\"https:\/\/torredonjimenoactualidad.com\/wp-content\/uploads\/2023\/02\/logo-torredonjimeno-544x180-1.png\",\"width\":545,\"height\":112,\"caption\":\"Torredonjimeno Actualidad\"},\"image\":{\"@id\":\"https:\/\/torredonjimenoactualidad.com\/#\/schema\/logo\/image\/\"}},{\"@type\":\"Person\",\"@id\":\"https:\/\/torredonjimenoactualidad.com\/#\/schema\/person\/84de5f233e783ef2c75151a532b54977\",\"name\":\"Alba Mar\u00eda Torres\",\"image\":{\"@type\":\"ImageObject\",\"inLanguage\":\"es\",\"@id\":\"https:\/\/torredonjimenoactualidad.com\/#\/schema\/person\/image\/\",\"url\":\"https:\/\/secure.gravatar.com\/avatar\/f9371f188c71501b4475a9ba2a71595850ec72967f800a2ed8e3e2102859ed65?s=96&d=mm&r=g\",\"contentUrl\":\"https:\/\/secure.gravatar.com\/avatar\/f9371f188c71501b4475a9ba2a71595850ec72967f800a2ed8e3e2102859ed65?s=96&d=mm&r=g\",\"caption\":\"Alba Mar\u00eda Torres\"},\"url\":\"https:\/\/torredonjimenoactualidad.com\/index.php\/author\/alba-torres\/\"}]}<\/script>\n<!-- \/ Yoast SEO plugin. -->","yoast_head_json":{"title":"Amplia representaci\u00f3n tosiriana en el Encuentro Diocesano de Cofrad\u00edas - Torredonjimeno Actualidad","robots":{"index":"index","follow":"follow","max-snippet":"max-snippet:-1","max-image-preview":"max-image-preview:large","max-video-preview":"max-video-preview:-1"},"canonical":"https:\/\/torredonjimenoactualidad.com\/index.php\/2024\/12\/02\/amplia-representacion-tosiriana-en-el-encuentro-diocesano-de-cofradias\/","og_locale":"es_ES","og_type":"article","og_title":"Amplia representaci\u00f3n tosiriana en el Encuentro Diocesano de Cofrad\u00edas - Torredonjimeno Actualidad","og_description":"Ayer, primer domingo de Adviento, la Casa de la Iglesia de Ja\u00e9n acogi\u00f3 la trig\u00e9sima quinta edici\u00f3n del Encuentro Diocesano de Cofrad\u00edas, una jornada que reuni\u00f3 a una amplia representaci\u00f3n de hermandades de toda la provincia. Torredonjimeno estuvo representado por las hermandades del Huerto, Ecce Homo, Cristo del Amor y Silencio, Humildad, Virgen de la &hellip; Amplia representaci\u00f3n tosiriana en el Encuentro Diocesano de Cofrad\u00edas Leer m\u00e1s &raquo;","og_url":"https:\/\/torredonjimenoactualidad.com\/index.php\/2024\/12\/02\/amplia-representacion-tosiriana-en-el-encuentro-diocesano-de-cofradias\/","og_site_name":"Torredonjimeno Actualidad","article_published_time":"2024-12-02T19:40:41+00:00","article_modified_time":"2024-12-02T19:40:42+00:00","og_image":[{"width":1662,"height":949,"url":"https:\/\/torredonjimenoactualidad.com\/wp-content\/uploads\/2024\/12\/468657569_998953132271596_6345076131000606504_n.jpg","type":"image\/jpeg"}],"author":"Alba Mar\u00eda Torres","twitter_card":"summary_large_image","twitter_misc":{"Escrito por":"Alba Mar\u00eda Torres","Tiempo de lectura":"3 minutos"},"schema":{"@context":"https:\/\/schema.org","@graph":[{"@type":"Article","@id":"https:\/\/torredonjimenoactualidad.com\/index.php\/2024\/12\/02\/amplia-representacion-tosiriana-en-el-encuentro-diocesano-de-cofradias\/#article","isPartOf":{"@id":"https:\/\/torredonjimenoactualidad.com\/index.php\/2024\/12\/02\/amplia-representacion-tosiriana-en-el-encuentro-diocesano-de-cofradias\/"},"author":{"name":"Alba Mar\u00eda Torres","@id":"https:\/\/torredonjimenoactualidad.com\/#\/schema\/person\/84de5f233e783ef2c75151a532b54977"},"headline":"Amplia representaci\u00f3n tosiriana en el Encuentro Diocesano de Cofrad\u00edas","datePublished":"2024-12-02T19:40:41+00:00","dateModified":"2024-12-02T19:40:42+00:00","mainEntityOfPage":{"@id":"https:\/\/torredonjimenoactualidad.com\/index.php\/2024\/12\/02\/amplia-representacion-tosiriana-en-el-encuentro-diocesano-de-cofradias\/"},"wordCount":448,"publisher":{"@id":"https:\/\/torredonjimenoactualidad.com\/#organization"},"inLanguage":"es"},{"@type":"WebPage","@id":"https:\/\/torredonjimenoactualidad.com\/index.php\/2024\/12\/02\/amplia-representacion-tosiriana-en-el-encuentro-diocesano-de-cofradias\/","url":"https:\/\/torredonjimenoactualidad.com\/index.php\/2024\/12\/02\/amplia-representacion-tosiriana-en-el-encuentro-diocesano-de-cofradias\/","name":"Amplia representaci\u00f3n tosiriana en el Encuentro Diocesano de Cofrad\u00edas - Torredonjimeno Actualidad","isPartOf":{"@id":"https:\/\/torredonjimenoactualidad.com\/#website"},"datePublished":"2024-12-02T19:40:41+00:00","dateModified":"2024-12-02T19:40:42+00:00","breadcrumb":{"@id":"https:\/\/torredonjimenoactualidad.com\/index.php\/2024\/12\/02\/amplia-representacion-tosiriana-en-el-encuentro-diocesano-de-cofradias\/#breadcrumb"},"inLanguage":"es","potentialAction":[{"@type":"ReadAction","target":["https:\/\/torredonjimenoactualidad.com\/index.php\/2024\/12\/02\/amplia-representacion-tosiriana-en-el-encuentro-diocesano-de-cofradias\/"]}]},{"@type":"BreadcrumbList","@id":"https:\/\/torredonjimenoactualidad.com\/index.php\/2024\/12\/02\/amplia-representacion-tosiriana-en-el-encuentro-diocesano-de-cofradias\/#breadcrumb","itemListElement":[{"@type":"ListItem","position":1,"name":"Portada","item":"https:\/\/torredonjimenoactualidad.com\/"},{"@type":"ListItem","position":2,"name":"Amplia representaci\u00f3n tosiriana en el Encuentro Diocesano de Cofrad\u00edas"}]},{"@type":"WebSite","@id":"https:\/\/torredonjimenoactualidad.com\/#website","url":"https:\/\/torredonjimenoactualidad.com\/","name":"Torredonjimeno Actualidad","description":"","publisher":{"@id":"https:\/\/torredonjimenoactualidad.com\/#organization"},"potentialAction":[{"@type":"SearchAction","target":{"@type":"EntryPoint","urlTemplate":"https:\/\/torredonjimenoactualidad.com\/?s={search_term_string}"},"query-input":"required name=search_term_string"}],"inLanguage":"es"},{"@type":"Organization","@id":"https:\/\/torredonjimenoactualidad.com\/#organization","name":"Torredonjimeno Actualidad","url":"https:\/\/torredonjimenoactualidad.com\/","logo":{"@type":"ImageObject","inLanguage":"es","@id":"https:\/\/torredonjimenoactualidad.com\/#\/schema\/logo\/image\/","url":"https:\/\/torredonjimenoactualidad.com\/wp-content\/uploads\/2023\/02\/logo-torredonjimeno-544x180-1.png","contentUrl":"https:\/\/torredonjimenoactualidad.com\/wp-content\/uploads\/2023\/02\/logo-torredonjimeno-544x180-1.png","width":545,"height":112,"caption":"Torredonjimeno Actualidad"},"image":{"@id":"https:\/\/torredonjimenoactualidad.com\/#\/schema\/logo\/image\/"}},{"@type":"Person","@id":"https:\/\/torredonjimenoactualidad.com\/#\/schema\/person\/84de5f233e783ef2c75151a532b54977","name":"Alba Mar\u00eda Torres","image":{"@type":"ImageObject","inLanguage":"es","@id":"https:\/\/torredonjimenoactualidad.com\/#\/schema\/person\/image\/","url":"https:\/\/secure.gravatar.com\/avatar\/f9371f188c71501b4475a9ba2a71595850ec72967f800a2ed8e3e2102859ed65?s=96&d=mm&r=g","contentUrl":"https:\/\/secure.gravatar.com\/avatar\/f9371f188c71501b4475a9ba2a71595850ec72967f800a2ed8e3e2102859ed65?s=96&d=mm&r=g","caption":"Alba Mar\u00eda Torres"},"url":"https:\/\/torredonjimenoactualidad.com\/index.php\/author\/alba-torres\/"}]}},"_links":{"self":[{"href":"https:\/\/torredonjimenoactualidad.com\/index.php\/wp-json\/wp\/v2\/posts\/2789","targetHints":{"allow":["GET"]}}],"collection":[{"href":"https:\/\/torredonjimenoactualidad.com\/index.php\/wp-json\/wp\/v2\/posts"}],"about":[{"href":"https:\/\/torredonjimenoactualidad.com\/index.php\/wp-json\/wp\/v2\/types\/post"}],"author":[{"embeddable":true,"href":"https:\/\/torredonjimenoactualidad.com\/index.php\/wp-json\/wp\/v2\/users\/2"}],"replies":[{"embeddable":true,"href":"https:\/\/torredonjimenoactualidad.com\/index.php\/wp-json\/wp\/v2\/comments?post=2789"}],"version-history":[{"count":1,"href":"https:\/\/torredonjimenoactualidad.com\/index.php\/wp-json\/wp\/v2\/posts\/2789\/revisions"}],"predecessor-version":[{"id":2792,"href":"https:\/\/torredonjimenoactualidad.com\/index.php\/wp-json\/wp\/v2\/posts\/2789\/revisions\/2792"}],"wp:featuredmedia":[{"embeddable":true,"href":"https:\/\/torredonjimenoactualidad.com\/index.php\/wp-json\/wp\/v2\/media\/2790"}],"wp:attachment":[{"href":"https:\/\/torredonjimenoactualidad.com\/index.php\/wp-json\/wp\/v2\/media?parent=2789"}],"wp:term":[{"taxonomy":"category","embeddable":true,"href":"https:\/\/torredonjimenoactualidad.com\/index.php\/wp-json\/wp\/v2\/categories?post=2789"},{"taxonomy":"post_tag","embeddable":true,"href":"https:\/\/torredonjimenoactualidad.com\/index.php\/wp-json\/wp\/v2\/tags?post=2789"}],"curies":[{"name":"wp","href":"https:\/\/api.w.org\/{rel}","templated":true}]}}