{"id":2777,"date":"2024-11-29T16:29:25","date_gmt":"2024-11-29T16:29:25","guid":{"rendered":"https:\/\/torredonjimenoactualidad.com\/?p=2777"},"modified":"2024-11-29T16:29:57","modified_gmt":"2024-11-29T16:29:57","slug":"comienzan-las-obras-de-mejoras-del-saneamiento-de-la-calle-piedras-lisa","status":"publish","type":"post","link":"https:\/\/torredonjimenoactualidad.com\/index.php\/2024\/11\/29\/comienzan-las-obras-de-mejoras-del-saneamiento-de-la-calle-piedras-lisa\/","title":{"rendered":"Comienzan las obras de mejoras del saneamiento de la calle Piedras Lisas"},"content":{"rendered":"\n<p>Desde ayer jueves, la empresa Ematoxiria est\u00e1 llevando a cabo actuaciones de mejora del saneamiento en la calle Piedras Lisas, una de las principales calles del barrio de El Olivo, donde se est\u00e1n produciendo problemas de significativos de fuga, debido a la invasi\u00f3n de ra\u00edces en las tuber\u00edas. El proyecto que se ejecuta actualmente se centra exclusivamente en esta calle, en un tramo de aproximadamente de un centenar metros, con el objetivo de renovar completamente el sistema de saneamiento.<\/p>\n\n\n\n<p>La intervenci\u00f3n, seg\u00fan informaci\u00f3n de Ematoxiria, tiene como prop\u00f3sito principal solucionar definitivamente los problemas derivados de las ra\u00edces de los \u00e1rboles, que han invadido las tuber\u00edas, causando rupturas y filtraciones.<\/p>\n\n\n\n<p>En esta obra se est\u00e1 utilizando PVC corrugado, un material habitual en sistemas de saneamiento, que ofrece mayor resistencia y durabilidad frente a posibles agresiones externas, como las ra\u00edces de los \u00e1rboles.<\/p>\n\n\n\n<p>En cuanto a la duraci\u00f3n de las obras, no se ha establecido un plazo concreto, aunque se prev\u00e9 que se extiendan durante las pr\u00f3ximas semanas. Los plazos depender\u00e1n, en parte, de factores clim\u00e1ticos y de los d\u00edas festivos de Navidad. \u201cAhora, con las lluvias y las fiestas, es complicado estimar tiempos exactos. Pero m\u00ednimo, las obras podr\u00edan ejecutarse durante todo el mes de diciembre\u201d, han subrayado desde Ematoxiria. <\/p>\n\n\n\n<p><\/p>\n\n\n\n<p><\/p>\n","protected":false},"excerpt":{"rendered":"<p>Desde ayer jueves, la empresa Ematoxiria est\u00e1 llevando a cabo actuaciones de mejora del saneamiento en la calle Piedras Lisas, una de las principales calles del barrio de El Olivo, donde se est\u00e1n produciendo problemas de significativos de fuga, debido a la invasi\u00f3n de ra\u00edces en las tuber\u00edas. El proyecto que se ejecuta actualmente se &hellip;<\/p>\n<p class=\"read-more\"> <a class=\"\" href=\"https:\/\/torredonjimenoactualidad.com\/index.php\/2024\/11\/29\/comienzan-las-obras-de-mejoras-del-saneamiento-de-la-calle-piedras-lisa\/\"> <span class=\"screen-reader-text\">Comienzan las obras de mejoras del saneamiento de la calle Piedras Lisas<\/span> Leer m\u00e1s &raquo;<\/a><\/p>\n","protected":false},"author":2,"featured_media":2778,"comment_status":"closed","ping_status":"open","sticky":false,"template":"","format":"standard","meta":{"site-sidebar-layout":"default","site-content-layout":"default","ast-global-header-display":"","ast-main-header-display":"","ast-hfb-above-header-display":"","ast-hfb-below-header-display":"","ast-hfb-mobile-header-display":"","site-post-title":"","ast-breadcrumbs-content":"","ast-featured-img":"","footer-sml-layout":"","theme-transparent-header-meta":"","adv-header-id-meta":"","stick-header-meta":"","header-above-stick-meta":"","header-main-stick-meta":"","header-below-stick-meta":"","footnotes":""},"categories":[1],"tags":[],"class_list":["post-2777","post","type-post","status-publish","format-standard","has-post-thumbnail","hentry","category-sin-categoria"],"yoast_head":"<!-- This site is optimized with the Yoast SEO plugin v20.8 - https:\/\/yoast.com\/wordpress\/plugins\/seo\/ -->\n<title>Comienzan las obras de mejoras del saneamiento de la calle Piedras Lisas - Torredonjimeno Actualidad<\/title>\n<meta name=\"robots\" content=\"index, follow, max-snippet:-1, max-image-preview:large, max-video-preview:-1\" \/>\n<link rel=\"canonical\" href=\"https:\/\/torredonjimenoactualidad.com\/index.php\/2024\/11\/29\/comienzan-las-obras-de-mejoras-del-saneamiento-de-la-calle-piedras-lisa\/\" \/>\n<meta property=\"og:locale\" content=\"es_ES\" \/>\n<meta property=\"og:type\" content=\"article\" \/>\n<meta property=\"og:title\" content=\"Comienzan las obras de mejoras del saneamiento de la calle Piedras Lisas - Torredonjimeno Actualidad\" \/>\n<meta property=\"og:description\" content=\"Desde ayer jueves, la empresa Ematoxiria est\u00e1 llevando a cabo actuaciones de mejora del saneamiento en la calle Piedras Lisas, una de las principales calles del barrio de El Olivo, donde se est\u00e1n produciendo problemas de significativos de fuga, debido a la invasi\u00f3n de ra\u00edces en las tuber\u00edas. El proyecto que se ejecuta actualmente se &hellip; Comienzan las obras de mejoras del saneamiento de la calle Piedras Lisas Leer m\u00e1s &raquo;\" \/>\n<meta property=\"og:url\" content=\"https:\/\/torredonjimenoactualidad.com\/index.php\/2024\/11\/29\/comienzan-las-obras-de-mejoras-del-saneamiento-de-la-calle-piedras-lisa\/\" \/>\n<meta property=\"og:site_name\" content=\"Torredonjimeno Actualidad\" \/>\n<meta property=\"article:published_time\" content=\"2024-11-29T16:29:25+00:00\" \/>\n<meta property=\"article:modified_time\" content=\"2024-11-29T16:29:57+00:00\" \/>\n<meta property=\"og:image\" content=\"https:\/\/torredonjimenoactualidad.com\/wp-content\/uploads\/2024\/11\/IMG_1505-copia-scaled.jpg\" \/>\n\t<meta property=\"og:image:width\" content=\"2560\" \/>\n\t<meta property=\"og:image:height\" content=\"1440\" \/>\n\t<meta property=\"og:image:type\" content=\"image\/jpeg\" \/>\n<meta name=\"author\" content=\"Alba Mar\u00eda Torres\" \/>\n<meta name=\"twitter:card\" content=\"summary_large_image\" \/>\n<meta name=\"twitter:label1\" content=\"Escrito por\" \/>\n\t<meta name=\"twitter:data1\" content=\"Alba Mar\u00eda Torres\" \/>\n\t<meta name=\"twitter:label2\" content=\"Tiempo de lectura\" \/>\n\t<meta name=\"twitter:data2\" content=\"1 minuto\" \/>\n<script type=\"application\/ld+json\" class=\"yoast-schema-graph\">{\"@context\":\"https:\/\/schema.org\",\"@graph\":[{\"@type\":\"Article\",\"@id\":\"https:\/\/torredonjimenoactualidad.com\/index.php\/2024\/11\/29\/comienzan-las-obras-de-mejoras-del-saneamiento-de-la-calle-piedras-lisa\/#article\",\"isPartOf\":{\"@id\":\"https:\/\/torredonjimenoactualidad.com\/index.php\/2024\/11\/29\/comienzan-las-obras-de-mejoras-del-saneamiento-de-la-calle-piedras-lisa\/\"},\"author\":{\"name\":\"Alba Mar\u00eda Torres\",\"@id\":\"https:\/\/torredonjimenoactualidad.com\/#\/schema\/person\/84de5f233e783ef2c75151a532b54977\"},\"headline\":\"Comienzan las obras de mejoras del saneamiento de la calle Piedras Lisas\",\"datePublished\":\"2024-11-29T16:29:25+00:00\",\"dateModified\":\"2024-11-29T16:29:57+00:00\",\"mainEntityOfPage\":{\"@id\":\"https:\/\/torredonjimenoactualidad.com\/index.php\/2024\/11\/29\/comienzan-las-obras-de-mejoras-del-saneamiento-de-la-calle-piedras-lisa\/\"},\"wordCount\":239,\"publisher\":{\"@id\":\"https:\/\/torredonjimenoactualidad.com\/#organization\"},\"inLanguage\":\"es\"},{\"@type\":\"WebPage\",\"@id\":\"https:\/\/torredonjimenoactualidad.com\/index.php\/2024\/11\/29\/comienzan-las-obras-de-mejoras-del-saneamiento-de-la-calle-piedras-lisa\/\",\"url\":\"https:\/\/torredonjimenoactualidad.com\/index.php\/2024\/11\/29\/comienzan-las-obras-de-mejoras-del-saneamiento-de-la-calle-piedras-lisa\/\",\"name\":\"Comienzan las obras de mejoras del saneamiento de la calle Piedras Lisas - Torredonjimeno Actualidad\",\"isPartOf\":{\"@id\":\"https:\/\/torredonjimenoactualidad.com\/#website\"},\"datePublished\":\"2024-11-29T16:29:25+00:00\",\"dateModified\":\"2024-11-29T16:29:57+00:00\",\"breadcrumb\":{\"@id\":\"https:\/\/torredonjimenoactualidad.com\/index.php\/2024\/11\/29\/comienzan-las-obras-de-mejoras-del-saneamiento-de-la-calle-piedras-lisa\/#breadcrumb\"},\"inLanguage\":\"es\",\"potentialAction\":[{\"@type\":\"ReadAction\",\"target\":[\"https:\/\/torredonjimenoactualidad.com\/index.php\/2024\/11\/29\/comienzan-las-obras-de-mejoras-del-saneamiento-de-la-calle-piedras-lisa\/\"]}]},{\"@type\":\"BreadcrumbList\",\"@id\":\"https:\/\/torredonjimenoactualidad.com\/index.php\/2024\/11\/29\/comienzan-las-obras-de-mejoras-del-saneamiento-de-la-calle-piedras-lisa\/#breadcrumb\",\"itemListElement\":[{\"@type\":\"ListItem\",\"position\":1,\"name\":\"Portada\",\"item\":\"https:\/\/torredonjimenoactualidad.com\/\"},{\"@type\":\"ListItem\",\"position\":2,\"name\":\"Comienzan las obras de mejoras del saneamiento de la calle Piedras Lisas\"}]},{\"@type\":\"WebSite\",\"@id\":\"https:\/\/torredonjimenoactualidad.com\/#website\",\"url\":\"https:\/\/torredonjimenoactualidad.com\/\",\"name\":\"Torredonjimeno Actualidad\",\"description\":\"\",\"publisher\":{\"@id\":\"https:\/\/torredonjimenoactualidad.com\/#organization\"},\"potentialAction\":[{\"@type\":\"SearchAction\",\"target\":{\"@type\":\"EntryPoint\",\"urlTemplate\":\"https:\/\/torredonjimenoactualidad.com\/?s={search_term_string}\"},\"query-input\":\"required name=search_term_string\"}],\"inLanguage\":\"es\"},{\"@type\":\"Organization\",\"@id\":\"https:\/\/torredonjimenoactualidad.com\/#organization\",\"name\":\"Torredonjimeno Actualidad\",\"url\":\"https:\/\/torredonjimenoactualidad.com\/\",\"logo\":{\"@type\":\"ImageObject\",\"inLanguage\":\"es\",\"@id\":\"https:\/\/torredonjimenoactualidad.com\/#\/schema\/logo\/image\/\",\"url\":\"https:\/\/torredonjimenoactualidad.com\/wp-content\/uploads\/2023\/02\/logo-torredonjimeno-544x180-1.png\",\"contentUrl\":\"https:\/\/torredonjimenoactualidad.com\/wp-content\/uploads\/2023\/02\/logo-torredonjimeno-544x180-1.png\",\"width\":545,\"height\":112,\"caption\":\"Torredonjimeno Actualidad\"},\"image\":{\"@id\":\"https:\/\/torredonjimenoactualidad.com\/#\/schema\/logo\/image\/\"}},{\"@type\":\"Person\",\"@id\":\"https:\/\/torredonjimenoactualidad.com\/#\/schema\/person\/84de5f233e783ef2c75151a532b54977\",\"name\":\"Alba Mar\u00eda Torres\",\"image\":{\"@type\":\"ImageObject\",\"inLanguage\":\"es\",\"@id\":\"https:\/\/torredonjimenoactualidad.com\/#\/schema\/person\/image\/\",\"url\":\"https:\/\/secure.gravatar.com\/avatar\/f9371f188c71501b4475a9ba2a71595850ec72967f800a2ed8e3e2102859ed65?s=96&d=mm&r=g\",\"contentUrl\":\"https:\/\/secure.gravatar.com\/avatar\/f9371f188c71501b4475a9ba2a71595850ec72967f800a2ed8e3e2102859ed65?s=96&d=mm&r=g\",\"caption\":\"Alba Mar\u00eda Torres\"},\"url\":\"https:\/\/torredonjimenoactualidad.com\/index.php\/author\/alba-torres\/\"}]}<\/script>\n<!-- \/ Yoast SEO plugin. -->","yoast_head_json":{"title":"Comienzan las obras de mejoras del saneamiento de la calle Piedras Lisas - Torredonjimeno Actualidad","robots":{"index":"index","follow":"follow","max-snippet":"max-snippet:-1","max-image-preview":"max-image-preview:large","max-video-preview":"max-video-preview:-1"},"canonical":"https:\/\/torredonjimenoactualidad.com\/index.php\/2024\/11\/29\/comienzan-las-obras-de-mejoras-del-saneamiento-de-la-calle-piedras-lisa\/","og_locale":"es_ES","og_type":"article","og_title":"Comienzan las obras de mejoras del saneamiento de la calle Piedras Lisas - Torredonjimeno Actualidad","og_description":"Desde ayer jueves, la empresa Ematoxiria est\u00e1 llevando a cabo actuaciones de mejora del saneamiento en la calle Piedras Lisas, una de las principales calles del barrio de El Olivo, donde se est\u00e1n produciendo problemas de significativos de fuga, debido a la invasi\u00f3n de ra\u00edces en las tuber\u00edas. El proyecto que se ejecuta actualmente se &hellip; Comienzan las obras de mejoras del saneamiento de la calle Piedras Lisas Leer m\u00e1s &raquo;","og_url":"https:\/\/torredonjimenoactualidad.com\/index.php\/2024\/11\/29\/comienzan-las-obras-de-mejoras-del-saneamiento-de-la-calle-piedras-lisa\/","og_site_name":"Torredonjimeno Actualidad","article_published_time":"2024-11-29T16:29:25+00:00","article_modified_time":"2024-11-29T16:29:57+00:00","og_image":[{"width":2560,"height":1440,"url":"https:\/\/torredonjimenoactualidad.com\/wp-content\/uploads\/2024\/11\/IMG_1505-copia-scaled.jpg","type":"image\/jpeg"}],"author":"Alba Mar\u00eda Torres","twitter_card":"summary_large_image","twitter_misc":{"Escrito por":"Alba Mar\u00eda Torres","Tiempo de lectura":"1 minuto"},"schema":{"@context":"https:\/\/schema.org","@graph":[{"@type":"Article","@id":"https:\/\/torredonjimenoactualidad.com\/index.php\/2024\/11\/29\/comienzan-las-obras-de-mejoras-del-saneamiento-de-la-calle-piedras-lisa\/#article","isPartOf":{"@id":"https:\/\/torredonjimenoactualidad.com\/index.php\/2024\/11\/29\/comienzan-las-obras-de-mejoras-del-saneamiento-de-la-calle-piedras-lisa\/"},"author":{"name":"Alba Mar\u00eda Torres","@id":"https:\/\/torredonjimenoactualidad.com\/#\/schema\/person\/84de5f233e783ef2c75151a532b54977"},"headline":"Comienzan las obras de mejoras del saneamiento de la calle Piedras Lisas","datePublished":"2024-11-29T16:29:25+00:00","dateModified":"2024-11-29T16:29:57+00:00","mainEntityOfPage":{"@id":"https:\/\/torredonjimenoactualidad.com\/index.php\/2024\/11\/29\/comienzan-las-obras-de-mejoras-del-saneamiento-de-la-calle-piedras-lisa\/"},"wordCount":239,"publisher":{"@id":"https:\/\/torredonjimenoactualidad.com\/#organization"},"inLanguage":"es"},{"@type":"WebPage","@id":"https:\/\/torredonjimenoactualidad.com\/index.php\/2024\/11\/29\/comienzan-las-obras-de-mejoras-del-saneamiento-de-la-calle-piedras-lisa\/","url":"https:\/\/torredonjimenoactualidad.com\/index.php\/2024\/11\/29\/comienzan-las-obras-de-mejoras-del-saneamiento-de-la-calle-piedras-lisa\/","name":"Comienzan las obras de mejoras del saneamiento de la calle Piedras Lisas - Torredonjimeno Actualidad","isPartOf":{"@id":"https:\/\/torredonjimenoactualidad.com\/#website"},"datePublished":"2024-11-29T16:29:25+00:00","dateModified":"2024-11-29T16:29:57+00:00","breadcrumb":{"@id":"https:\/\/torredonjimenoactualidad.com\/index.php\/2024\/11\/29\/comienzan-las-obras-de-mejoras-del-saneamiento-de-la-calle-piedras-lisa\/#breadcrumb"},"inLanguage":"es","potentialAction":[{"@type":"ReadAction","target":["https:\/\/torredonjimenoactualidad.com\/index.php\/2024\/11\/29\/comienzan-las-obras-de-mejoras-del-saneamiento-de-la-calle-piedras-lisa\/"]}]},{"@type":"BreadcrumbList","@id":"https:\/\/torredonjimenoactualidad.com\/index.php\/2024\/11\/29\/comienzan-las-obras-de-mejoras-del-saneamiento-de-la-calle-piedras-lisa\/#breadcrumb","itemListElement":[{"@type":"ListItem","position":1,"name":"Portada","item":"https:\/\/torredonjimenoactualidad.com\/"},{"@type":"ListItem","position":2,"name":"Comienzan las obras de mejoras del saneamiento de la calle Piedras Lisas"}]},{"@type":"WebSite","@id":"https:\/\/torredonjimenoactualidad.com\/#website","url":"https:\/\/torredonjimenoactualidad.com\/","name":"Torredonjimeno Actualidad","description":"","publisher":{"@id":"https:\/\/torredonjimenoactualidad.com\/#organization"},"potentialAction":[{"@type":"SearchAction","target":{"@type":"EntryPoint","urlTemplate":"https:\/\/torredonjimenoactualidad.com\/?s={search_term_string}"},"query-input":"required name=search_term_string"}],"inLanguage":"es"},{"@type":"Organization","@id":"https:\/\/torredonjimenoactualidad.com\/#organization","name":"Torredonjimeno Actualidad","url":"https:\/\/torredonjimenoactualidad.com\/","logo":{"@type":"ImageObject","inLanguage":"es","@id":"https:\/\/torredonjimenoactualidad.com\/#\/schema\/logo\/image\/","url":"https:\/\/torredonjimenoactualidad.com\/wp-content\/uploads\/2023\/02\/logo-torredonjimeno-544x180-1.png","contentUrl":"https:\/\/torredonjimenoactualidad.com\/wp-content\/uploads\/2023\/02\/logo-torredonjimeno-544x180-1.png","width":545,"height":112,"caption":"Torredonjimeno Actualidad"},"image":{"@id":"https:\/\/torredonjimenoactualidad.com\/#\/schema\/logo\/image\/"}},{"@type":"Person","@id":"https:\/\/torredonjimenoactualidad.com\/#\/schema\/person\/84de5f233e783ef2c75151a532b54977","name":"Alba Mar\u00eda Torres","image":{"@type":"ImageObject","inLanguage":"es","@id":"https:\/\/torredonjimenoactualidad.com\/#\/schema\/person\/image\/","url":"https:\/\/secure.gravatar.com\/avatar\/f9371f188c71501b4475a9ba2a71595850ec72967f800a2ed8e3e2102859ed65?s=96&d=mm&r=g","contentUrl":"https:\/\/secure.gravatar.com\/avatar\/f9371f188c71501b4475a9ba2a71595850ec72967f800a2ed8e3e2102859ed65?s=96&d=mm&r=g","caption":"Alba Mar\u00eda Torres"},"url":"https:\/\/torredonjimenoactualidad.com\/index.php\/author\/alba-torres\/"}]}},"_links":{"self":[{"href":"https:\/\/torredonjimenoactualidad.com\/index.php\/wp-json\/wp\/v2\/posts\/2777","targetHints":{"allow":["GET"]}}],"collection":[{"href":"https:\/\/torredonjimenoactualidad.com\/index.php\/wp-json\/wp\/v2\/posts"}],"about":[{"href":"https:\/\/torredonjimenoactualidad.com\/index.php\/wp-json\/wp\/v2\/types\/post"}],"author":[{"embeddable":true,"href":"https:\/\/torredonjimenoactualidad.com\/index.php\/wp-json\/wp\/v2\/users\/2"}],"replies":[{"embeddable":true,"href":"https:\/\/torredonjimenoactualidad.com\/index.php\/wp-json\/wp\/v2\/comments?post=2777"}],"version-history":[{"count":2,"href":"https:\/\/torredonjimenoactualidad.com\/index.php\/wp-json\/wp\/v2\/posts\/2777\/revisions"}],"predecessor-version":[{"id":2780,"href":"https:\/\/torredonjimenoactualidad.com\/index.php\/wp-json\/wp\/v2\/posts\/2777\/revisions\/2780"}],"wp:featuredmedia":[{"embeddable":true,"href":"https:\/\/torredonjimenoactualidad.com\/index.php\/wp-json\/wp\/v2\/media\/2778"}],"wp:attachment":[{"href":"https:\/\/torredonjimenoactualidad.com\/index.php\/wp-json\/wp\/v2\/media?parent=2777"}],"wp:term":[{"taxonomy":"category","embeddable":true,"href":"https:\/\/torredonjimenoactualidad.com\/index.php\/wp-json\/wp\/v2\/categories?post=2777"},{"taxonomy":"post_tag","embeddable":true,"href":"https:\/\/torredonjimenoactualidad.com\/index.php\/wp-json\/wp\/v2\/tags?post=2777"}],"curies":[{"name":"wp","href":"https:\/\/api.w.org\/{rel}","templated":true}]}}