{"id":2698,"date":"2024-11-14T15:40:57","date_gmt":"2024-11-14T15:40:57","guid":{"rendered":"https:\/\/torredonjimenoactualidad.com\/?p=2698"},"modified":"2024-11-14T15:40:58","modified_gmt":"2024-11-14T15:40:58","slug":"viaje-a-torredonjimeno-organizado-por-el-ayuntamiento-de-adra-con-motivo-del-25n","status":"publish","type":"post","link":"https:\/\/torredonjimenoactualidad.com\/index.php\/2024\/11\/14\/viaje-a-torredonjimeno-organizado-por-el-ayuntamiento-de-adra-con-motivo-del-25n\/","title":{"rendered":"Viaje a Torredonjimeno organizado por el Ayuntamiento de Adra con motivo del 25N"},"content":{"rendered":"\n<p>El Ayuntamiento de Adra, en Almer\u00eda, ha organizado un viaje a Torredonjimeno como parte de las actividades programadas para el 25 de noviembre, D\u00eda Internacional contra la Violencia de G\u00e9nero. Dentro de la programaci\u00f3n dise\u00f1ada por el Centro Municipal de Informacion a la Mujer de Adra, se incluye un \u201cviaje con perspectiva de g\u00e9nero\u201d, iniciativa que ha recibido una gran acogida por parte de la ciudadan\u00eda.<\/p>\n\n\n\n<p>inicialmente se hab\u00eda previsto un viaje para el martes 19 de noviembre, el cual se llevar\u00e1 a cabo en esa fecha; sin embargo, ante la alta demanda, se ha decidido programar un segundo viaje para el 27 de noviembre. Este segundo viaje ofrece la oportunidad a mas vecinos y vecinas de Adra de viajar a Torredonjimeno y conocer sus encantos. Seg\u00fan se anuncia en Adra, por el m\u00f3dico precio de 20 euros, se incluye transporte en autob\u00fas, visitas guiadas y almuerzo en Torredonjimeno.<\/p>\n\n\n\n<p>El objetivo de esta actividad es dar a conocer el conjunto hist\u00f3rico de nuestra localidad, con monumentos de gran valor como el Castillo, la Plaza de la Constituci\u00f3n donde se encuentra el emblem\u00e1tico edificio del Ayuntamiento, y las parroquias de San Pedro y Santa Mar\u00eda. En los \u00faltimos a\u00f1os, Torredonjimeno ha ganado popularidad como destino tur\u00edstico para numerosos municipios que buscan disfrutar de la riqueza cultural y patrimonial de este pueblo.<\/p>\n\n\n\n<p>Con esta iniciativa, el Ayuntamiento de Adra muestra su compromiso en la lucha contra la violencia de g\u00e9nero, promoviendo actividades culturales que sirvan adem\u00e1s para el fomento de la igualdad entre hombres y mujeres. <\/p>\n","protected":false},"excerpt":{"rendered":"<p>El Ayuntamiento de Adra, en Almer\u00eda, ha organizado un viaje a Torredonjimeno como parte de las actividades programadas para el 25 de noviembre, D\u00eda Internacional contra la Violencia de G\u00e9nero. Dentro de la programaci\u00f3n dise\u00f1ada por el Centro Municipal de Informacion a la Mujer de Adra, se incluye un \u201cviaje con perspectiva de g\u00e9nero\u201d, iniciativa &hellip;<\/p>\n<p class=\"read-more\"> <a class=\"\" href=\"https:\/\/torredonjimenoactualidad.com\/index.php\/2024\/11\/14\/viaje-a-torredonjimeno-organizado-por-el-ayuntamiento-de-adra-con-motivo-del-25n\/\"> <span class=\"screen-reader-text\">Viaje a Torredonjimeno organizado por el Ayuntamiento de Adra con motivo del 25N<\/span> Leer m\u00e1s &raquo;<\/a><\/p>\n","protected":false},"author":2,"featured_media":2699,"comment_status":"closed","ping_status":"open","sticky":false,"template":"","format":"standard","meta":{"site-sidebar-layout":"default","site-content-layout":"default","ast-global-header-display":"","ast-main-header-display":"","ast-hfb-above-header-display":"","ast-hfb-below-header-display":"","ast-hfb-mobile-header-display":"","site-post-title":"","ast-breadcrumbs-content":"","ast-featured-img":"","footer-sml-layout":"","theme-transparent-header-meta":"","adv-header-id-meta":"","stick-header-meta":"","header-above-stick-meta":"","header-main-stick-meta":"","header-below-stick-meta":"","footnotes":""},"categories":[7],"tags":[],"class_list":["post-2698","post","type-post","status-publish","format-standard","has-post-thumbnail","hentry","category-local"],"yoast_head":"<!-- This site is optimized with the Yoast SEO plugin v20.8 - https:\/\/yoast.com\/wordpress\/plugins\/seo\/ -->\n<title>Viaje a Torredonjimeno organizado por el Ayuntamiento de Adra con motivo del 25N - Torredonjimeno Actualidad<\/title>\n<meta name=\"robots\" content=\"index, follow, max-snippet:-1, max-image-preview:large, max-video-preview:-1\" \/>\n<link rel=\"canonical\" href=\"https:\/\/torredonjimenoactualidad.com\/index.php\/2024\/11\/14\/viaje-a-torredonjimeno-organizado-por-el-ayuntamiento-de-adra-con-motivo-del-25n\/\" \/>\n<meta property=\"og:locale\" content=\"es_ES\" \/>\n<meta property=\"og:type\" content=\"article\" \/>\n<meta property=\"og:title\" content=\"Viaje a Torredonjimeno organizado por el Ayuntamiento de Adra con motivo del 25N - Torredonjimeno Actualidad\" \/>\n<meta property=\"og:description\" content=\"El Ayuntamiento de Adra, en Almer\u00eda, ha organizado un viaje a Torredonjimeno como parte de las actividades programadas para el 25 de noviembre, D\u00eda Internacional contra la Violencia de G\u00e9nero. Dentro de la programaci\u00f3n dise\u00f1ada por el Centro Municipal de Informacion a la Mujer de Adra, se incluye un \u201cviaje con perspectiva de g\u00e9nero\u201d, iniciativa &hellip; Viaje a Torredonjimeno organizado por el Ayuntamiento de Adra con motivo del 25N Leer m\u00e1s &raquo;\" \/>\n<meta property=\"og:url\" content=\"https:\/\/torredonjimenoactualidad.com\/index.php\/2024\/11\/14\/viaje-a-torredonjimeno-organizado-por-el-ayuntamiento-de-adra-con-motivo-del-25n\/\" \/>\n<meta property=\"og:site_name\" content=\"Torredonjimeno Actualidad\" \/>\n<meta property=\"article:published_time\" content=\"2024-11-14T15:40:57+00:00\" \/>\n<meta property=\"article:modified_time\" content=\"2024-11-14T15:40:58+00:00\" \/>\n<meta property=\"og:image\" content=\"https:\/\/torredonjimenoactualidad.com\/wp-content\/uploads\/2024\/11\/adra-scaled.jpg\" \/>\n\t<meta property=\"og:image:width\" content=\"2560\" \/>\n\t<meta property=\"og:image:height\" content=\"1440\" \/>\n\t<meta property=\"og:image:type\" content=\"image\/jpeg\" \/>\n<meta name=\"author\" content=\"Alba Mar\u00eda Torres\" \/>\n<meta name=\"twitter:card\" content=\"summary_large_image\" \/>\n<meta name=\"twitter:label1\" content=\"Escrito por\" \/>\n\t<meta name=\"twitter:data1\" content=\"Alba Mar\u00eda Torres\" \/>\n\t<meta name=\"twitter:label2\" content=\"Tiempo de lectura\" \/>\n\t<meta name=\"twitter:data2\" content=\"2 minutos\" \/>\n<script type=\"application\/ld+json\" class=\"yoast-schema-graph\">{\"@context\":\"https:\/\/schema.org\",\"@graph\":[{\"@type\":\"Article\",\"@id\":\"https:\/\/torredonjimenoactualidad.com\/index.php\/2024\/11\/14\/viaje-a-torredonjimeno-organizado-por-el-ayuntamiento-de-adra-con-motivo-del-25n\/#article\",\"isPartOf\":{\"@id\":\"https:\/\/torredonjimenoactualidad.com\/index.php\/2024\/11\/14\/viaje-a-torredonjimeno-organizado-por-el-ayuntamiento-de-adra-con-motivo-del-25n\/\"},\"author\":{\"name\":\"Alba Mar\u00eda Torres\",\"@id\":\"https:\/\/torredonjimenoactualidad.com\/#\/schema\/person\/84de5f233e783ef2c75151a532b54977\"},\"headline\":\"Viaje a Torredonjimeno organizado por el Ayuntamiento de Adra con motivo del 25N\",\"datePublished\":\"2024-11-14T15:40:57+00:00\",\"dateModified\":\"2024-11-14T15:40:58+00:00\",\"mainEntityOfPage\":{\"@id\":\"https:\/\/torredonjimenoactualidad.com\/index.php\/2024\/11\/14\/viaje-a-torredonjimeno-organizado-por-el-ayuntamiento-de-adra-con-motivo-del-25n\/\"},\"wordCount\":282,\"publisher\":{\"@id\":\"https:\/\/torredonjimenoactualidad.com\/#organization\"},\"articleSection\":[\"local\"],\"inLanguage\":\"es\"},{\"@type\":\"WebPage\",\"@id\":\"https:\/\/torredonjimenoactualidad.com\/index.php\/2024\/11\/14\/viaje-a-torredonjimeno-organizado-por-el-ayuntamiento-de-adra-con-motivo-del-25n\/\",\"url\":\"https:\/\/torredonjimenoactualidad.com\/index.php\/2024\/11\/14\/viaje-a-torredonjimeno-organizado-por-el-ayuntamiento-de-adra-con-motivo-del-25n\/\",\"name\":\"Viaje a Torredonjimeno organizado por el Ayuntamiento de Adra con motivo del 25N - Torredonjimeno Actualidad\",\"isPartOf\":{\"@id\":\"https:\/\/torredonjimenoactualidad.com\/#website\"},\"datePublished\":\"2024-11-14T15:40:57+00:00\",\"dateModified\":\"2024-11-14T15:40:58+00:00\",\"breadcrumb\":{\"@id\":\"https:\/\/torredonjimenoactualidad.com\/index.php\/2024\/11\/14\/viaje-a-torredonjimeno-organizado-por-el-ayuntamiento-de-adra-con-motivo-del-25n\/#breadcrumb\"},\"inLanguage\":\"es\",\"potentialAction\":[{\"@type\":\"ReadAction\",\"target\":[\"https:\/\/torredonjimenoactualidad.com\/index.php\/2024\/11\/14\/viaje-a-torredonjimeno-organizado-por-el-ayuntamiento-de-adra-con-motivo-del-25n\/\"]}]},{\"@type\":\"BreadcrumbList\",\"@id\":\"https:\/\/torredonjimenoactualidad.com\/index.php\/2024\/11\/14\/viaje-a-torredonjimeno-organizado-por-el-ayuntamiento-de-adra-con-motivo-del-25n\/#breadcrumb\",\"itemListElement\":[{\"@type\":\"ListItem\",\"position\":1,\"name\":\"Portada\",\"item\":\"https:\/\/torredonjimenoactualidad.com\/\"},{\"@type\":\"ListItem\",\"position\":2,\"name\":\"Viaje a Torredonjimeno organizado por el Ayuntamiento de Adra con motivo del 25N\"}]},{\"@type\":\"WebSite\",\"@id\":\"https:\/\/torredonjimenoactualidad.com\/#website\",\"url\":\"https:\/\/torredonjimenoactualidad.com\/\",\"name\":\"Torredonjimeno Actualidad\",\"description\":\"\",\"publisher\":{\"@id\":\"https:\/\/torredonjimenoactualidad.com\/#organization\"},\"potentialAction\":[{\"@type\":\"SearchAction\",\"target\":{\"@type\":\"EntryPoint\",\"urlTemplate\":\"https:\/\/torredonjimenoactualidad.com\/?s={search_term_string}\"},\"query-input\":\"required name=search_term_string\"}],\"inLanguage\":\"es\"},{\"@type\":\"Organization\",\"@id\":\"https:\/\/torredonjimenoactualidad.com\/#organization\",\"name\":\"Torredonjimeno Actualidad\",\"url\":\"https:\/\/torredonjimenoactualidad.com\/\",\"logo\":{\"@type\":\"ImageObject\",\"inLanguage\":\"es\",\"@id\":\"https:\/\/torredonjimenoactualidad.com\/#\/schema\/logo\/image\/\",\"url\":\"https:\/\/torredonjimenoactualidad.com\/wp-content\/uploads\/2023\/02\/logo-torredonjimeno-544x180-1.png\",\"contentUrl\":\"https:\/\/torredonjimenoactualidad.com\/wp-content\/uploads\/2023\/02\/logo-torredonjimeno-544x180-1.png\",\"width\":545,\"height\":112,\"caption\":\"Torredonjimeno Actualidad\"},\"image\":{\"@id\":\"https:\/\/torredonjimenoactualidad.com\/#\/schema\/logo\/image\/\"}},{\"@type\":\"Person\",\"@id\":\"https:\/\/torredonjimenoactualidad.com\/#\/schema\/person\/84de5f233e783ef2c75151a532b54977\",\"name\":\"Alba Mar\u00eda Torres\",\"image\":{\"@type\":\"ImageObject\",\"inLanguage\":\"es\",\"@id\":\"https:\/\/torredonjimenoactualidad.com\/#\/schema\/person\/image\/\",\"url\":\"https:\/\/secure.gravatar.com\/avatar\/f9371f188c71501b4475a9ba2a71595850ec72967f800a2ed8e3e2102859ed65?s=96&d=mm&r=g\",\"contentUrl\":\"https:\/\/secure.gravatar.com\/avatar\/f9371f188c71501b4475a9ba2a71595850ec72967f800a2ed8e3e2102859ed65?s=96&d=mm&r=g\",\"caption\":\"Alba Mar\u00eda Torres\"},\"url\":\"https:\/\/torredonjimenoactualidad.com\/index.php\/author\/alba-torres\/\"}]}<\/script>\n<!-- \/ Yoast SEO plugin. -->","yoast_head_json":{"title":"Viaje a Torredonjimeno organizado por el Ayuntamiento de Adra con motivo del 25N - Torredonjimeno Actualidad","robots":{"index":"index","follow":"follow","max-snippet":"max-snippet:-1","max-image-preview":"max-image-preview:large","max-video-preview":"max-video-preview:-1"},"canonical":"https:\/\/torredonjimenoactualidad.com\/index.php\/2024\/11\/14\/viaje-a-torredonjimeno-organizado-por-el-ayuntamiento-de-adra-con-motivo-del-25n\/","og_locale":"es_ES","og_type":"article","og_title":"Viaje a Torredonjimeno organizado por el Ayuntamiento de Adra con motivo del 25N - Torredonjimeno Actualidad","og_description":"El Ayuntamiento de Adra, en Almer\u00eda, ha organizado un viaje a Torredonjimeno como parte de las actividades programadas para el 25 de noviembre, D\u00eda Internacional contra la Violencia de G\u00e9nero. Dentro de la programaci\u00f3n dise\u00f1ada por el Centro Municipal de Informacion a la Mujer de Adra, se incluye un \u201cviaje con perspectiva de g\u00e9nero\u201d, iniciativa &hellip; Viaje a Torredonjimeno organizado por el Ayuntamiento de Adra con motivo del 25N Leer m\u00e1s &raquo;","og_url":"https:\/\/torredonjimenoactualidad.com\/index.php\/2024\/11\/14\/viaje-a-torredonjimeno-organizado-por-el-ayuntamiento-de-adra-con-motivo-del-25n\/","og_site_name":"Torredonjimeno Actualidad","article_published_time":"2024-11-14T15:40:57+00:00","article_modified_time":"2024-11-14T15:40:58+00:00","og_image":[{"width":2560,"height":1440,"url":"https:\/\/torredonjimenoactualidad.com\/wp-content\/uploads\/2024\/11\/adra-scaled.jpg","type":"image\/jpeg"}],"author":"Alba Mar\u00eda Torres","twitter_card":"summary_large_image","twitter_misc":{"Escrito por":"Alba Mar\u00eda Torres","Tiempo de lectura":"2 minutos"},"schema":{"@context":"https:\/\/schema.org","@graph":[{"@type":"Article","@id":"https:\/\/torredonjimenoactualidad.com\/index.php\/2024\/11\/14\/viaje-a-torredonjimeno-organizado-por-el-ayuntamiento-de-adra-con-motivo-del-25n\/#article","isPartOf":{"@id":"https:\/\/torredonjimenoactualidad.com\/index.php\/2024\/11\/14\/viaje-a-torredonjimeno-organizado-por-el-ayuntamiento-de-adra-con-motivo-del-25n\/"},"author":{"name":"Alba Mar\u00eda Torres","@id":"https:\/\/torredonjimenoactualidad.com\/#\/schema\/person\/84de5f233e783ef2c75151a532b54977"},"headline":"Viaje a Torredonjimeno organizado por el Ayuntamiento de Adra con motivo del 25N","datePublished":"2024-11-14T15:40:57+00:00","dateModified":"2024-11-14T15:40:58+00:00","mainEntityOfPage":{"@id":"https:\/\/torredonjimenoactualidad.com\/index.php\/2024\/11\/14\/viaje-a-torredonjimeno-organizado-por-el-ayuntamiento-de-adra-con-motivo-del-25n\/"},"wordCount":282,"publisher":{"@id":"https:\/\/torredonjimenoactualidad.com\/#organization"},"articleSection":["local"],"inLanguage":"es"},{"@type":"WebPage","@id":"https:\/\/torredonjimenoactualidad.com\/index.php\/2024\/11\/14\/viaje-a-torredonjimeno-organizado-por-el-ayuntamiento-de-adra-con-motivo-del-25n\/","url":"https:\/\/torredonjimenoactualidad.com\/index.php\/2024\/11\/14\/viaje-a-torredonjimeno-organizado-por-el-ayuntamiento-de-adra-con-motivo-del-25n\/","name":"Viaje a Torredonjimeno organizado por el Ayuntamiento de Adra con motivo del 25N - Torredonjimeno Actualidad","isPartOf":{"@id":"https:\/\/torredonjimenoactualidad.com\/#website"},"datePublished":"2024-11-14T15:40:57+00:00","dateModified":"2024-11-14T15:40:58+00:00","breadcrumb":{"@id":"https:\/\/torredonjimenoactualidad.com\/index.php\/2024\/11\/14\/viaje-a-torredonjimeno-organizado-por-el-ayuntamiento-de-adra-con-motivo-del-25n\/#breadcrumb"},"inLanguage":"es","potentialAction":[{"@type":"ReadAction","target":["https:\/\/torredonjimenoactualidad.com\/index.php\/2024\/11\/14\/viaje-a-torredonjimeno-organizado-por-el-ayuntamiento-de-adra-con-motivo-del-25n\/"]}]},{"@type":"BreadcrumbList","@id":"https:\/\/torredonjimenoactualidad.com\/index.php\/2024\/11\/14\/viaje-a-torredonjimeno-organizado-por-el-ayuntamiento-de-adra-con-motivo-del-25n\/#breadcrumb","itemListElement":[{"@type":"ListItem","position":1,"name":"Portada","item":"https:\/\/torredonjimenoactualidad.com\/"},{"@type":"ListItem","position":2,"name":"Viaje a Torredonjimeno organizado por el Ayuntamiento de Adra con motivo del 25N"}]},{"@type":"WebSite","@id":"https:\/\/torredonjimenoactualidad.com\/#website","url":"https:\/\/torredonjimenoactualidad.com\/","name":"Torredonjimeno Actualidad","description":"","publisher":{"@id":"https:\/\/torredonjimenoactualidad.com\/#organization"},"potentialAction":[{"@type":"SearchAction","target":{"@type":"EntryPoint","urlTemplate":"https:\/\/torredonjimenoactualidad.com\/?s={search_term_string}"},"query-input":"required name=search_term_string"}],"inLanguage":"es"},{"@type":"Organization","@id":"https:\/\/torredonjimenoactualidad.com\/#organization","name":"Torredonjimeno Actualidad","url":"https:\/\/torredonjimenoactualidad.com\/","logo":{"@type":"ImageObject","inLanguage":"es","@id":"https:\/\/torredonjimenoactualidad.com\/#\/schema\/logo\/image\/","url":"https:\/\/torredonjimenoactualidad.com\/wp-content\/uploads\/2023\/02\/logo-torredonjimeno-544x180-1.png","contentUrl":"https:\/\/torredonjimenoactualidad.com\/wp-content\/uploads\/2023\/02\/logo-torredonjimeno-544x180-1.png","width":545,"height":112,"caption":"Torredonjimeno Actualidad"},"image":{"@id":"https:\/\/torredonjimenoactualidad.com\/#\/schema\/logo\/image\/"}},{"@type":"Person","@id":"https:\/\/torredonjimenoactualidad.com\/#\/schema\/person\/84de5f233e783ef2c75151a532b54977","name":"Alba Mar\u00eda Torres","image":{"@type":"ImageObject","inLanguage":"es","@id":"https:\/\/torredonjimenoactualidad.com\/#\/schema\/person\/image\/","url":"https:\/\/secure.gravatar.com\/avatar\/f9371f188c71501b4475a9ba2a71595850ec72967f800a2ed8e3e2102859ed65?s=96&d=mm&r=g","contentUrl":"https:\/\/secure.gravatar.com\/avatar\/f9371f188c71501b4475a9ba2a71595850ec72967f800a2ed8e3e2102859ed65?s=96&d=mm&r=g","caption":"Alba Mar\u00eda Torres"},"url":"https:\/\/torredonjimenoactualidad.com\/index.php\/author\/alba-torres\/"}]}},"_links":{"self":[{"href":"https:\/\/torredonjimenoactualidad.com\/index.php\/wp-json\/wp\/v2\/posts\/2698","targetHints":{"allow":["GET"]}}],"collection":[{"href":"https:\/\/torredonjimenoactualidad.com\/index.php\/wp-json\/wp\/v2\/posts"}],"about":[{"href":"https:\/\/torredonjimenoactualidad.com\/index.php\/wp-json\/wp\/v2\/types\/post"}],"author":[{"embeddable":true,"href":"https:\/\/torredonjimenoactualidad.com\/index.php\/wp-json\/wp\/v2\/users\/2"}],"replies":[{"embeddable":true,"href":"https:\/\/torredonjimenoactualidad.com\/index.php\/wp-json\/wp\/v2\/comments?post=2698"}],"version-history":[{"count":1,"href":"https:\/\/torredonjimenoactualidad.com\/index.php\/wp-json\/wp\/v2\/posts\/2698\/revisions"}],"predecessor-version":[{"id":2700,"href":"https:\/\/torredonjimenoactualidad.com\/index.php\/wp-json\/wp\/v2\/posts\/2698\/revisions\/2700"}],"wp:featuredmedia":[{"embeddable":true,"href":"https:\/\/torredonjimenoactualidad.com\/index.php\/wp-json\/wp\/v2\/media\/2699"}],"wp:attachment":[{"href":"https:\/\/torredonjimenoactualidad.com\/index.php\/wp-json\/wp\/v2\/media?parent=2698"}],"wp:term":[{"taxonomy":"category","embeddable":true,"href":"https:\/\/torredonjimenoactualidad.com\/index.php\/wp-json\/wp\/v2\/categories?post=2698"},{"taxonomy":"post_tag","embeddable":true,"href":"https:\/\/torredonjimenoactualidad.com\/index.php\/wp-json\/wp\/v2\/tags?post=2698"}],"curies":[{"name":"wp","href":"https:\/\/api.w.org\/{rel}","templated":true}]}}