{"id":2598,"date":"2024-10-25T15:45:02","date_gmt":"2024-10-25T15:45:02","guid":{"rendered":"https:\/\/torredonjimenoactualidad.com\/?p=2598"},"modified":"2024-10-25T15:45:04","modified_gmt":"2024-10-25T15:45:04","slug":"el-xx-festival-de-musica-antigua-andres-de-vandelvira-se-clausurara-en-torredonjimeno-el-proximo-6-de-diciembre","status":"publish","type":"post","link":"https:\/\/torredonjimenoactualidad.com\/index.php\/2024\/10\/25\/el-xx-festival-de-musica-antigua-andres-de-vandelvira-se-clausurara-en-torredonjimeno-el-proximo-6-de-diciembre\/","title":{"rendered":"El XX Festival de M\u00fasica Antigua Andr\u00e9s de Vandelvira se clausurar\u00e1 en Torredonjimeno el pr\u00f3ximo 6 de diciembre"},"content":{"rendered":"\n<p>El XX Festival de M\u00fasica Antigua Andr\u00e9s de Vandelvira (FeMAAV) comienza este s\u00e1bado con Le Banquet du Roi, en la Catedral de Ja\u00e9n, y llegar\u00e1 a otros 15 municipios de la provincia hasta el pr\u00f3ximo 6 de diciembre.<\/p>\n\n\n\n<p>Se trata, en concreto, de Quesada, Baeza, Benatae, Santisteban del Puerto, Torres de Albanchez, Torres, Beas de Segura, Torreperogil, Villargordo, Santo Tom\u00e9, La Guardia, Cambil, Pozo Alc\u00f3n, Ba\u00f1os de la Encina y Torredonjimeno.<\/p>\n\n\n\n<p>Este evento es un homenaje a la m\u00fasica, la historia y la arquitectura jiennense, pues los conciertos se celebran en espacios emblem\u00e1ticos, muchos de ellos de relevancia patrimonial y en estrecha relaci\u00f3n con la figura de Andr\u00e9s de Vandelvira, arquitecto renacentista que le da nombre.<\/p>\n\n\n\n<p>Con una programaci\u00f3n que se extiende del 26 de octubre al 6 de diciembre de 2024, ofrecer\u00e1 \u00abuna diversidad de propuestas musicales que abarcan desde la m\u00fasica medieval y renacentista hasta el siglo XX, creando una conexi\u00f3n directa entre pasado y presente\u00bb.<\/p>\n\n\n\n<p>La entrada es gratuita hasta completar aforo en todos los conciertos de este festival organizado por la Diputaci\u00f3n jiennense con el patrocinio de la Fundaci\u00f3n Unicaja Ja\u00e9n y la colaboraci\u00f3n del Obispado y el Cabildo Catedral de Ja\u00e9n, adem\u00e1s de la implicaci\u00f3n de los ayuntamientos participantes.<\/p>\n\n\n\n<p>Se inaugurar\u00e1 este s\u00e1bado en la Catedral de Ja\u00e9n con el concierto del ensemble franc\u00e9s Le Banquet du Roy, dirigido por Olivier Gladhofer. El programa, titulado &#8216;El viaje a Oriente: Francisco Guerrero, de Sevilla a Jerusal\u00e9n (1588-1589)&#8217;, rememora el peregrinaje del c\u00e9lebre compositor espa\u00f1ol a Tierra Santa.<\/p>\n\n\n\n<p>El domingo 27 en Quesada, el d\u00fao formado por Orfilia Saiz y Jerem\u00edas Sanz ofrecer\u00e1n la segunda entrega de su programa &#8216;Bach Foundamental: Basso Continuo for Bach&#8217;s Cello Suites&#8217; en el Museo Rafael Zabaleta. Este concierto \u00edntimo, continuaci\u00f3n del presentado el a\u00f1o pasado con las tres primeras suites de Bach, ofrece una aproximaci\u00f3n profunda a las c\u00e9lebres suites para violonchelo del citado compositor, con especial atenci\u00f3n al bajo continuo, un pilar en la m\u00fasica barroca.<\/p>\n\n\n\n<p>La programaci\u00f3n continuar\u00e1 el 2 de noviembre, cuando Scaramuccia, bajo la direcci\u00f3n de Javier Lupi\u00e1\u00f1ez, ofrecer\u00e1 en la iglesia de San Ignacio de Baeza el concierto &#8216;Il Giro d&#8217;Italia: Johann Pisendel&#8217;, recreando el viaje musical de este violinista alem\u00e1n a lo largo de la Italia barroca.<\/p>\n\n\n\n<h2 class=\"wp-block-heading\">DI\u00c1LOGO<\/h2>\n\n\n\n<p>El domingo 3, propone dos citas muy especiales. En Benatae, Charanda presentar\u00e1 un di\u00e1logo entre el viejo continente y el nuevo mundo a trav\u00e9s de una misa polif\u00f3nica en la Iglesia Parroquial de la Asunci\u00f3n. Simult\u00e1neamente, en Santisteban del Puerto, el Orfe\u00f3n de Granada, bajo la batuta de Valent\u00edn Rejano Garc\u00eda, ofrecer\u00e1 el programa &#8216;Luz perpetua. El legado coral de la m\u00fasica lit\u00fargica del siglo XVIII al XX&#8217;, un recorrido por las formas corales sacras que marcaron el car\u00e1cter de la m\u00fasica lit\u00fargica.<\/p>\n\n\n\n<p>Adem\u00e1s, el 8 de noviembre, el FeMAAV llevar\u00e1 la m\u00fasica barroca a Torres de Albanchez y Torres. El D\u00fao Lorca interpretar\u00e1 obras maestras de Bach y Telemann en la Iglesia Parroquial de la Presentaci\u00f3n, mientras que el Orfe\u00f3n Santo Reino brindar\u00e1 un concierto coral en la Iglesia de Santo Domingo de Guzm\u00e1n, respectivamente.<\/p>\n\n\n\n<p>Otro de los momentos destacados de esta edici\u00f3n ser\u00e1 el concierto de la Capilla Musical Los Seises de El Salvador de \u00dabeda, dirigido por Mar\u00eda Jes\u00fas Garc\u00eda S\u00e1nchez, el 16 de noviembre en el Convento de Carmelitas de Beas de Segura.<\/p>\n\n\n\n<p>FeMAAV tambi\u00e9n presentar\u00e1 nuevas perspectivas sobre la m\u00fasica medieval, como el programa &#8216;Hija de la Seda: Caterina Ilioni (siglo XIV)&#8217;, a cargo de Todos los Tonos y Ayres en Torreperogil el 17 de noviembre, que narra la influencia de la seda y su intercambio cultural en la Europa medieval.<\/p>\n\n\n\n<p>El siguiente fin de semana, habr\u00e1 tres nuevas citas musicales. En Villargordo, el D\u00fao El Para\u00edso pondr\u00e1 en escena &#8216;M\u00fasica sacra del siglo XVII: entre la piedad y el gozo&#8217; el s\u00e1bado 23; mientras que el domingo 24 ser\u00e1 el turno para el Coro y Orquesta Musicalma en Santo Tom\u00e9 con &#8216;Misa polif\u00f3nica (celebraci\u00f3n lit\u00fargica) &#8211; La m\u00fasica en las peregrinaciones religiosas del mundo&#8217;; y Numen Ensemble en La Guardia, que estrenar\u00e1 el programa de recuperaci\u00f3n hist\u00f3rica &#8216;Manuel Garc\u00eda sagrado: Misa n\u00ba 4&#8217;.<\/p>\n\n\n\n<p>El 30 de noviembre habr\u00e1 otro triplete de conciertos. De una parte, en Cambil, la Metally Band del Conservatorio Superior de M\u00fasica de Ja\u00e9n pondr\u00e1 en escena &#8216;Los tubos bien temperados&#8217;, mientras que en Pozo Alc\u00f3n har\u00e1 lo propio el Ensemble de saxofones GaraySax y Garay Brass Quintet del Conservatorio Profesional de M\u00fasica Ram\u00f3n Garay con el programa &#8216;Peregrinaci\u00f3n musical por las rutas del \u00e1mbar y de poniente&#8217;. Ademas, la Real Capilla del P\u00f3pulo llevar\u00e1 a Ba\u00f1os de la Encina el programa de producci\u00f3n propia &#8216;Peregrinaci\u00f3n al cerro de Tom\u00e9: m\u00fasica y devoci\u00f3n cat\u00f3licas en Nuevo M\u00e9xico&#8217;.<\/p>\n\n\n\n<p>La clausura del FeMAAV tambi\u00e9n promete momentos memorables. El 6 de diciembre, Vox Cantoris, dirigido por Jean-Christophe Candau, presentar\u00e1 &#8216;Camino Real de Jalisco: tesoros de la Catedral de Guadalajara (siglos XVII-XVIII)&#8217; en la Iglesia Parroquial de San Pedro de Torredonjimeno. Este concierto final se\u00f1ala la importancia de la m\u00fasica sacra en el desarrollo cultural del Nuevo Mundo, vinculando la herencia espa\u00f1ola con las tradiciones cat\u00f3licas de Am\u00e9rica Latina.<\/p>\n\n\n\n<h2 class=\"wp-block-heading\">VENTANA<\/h2>\n\n\n\n<p>El Festival de M\u00fasica Antigua Andr\u00e9s de Vandelvira abre cada a\u00f1o, desde hace dos d\u00e9cadas, una ventana hacia otras culturas a trav\u00e9s de la m\u00fasica y el patrimonio. Con una programaci\u00f3n diversa que cuenta con artistas de la tierra, nacionales e internacionales y un enfoque en las conexiones hist\u00f3ricas entre Europa y Am\u00e9rica, \u00abdemuestra, una vez m\u00e1s, su capacidad para ser un veh\u00edculo de di\u00e1logo cultural y art\u00edstico\u00bb.<\/p>\n\n\n\n<p>Para conocer el programa al detalle se puede consultar de manera \u00edntegra a trav\u00e9s de la p\u00e1gina web oficial, en el enlace&nbsp;<a target=\"_blank\" href=\"https:\/\/festivalubedaybaeza.com\/femaav\/\" rel=\"noreferrer noopener\">https:\/\/festivalubedaybaeza.com\/femaav\/<\/a><\/p>\n\n\n\n<figure class=\"wp-block-image aligncenter size-large is-resized\"><img loading=\"lazy\" decoding=\"async\" width=\"724\" height=\"1024\" src=\"https:\/\/torredonjimenoactualidad.com\/wp-content\/uploads\/2024\/10\/fotonoticia_20241025163855_1920-724x1024.jpg\" alt=\"\" class=\"wp-image-2599\" style=\"width:559px;height:auto\" srcset=\"https:\/\/torredonjimenoactualidad.com\/wp-content\/uploads\/2024\/10\/fotonoticia_20241025163855_1920-724x1024.jpg 724w, https:\/\/torredonjimenoactualidad.com\/wp-content\/uploads\/2024\/10\/fotonoticia_20241025163855_1920-212x300.jpg 212w, https:\/\/torredonjimenoactualidad.com\/wp-content\/uploads\/2024\/10\/fotonoticia_20241025163855_1920-768x1086.jpg 768w, https:\/\/torredonjimenoactualidad.com\/wp-content\/uploads\/2024\/10\/fotonoticia_20241025163855_1920-1086x1536.jpg 1086w, https:\/\/torredonjimenoactualidad.com\/wp-content\/uploads\/2024\/10\/fotonoticia_20241025163855_1920-1448x2048.jpg 1448w, https:\/\/torredonjimenoactualidad.com\/wp-content\/uploads\/2024\/10\/fotonoticia_20241025163855_1920-scaled.jpg 1810w\" sizes=\"auto, (max-width: 724px) 100vw, 724px\" \/><\/figure>\n","protected":false},"excerpt":{"rendered":"<p>El XX Festival de M\u00fasica Antigua Andr\u00e9s de Vandelvira (FeMAAV) comienza este s\u00e1bado con Le Banquet du Roi, en la Catedral de Ja\u00e9n, y llegar\u00e1 a otros 15 municipios de la provincia hasta el pr\u00f3ximo 6 de diciembre. Se trata, en concreto, de Quesada, Baeza, Benatae, Santisteban del Puerto, Torres de Albanchez, Torres, Beas de &hellip;<\/p>\n<p class=\"read-more\"> <a class=\"\" href=\"https:\/\/torredonjimenoactualidad.com\/index.php\/2024\/10\/25\/el-xx-festival-de-musica-antigua-andres-de-vandelvira-se-clausurara-en-torredonjimeno-el-proximo-6-de-diciembre\/\"> <span class=\"screen-reader-text\">El XX Festival de M\u00fasica Antigua Andr\u00e9s de Vandelvira se clausurar\u00e1 en Torredonjimeno el pr\u00f3ximo 6 de diciembre<\/span> Leer m\u00e1s &raquo;<\/a><\/p>\n","protected":false},"author":3,"featured_media":2600,"comment_status":"closed","ping_status":"open","sticky":false,"template":"","format":"standard","meta":{"site-sidebar-layout":"default","site-content-layout":"default","ast-global-header-display":"","ast-main-header-display":"","ast-hfb-above-header-display":"","ast-hfb-below-header-display":"","ast-hfb-mobile-header-display":"","site-post-title":"","ast-breadcrumbs-content":"","ast-featured-img":"","footer-sml-layout":"","theme-transparent-header-meta":"","adv-header-id-meta":"","stick-header-meta":"","header-above-stick-meta":"","header-main-stick-meta":"","header-below-stick-meta":"","footnotes":""},"categories":[10],"tags":[],"class_list":["post-2598","post","type-post","status-publish","format-standard","has-post-thumbnail","hentry","category-cultura"],"yoast_head":"<!-- This site is optimized with the Yoast SEO plugin v20.8 - https:\/\/yoast.com\/wordpress\/plugins\/seo\/ -->\n<title>El XX Festival de M\u00fasica Antigua Andr\u00e9s de Vandelvira se clausurar\u00e1 en Torredonjimeno el pr\u00f3ximo 6 de diciembre - Torredonjimeno Actualidad<\/title>\n<meta name=\"robots\" content=\"index, follow, max-snippet:-1, max-image-preview:large, max-video-preview:-1\" \/>\n<link rel=\"canonical\" href=\"https:\/\/torredonjimenoactualidad.com\/index.php\/2024\/10\/25\/el-xx-festival-de-musica-antigua-andres-de-vandelvira-se-clausurara-en-torredonjimeno-el-proximo-6-de-diciembre\/\" \/>\n<meta property=\"og:locale\" content=\"es_ES\" \/>\n<meta property=\"og:type\" content=\"article\" \/>\n<meta property=\"og:title\" content=\"El XX Festival de M\u00fasica Antigua Andr\u00e9s de Vandelvira se clausurar\u00e1 en Torredonjimeno el pr\u00f3ximo 6 de diciembre - Torredonjimeno Actualidad\" \/>\n<meta property=\"og:description\" content=\"El XX Festival de M\u00fasica Antigua Andr\u00e9s de Vandelvira (FeMAAV) comienza este s\u00e1bado con Le Banquet du Roi, en la Catedral de Ja\u00e9n, y llegar\u00e1 a otros 15 municipios de la provincia hasta el pr\u00f3ximo 6 de diciembre. Se trata, en concreto, de Quesada, Baeza, Benatae, Santisteban del Puerto, Torres de Albanchez, Torres, Beas de &hellip; El XX Festival de M\u00fasica Antigua Andr\u00e9s de Vandelvira se clausurar\u00e1 en Torredonjimeno el pr\u00f3ximo 6 de diciembre Leer m\u00e1s &raquo;\" \/>\n<meta property=\"og:url\" content=\"https:\/\/torredonjimenoactualidad.com\/index.php\/2024\/10\/25\/el-xx-festival-de-musica-antigua-andres-de-vandelvira-se-clausurara-en-torredonjimeno-el-proximo-6-de-diciembre\/\" \/>\n<meta property=\"og:site_name\" content=\"Torredonjimeno Actualidad\" \/>\n<meta property=\"article:published_time\" content=\"2024-10-25T15:45:02+00:00\" \/>\n<meta property=\"article:modified_time\" content=\"2024-10-25T15:45:04+00:00\" \/>\n<meta property=\"og:image\" content=\"https:\/\/torredonjimenoactualidad.com\/wp-content\/uploads\/2024\/10\/FOTO-GRUPO-1080x675-1.png\" \/>\n\t<meta property=\"og:image:width\" content=\"1080\" \/>\n\t<meta property=\"og:image:height\" content=\"617\" \/>\n\t<meta property=\"og:image:type\" content=\"image\/png\" \/>\n<meta name=\"author\" content=\"Redaccion\" \/>\n<meta name=\"twitter:card\" content=\"summary_large_image\" \/>\n<meta name=\"twitter:label1\" content=\"Escrito por\" \/>\n\t<meta name=\"twitter:data1\" content=\"Redaccion\" \/>\n\t<meta name=\"twitter:label2\" content=\"Tiempo de lectura\" \/>\n\t<meta name=\"twitter:data2\" content=\"5 minutos\" \/>\n<script type=\"application\/ld+json\" class=\"yoast-schema-graph\">{\"@context\":\"https:\/\/schema.org\",\"@graph\":[{\"@type\":\"Article\",\"@id\":\"https:\/\/torredonjimenoactualidad.com\/index.php\/2024\/10\/25\/el-xx-festival-de-musica-antigua-andres-de-vandelvira-se-clausurara-en-torredonjimeno-el-proximo-6-de-diciembre\/#article\",\"isPartOf\":{\"@id\":\"https:\/\/torredonjimenoactualidad.com\/index.php\/2024\/10\/25\/el-xx-festival-de-musica-antigua-andres-de-vandelvira-se-clausurara-en-torredonjimeno-el-proximo-6-de-diciembre\/\"},\"author\":{\"name\":\"Redaccion\",\"@id\":\"https:\/\/torredonjimenoactualidad.com\/#\/schema\/person\/11f05803cdf40dbeb7f4fbf2365c9ac5\"},\"headline\":\"El XX Festival de M\u00fasica Antigua Andr\u00e9s de Vandelvira se clausurar\u00e1 en Torredonjimeno el pr\u00f3ximo 6 de diciembre\",\"datePublished\":\"2024-10-25T15:45:02+00:00\",\"dateModified\":\"2024-10-25T15:45:04+00:00\",\"mainEntityOfPage\":{\"@id\":\"https:\/\/torredonjimenoactualidad.com\/index.php\/2024\/10\/25\/el-xx-festival-de-musica-antigua-andres-de-vandelvira-se-clausurara-en-torredonjimeno-el-proximo-6-de-diciembre\/\"},\"wordCount\":1062,\"publisher\":{\"@id\":\"https:\/\/torredonjimenoactualidad.com\/#organization\"},\"articleSection\":[\"cultura\"],\"inLanguage\":\"es\"},{\"@type\":\"WebPage\",\"@id\":\"https:\/\/torredonjimenoactualidad.com\/index.php\/2024\/10\/25\/el-xx-festival-de-musica-antigua-andres-de-vandelvira-se-clausurara-en-torredonjimeno-el-proximo-6-de-diciembre\/\",\"url\":\"https:\/\/torredonjimenoactualidad.com\/index.php\/2024\/10\/25\/el-xx-festival-de-musica-antigua-andres-de-vandelvira-se-clausurara-en-torredonjimeno-el-proximo-6-de-diciembre\/\",\"name\":\"El XX Festival de M\u00fasica Antigua Andr\u00e9s de Vandelvira se clausurar\u00e1 en Torredonjimeno el pr\u00f3ximo 6 de diciembre - Torredonjimeno Actualidad\",\"isPartOf\":{\"@id\":\"https:\/\/torredonjimenoactualidad.com\/#website\"},\"datePublished\":\"2024-10-25T15:45:02+00:00\",\"dateModified\":\"2024-10-25T15:45:04+00:00\",\"breadcrumb\":{\"@id\":\"https:\/\/torredonjimenoactualidad.com\/index.php\/2024\/10\/25\/el-xx-festival-de-musica-antigua-andres-de-vandelvira-se-clausurara-en-torredonjimeno-el-proximo-6-de-diciembre\/#breadcrumb\"},\"inLanguage\":\"es\",\"potentialAction\":[{\"@type\":\"ReadAction\",\"target\":[\"https:\/\/torredonjimenoactualidad.com\/index.php\/2024\/10\/25\/el-xx-festival-de-musica-antigua-andres-de-vandelvira-se-clausurara-en-torredonjimeno-el-proximo-6-de-diciembre\/\"]}]},{\"@type\":\"BreadcrumbList\",\"@id\":\"https:\/\/torredonjimenoactualidad.com\/index.php\/2024\/10\/25\/el-xx-festival-de-musica-antigua-andres-de-vandelvira-se-clausurara-en-torredonjimeno-el-proximo-6-de-diciembre\/#breadcrumb\",\"itemListElement\":[{\"@type\":\"ListItem\",\"position\":1,\"name\":\"Portada\",\"item\":\"https:\/\/torredonjimenoactualidad.com\/\"},{\"@type\":\"ListItem\",\"position\":2,\"name\":\"El XX Festival de M\u00fasica Antigua Andr\u00e9s de Vandelvira se clausurar\u00e1 en Torredonjimeno el pr\u00f3ximo 6 de diciembre\"}]},{\"@type\":\"WebSite\",\"@id\":\"https:\/\/torredonjimenoactualidad.com\/#website\",\"url\":\"https:\/\/torredonjimenoactualidad.com\/\",\"name\":\"Torredonjimeno Actualidad\",\"description\":\"\",\"publisher\":{\"@id\":\"https:\/\/torredonjimenoactualidad.com\/#organization\"},\"potentialAction\":[{\"@type\":\"SearchAction\",\"target\":{\"@type\":\"EntryPoint\",\"urlTemplate\":\"https:\/\/torredonjimenoactualidad.com\/?s={search_term_string}\"},\"query-input\":\"required name=search_term_string\"}],\"inLanguage\":\"es\"},{\"@type\":\"Organization\",\"@id\":\"https:\/\/torredonjimenoactualidad.com\/#organization\",\"name\":\"Torredonjimeno Actualidad\",\"url\":\"https:\/\/torredonjimenoactualidad.com\/\",\"logo\":{\"@type\":\"ImageObject\",\"inLanguage\":\"es\",\"@id\":\"https:\/\/torredonjimenoactualidad.com\/#\/schema\/logo\/image\/\",\"url\":\"https:\/\/torredonjimenoactualidad.com\/wp-content\/uploads\/2023\/02\/logo-torredonjimeno-544x180-1.png\",\"contentUrl\":\"https:\/\/torredonjimenoactualidad.com\/wp-content\/uploads\/2023\/02\/logo-torredonjimeno-544x180-1.png\",\"width\":545,\"height\":112,\"caption\":\"Torredonjimeno Actualidad\"},\"image\":{\"@id\":\"https:\/\/torredonjimenoactualidad.com\/#\/schema\/logo\/image\/\"}},{\"@type\":\"Person\",\"@id\":\"https:\/\/torredonjimenoactualidad.com\/#\/schema\/person\/11f05803cdf40dbeb7f4fbf2365c9ac5\",\"name\":\"Redaccion\",\"image\":{\"@type\":\"ImageObject\",\"inLanguage\":\"es\",\"@id\":\"https:\/\/torredonjimenoactualidad.com\/#\/schema\/person\/image\/\",\"url\":\"https:\/\/secure.gravatar.com\/avatar\/5917bab7eff43e17746fd29b509939469470810b6b989b7cc2f89e3188399bf3?s=96&d=mm&r=g\",\"contentUrl\":\"https:\/\/secure.gravatar.com\/avatar\/5917bab7eff43e17746fd29b509939469470810b6b989b7cc2f89e3188399bf3?s=96&d=mm&r=g\",\"caption\":\"Redaccion\"},\"url\":\"https:\/\/torredonjimenoactualidad.com\/index.php\/author\/jose-bueno\/\"}]}<\/script>\n<!-- \/ Yoast SEO plugin. -->","yoast_head_json":{"title":"El XX Festival de M\u00fasica Antigua Andr\u00e9s de Vandelvira se clausurar\u00e1 en Torredonjimeno el pr\u00f3ximo 6 de diciembre - Torredonjimeno Actualidad","robots":{"index":"index","follow":"follow","max-snippet":"max-snippet:-1","max-image-preview":"max-image-preview:large","max-video-preview":"max-video-preview:-1"},"canonical":"https:\/\/torredonjimenoactualidad.com\/index.php\/2024\/10\/25\/el-xx-festival-de-musica-antigua-andres-de-vandelvira-se-clausurara-en-torredonjimeno-el-proximo-6-de-diciembre\/","og_locale":"es_ES","og_type":"article","og_title":"El XX Festival de M\u00fasica Antigua Andr\u00e9s de Vandelvira se clausurar\u00e1 en Torredonjimeno el pr\u00f3ximo 6 de diciembre - Torredonjimeno Actualidad","og_description":"El XX Festival de M\u00fasica Antigua Andr\u00e9s de Vandelvira (FeMAAV) comienza este s\u00e1bado con Le Banquet du Roi, en la Catedral de Ja\u00e9n, y llegar\u00e1 a otros 15 municipios de la provincia hasta el pr\u00f3ximo 6 de diciembre. Se trata, en concreto, de Quesada, Baeza, Benatae, Santisteban del Puerto, Torres de Albanchez, Torres, Beas de &hellip; El XX Festival de M\u00fasica Antigua Andr\u00e9s de Vandelvira se clausurar\u00e1 en Torredonjimeno el pr\u00f3ximo 6 de diciembre Leer m\u00e1s &raquo;","og_url":"https:\/\/torredonjimenoactualidad.com\/index.php\/2024\/10\/25\/el-xx-festival-de-musica-antigua-andres-de-vandelvira-se-clausurara-en-torredonjimeno-el-proximo-6-de-diciembre\/","og_site_name":"Torredonjimeno Actualidad","article_published_time":"2024-10-25T15:45:02+00:00","article_modified_time":"2024-10-25T15:45:04+00:00","og_image":[{"width":1080,"height":617,"url":"https:\/\/torredonjimenoactualidad.com\/wp-content\/uploads\/2024\/10\/FOTO-GRUPO-1080x675-1.png","type":"image\/png"}],"author":"Redaccion","twitter_card":"summary_large_image","twitter_misc":{"Escrito por":"Redaccion","Tiempo de lectura":"5 minutos"},"schema":{"@context":"https:\/\/schema.org","@graph":[{"@type":"Article","@id":"https:\/\/torredonjimenoactualidad.com\/index.php\/2024\/10\/25\/el-xx-festival-de-musica-antigua-andres-de-vandelvira-se-clausurara-en-torredonjimeno-el-proximo-6-de-diciembre\/#article","isPartOf":{"@id":"https:\/\/torredonjimenoactualidad.com\/index.php\/2024\/10\/25\/el-xx-festival-de-musica-antigua-andres-de-vandelvira-se-clausurara-en-torredonjimeno-el-proximo-6-de-diciembre\/"},"author":{"name":"Redaccion","@id":"https:\/\/torredonjimenoactualidad.com\/#\/schema\/person\/11f05803cdf40dbeb7f4fbf2365c9ac5"},"headline":"El XX Festival de M\u00fasica Antigua Andr\u00e9s de Vandelvira se clausurar\u00e1 en Torredonjimeno el pr\u00f3ximo 6 de diciembre","datePublished":"2024-10-25T15:45:02+00:00","dateModified":"2024-10-25T15:45:04+00:00","mainEntityOfPage":{"@id":"https:\/\/torredonjimenoactualidad.com\/index.php\/2024\/10\/25\/el-xx-festival-de-musica-antigua-andres-de-vandelvira-se-clausurara-en-torredonjimeno-el-proximo-6-de-diciembre\/"},"wordCount":1062,"publisher":{"@id":"https:\/\/torredonjimenoactualidad.com\/#organization"},"articleSection":["cultura"],"inLanguage":"es"},{"@type":"WebPage","@id":"https:\/\/torredonjimenoactualidad.com\/index.php\/2024\/10\/25\/el-xx-festival-de-musica-antigua-andres-de-vandelvira-se-clausurara-en-torredonjimeno-el-proximo-6-de-diciembre\/","url":"https:\/\/torredonjimenoactualidad.com\/index.php\/2024\/10\/25\/el-xx-festival-de-musica-antigua-andres-de-vandelvira-se-clausurara-en-torredonjimeno-el-proximo-6-de-diciembre\/","name":"El XX Festival de M\u00fasica Antigua Andr\u00e9s de Vandelvira se clausurar\u00e1 en Torredonjimeno el pr\u00f3ximo 6 de diciembre - Torredonjimeno Actualidad","isPartOf":{"@id":"https:\/\/torredonjimenoactualidad.com\/#website"},"datePublished":"2024-10-25T15:45:02+00:00","dateModified":"2024-10-25T15:45:04+00:00","breadcrumb":{"@id":"https:\/\/torredonjimenoactualidad.com\/index.php\/2024\/10\/25\/el-xx-festival-de-musica-antigua-andres-de-vandelvira-se-clausurara-en-torredonjimeno-el-proximo-6-de-diciembre\/#breadcrumb"},"inLanguage":"es","potentialAction":[{"@type":"ReadAction","target":["https:\/\/torredonjimenoactualidad.com\/index.php\/2024\/10\/25\/el-xx-festival-de-musica-antigua-andres-de-vandelvira-se-clausurara-en-torredonjimeno-el-proximo-6-de-diciembre\/"]}]},{"@type":"BreadcrumbList","@id":"https:\/\/torredonjimenoactualidad.com\/index.php\/2024\/10\/25\/el-xx-festival-de-musica-antigua-andres-de-vandelvira-se-clausurara-en-torredonjimeno-el-proximo-6-de-diciembre\/#breadcrumb","itemListElement":[{"@type":"ListItem","position":1,"name":"Portada","item":"https:\/\/torredonjimenoactualidad.com\/"},{"@type":"ListItem","position":2,"name":"El XX Festival de M\u00fasica Antigua Andr\u00e9s de Vandelvira se clausurar\u00e1 en Torredonjimeno el pr\u00f3ximo 6 de diciembre"}]},{"@type":"WebSite","@id":"https:\/\/torredonjimenoactualidad.com\/#website","url":"https:\/\/torredonjimenoactualidad.com\/","name":"Torredonjimeno Actualidad","description":"","publisher":{"@id":"https:\/\/torredonjimenoactualidad.com\/#organization"},"potentialAction":[{"@type":"SearchAction","target":{"@type":"EntryPoint","urlTemplate":"https:\/\/torredonjimenoactualidad.com\/?s={search_term_string}"},"query-input":"required name=search_term_string"}],"inLanguage":"es"},{"@type":"Organization","@id":"https:\/\/torredonjimenoactualidad.com\/#organization","name":"Torredonjimeno Actualidad","url":"https:\/\/torredonjimenoactualidad.com\/","logo":{"@type":"ImageObject","inLanguage":"es","@id":"https:\/\/torredonjimenoactualidad.com\/#\/schema\/logo\/image\/","url":"https:\/\/torredonjimenoactualidad.com\/wp-content\/uploads\/2023\/02\/logo-torredonjimeno-544x180-1.png","contentUrl":"https:\/\/torredonjimenoactualidad.com\/wp-content\/uploads\/2023\/02\/logo-torredonjimeno-544x180-1.png","width":545,"height":112,"caption":"Torredonjimeno Actualidad"},"image":{"@id":"https:\/\/torredonjimenoactualidad.com\/#\/schema\/logo\/image\/"}},{"@type":"Person","@id":"https:\/\/torredonjimenoactualidad.com\/#\/schema\/person\/11f05803cdf40dbeb7f4fbf2365c9ac5","name":"Redaccion","image":{"@type":"ImageObject","inLanguage":"es","@id":"https:\/\/torredonjimenoactualidad.com\/#\/schema\/person\/image\/","url":"https:\/\/secure.gravatar.com\/avatar\/5917bab7eff43e17746fd29b509939469470810b6b989b7cc2f89e3188399bf3?s=96&d=mm&r=g","contentUrl":"https:\/\/secure.gravatar.com\/avatar\/5917bab7eff43e17746fd29b509939469470810b6b989b7cc2f89e3188399bf3?s=96&d=mm&r=g","caption":"Redaccion"},"url":"https:\/\/torredonjimenoactualidad.com\/index.php\/author\/jose-bueno\/"}]}},"_links":{"self":[{"href":"https:\/\/torredonjimenoactualidad.com\/index.php\/wp-json\/wp\/v2\/posts\/2598","targetHints":{"allow":["GET"]}}],"collection":[{"href":"https:\/\/torredonjimenoactualidad.com\/index.php\/wp-json\/wp\/v2\/posts"}],"about":[{"href":"https:\/\/torredonjimenoactualidad.com\/index.php\/wp-json\/wp\/v2\/types\/post"}],"author":[{"embeddable":true,"href":"https:\/\/torredonjimenoactualidad.com\/index.php\/wp-json\/wp\/v2\/users\/3"}],"replies":[{"embeddable":true,"href":"https:\/\/torredonjimenoactualidad.com\/index.php\/wp-json\/wp\/v2\/comments?post=2598"}],"version-history":[{"count":1,"href":"https:\/\/torredonjimenoactualidad.com\/index.php\/wp-json\/wp\/v2\/posts\/2598\/revisions"}],"predecessor-version":[{"id":2601,"href":"https:\/\/torredonjimenoactualidad.com\/index.php\/wp-json\/wp\/v2\/posts\/2598\/revisions\/2601"}],"wp:featuredmedia":[{"embeddable":true,"href":"https:\/\/torredonjimenoactualidad.com\/index.php\/wp-json\/wp\/v2\/media\/2600"}],"wp:attachment":[{"href":"https:\/\/torredonjimenoactualidad.com\/index.php\/wp-json\/wp\/v2\/media?parent=2598"}],"wp:term":[{"taxonomy":"category","embeddable":true,"href":"https:\/\/torredonjimenoactualidad.com\/index.php\/wp-json\/wp\/v2\/categories?post=2598"},{"taxonomy":"post_tag","embeddable":true,"href":"https:\/\/torredonjimenoactualidad.com\/index.php\/wp-json\/wp\/v2\/tags?post=2598"}],"curies":[{"name":"wp","href":"https:\/\/api.w.org\/{rel}","templated":true}]}}