{"id":2592,"date":"2024-10-25T14:21:15","date_gmt":"2024-10-25T14:21:15","guid":{"rendered":"https:\/\/torredonjimenoactualidad.com\/?p=2592"},"modified":"2024-10-25T14:21:16","modified_gmt":"2024-10-25T14:21:16","slug":"fernando-planelles-y-alvaro-martinez-nuevos-directores-generales-de-caja-rural-de-jaen","status":"publish","type":"post","link":"https:\/\/torredonjimenoactualidad.com\/index.php\/2024\/10\/25\/fernando-planelles-y-alvaro-martinez-nuevos-directores-generales-de-caja-rural-de-jaen\/","title":{"rendered":"Fernando Planelles y \u00c1lvaro Mart\u00ednez, nuevos directores generales de Caja Rural de Ja\u00e9n"},"content":{"rendered":"\n<p>Caja Rural de Ja\u00e9n ha concluido su proceso de sucesi\u00f3n en la Direcci\u00f3n General en un marco de normalidad institucional, marcando el inicio de una nueva fase de liderazgo y crecimiento para la entidad. Fernando Planelles Carazo ha sido nombrado director general y \u00c1lvaro Mart\u00ednez Rodr\u00edguez ocupar\u00e1 el cargo de director general adjunto, tras cumplir con los requisitos de idoneidad y su inscripci\u00f3n en el registro de altos cargos del Banco de Espa\u00f1a.<\/p>\n\n\n\n<p>Planelles, con casi tres d\u00e9cadas de experiencia en el sector financiero en entidades como Banco de Andaluc\u00eda, Cajasur e Ibercaja, llega con una destacada trayectoria en la gesti\u00f3n financiera, desarrollo estrat\u00e9gico y adaptaci\u00f3n a entornos de cambio. Licenciado en Derecho por la Universidad de Ja\u00e9n, y con formaci\u00f3n avanzada en San Telmo Business School, Planelles ha afirmado que uno de sus principales objetivos ser\u00e1 consolidar a la Caja Rural de Ja\u00e9n como una instituci\u00f3n esencial en el desarrollo econ\u00f3mico y social de la provincia. \u00abNos adaptaremos a los retos para continuar creciendo y cumplir nuestra misi\u00f3n con nuestros clientes y la comunidad\u00bb, se\u00f1al\u00f3.<\/p>\n\n\n\n<p>Por su parte, \u00c1lvaro Mart\u00ednez Rodr\u00edguez, quien ha trabajado en la Caja durante once a\u00f1os, asume la direcci\u00f3n adjunta. Destacado en \u00e1reas de planificaci\u00f3n estrat\u00e9gica y auditor\u00eda, Mart\u00ednez cuenta con una s\u00f3lida experiencia en el \u00e1mbito de servicios profesionales y es licenciado en Administraci\u00f3n y Direcci\u00f3n de Empresas por la Universidad de Salamanca.<\/p>\n\n\n\n<p>Este cambio marca el fin de una era en la Caja Rural de Ja\u00e9n, que estuvo liderada durante m\u00e1s de cuarenta a\u00f1os por Enrique Acisclo Medina. Su gesti\u00f3n ha sido fundamental para el crecimiento y posicionamiento de la entidad como l\u00edder en la regi\u00f3n, con una red bancaria que garantiza el acceso en todos los municipios de Ja\u00e9n. Juan N\u00fa\u00f1ez, presidente de la Caja Rural de Ja\u00e9n, ha expresado su gratitud hacia Acisclo, destacando su papel en la expansi\u00f3n y modernizaci\u00f3n de la entidad.<\/p>\n\n\n\n<p>Con esta transici\u00f3n, la Caja Rural de Ja\u00e9n se prepara para afrontar los nuevos desaf\u00edos con un compromiso reforzado hacia la cercan\u00eda, la honestidad y el servicio a la comunidad, caracter\u00edsticas fundamentales de su identidad como cooperativa de cr\u00e9dito.<\/p>\n","protected":false},"excerpt":{"rendered":"<p>Caja Rural de Ja\u00e9n ha concluido su proceso de sucesi\u00f3n en la Direcci\u00f3n General en un marco de normalidad institucional, marcando el inicio de una nueva fase de liderazgo y crecimiento para la entidad. Fernando Planelles Carazo ha sido nombrado director general y \u00c1lvaro Mart\u00ednez Rodr\u00edguez ocupar\u00e1 el cargo de director general adjunto, tras cumplir &hellip;<\/p>\n<p class=\"read-more\"> <a class=\"\" href=\"https:\/\/torredonjimenoactualidad.com\/index.php\/2024\/10\/25\/fernando-planelles-y-alvaro-martinez-nuevos-directores-generales-de-caja-rural-de-jaen\/\"> <span class=\"screen-reader-text\">Fernando Planelles y \u00c1lvaro Mart\u00ednez, nuevos directores generales de Caja Rural de Ja\u00e9n<\/span> Leer m\u00e1s &raquo;<\/a><\/p>\n","protected":false},"author":3,"featured_media":2589,"comment_status":"closed","ping_status":"open","sticky":false,"template":"","format":"standard","meta":{"site-sidebar-layout":"default","site-content-layout":"default","ast-global-header-display":"","ast-main-header-display":"","ast-hfb-above-header-display":"","ast-hfb-below-header-display":"","ast-hfb-mobile-header-display":"","site-post-title":"","ast-breadcrumbs-content":"","ast-featured-img":"","footer-sml-layout":"","theme-transparent-header-meta":"","adv-header-id-meta":"","stick-header-meta":"","header-above-stick-meta":"","header-main-stick-meta":"","header-below-stick-meta":"","footnotes":""},"categories":[8],"tags":[],"class_list":["post-2592","post","type-post","status-publish","format-standard","has-post-thumbnail","hentry","category-provincia"],"yoast_head":"<!-- This site is optimized with the Yoast SEO plugin v20.8 - https:\/\/yoast.com\/wordpress\/plugins\/seo\/ -->\n<title>Fernando Planelles y \u00c1lvaro Mart\u00ednez, nuevos directores generales de Caja Rural de Ja\u00e9n - Torredonjimeno Actualidad<\/title>\n<meta name=\"robots\" content=\"index, follow, max-snippet:-1, max-image-preview:large, max-video-preview:-1\" \/>\n<link rel=\"canonical\" href=\"https:\/\/torredonjimenoactualidad.com\/index.php\/2024\/10\/25\/fernando-planelles-y-alvaro-martinez-nuevos-directores-generales-de-caja-rural-de-jaen\/\" \/>\n<meta property=\"og:locale\" content=\"es_ES\" \/>\n<meta property=\"og:type\" content=\"article\" \/>\n<meta property=\"og:title\" content=\"Fernando Planelles y \u00c1lvaro Mart\u00ednez, nuevos directores generales de Caja Rural de Ja\u00e9n - Torredonjimeno Actualidad\" \/>\n<meta property=\"og:description\" content=\"Caja Rural de Ja\u00e9n ha concluido su proceso de sucesi\u00f3n en la Direcci\u00f3n General en un marco de normalidad institucional, marcando el inicio de una nueva fase de liderazgo y crecimiento para la entidad. Fernando Planelles Carazo ha sido nombrado director general y \u00c1lvaro Mart\u00ednez Rodr\u00edguez ocupar\u00e1 el cargo de director general adjunto, tras cumplir &hellip; Fernando Planelles y \u00c1lvaro Mart\u00ednez, nuevos directores generales de Caja Rural de Ja\u00e9n Leer m\u00e1s &raquo;\" \/>\n<meta property=\"og:url\" content=\"https:\/\/torredonjimenoactualidad.com\/index.php\/2024\/10\/25\/fernando-planelles-y-alvaro-martinez-nuevos-directores-generales-de-caja-rural-de-jaen\/\" \/>\n<meta property=\"og:site_name\" content=\"Torredonjimeno Actualidad\" \/>\n<meta property=\"article:published_time\" content=\"2024-10-25T14:21:15+00:00\" \/>\n<meta property=\"article:modified_time\" content=\"2024-10-25T14:21:16+00:00\" \/>\n<meta property=\"og:image\" content=\"https:\/\/torredonjimenoactualidad.com\/wp-content\/uploads\/2024\/10\/IMG_7340-4.jpg\" \/>\n\t<meta property=\"og:image:width\" content=\"764\" \/>\n\t<meta property=\"og:image:height\" content=\"437\" \/>\n\t<meta property=\"og:image:type\" content=\"image\/jpeg\" \/>\n<meta name=\"author\" content=\"Redaccion\" \/>\n<meta name=\"twitter:card\" content=\"summary_large_image\" \/>\n<meta name=\"twitter:label1\" content=\"Escrito por\" \/>\n\t<meta name=\"twitter:data1\" content=\"Redaccion\" \/>\n\t<meta name=\"twitter:label2\" content=\"Tiempo de lectura\" \/>\n\t<meta name=\"twitter:data2\" content=\"2 minutos\" \/>\n<script type=\"application\/ld+json\" class=\"yoast-schema-graph\">{\"@context\":\"https:\/\/schema.org\",\"@graph\":[{\"@type\":\"Article\",\"@id\":\"https:\/\/torredonjimenoactualidad.com\/index.php\/2024\/10\/25\/fernando-planelles-y-alvaro-martinez-nuevos-directores-generales-de-caja-rural-de-jaen\/#article\",\"isPartOf\":{\"@id\":\"https:\/\/torredonjimenoactualidad.com\/index.php\/2024\/10\/25\/fernando-planelles-y-alvaro-martinez-nuevos-directores-generales-de-caja-rural-de-jaen\/\"},\"author\":{\"name\":\"Redaccion\",\"@id\":\"https:\/\/torredonjimenoactualidad.com\/#\/schema\/person\/11f05803cdf40dbeb7f4fbf2365c9ac5\"},\"headline\":\"Fernando Planelles y \u00c1lvaro Mart\u00ednez, nuevos directores generales de Caja Rural de Ja\u00e9n\",\"datePublished\":\"2024-10-25T14:21:15+00:00\",\"dateModified\":\"2024-10-25T14:21:16+00:00\",\"mainEntityOfPage\":{\"@id\":\"https:\/\/torredonjimenoactualidad.com\/index.php\/2024\/10\/25\/fernando-planelles-y-alvaro-martinez-nuevos-directores-generales-de-caja-rural-de-jaen\/\"},\"wordCount\":414,\"publisher\":{\"@id\":\"https:\/\/torredonjimenoactualidad.com\/#organization\"},\"articleSection\":[\"provincia\"],\"inLanguage\":\"es\"},{\"@type\":\"WebPage\",\"@id\":\"https:\/\/torredonjimenoactualidad.com\/index.php\/2024\/10\/25\/fernando-planelles-y-alvaro-martinez-nuevos-directores-generales-de-caja-rural-de-jaen\/\",\"url\":\"https:\/\/torredonjimenoactualidad.com\/index.php\/2024\/10\/25\/fernando-planelles-y-alvaro-martinez-nuevos-directores-generales-de-caja-rural-de-jaen\/\",\"name\":\"Fernando Planelles y \u00c1lvaro Mart\u00ednez, nuevos directores generales de Caja Rural de Ja\u00e9n - Torredonjimeno Actualidad\",\"isPartOf\":{\"@id\":\"https:\/\/torredonjimenoactualidad.com\/#website\"},\"datePublished\":\"2024-10-25T14:21:15+00:00\",\"dateModified\":\"2024-10-25T14:21:16+00:00\",\"breadcrumb\":{\"@id\":\"https:\/\/torredonjimenoactualidad.com\/index.php\/2024\/10\/25\/fernando-planelles-y-alvaro-martinez-nuevos-directores-generales-de-caja-rural-de-jaen\/#breadcrumb\"},\"inLanguage\":\"es\",\"potentialAction\":[{\"@type\":\"ReadAction\",\"target\":[\"https:\/\/torredonjimenoactualidad.com\/index.php\/2024\/10\/25\/fernando-planelles-y-alvaro-martinez-nuevos-directores-generales-de-caja-rural-de-jaen\/\"]}]},{\"@type\":\"BreadcrumbList\",\"@id\":\"https:\/\/torredonjimenoactualidad.com\/index.php\/2024\/10\/25\/fernando-planelles-y-alvaro-martinez-nuevos-directores-generales-de-caja-rural-de-jaen\/#breadcrumb\",\"itemListElement\":[{\"@type\":\"ListItem\",\"position\":1,\"name\":\"Portada\",\"item\":\"https:\/\/torredonjimenoactualidad.com\/\"},{\"@type\":\"ListItem\",\"position\":2,\"name\":\"Fernando Planelles y \u00c1lvaro Mart\u00ednez, nuevos directores generales de Caja Rural de Ja\u00e9n\"}]},{\"@type\":\"WebSite\",\"@id\":\"https:\/\/torredonjimenoactualidad.com\/#website\",\"url\":\"https:\/\/torredonjimenoactualidad.com\/\",\"name\":\"Torredonjimeno Actualidad\",\"description\":\"\",\"publisher\":{\"@id\":\"https:\/\/torredonjimenoactualidad.com\/#organization\"},\"potentialAction\":[{\"@type\":\"SearchAction\",\"target\":{\"@type\":\"EntryPoint\",\"urlTemplate\":\"https:\/\/torredonjimenoactualidad.com\/?s={search_term_string}\"},\"query-input\":\"required name=search_term_string\"}],\"inLanguage\":\"es\"},{\"@type\":\"Organization\",\"@id\":\"https:\/\/torredonjimenoactualidad.com\/#organization\",\"name\":\"Torredonjimeno Actualidad\",\"url\":\"https:\/\/torredonjimenoactualidad.com\/\",\"logo\":{\"@type\":\"ImageObject\",\"inLanguage\":\"es\",\"@id\":\"https:\/\/torredonjimenoactualidad.com\/#\/schema\/logo\/image\/\",\"url\":\"https:\/\/torredonjimenoactualidad.com\/wp-content\/uploads\/2023\/02\/logo-torredonjimeno-544x180-1.png\",\"contentUrl\":\"https:\/\/torredonjimenoactualidad.com\/wp-content\/uploads\/2023\/02\/logo-torredonjimeno-544x180-1.png\",\"width\":545,\"height\":112,\"caption\":\"Torredonjimeno Actualidad\"},\"image\":{\"@id\":\"https:\/\/torredonjimenoactualidad.com\/#\/schema\/logo\/image\/\"}},{\"@type\":\"Person\",\"@id\":\"https:\/\/torredonjimenoactualidad.com\/#\/schema\/person\/11f05803cdf40dbeb7f4fbf2365c9ac5\",\"name\":\"Redaccion\",\"image\":{\"@type\":\"ImageObject\",\"inLanguage\":\"es\",\"@id\":\"https:\/\/torredonjimenoactualidad.com\/#\/schema\/person\/image\/\",\"url\":\"https:\/\/secure.gravatar.com\/avatar\/5917bab7eff43e17746fd29b509939469470810b6b989b7cc2f89e3188399bf3?s=96&d=mm&r=g\",\"contentUrl\":\"https:\/\/secure.gravatar.com\/avatar\/5917bab7eff43e17746fd29b509939469470810b6b989b7cc2f89e3188399bf3?s=96&d=mm&r=g\",\"caption\":\"Redaccion\"},\"url\":\"https:\/\/torredonjimenoactualidad.com\/index.php\/author\/jose-bueno\/\"}]}<\/script>\n<!-- \/ Yoast SEO plugin. -->","yoast_head_json":{"title":"Fernando Planelles y \u00c1lvaro Mart\u00ednez, nuevos directores generales de Caja Rural de Ja\u00e9n - Torredonjimeno Actualidad","robots":{"index":"index","follow":"follow","max-snippet":"max-snippet:-1","max-image-preview":"max-image-preview:large","max-video-preview":"max-video-preview:-1"},"canonical":"https:\/\/torredonjimenoactualidad.com\/index.php\/2024\/10\/25\/fernando-planelles-y-alvaro-martinez-nuevos-directores-generales-de-caja-rural-de-jaen\/","og_locale":"es_ES","og_type":"article","og_title":"Fernando Planelles y \u00c1lvaro Mart\u00ednez, nuevos directores generales de Caja Rural de Ja\u00e9n - Torredonjimeno Actualidad","og_description":"Caja Rural de Ja\u00e9n ha concluido su proceso de sucesi\u00f3n en la Direcci\u00f3n General en un marco de normalidad institucional, marcando el inicio de una nueva fase de liderazgo y crecimiento para la entidad. Fernando Planelles Carazo ha sido nombrado director general y \u00c1lvaro Mart\u00ednez Rodr\u00edguez ocupar\u00e1 el cargo de director general adjunto, tras cumplir &hellip; Fernando Planelles y \u00c1lvaro Mart\u00ednez, nuevos directores generales de Caja Rural de Ja\u00e9n Leer m\u00e1s &raquo;","og_url":"https:\/\/torredonjimenoactualidad.com\/index.php\/2024\/10\/25\/fernando-planelles-y-alvaro-martinez-nuevos-directores-generales-de-caja-rural-de-jaen\/","og_site_name":"Torredonjimeno Actualidad","article_published_time":"2024-10-25T14:21:15+00:00","article_modified_time":"2024-10-25T14:21:16+00:00","og_image":[{"width":764,"height":437,"url":"https:\/\/torredonjimenoactualidad.com\/wp-content\/uploads\/2024\/10\/IMG_7340-4.jpg","type":"image\/jpeg"}],"author":"Redaccion","twitter_card":"summary_large_image","twitter_misc":{"Escrito por":"Redaccion","Tiempo de lectura":"2 minutos"},"schema":{"@context":"https:\/\/schema.org","@graph":[{"@type":"Article","@id":"https:\/\/torredonjimenoactualidad.com\/index.php\/2024\/10\/25\/fernando-planelles-y-alvaro-martinez-nuevos-directores-generales-de-caja-rural-de-jaen\/#article","isPartOf":{"@id":"https:\/\/torredonjimenoactualidad.com\/index.php\/2024\/10\/25\/fernando-planelles-y-alvaro-martinez-nuevos-directores-generales-de-caja-rural-de-jaen\/"},"author":{"name":"Redaccion","@id":"https:\/\/torredonjimenoactualidad.com\/#\/schema\/person\/11f05803cdf40dbeb7f4fbf2365c9ac5"},"headline":"Fernando Planelles y \u00c1lvaro Mart\u00ednez, nuevos directores generales de Caja Rural de Ja\u00e9n","datePublished":"2024-10-25T14:21:15+00:00","dateModified":"2024-10-25T14:21:16+00:00","mainEntityOfPage":{"@id":"https:\/\/torredonjimenoactualidad.com\/index.php\/2024\/10\/25\/fernando-planelles-y-alvaro-martinez-nuevos-directores-generales-de-caja-rural-de-jaen\/"},"wordCount":414,"publisher":{"@id":"https:\/\/torredonjimenoactualidad.com\/#organization"},"articleSection":["provincia"],"inLanguage":"es"},{"@type":"WebPage","@id":"https:\/\/torredonjimenoactualidad.com\/index.php\/2024\/10\/25\/fernando-planelles-y-alvaro-martinez-nuevos-directores-generales-de-caja-rural-de-jaen\/","url":"https:\/\/torredonjimenoactualidad.com\/index.php\/2024\/10\/25\/fernando-planelles-y-alvaro-martinez-nuevos-directores-generales-de-caja-rural-de-jaen\/","name":"Fernando Planelles y \u00c1lvaro Mart\u00ednez, nuevos directores generales de Caja Rural de Ja\u00e9n - Torredonjimeno Actualidad","isPartOf":{"@id":"https:\/\/torredonjimenoactualidad.com\/#website"},"datePublished":"2024-10-25T14:21:15+00:00","dateModified":"2024-10-25T14:21:16+00:00","breadcrumb":{"@id":"https:\/\/torredonjimenoactualidad.com\/index.php\/2024\/10\/25\/fernando-planelles-y-alvaro-martinez-nuevos-directores-generales-de-caja-rural-de-jaen\/#breadcrumb"},"inLanguage":"es","potentialAction":[{"@type":"ReadAction","target":["https:\/\/torredonjimenoactualidad.com\/index.php\/2024\/10\/25\/fernando-planelles-y-alvaro-martinez-nuevos-directores-generales-de-caja-rural-de-jaen\/"]}]},{"@type":"BreadcrumbList","@id":"https:\/\/torredonjimenoactualidad.com\/index.php\/2024\/10\/25\/fernando-planelles-y-alvaro-martinez-nuevos-directores-generales-de-caja-rural-de-jaen\/#breadcrumb","itemListElement":[{"@type":"ListItem","position":1,"name":"Portada","item":"https:\/\/torredonjimenoactualidad.com\/"},{"@type":"ListItem","position":2,"name":"Fernando Planelles y \u00c1lvaro Mart\u00ednez, nuevos directores generales de Caja Rural de Ja\u00e9n"}]},{"@type":"WebSite","@id":"https:\/\/torredonjimenoactualidad.com\/#website","url":"https:\/\/torredonjimenoactualidad.com\/","name":"Torredonjimeno Actualidad","description":"","publisher":{"@id":"https:\/\/torredonjimenoactualidad.com\/#organization"},"potentialAction":[{"@type":"SearchAction","target":{"@type":"EntryPoint","urlTemplate":"https:\/\/torredonjimenoactualidad.com\/?s={search_term_string}"},"query-input":"required name=search_term_string"}],"inLanguage":"es"},{"@type":"Organization","@id":"https:\/\/torredonjimenoactualidad.com\/#organization","name":"Torredonjimeno Actualidad","url":"https:\/\/torredonjimenoactualidad.com\/","logo":{"@type":"ImageObject","inLanguage":"es","@id":"https:\/\/torredonjimenoactualidad.com\/#\/schema\/logo\/image\/","url":"https:\/\/torredonjimenoactualidad.com\/wp-content\/uploads\/2023\/02\/logo-torredonjimeno-544x180-1.png","contentUrl":"https:\/\/torredonjimenoactualidad.com\/wp-content\/uploads\/2023\/02\/logo-torredonjimeno-544x180-1.png","width":545,"height":112,"caption":"Torredonjimeno Actualidad"},"image":{"@id":"https:\/\/torredonjimenoactualidad.com\/#\/schema\/logo\/image\/"}},{"@type":"Person","@id":"https:\/\/torredonjimenoactualidad.com\/#\/schema\/person\/11f05803cdf40dbeb7f4fbf2365c9ac5","name":"Redaccion","image":{"@type":"ImageObject","inLanguage":"es","@id":"https:\/\/torredonjimenoactualidad.com\/#\/schema\/person\/image\/","url":"https:\/\/secure.gravatar.com\/avatar\/5917bab7eff43e17746fd29b509939469470810b6b989b7cc2f89e3188399bf3?s=96&d=mm&r=g","contentUrl":"https:\/\/secure.gravatar.com\/avatar\/5917bab7eff43e17746fd29b509939469470810b6b989b7cc2f89e3188399bf3?s=96&d=mm&r=g","caption":"Redaccion"},"url":"https:\/\/torredonjimenoactualidad.com\/index.php\/author\/jose-bueno\/"}]}},"_links":{"self":[{"href":"https:\/\/torredonjimenoactualidad.com\/index.php\/wp-json\/wp\/v2\/posts\/2592","targetHints":{"allow":["GET"]}}],"collection":[{"href":"https:\/\/torredonjimenoactualidad.com\/index.php\/wp-json\/wp\/v2\/posts"}],"about":[{"href":"https:\/\/torredonjimenoactualidad.com\/index.php\/wp-json\/wp\/v2\/types\/post"}],"author":[{"embeddable":true,"href":"https:\/\/torredonjimenoactualidad.com\/index.php\/wp-json\/wp\/v2\/users\/3"}],"replies":[{"embeddable":true,"href":"https:\/\/torredonjimenoactualidad.com\/index.php\/wp-json\/wp\/v2\/comments?post=2592"}],"version-history":[{"count":1,"href":"https:\/\/torredonjimenoactualidad.com\/index.php\/wp-json\/wp\/v2\/posts\/2592\/revisions"}],"predecessor-version":[{"id":2593,"href":"https:\/\/torredonjimenoactualidad.com\/index.php\/wp-json\/wp\/v2\/posts\/2592\/revisions\/2593"}],"wp:featuredmedia":[{"embeddable":true,"href":"https:\/\/torredonjimenoactualidad.com\/index.php\/wp-json\/wp\/v2\/media\/2589"}],"wp:attachment":[{"href":"https:\/\/torredonjimenoactualidad.com\/index.php\/wp-json\/wp\/v2\/media?parent=2592"}],"wp:term":[{"taxonomy":"category","embeddable":true,"href":"https:\/\/torredonjimenoactualidad.com\/index.php\/wp-json\/wp\/v2\/categories?post=2592"},{"taxonomy":"post_tag","embeddable":true,"href":"https:\/\/torredonjimenoactualidad.com\/index.php\/wp-json\/wp\/v2\/tags?post=2592"}],"curies":[{"name":"wp","href":"https:\/\/api.w.org\/{rel}","templated":true}]}}