{"id":2585,"date":"2024-10-24T16:22:13","date_gmt":"2024-10-24T16:22:13","guid":{"rendered":"https:\/\/torredonjimenoactualidad.com\/?p=2585"},"modified":"2024-10-24T16:22:14","modified_gmt":"2024-10-24T16:22:14","slug":"psoe-pide-a-la-junta-que-sea-agil-y-eficiente-y-no-remolonee-a-la-hora-de-pagar-el-adelanto-de-la-pac","status":"publish","type":"post","link":"https:\/\/torredonjimenoactualidad.com\/index.php\/2024\/10\/24\/psoe-pide-a-la-junta-que-sea-agil-y-eficiente-y-no-remolonee-a-la-hora-de-pagar-el-adelanto-de-la-pac\/","title":{"rendered":"PSOE pide a la Junta que \u00absea \u00e1gil y eficiente y no remolonee\u00bb a la hora de pagar el adelanto de la PAC"},"content":{"rendered":"\n<p>El PSOE de Ja\u00e9n ha pedido a la Junta que \u00absea \u00e1gil y eficiente y no remolonee\u00bb a la hora de pagar el adelanto de la PAC con el dinero que el Gobierno de Espa\u00f1a \u00abha adelantado\u00bb a Andaluc\u00eda y resto de comunidades para abonar dichos anticipos.<\/p>\n\n\n\n<p>El coordinador del Grupo Parlamentario Socialista de Ja\u00e9n, Jose Latorre, ha indicado en un comunicado que en el caso de Andaluc\u00eda son 770 millones para pagar los anticipos de la PAC, un dinero que \u00abva a ser un bal\u00f3n de ox\u00edgeno para el campo jiennense\u00bb.<\/p>\n\n\n\n<p>\u00abConfiamos en que el Gobierno andaluz cumpla con su parte y proceda a abonar los anticipos a la mayor brevedad posible a nuestros agricultores y ganaderos\u00bb, ha dicho Latorre.<\/p>\n\n\n\n<p>Ha a\u00f1adido que el Gobierno de Espa\u00f1a \u00abes el mayor aliado del olivar jiennense\u00bb y que \u00ablo viene demostrando con hechos desde el a\u00f1o 2018\u00bb. El dirigente socialista ha defendido que \u00abha entrado en vigor una buena PAC, m\u00e1s justa y social que la anterior, con mayor apoyo para los j\u00f3venes y las mujeres, con tope para las ayudas m\u00e1ximas\u00bb y con unas ayudas asociadas para el olivar menos productivo \u00abque han sido un logro hist\u00f3rico para el sector\u00bb.<\/p>\n\n\n\n<p>\u00abEsta PAC ha sido un avance despu\u00e9s de aquel terrible marco comunitario del PP donde el olivar jiennense perdi\u00f3 m\u00e1s de 272 millones de euros, donde 14.000 productores jiennenses fueron expulsados de las ayudas y donde los peque\u00f1os y medianos olivareros perdieron una media del 16% de sus ayudas\u00bb, ha concluido Latorre.<\/p>\n","protected":false},"excerpt":{"rendered":"<p>El PSOE de Ja\u00e9n ha pedido a la Junta que \u00absea \u00e1gil y eficiente y no remolonee\u00bb a la hora de pagar el adelanto de la PAC con el dinero que el Gobierno de Espa\u00f1a \u00abha adelantado\u00bb a Andaluc\u00eda y resto de comunidades para abonar dichos anticipos. El coordinador del Grupo Parlamentario Socialista de Ja\u00e9n, &hellip;<\/p>\n<p class=\"read-more\"> <a class=\"\" href=\"https:\/\/torredonjimenoactualidad.com\/index.php\/2024\/10\/24\/psoe-pide-a-la-junta-que-sea-agil-y-eficiente-y-no-remolonee-a-la-hora-de-pagar-el-adelanto-de-la-pac\/\"> <span class=\"screen-reader-text\">PSOE pide a la Junta que \u00absea \u00e1gil y eficiente y no remolonee\u00bb a la hora de pagar el adelanto de la PAC<\/span> Leer m\u00e1s &raquo;<\/a><\/p>\n","protected":false},"author":3,"featured_media":2586,"comment_status":"closed","ping_status":"open","sticky":false,"template":"","format":"standard","meta":{"site-sidebar-layout":"default","site-content-layout":"default","ast-global-header-display":"","ast-main-header-display":"","ast-hfb-above-header-display":"","ast-hfb-below-header-display":"","ast-hfb-mobile-header-display":"","site-post-title":"","ast-breadcrumbs-content":"","ast-featured-img":"","footer-sml-layout":"","theme-transparent-header-meta":"","adv-header-id-meta":"","stick-header-meta":"","header-above-stick-meta":"","header-main-stick-meta":"","header-below-stick-meta":"","footnotes":""},"categories":[1],"tags":[],"class_list":["post-2585","post","type-post","status-publish","format-standard","has-post-thumbnail","hentry","category-sin-categoria"],"yoast_head":"<!-- This site is optimized with the Yoast SEO plugin v20.8 - https:\/\/yoast.com\/wordpress\/plugins\/seo\/ -->\n<title>PSOE pide a la Junta que &quot;sea \u00e1gil y eficiente y no remolonee&quot; a la hora de pagar el adelanto de la PAC - Torredonjimeno Actualidad<\/title>\n<meta name=\"robots\" content=\"index, follow, max-snippet:-1, max-image-preview:large, max-video-preview:-1\" \/>\n<link rel=\"canonical\" href=\"https:\/\/torredonjimenoactualidad.com\/index.php\/2024\/10\/24\/psoe-pide-a-la-junta-que-sea-agil-y-eficiente-y-no-remolonee-a-la-hora-de-pagar-el-adelanto-de-la-pac\/\" \/>\n<meta property=\"og:locale\" content=\"es_ES\" \/>\n<meta property=\"og:type\" content=\"article\" \/>\n<meta property=\"og:title\" content=\"PSOE pide a la Junta que &quot;sea \u00e1gil y eficiente y no remolonee&quot; a la hora de pagar el adelanto de la PAC - Torredonjimeno Actualidad\" \/>\n<meta property=\"og:description\" content=\"El PSOE de Ja\u00e9n ha pedido a la Junta que \u00absea \u00e1gil y eficiente y no remolonee\u00bb a la hora de pagar el adelanto de la PAC con el dinero que el Gobierno de Espa\u00f1a \u00abha adelantado\u00bb a Andaluc\u00eda y resto de comunidades para abonar dichos anticipos. El coordinador del Grupo Parlamentario Socialista de Ja\u00e9n, &hellip; PSOE pide a la Junta que \u00absea \u00e1gil y eficiente y no remolonee\u00bb a la hora de pagar el adelanto de la PAC Leer m\u00e1s &raquo;\" \/>\n<meta property=\"og:url\" content=\"https:\/\/torredonjimenoactualidad.com\/index.php\/2024\/10\/24\/psoe-pide-a-la-junta-que-sea-agil-y-eficiente-y-no-remolonee-a-la-hora-de-pagar-el-adelanto-de-la-pac\/\" \/>\n<meta property=\"og:site_name\" content=\"Torredonjimeno Actualidad\" \/>\n<meta property=\"article:published_time\" content=\"2024-10-24T16:22:13+00:00\" \/>\n<meta property=\"article:modified_time\" content=\"2024-10-24T16:22:14+00:00\" \/>\n<meta property=\"og:image\" content=\"https:\/\/torredonjimenoactualidad.com\/wp-content\/uploads\/2024\/10\/jose-latorre-en-rueda-de-prensa-1.jpeg\" \/>\n\t<meta property=\"og:image:width\" content=\"1328\" \/>\n\t<meta property=\"og:image:height\" content=\"759\" \/>\n\t<meta property=\"og:image:type\" content=\"image\/jpeg\" \/>\n<meta name=\"author\" content=\"Redaccion\" \/>\n<meta name=\"twitter:card\" content=\"summary_large_image\" \/>\n<meta name=\"twitter:label1\" content=\"Escrito por\" \/>\n\t<meta name=\"twitter:data1\" content=\"Redaccion\" \/>\n\t<meta name=\"twitter:label2\" content=\"Tiempo de lectura\" \/>\n\t<meta name=\"twitter:data2\" content=\"2 minutos\" \/>\n<script type=\"application\/ld+json\" class=\"yoast-schema-graph\">{\"@context\":\"https:\/\/schema.org\",\"@graph\":[{\"@type\":\"Article\",\"@id\":\"https:\/\/torredonjimenoactualidad.com\/index.php\/2024\/10\/24\/psoe-pide-a-la-junta-que-sea-agil-y-eficiente-y-no-remolonee-a-la-hora-de-pagar-el-adelanto-de-la-pac\/#article\",\"isPartOf\":{\"@id\":\"https:\/\/torredonjimenoactualidad.com\/index.php\/2024\/10\/24\/psoe-pide-a-la-junta-que-sea-agil-y-eficiente-y-no-remolonee-a-la-hora-de-pagar-el-adelanto-de-la-pac\/\"},\"author\":{\"name\":\"Redaccion\",\"@id\":\"https:\/\/torredonjimenoactualidad.com\/#\/schema\/person\/11f05803cdf40dbeb7f4fbf2365c9ac5\"},\"headline\":\"PSOE pide a la Junta que \u00absea \u00e1gil y eficiente y no remolonee\u00bb a la hora de pagar el adelanto de la PAC\",\"datePublished\":\"2024-10-24T16:22:13+00:00\",\"dateModified\":\"2024-10-24T16:22:14+00:00\",\"mainEntityOfPage\":{\"@id\":\"https:\/\/torredonjimenoactualidad.com\/index.php\/2024\/10\/24\/psoe-pide-a-la-junta-que-sea-agil-y-eficiente-y-no-remolonee-a-la-hora-de-pagar-el-adelanto-de-la-pac\/\"},\"wordCount\":287,\"publisher\":{\"@id\":\"https:\/\/torredonjimenoactualidad.com\/#organization\"},\"inLanguage\":\"es\"},{\"@type\":\"WebPage\",\"@id\":\"https:\/\/torredonjimenoactualidad.com\/index.php\/2024\/10\/24\/psoe-pide-a-la-junta-que-sea-agil-y-eficiente-y-no-remolonee-a-la-hora-de-pagar-el-adelanto-de-la-pac\/\",\"url\":\"https:\/\/torredonjimenoactualidad.com\/index.php\/2024\/10\/24\/psoe-pide-a-la-junta-que-sea-agil-y-eficiente-y-no-remolonee-a-la-hora-de-pagar-el-adelanto-de-la-pac\/\",\"name\":\"PSOE pide a la Junta que \\\"sea \u00e1gil y eficiente y no remolonee\\\" a la hora de pagar el adelanto de la PAC - Torredonjimeno Actualidad\",\"isPartOf\":{\"@id\":\"https:\/\/torredonjimenoactualidad.com\/#website\"},\"datePublished\":\"2024-10-24T16:22:13+00:00\",\"dateModified\":\"2024-10-24T16:22:14+00:00\",\"breadcrumb\":{\"@id\":\"https:\/\/torredonjimenoactualidad.com\/index.php\/2024\/10\/24\/psoe-pide-a-la-junta-que-sea-agil-y-eficiente-y-no-remolonee-a-la-hora-de-pagar-el-adelanto-de-la-pac\/#breadcrumb\"},\"inLanguage\":\"es\",\"potentialAction\":[{\"@type\":\"ReadAction\",\"target\":[\"https:\/\/torredonjimenoactualidad.com\/index.php\/2024\/10\/24\/psoe-pide-a-la-junta-que-sea-agil-y-eficiente-y-no-remolonee-a-la-hora-de-pagar-el-adelanto-de-la-pac\/\"]}]},{\"@type\":\"BreadcrumbList\",\"@id\":\"https:\/\/torredonjimenoactualidad.com\/index.php\/2024\/10\/24\/psoe-pide-a-la-junta-que-sea-agil-y-eficiente-y-no-remolonee-a-la-hora-de-pagar-el-adelanto-de-la-pac\/#breadcrumb\",\"itemListElement\":[{\"@type\":\"ListItem\",\"position\":1,\"name\":\"Portada\",\"item\":\"https:\/\/torredonjimenoactualidad.com\/\"},{\"@type\":\"ListItem\",\"position\":2,\"name\":\"PSOE pide a la Junta que \u00absea \u00e1gil y eficiente y no remolonee\u00bb a la hora de pagar el adelanto de la PAC\"}]},{\"@type\":\"WebSite\",\"@id\":\"https:\/\/torredonjimenoactualidad.com\/#website\",\"url\":\"https:\/\/torredonjimenoactualidad.com\/\",\"name\":\"Torredonjimeno Actualidad\",\"description\":\"\",\"publisher\":{\"@id\":\"https:\/\/torredonjimenoactualidad.com\/#organization\"},\"potentialAction\":[{\"@type\":\"SearchAction\",\"target\":{\"@type\":\"EntryPoint\",\"urlTemplate\":\"https:\/\/torredonjimenoactualidad.com\/?s={search_term_string}\"},\"query-input\":\"required name=search_term_string\"}],\"inLanguage\":\"es\"},{\"@type\":\"Organization\",\"@id\":\"https:\/\/torredonjimenoactualidad.com\/#organization\",\"name\":\"Torredonjimeno Actualidad\",\"url\":\"https:\/\/torredonjimenoactualidad.com\/\",\"logo\":{\"@type\":\"ImageObject\",\"inLanguage\":\"es\",\"@id\":\"https:\/\/torredonjimenoactualidad.com\/#\/schema\/logo\/image\/\",\"url\":\"https:\/\/torredonjimenoactualidad.com\/wp-content\/uploads\/2023\/02\/logo-torredonjimeno-544x180-1.png\",\"contentUrl\":\"https:\/\/torredonjimenoactualidad.com\/wp-content\/uploads\/2023\/02\/logo-torredonjimeno-544x180-1.png\",\"width\":545,\"height\":112,\"caption\":\"Torredonjimeno Actualidad\"},\"image\":{\"@id\":\"https:\/\/torredonjimenoactualidad.com\/#\/schema\/logo\/image\/\"}},{\"@type\":\"Person\",\"@id\":\"https:\/\/torredonjimenoactualidad.com\/#\/schema\/person\/11f05803cdf40dbeb7f4fbf2365c9ac5\",\"name\":\"Redaccion\",\"image\":{\"@type\":\"ImageObject\",\"inLanguage\":\"es\",\"@id\":\"https:\/\/torredonjimenoactualidad.com\/#\/schema\/person\/image\/\",\"url\":\"https:\/\/secure.gravatar.com\/avatar\/5917bab7eff43e17746fd29b509939469470810b6b989b7cc2f89e3188399bf3?s=96&d=mm&r=g\",\"contentUrl\":\"https:\/\/secure.gravatar.com\/avatar\/5917bab7eff43e17746fd29b509939469470810b6b989b7cc2f89e3188399bf3?s=96&d=mm&r=g\",\"caption\":\"Redaccion\"},\"url\":\"https:\/\/torredonjimenoactualidad.com\/index.php\/author\/jose-bueno\/\"}]}<\/script>\n<!-- \/ Yoast SEO plugin. -->","yoast_head_json":{"title":"PSOE pide a la Junta que \"sea \u00e1gil y eficiente y no remolonee\" a la hora de pagar el adelanto de la PAC - Torredonjimeno Actualidad","robots":{"index":"index","follow":"follow","max-snippet":"max-snippet:-1","max-image-preview":"max-image-preview:large","max-video-preview":"max-video-preview:-1"},"canonical":"https:\/\/torredonjimenoactualidad.com\/index.php\/2024\/10\/24\/psoe-pide-a-la-junta-que-sea-agil-y-eficiente-y-no-remolonee-a-la-hora-de-pagar-el-adelanto-de-la-pac\/","og_locale":"es_ES","og_type":"article","og_title":"PSOE pide a la Junta que \"sea \u00e1gil y eficiente y no remolonee\" a la hora de pagar el adelanto de la PAC - Torredonjimeno Actualidad","og_description":"El PSOE de Ja\u00e9n ha pedido a la Junta que \u00absea \u00e1gil y eficiente y no remolonee\u00bb a la hora de pagar el adelanto de la PAC con el dinero que el Gobierno de Espa\u00f1a \u00abha adelantado\u00bb a Andaluc\u00eda y resto de comunidades para abonar dichos anticipos. El coordinador del Grupo Parlamentario Socialista de Ja\u00e9n, &hellip; PSOE pide a la Junta que \u00absea \u00e1gil y eficiente y no remolonee\u00bb a la hora de pagar el adelanto de la PAC Leer m\u00e1s &raquo;","og_url":"https:\/\/torredonjimenoactualidad.com\/index.php\/2024\/10\/24\/psoe-pide-a-la-junta-que-sea-agil-y-eficiente-y-no-remolonee-a-la-hora-de-pagar-el-adelanto-de-la-pac\/","og_site_name":"Torredonjimeno Actualidad","article_published_time":"2024-10-24T16:22:13+00:00","article_modified_time":"2024-10-24T16:22:14+00:00","og_image":[{"width":1328,"height":759,"url":"https:\/\/torredonjimenoactualidad.com\/wp-content\/uploads\/2024\/10\/jose-latorre-en-rueda-de-prensa-1.jpeg","type":"image\/jpeg"}],"author":"Redaccion","twitter_card":"summary_large_image","twitter_misc":{"Escrito por":"Redaccion","Tiempo de lectura":"2 minutos"},"schema":{"@context":"https:\/\/schema.org","@graph":[{"@type":"Article","@id":"https:\/\/torredonjimenoactualidad.com\/index.php\/2024\/10\/24\/psoe-pide-a-la-junta-que-sea-agil-y-eficiente-y-no-remolonee-a-la-hora-de-pagar-el-adelanto-de-la-pac\/#article","isPartOf":{"@id":"https:\/\/torredonjimenoactualidad.com\/index.php\/2024\/10\/24\/psoe-pide-a-la-junta-que-sea-agil-y-eficiente-y-no-remolonee-a-la-hora-de-pagar-el-adelanto-de-la-pac\/"},"author":{"name":"Redaccion","@id":"https:\/\/torredonjimenoactualidad.com\/#\/schema\/person\/11f05803cdf40dbeb7f4fbf2365c9ac5"},"headline":"PSOE pide a la Junta que \u00absea \u00e1gil y eficiente y no remolonee\u00bb a la hora de pagar el adelanto de la PAC","datePublished":"2024-10-24T16:22:13+00:00","dateModified":"2024-10-24T16:22:14+00:00","mainEntityOfPage":{"@id":"https:\/\/torredonjimenoactualidad.com\/index.php\/2024\/10\/24\/psoe-pide-a-la-junta-que-sea-agil-y-eficiente-y-no-remolonee-a-la-hora-de-pagar-el-adelanto-de-la-pac\/"},"wordCount":287,"publisher":{"@id":"https:\/\/torredonjimenoactualidad.com\/#organization"},"inLanguage":"es"},{"@type":"WebPage","@id":"https:\/\/torredonjimenoactualidad.com\/index.php\/2024\/10\/24\/psoe-pide-a-la-junta-que-sea-agil-y-eficiente-y-no-remolonee-a-la-hora-de-pagar-el-adelanto-de-la-pac\/","url":"https:\/\/torredonjimenoactualidad.com\/index.php\/2024\/10\/24\/psoe-pide-a-la-junta-que-sea-agil-y-eficiente-y-no-remolonee-a-la-hora-de-pagar-el-adelanto-de-la-pac\/","name":"PSOE pide a la Junta que \"sea \u00e1gil y eficiente y no remolonee\" a la hora de pagar el adelanto de la PAC - Torredonjimeno Actualidad","isPartOf":{"@id":"https:\/\/torredonjimenoactualidad.com\/#website"},"datePublished":"2024-10-24T16:22:13+00:00","dateModified":"2024-10-24T16:22:14+00:00","breadcrumb":{"@id":"https:\/\/torredonjimenoactualidad.com\/index.php\/2024\/10\/24\/psoe-pide-a-la-junta-que-sea-agil-y-eficiente-y-no-remolonee-a-la-hora-de-pagar-el-adelanto-de-la-pac\/#breadcrumb"},"inLanguage":"es","potentialAction":[{"@type":"ReadAction","target":["https:\/\/torredonjimenoactualidad.com\/index.php\/2024\/10\/24\/psoe-pide-a-la-junta-que-sea-agil-y-eficiente-y-no-remolonee-a-la-hora-de-pagar-el-adelanto-de-la-pac\/"]}]},{"@type":"BreadcrumbList","@id":"https:\/\/torredonjimenoactualidad.com\/index.php\/2024\/10\/24\/psoe-pide-a-la-junta-que-sea-agil-y-eficiente-y-no-remolonee-a-la-hora-de-pagar-el-adelanto-de-la-pac\/#breadcrumb","itemListElement":[{"@type":"ListItem","position":1,"name":"Portada","item":"https:\/\/torredonjimenoactualidad.com\/"},{"@type":"ListItem","position":2,"name":"PSOE pide a la Junta que \u00absea \u00e1gil y eficiente y no remolonee\u00bb a la hora de pagar el adelanto de la PAC"}]},{"@type":"WebSite","@id":"https:\/\/torredonjimenoactualidad.com\/#website","url":"https:\/\/torredonjimenoactualidad.com\/","name":"Torredonjimeno Actualidad","description":"","publisher":{"@id":"https:\/\/torredonjimenoactualidad.com\/#organization"},"potentialAction":[{"@type":"SearchAction","target":{"@type":"EntryPoint","urlTemplate":"https:\/\/torredonjimenoactualidad.com\/?s={search_term_string}"},"query-input":"required name=search_term_string"}],"inLanguage":"es"},{"@type":"Organization","@id":"https:\/\/torredonjimenoactualidad.com\/#organization","name":"Torredonjimeno Actualidad","url":"https:\/\/torredonjimenoactualidad.com\/","logo":{"@type":"ImageObject","inLanguage":"es","@id":"https:\/\/torredonjimenoactualidad.com\/#\/schema\/logo\/image\/","url":"https:\/\/torredonjimenoactualidad.com\/wp-content\/uploads\/2023\/02\/logo-torredonjimeno-544x180-1.png","contentUrl":"https:\/\/torredonjimenoactualidad.com\/wp-content\/uploads\/2023\/02\/logo-torredonjimeno-544x180-1.png","width":545,"height":112,"caption":"Torredonjimeno Actualidad"},"image":{"@id":"https:\/\/torredonjimenoactualidad.com\/#\/schema\/logo\/image\/"}},{"@type":"Person","@id":"https:\/\/torredonjimenoactualidad.com\/#\/schema\/person\/11f05803cdf40dbeb7f4fbf2365c9ac5","name":"Redaccion","image":{"@type":"ImageObject","inLanguage":"es","@id":"https:\/\/torredonjimenoactualidad.com\/#\/schema\/person\/image\/","url":"https:\/\/secure.gravatar.com\/avatar\/5917bab7eff43e17746fd29b509939469470810b6b989b7cc2f89e3188399bf3?s=96&d=mm&r=g","contentUrl":"https:\/\/secure.gravatar.com\/avatar\/5917bab7eff43e17746fd29b509939469470810b6b989b7cc2f89e3188399bf3?s=96&d=mm&r=g","caption":"Redaccion"},"url":"https:\/\/torredonjimenoactualidad.com\/index.php\/author\/jose-bueno\/"}]}},"_links":{"self":[{"href":"https:\/\/torredonjimenoactualidad.com\/index.php\/wp-json\/wp\/v2\/posts\/2585","targetHints":{"allow":["GET"]}}],"collection":[{"href":"https:\/\/torredonjimenoactualidad.com\/index.php\/wp-json\/wp\/v2\/posts"}],"about":[{"href":"https:\/\/torredonjimenoactualidad.com\/index.php\/wp-json\/wp\/v2\/types\/post"}],"author":[{"embeddable":true,"href":"https:\/\/torredonjimenoactualidad.com\/index.php\/wp-json\/wp\/v2\/users\/3"}],"replies":[{"embeddable":true,"href":"https:\/\/torredonjimenoactualidad.com\/index.php\/wp-json\/wp\/v2\/comments?post=2585"}],"version-history":[{"count":1,"href":"https:\/\/torredonjimenoactualidad.com\/index.php\/wp-json\/wp\/v2\/posts\/2585\/revisions"}],"predecessor-version":[{"id":2587,"href":"https:\/\/torredonjimenoactualidad.com\/index.php\/wp-json\/wp\/v2\/posts\/2585\/revisions\/2587"}],"wp:featuredmedia":[{"embeddable":true,"href":"https:\/\/torredonjimenoactualidad.com\/index.php\/wp-json\/wp\/v2\/media\/2586"}],"wp:attachment":[{"href":"https:\/\/torredonjimenoactualidad.com\/index.php\/wp-json\/wp\/v2\/media?parent=2585"}],"wp:term":[{"taxonomy":"category","embeddable":true,"href":"https:\/\/torredonjimenoactualidad.com\/index.php\/wp-json\/wp\/v2\/categories?post=2585"},{"taxonomy":"post_tag","embeddable":true,"href":"https:\/\/torredonjimenoactualidad.com\/index.php\/wp-json\/wp\/v2\/tags?post=2585"}],"curies":[{"name":"wp","href":"https:\/\/api.w.org\/{rel}","templated":true}]}}