{"id":2532,"date":"2024-10-17T12:43:22","date_gmt":"2024-10-17T12:43:22","guid":{"rendered":"https:\/\/torredonjimenoactualidad.com\/?p=2532"},"modified":"2024-10-17T12:43:23","modified_gmt":"2024-10-17T12:43:23","slug":"la-junta-invierte-300-000-euros-en-la-mejora-del-centro-de-participacion-activa-de-torredonjimeno","status":"publish","type":"post","link":"https:\/\/torredonjimenoactualidad.com\/index.php\/2024\/10\/17\/la-junta-invierte-300-000-euros-en-la-mejora-del-centro-de-participacion-activa-de-torredonjimeno\/","title":{"rendered":"La Junta invierte 300.000 euros en la mejora del Centro de Participaci\u00f3n Activa de Torredonjimeno"},"content":{"rendered":"\n<p>La Consejer\u00eda de Inclusi\u00f3n Social, Juventud, Familias e Igualdad ha destinado cerca de 300.000 euros a las obras de remodelaci\u00f3n del Centro de Participaci\u00f3n Activa (CPA) de Torredonjimeno, con el objetivo de promover el envejecimiento activo y mejorar la calidad de vida de las personas mayores de la localidad. Este centro, que es un referente para la comunidad, busca potenciar la participaci\u00f3n de los mayores en actividades culturales, recreativas y formativas.<\/p>\n\n\n\n<p>\u00c1ngela Hidalgo, delegada territorial de la Consejer\u00eda, ha visitado hoy las instalaciones en compa\u00f1\u00eda del alcalde, Enrique Castro y miembros del equipo de Gobierno, con la finalidad de conocer de primera mano el desarrollo de las obras. Durante su visita, Hidalgo destac\u00f3 la importancia de estos centros en la promoci\u00f3n de un envejecimiento saludable, subrayando que \u00abinvertir en los mayores es invertir en el bienestar de nuestra sociedad\u00bb.<\/p>\n\n\n\n<p>El CPA de Torredonjimeno ha sido un espacio clave en la vida del municipio, ofreciendo actividades y servicios que permiten a las personas mayores mantenerse activas y socialmente conectadas. Con esta remodelaci\u00f3n, se busca ampliar y mejorar las infraestructuras, adapt\u00e1ndolas a las nuevas necesidades y ofreciendo un entorno moderno y accesible para todos sus usuarios.<\/p>\n\n\n\n<p>La inversi\u00f3n de la Consejer\u00eda es parte de un plan m\u00e1s amplio que tiene como objetivo la mejora de centros de participaci\u00f3n activa en la provincia, reforzando su papel en la promoci\u00f3n de un envejecimiento digno y pleno.<\/p>\n\n\n\n<p>Los trabajos de remodelaci\u00f3n del centro avanzan seg\u00fan lo previsto y se espera que est\u00e9n finalizados en los pr\u00f3ximos meses, permitiendo a los mayores de Torredonjimeno disfrutar pronto de unas instalaciones renovadas y m\u00e1s funcionales.<\/p>\n\n\n\n<figure class=\"wp-block-image aligncenter size-large is-resized\"><img loading=\"lazy\" decoding=\"async\" width=\"1024\" height=\"585\" src=\"https:\/\/torredonjimenoactualidad.com\/wp-content\/uploads\/2024\/10\/462573746_933931875435884_8946633444667211104_n-1024x585.jpg\" alt=\"\" class=\"wp-image-2534\" style=\"width:959px;height:auto\" srcset=\"https:\/\/torredonjimenoactualidad.com\/wp-content\/uploads\/2024\/10\/462573746_933931875435884_8946633444667211104_n-1024x585.jpg 1024w, https:\/\/torredonjimenoactualidad.com\/wp-content\/uploads\/2024\/10\/462573746_933931875435884_8946633444667211104_n-300x171.jpg 300w, https:\/\/torredonjimenoactualidad.com\/wp-content\/uploads\/2024\/10\/462573746_933931875435884_8946633444667211104_n-768x439.jpg 768w, https:\/\/torredonjimenoactualidad.com\/wp-content\/uploads\/2024\/10\/462573746_933931875435884_8946633444667211104_n-1536x877.jpg 1536w, https:\/\/torredonjimenoactualidad.com\/wp-content\/uploads\/2024\/10\/462573746_933931875435884_8946633444667211104_n.jpg 2040w\" sizes=\"auto, (max-width: 1024px) 100vw, 1024px\" \/><\/figure>\n","protected":false},"excerpt":{"rendered":"<p>La Consejer\u00eda de Inclusi\u00f3n Social, Juventud, Familias e Igualdad ha destinado cerca de 300.000 euros a las obras de remodelaci\u00f3n del Centro de Participaci\u00f3n Activa (CPA) de Torredonjimeno, con el objetivo de promover el envejecimiento activo y mejorar la calidad de vida de las personas mayores de la localidad. Este centro, que es un referente &hellip;<\/p>\n<p class=\"read-more\"> <a class=\"\" href=\"https:\/\/torredonjimenoactualidad.com\/index.php\/2024\/10\/17\/la-junta-invierte-300-000-euros-en-la-mejora-del-centro-de-participacion-activa-de-torredonjimeno\/\"> <span class=\"screen-reader-text\">La Junta invierte 300.000 euros en la mejora del Centro de Participaci\u00f3n Activa de Torredonjimeno<\/span> Leer m\u00e1s &raquo;<\/a><\/p>\n","protected":false},"author":2,"featured_media":2533,"comment_status":"closed","ping_status":"open","sticky":false,"template":"","format":"standard","meta":{"site-sidebar-layout":"default","site-content-layout":"default","ast-global-header-display":"","ast-main-header-display":"","ast-hfb-above-header-display":"","ast-hfb-below-header-display":"","ast-hfb-mobile-header-display":"","site-post-title":"","ast-breadcrumbs-content":"","ast-featured-img":"","footer-sml-layout":"","theme-transparent-header-meta":"","adv-header-id-meta":"","stick-header-meta":"","header-above-stick-meta":"","header-main-stick-meta":"","header-below-stick-meta":"","footnotes":""},"categories":[7],"tags":[],"class_list":["post-2532","post","type-post","status-publish","format-standard","has-post-thumbnail","hentry","category-local"],"yoast_head":"<!-- This site is optimized with the Yoast SEO plugin v20.8 - https:\/\/yoast.com\/wordpress\/plugins\/seo\/ -->\n<title>La Junta invierte 300.000 euros en la mejora del Centro de Participaci\u00f3n Activa de Torredonjimeno - Torredonjimeno Actualidad<\/title>\n<meta name=\"robots\" content=\"index, follow, max-snippet:-1, max-image-preview:large, max-video-preview:-1\" \/>\n<link rel=\"canonical\" href=\"https:\/\/torredonjimenoactualidad.com\/index.php\/2024\/10\/17\/la-junta-invierte-300-000-euros-en-la-mejora-del-centro-de-participacion-activa-de-torredonjimeno\/\" \/>\n<meta property=\"og:locale\" content=\"es_ES\" \/>\n<meta property=\"og:type\" content=\"article\" \/>\n<meta property=\"og:title\" content=\"La Junta invierte 300.000 euros en la mejora del Centro de Participaci\u00f3n Activa de Torredonjimeno - Torredonjimeno Actualidad\" \/>\n<meta property=\"og:description\" content=\"La Consejer\u00eda de Inclusi\u00f3n Social, Juventud, Familias e Igualdad ha destinado cerca de 300.000 euros a las obras de remodelaci\u00f3n del Centro de Participaci\u00f3n Activa (CPA) de Torredonjimeno, con el objetivo de promover el envejecimiento activo y mejorar la calidad de vida de las personas mayores de la localidad. Este centro, que es un referente &hellip; La Junta invierte 300.000 euros en la mejora del Centro de Participaci\u00f3n Activa de Torredonjimeno Leer m\u00e1s &raquo;\" \/>\n<meta property=\"og:url\" content=\"https:\/\/torredonjimenoactualidad.com\/index.php\/2024\/10\/17\/la-junta-invierte-300-000-euros-en-la-mejora-del-centro-de-participacion-activa-de-torredonjimeno\/\" \/>\n<meta property=\"og:site_name\" content=\"Torredonjimeno Actualidad\" \/>\n<meta property=\"article:published_time\" content=\"2024-10-17T12:43:22+00:00\" \/>\n<meta property=\"article:modified_time\" content=\"2024-10-17T12:43:23+00:00\" \/>\n<meta property=\"og:image\" content=\"https:\/\/torredonjimenoactualidad.com\/wp-content\/uploads\/2024\/10\/463395107_933931858769219_3574696311265502222_n.jpg\" \/>\n\t<meta property=\"og:image:width\" content=\"2040\" \/>\n\t<meta property=\"og:image:height\" content=\"1166\" \/>\n\t<meta property=\"og:image:type\" content=\"image\/jpeg\" \/>\n<meta name=\"author\" content=\"Alba Mar\u00eda Torres\" \/>\n<meta name=\"twitter:card\" content=\"summary_large_image\" \/>\n<meta name=\"twitter:label1\" content=\"Escrito por\" \/>\n\t<meta name=\"twitter:data1\" content=\"Alba Mar\u00eda Torres\" \/>\n\t<meta name=\"twitter:label2\" content=\"Tiempo de lectura\" \/>\n\t<meta name=\"twitter:data2\" content=\"2 minutos\" \/>\n<script type=\"application\/ld+json\" class=\"yoast-schema-graph\">{\"@context\":\"https:\/\/schema.org\",\"@graph\":[{\"@type\":\"Article\",\"@id\":\"https:\/\/torredonjimenoactualidad.com\/index.php\/2024\/10\/17\/la-junta-invierte-300-000-euros-en-la-mejora-del-centro-de-participacion-activa-de-torredonjimeno\/#article\",\"isPartOf\":{\"@id\":\"https:\/\/torredonjimenoactualidad.com\/index.php\/2024\/10\/17\/la-junta-invierte-300-000-euros-en-la-mejora-del-centro-de-participacion-activa-de-torredonjimeno\/\"},\"author\":{\"name\":\"Alba Mar\u00eda Torres\",\"@id\":\"https:\/\/torredonjimenoactualidad.com\/#\/schema\/person\/84de5f233e783ef2c75151a532b54977\"},\"headline\":\"La Junta invierte 300.000 euros en la mejora del Centro de Participaci\u00f3n Activa de Torredonjimeno\",\"datePublished\":\"2024-10-17T12:43:22+00:00\",\"dateModified\":\"2024-10-17T12:43:23+00:00\",\"mainEntityOfPage\":{\"@id\":\"https:\/\/torredonjimenoactualidad.com\/index.php\/2024\/10\/17\/la-junta-invierte-300-000-euros-en-la-mejora-del-centro-de-participacion-activa-de-torredonjimeno\/\"},\"wordCount\":301,\"publisher\":{\"@id\":\"https:\/\/torredonjimenoactualidad.com\/#organization\"},\"articleSection\":[\"local\"],\"inLanguage\":\"es\"},{\"@type\":\"WebPage\",\"@id\":\"https:\/\/torredonjimenoactualidad.com\/index.php\/2024\/10\/17\/la-junta-invierte-300-000-euros-en-la-mejora-del-centro-de-participacion-activa-de-torredonjimeno\/\",\"url\":\"https:\/\/torredonjimenoactualidad.com\/index.php\/2024\/10\/17\/la-junta-invierte-300-000-euros-en-la-mejora-del-centro-de-participacion-activa-de-torredonjimeno\/\",\"name\":\"La Junta invierte 300.000 euros en la mejora del Centro de Participaci\u00f3n Activa de Torredonjimeno - Torredonjimeno Actualidad\",\"isPartOf\":{\"@id\":\"https:\/\/torredonjimenoactualidad.com\/#website\"},\"datePublished\":\"2024-10-17T12:43:22+00:00\",\"dateModified\":\"2024-10-17T12:43:23+00:00\",\"breadcrumb\":{\"@id\":\"https:\/\/torredonjimenoactualidad.com\/index.php\/2024\/10\/17\/la-junta-invierte-300-000-euros-en-la-mejora-del-centro-de-participacion-activa-de-torredonjimeno\/#breadcrumb\"},\"inLanguage\":\"es\",\"potentialAction\":[{\"@type\":\"ReadAction\",\"target\":[\"https:\/\/torredonjimenoactualidad.com\/index.php\/2024\/10\/17\/la-junta-invierte-300-000-euros-en-la-mejora-del-centro-de-participacion-activa-de-torredonjimeno\/\"]}]},{\"@type\":\"BreadcrumbList\",\"@id\":\"https:\/\/torredonjimenoactualidad.com\/index.php\/2024\/10\/17\/la-junta-invierte-300-000-euros-en-la-mejora-del-centro-de-participacion-activa-de-torredonjimeno\/#breadcrumb\",\"itemListElement\":[{\"@type\":\"ListItem\",\"position\":1,\"name\":\"Portada\",\"item\":\"https:\/\/torredonjimenoactualidad.com\/\"},{\"@type\":\"ListItem\",\"position\":2,\"name\":\"La Junta invierte 300.000 euros en la mejora del Centro de Participaci\u00f3n Activa de Torredonjimeno\"}]},{\"@type\":\"WebSite\",\"@id\":\"https:\/\/torredonjimenoactualidad.com\/#website\",\"url\":\"https:\/\/torredonjimenoactualidad.com\/\",\"name\":\"Torredonjimeno Actualidad\",\"description\":\"\",\"publisher\":{\"@id\":\"https:\/\/torredonjimenoactualidad.com\/#organization\"},\"potentialAction\":[{\"@type\":\"SearchAction\",\"target\":{\"@type\":\"EntryPoint\",\"urlTemplate\":\"https:\/\/torredonjimenoactualidad.com\/?s={search_term_string}\"},\"query-input\":\"required name=search_term_string\"}],\"inLanguage\":\"es\"},{\"@type\":\"Organization\",\"@id\":\"https:\/\/torredonjimenoactualidad.com\/#organization\",\"name\":\"Torredonjimeno Actualidad\",\"url\":\"https:\/\/torredonjimenoactualidad.com\/\",\"logo\":{\"@type\":\"ImageObject\",\"inLanguage\":\"es\",\"@id\":\"https:\/\/torredonjimenoactualidad.com\/#\/schema\/logo\/image\/\",\"url\":\"https:\/\/torredonjimenoactualidad.com\/wp-content\/uploads\/2023\/02\/logo-torredonjimeno-544x180-1.png\",\"contentUrl\":\"https:\/\/torredonjimenoactualidad.com\/wp-content\/uploads\/2023\/02\/logo-torredonjimeno-544x180-1.png\",\"width\":545,\"height\":112,\"caption\":\"Torredonjimeno Actualidad\"},\"image\":{\"@id\":\"https:\/\/torredonjimenoactualidad.com\/#\/schema\/logo\/image\/\"}},{\"@type\":\"Person\",\"@id\":\"https:\/\/torredonjimenoactualidad.com\/#\/schema\/person\/84de5f233e783ef2c75151a532b54977\",\"name\":\"Alba Mar\u00eda Torres\",\"image\":{\"@type\":\"ImageObject\",\"inLanguage\":\"es\",\"@id\":\"https:\/\/torredonjimenoactualidad.com\/#\/schema\/person\/image\/\",\"url\":\"https:\/\/secure.gravatar.com\/avatar\/f9371f188c71501b4475a9ba2a71595850ec72967f800a2ed8e3e2102859ed65?s=96&d=mm&r=g\",\"contentUrl\":\"https:\/\/secure.gravatar.com\/avatar\/f9371f188c71501b4475a9ba2a71595850ec72967f800a2ed8e3e2102859ed65?s=96&d=mm&r=g\",\"caption\":\"Alba Mar\u00eda Torres\"},\"url\":\"https:\/\/torredonjimenoactualidad.com\/index.php\/author\/alba-torres\/\"}]}<\/script>\n<!-- \/ Yoast SEO plugin. -->","yoast_head_json":{"title":"La Junta invierte 300.000 euros en la mejora del Centro de Participaci\u00f3n Activa de Torredonjimeno - Torredonjimeno Actualidad","robots":{"index":"index","follow":"follow","max-snippet":"max-snippet:-1","max-image-preview":"max-image-preview:large","max-video-preview":"max-video-preview:-1"},"canonical":"https:\/\/torredonjimenoactualidad.com\/index.php\/2024\/10\/17\/la-junta-invierte-300-000-euros-en-la-mejora-del-centro-de-participacion-activa-de-torredonjimeno\/","og_locale":"es_ES","og_type":"article","og_title":"La Junta invierte 300.000 euros en la mejora del Centro de Participaci\u00f3n Activa de Torredonjimeno - Torredonjimeno Actualidad","og_description":"La Consejer\u00eda de Inclusi\u00f3n Social, Juventud, Familias e Igualdad ha destinado cerca de 300.000 euros a las obras de remodelaci\u00f3n del Centro de Participaci\u00f3n Activa (CPA) de Torredonjimeno, con el objetivo de promover el envejecimiento activo y mejorar la calidad de vida de las personas mayores de la localidad. Este centro, que es un referente &hellip; La Junta invierte 300.000 euros en la mejora del Centro de Participaci\u00f3n Activa de Torredonjimeno Leer m\u00e1s &raquo;","og_url":"https:\/\/torredonjimenoactualidad.com\/index.php\/2024\/10\/17\/la-junta-invierte-300-000-euros-en-la-mejora-del-centro-de-participacion-activa-de-torredonjimeno\/","og_site_name":"Torredonjimeno Actualidad","article_published_time":"2024-10-17T12:43:22+00:00","article_modified_time":"2024-10-17T12:43:23+00:00","og_image":[{"width":2040,"height":1166,"url":"https:\/\/torredonjimenoactualidad.com\/wp-content\/uploads\/2024\/10\/463395107_933931858769219_3574696311265502222_n.jpg","type":"image\/jpeg"}],"author":"Alba Mar\u00eda Torres","twitter_card":"summary_large_image","twitter_misc":{"Escrito por":"Alba Mar\u00eda Torres","Tiempo de lectura":"2 minutos"},"schema":{"@context":"https:\/\/schema.org","@graph":[{"@type":"Article","@id":"https:\/\/torredonjimenoactualidad.com\/index.php\/2024\/10\/17\/la-junta-invierte-300-000-euros-en-la-mejora-del-centro-de-participacion-activa-de-torredonjimeno\/#article","isPartOf":{"@id":"https:\/\/torredonjimenoactualidad.com\/index.php\/2024\/10\/17\/la-junta-invierte-300-000-euros-en-la-mejora-del-centro-de-participacion-activa-de-torredonjimeno\/"},"author":{"name":"Alba Mar\u00eda Torres","@id":"https:\/\/torredonjimenoactualidad.com\/#\/schema\/person\/84de5f233e783ef2c75151a532b54977"},"headline":"La Junta invierte 300.000 euros en la mejora del Centro de Participaci\u00f3n Activa de Torredonjimeno","datePublished":"2024-10-17T12:43:22+00:00","dateModified":"2024-10-17T12:43:23+00:00","mainEntityOfPage":{"@id":"https:\/\/torredonjimenoactualidad.com\/index.php\/2024\/10\/17\/la-junta-invierte-300-000-euros-en-la-mejora-del-centro-de-participacion-activa-de-torredonjimeno\/"},"wordCount":301,"publisher":{"@id":"https:\/\/torredonjimenoactualidad.com\/#organization"},"articleSection":["local"],"inLanguage":"es"},{"@type":"WebPage","@id":"https:\/\/torredonjimenoactualidad.com\/index.php\/2024\/10\/17\/la-junta-invierte-300-000-euros-en-la-mejora-del-centro-de-participacion-activa-de-torredonjimeno\/","url":"https:\/\/torredonjimenoactualidad.com\/index.php\/2024\/10\/17\/la-junta-invierte-300-000-euros-en-la-mejora-del-centro-de-participacion-activa-de-torredonjimeno\/","name":"La Junta invierte 300.000 euros en la mejora del Centro de Participaci\u00f3n Activa de Torredonjimeno - Torredonjimeno Actualidad","isPartOf":{"@id":"https:\/\/torredonjimenoactualidad.com\/#website"},"datePublished":"2024-10-17T12:43:22+00:00","dateModified":"2024-10-17T12:43:23+00:00","breadcrumb":{"@id":"https:\/\/torredonjimenoactualidad.com\/index.php\/2024\/10\/17\/la-junta-invierte-300-000-euros-en-la-mejora-del-centro-de-participacion-activa-de-torredonjimeno\/#breadcrumb"},"inLanguage":"es","potentialAction":[{"@type":"ReadAction","target":["https:\/\/torredonjimenoactualidad.com\/index.php\/2024\/10\/17\/la-junta-invierte-300-000-euros-en-la-mejora-del-centro-de-participacion-activa-de-torredonjimeno\/"]}]},{"@type":"BreadcrumbList","@id":"https:\/\/torredonjimenoactualidad.com\/index.php\/2024\/10\/17\/la-junta-invierte-300-000-euros-en-la-mejora-del-centro-de-participacion-activa-de-torredonjimeno\/#breadcrumb","itemListElement":[{"@type":"ListItem","position":1,"name":"Portada","item":"https:\/\/torredonjimenoactualidad.com\/"},{"@type":"ListItem","position":2,"name":"La Junta invierte 300.000 euros en la mejora del Centro de Participaci\u00f3n Activa de Torredonjimeno"}]},{"@type":"WebSite","@id":"https:\/\/torredonjimenoactualidad.com\/#website","url":"https:\/\/torredonjimenoactualidad.com\/","name":"Torredonjimeno Actualidad","description":"","publisher":{"@id":"https:\/\/torredonjimenoactualidad.com\/#organization"},"potentialAction":[{"@type":"SearchAction","target":{"@type":"EntryPoint","urlTemplate":"https:\/\/torredonjimenoactualidad.com\/?s={search_term_string}"},"query-input":"required name=search_term_string"}],"inLanguage":"es"},{"@type":"Organization","@id":"https:\/\/torredonjimenoactualidad.com\/#organization","name":"Torredonjimeno Actualidad","url":"https:\/\/torredonjimenoactualidad.com\/","logo":{"@type":"ImageObject","inLanguage":"es","@id":"https:\/\/torredonjimenoactualidad.com\/#\/schema\/logo\/image\/","url":"https:\/\/torredonjimenoactualidad.com\/wp-content\/uploads\/2023\/02\/logo-torredonjimeno-544x180-1.png","contentUrl":"https:\/\/torredonjimenoactualidad.com\/wp-content\/uploads\/2023\/02\/logo-torredonjimeno-544x180-1.png","width":545,"height":112,"caption":"Torredonjimeno Actualidad"},"image":{"@id":"https:\/\/torredonjimenoactualidad.com\/#\/schema\/logo\/image\/"}},{"@type":"Person","@id":"https:\/\/torredonjimenoactualidad.com\/#\/schema\/person\/84de5f233e783ef2c75151a532b54977","name":"Alba Mar\u00eda Torres","image":{"@type":"ImageObject","inLanguage":"es","@id":"https:\/\/torredonjimenoactualidad.com\/#\/schema\/person\/image\/","url":"https:\/\/secure.gravatar.com\/avatar\/f9371f188c71501b4475a9ba2a71595850ec72967f800a2ed8e3e2102859ed65?s=96&d=mm&r=g","contentUrl":"https:\/\/secure.gravatar.com\/avatar\/f9371f188c71501b4475a9ba2a71595850ec72967f800a2ed8e3e2102859ed65?s=96&d=mm&r=g","caption":"Alba Mar\u00eda Torres"},"url":"https:\/\/torredonjimenoactualidad.com\/index.php\/author\/alba-torres\/"}]}},"_links":{"self":[{"href":"https:\/\/torredonjimenoactualidad.com\/index.php\/wp-json\/wp\/v2\/posts\/2532","targetHints":{"allow":["GET"]}}],"collection":[{"href":"https:\/\/torredonjimenoactualidad.com\/index.php\/wp-json\/wp\/v2\/posts"}],"about":[{"href":"https:\/\/torredonjimenoactualidad.com\/index.php\/wp-json\/wp\/v2\/types\/post"}],"author":[{"embeddable":true,"href":"https:\/\/torredonjimenoactualidad.com\/index.php\/wp-json\/wp\/v2\/users\/2"}],"replies":[{"embeddable":true,"href":"https:\/\/torredonjimenoactualidad.com\/index.php\/wp-json\/wp\/v2\/comments?post=2532"}],"version-history":[{"count":1,"href":"https:\/\/torredonjimenoactualidad.com\/index.php\/wp-json\/wp\/v2\/posts\/2532\/revisions"}],"predecessor-version":[{"id":2535,"href":"https:\/\/torredonjimenoactualidad.com\/index.php\/wp-json\/wp\/v2\/posts\/2532\/revisions\/2535"}],"wp:featuredmedia":[{"embeddable":true,"href":"https:\/\/torredonjimenoactualidad.com\/index.php\/wp-json\/wp\/v2\/media\/2533"}],"wp:attachment":[{"href":"https:\/\/torredonjimenoactualidad.com\/index.php\/wp-json\/wp\/v2\/media?parent=2532"}],"wp:term":[{"taxonomy":"category","embeddable":true,"href":"https:\/\/torredonjimenoactualidad.com\/index.php\/wp-json\/wp\/v2\/categories?post=2532"},{"taxonomy":"post_tag","embeddable":true,"href":"https:\/\/torredonjimenoactualidad.com\/index.php\/wp-json\/wp\/v2\/tags?post=2532"}],"curies":[{"name":"wp","href":"https:\/\/api.w.org\/{rel}","templated":true}]}}