{"id":2509,"date":"2024-10-11T08:06:35","date_gmt":"2024-10-11T08:06:35","guid":{"rendered":"https:\/\/torredonjimenoactualidad.com\/?p=2509"},"modified":"2024-10-11T08:06:36","modified_gmt":"2024-10-11T08:06:36","slug":"la-capital-vive-desde-este-viernes-la-feria-de-san-lucas-con-un-inicio-marcado-por-la-prevision-de-lluvia","status":"publish","type":"post","link":"https:\/\/torredonjimenoactualidad.com\/index.php\/2024\/10\/11\/la-capital-vive-desde-este-viernes-la-feria-de-san-lucas-con-un-inicio-marcado-por-la-prevision-de-lluvia\/","title":{"rendered":"La capital vive desde este viernes la Feria de San Lucas con un inicio marcado por la previsi\u00f3n de lluvia"},"content":{"rendered":"\n<p>Ja\u00e9n vive desde este viernes la Feria de San Lucas con la apertura, a partir de las 13,00 horas, de las 35 casetas del recinto ferial y la puesta en marcha de las atracciones ya por la tarde, marcando el comienzo de diez jornadas de fiesta.<\/p>\n\n\n\n<p>El inicio oficial, no obstante, est\u00e1 previsto a medianoche, entrando ya el s\u00e1bado, con el encendido del alumbrado extraordinario por parte del profesor Juan Mar\u00edn. Estar\u00e1 formado por 360.000 puntos de led, iluminando el ferial con 68 arcos: 33 en la zona de las casetas, 17 en la cuesta del y 18 en el paseo central del recinto que, adem\u00e1s, estrena portada con un dise\u00f1o de adornos florales.<\/p>\n\n\n\n<p>Estas primeras jornadas de feria van a estar condicionadas por el mal tiempo, ya que la Agencia Estatal de Meteorolog\u00eda (Aemet) apunta lluvia durante el fin de semana e incluso al inicio de la semana que viene. De hecho, \u00abla previsi\u00f3n de fuertes lluvias\u00bb han llevado a aplazar al domingo el preg\u00f3n y la cabalgata inaugural, que estaban fijados inicialmente el s\u00e1bado.<\/p>\n\n\n\n<p>Esta decisi\u00f3n responde al objetivo principal de que los ni\u00f1os y ni\u00f1as de la casa, familias y toda la sociedad jiennense en general, adem\u00e1s de los visitantes, \u00abno se queden sin poder disfrutar del preg\u00f3n\u00bb ni de un pasacalles que este a\u00f1o tendr\u00e1 como hilo conductor leyendas y aventuras populares, seg\u00fan ha informado este jueves el Ayuntamiento.<\/p>\n\n\n\n<p>En concreto, el preg\u00f3n, a cargo del profesor de Historia y divulgador \u00c1ngel Cantero, se ha programado a las 19,15 horas del domingo desde el balc\u00f3n principal del Ayuntamiento, donde ser\u00e1 presentado por el alcalde, Agust\u00edn Gonz\u00e1lez.<\/p>\n\n\n\n<p>Una vez finalizado y desde la plaza de Santa Mar\u00eda, arrancar\u00e1 la cabalgata titulada \u2018Ja\u00e9n, entre leyendas y aventuras universales\u2019. Participar\u00e1n 300 personas, que incluyen bailarines, m\u00fasicos, figurantes, acr\u00f3batas, ni\u00f1os y ni\u00f1as, adem\u00e1s de t\u00e9cnicos, operarios, conductores, personal sanitario y protecci\u00f3n civil, que velar\u00e1n por la seguridad a lo largo de todo el recorrido.<\/p>\n\n\n\n<h2 class=\"wp-block-heading\">M\u00c1S DE 40 ACTIVIDADES<\/h2>\n\n\n\n<p>La programaci\u00f3n de San Lucas incluye m\u00e1s de 40 propuestas hasta el pr\u00f3ximo 20 de octubre, entre las que destacan los conciertos en el Auditorio de la Alameda, donde actuar\u00e1n La Plazuela el d\u00eda 12; Los Toreros Muertos y Los Inhumanos (jueves 17); El Kanka (18) y Camela, el d\u00eda 19.<\/p>\n\n\n\n<p>De otro lado, el Nuevo Teatro Infanta Leonor se llenar\u00e1 en la noche de este viernes con el espect\u00e1culo \u2018Martita sea\u2019, de Martita de Gran\u00e1; mientras que el Darymelia acoger\u00e1 funciones infantiles con \u2018Ven al teatro por San Lucas\u2019, a cargo de Small Clowns.<\/p>\n\n\n\n<p>Adem\u00e1s, 15 de octubre llegar\u00e1 a este espacio la bailaora flamenca Mar\u00eda del Mar Ram\u00edrez y su compa\u00f1\u00eda con el espect\u00e1culo \u2018Bailaora\u2019; el 17 habr\u00e1 zarzuela con \u2018La verbena de la Paloma\u2019, a cargo del Teatro L\u00edrico Andaluz, y el viernes siguiente se celebrar\u00e1 el LII Festival de Flamenco Pepe Polluelas.<\/p>\n\n\n\n<p>El 20 de octubre ser\u00e1 el turno del XIII Festiband, que ofrecer\u00e1 un concierto homenaje a Agust\u00edn D\u00edez Guerrero, con bandas de m\u00fasica invitadas de la Comunidad Valenciana y la Agrupaci\u00f3n de Infanter\u00eda de Marina de Madrid, que compartir\u00e1n escenario con la Sociedad Filarm\u00f3nica de Ja\u00e9n.<\/p>\n\n\n\n<p>Tambi\u00e9n se ha programado la iniciativa \u2018Ja\u00e9n en Feria\u2019, en el que escuelas de danza y baile de la ciudad saldr\u00e1n a la calle y ofrecer\u00e1n exhibiciones del 12 al 19 de octubre en la plaza de la Constituci\u00f3n.<\/p>\n\n\n\n<p>El Palacio de la Diputaci\u00f3n acoger\u00e1 el d\u00eda 13 el XXII Encuentro Nacional de Arte de encaje de bolillos. Este mismo domingo la Banda Municipal amenizar\u00e1 la calle Rold\u00e1n y Mar\u00edn con un concierto extraordinario dedicado al pasodoble taurino, mientras que la zarzuela centrar\u00e1 el del d\u00eda 18 en la calle Bernab\u00e9 Soriano.<\/p>\n\n\n\n<p>Esta jornada, festividad de San Lucas, la verja de la Diputaci\u00f3n tambi\u00e9n ser\u00e1 escenario de la tradicional exhibici\u00f3n de chilindrinas (caricaturas humor\u00edsticas) a cargo de la Asociaci\u00f3n de Vecinos Arco del Consuelo.<\/p>\n\n\n\n<p>Junto a ello, el 19 de octubre, la Alameda de Adolfo Su\u00e1rez acoger\u00e1 un encierro infantil y en la jornada siguiente est\u00e1 previsto un pasacalles de XIII Festiband con salida desde la plaza de San Ildefonso. El cierre de la feria llegar\u00e1 este domingo 20 con el espect\u00e1culo de drones \u2018Geometrics\u2019, que reunir\u00e1 a 400 de estos veh\u00edculos a\u00e9reos en el recinto ferial Alcalde Alfonso S\u00e1nchez Herrera.<\/p>\n\n\n\n<h2 class=\"wp-block-heading\">SEGURIDAD<\/h2>\n\n\n\n<p>Con el objetivo de garantizar la normalidad durante las fiestas, se ha establecido un dispositivo de seguridad con unos 1.500 servicios policiales, de los que 909 corresponden al cuerpo Local y cerca de 600 a la Nacional. A ellos se suman los de Guardia Civil, Polic\u00eda adscrita a la comunidad, Bomberos y voluntarios Protecci\u00f3n Civil, as\u00ed como un refuerzo en el \u00e1mbito sanitario.<\/p>\n\n\n\n<p>La zona de seguridad del recinto ferial estar\u00e1 ubicada en la caseta Ja\u00e9n Arena, donde las personas que acudan con ni\u00f1os podr\u00e1n conseguir tambi\u00e9n de forma gratuita una pulsera identificativa para prevenir la p\u00e9rdida de menores. Igualmente, se establecer\u00e1 un Punto Violeta para sensibilizar, prevenir y, en caso de que sea necesario, intervenir por agresiones sexuales.<\/p>\n\n\n\n<p>Por otra parte, La Junta de Andaluc\u00eda, a trav\u00e9s del Consorcio de Transporte Metropolitano del \u00c1rea de Ja\u00e9n, habilitar\u00e1 un servicio especial de autobuses metropolitanos con motivo de la Feria de San Lucas. Incluye 145 expediciones entre la tarde noche de los d\u00edas 12 y 13 de octubre as\u00ed como del 19 y 20 de este mes y se estima que pueda beneficiar a m\u00e1s de 10.000 personas.<\/p>\n\n\n\n<p>Durante la tarde noche del 12 al 13 de octubre se establecer\u00e1n servicios desde Fuerte del Rey, Jamilena, La Guardia de Ja\u00e9n, Ciudad Jard\u00edn, Los Villares, Mancha Real, Pegalajar, Torredelcampo, Torredonjimeno, Fuensanta de Martos, Martos, Meng\u00edbar, Villatorres, Valdepe\u00f1as de Ja\u00e9n, Esca\u00f1uela y Villardompardo.<\/p>\n\n\n\n<p>En cuanto a la tarde noche del 19 al 20 de octubre, ser\u00e1n 24 municipios: C\u00e1rcheles, Cazalilla, Espeluy, Lahiguera, Torres, Villanueva de la Reina, Albanchez de M\u00e1gina, And\u00fajar, Arjona, Arjonilla, Torreblascopedro, Fuerte del Rey, Jamilena, La Guardia de Ja\u00e9n, Los Villares, Mancha Real, Pegalajar, Torredelcampo, Torredonjimeno, Fuensanta de Martos, Martos, Meng\u00edbar, Villatorres y Valdepe\u00f1as de Ja\u00e9n.<\/p>\n","protected":false},"excerpt":{"rendered":"<p>Ja\u00e9n vive desde este viernes la Feria de San Lucas con la apertura, a partir de las 13,00 horas, de las 35 casetas del recinto ferial y la puesta en marcha de las atracciones ya por la tarde, marcando el comienzo de diez jornadas de fiesta. El inicio oficial, no obstante, est\u00e1 previsto a medianoche, &hellip;<\/p>\n<p class=\"read-more\"> <a class=\"\" href=\"https:\/\/torredonjimenoactualidad.com\/index.php\/2024\/10\/11\/la-capital-vive-desde-este-viernes-la-feria-de-san-lucas-con-un-inicio-marcado-por-la-prevision-de-lluvia\/\"> <span class=\"screen-reader-text\">La capital vive desde este viernes la Feria de San Lucas con un inicio marcado por la previsi\u00f3n de lluvia<\/span> Leer m\u00e1s &raquo;<\/a><\/p>\n","protected":false},"author":3,"featured_media":2510,"comment_status":"closed","ping_status":"open","sticky":false,"template":"","format":"standard","meta":{"site-sidebar-layout":"default","site-content-layout":"default","ast-global-header-display":"","ast-main-header-display":"","ast-hfb-above-header-display":"","ast-hfb-below-header-display":"","ast-hfb-mobile-header-display":"","site-post-title":"","ast-breadcrumbs-content":"","ast-featured-img":"","footer-sml-layout":"","theme-transparent-header-meta":"","adv-header-id-meta":"","stick-header-meta":"","header-above-stick-meta":"","header-main-stick-meta":"","header-below-stick-meta":"","footnotes":""},"categories":[1],"tags":[],"class_list":["post-2509","post","type-post","status-publish","format-standard","has-post-thumbnail","hentry","category-sin-categoria"],"yoast_head":"<!-- This site is optimized with the Yoast SEO plugin v20.8 - https:\/\/yoast.com\/wordpress\/plugins\/seo\/ -->\n<title>La capital vive desde este viernes la Feria de San Lucas con un inicio marcado por la previsi\u00f3n de lluvia - Torredonjimeno Actualidad<\/title>\n<meta name=\"robots\" content=\"index, follow, max-snippet:-1, max-image-preview:large, max-video-preview:-1\" \/>\n<link rel=\"canonical\" href=\"https:\/\/torredonjimenoactualidad.com\/index.php\/2024\/10\/11\/la-capital-vive-desde-este-viernes-la-feria-de-san-lucas-con-un-inicio-marcado-por-la-prevision-de-lluvia\/\" \/>\n<meta property=\"og:locale\" content=\"es_ES\" \/>\n<meta property=\"og:type\" content=\"article\" \/>\n<meta property=\"og:title\" content=\"La capital vive desde este viernes la Feria de San Lucas con un inicio marcado por la previsi\u00f3n de lluvia - Torredonjimeno Actualidad\" \/>\n<meta property=\"og:description\" content=\"Ja\u00e9n vive desde este viernes la Feria de San Lucas con la apertura, a partir de las 13,00 horas, de las 35 casetas del recinto ferial y la puesta en marcha de las atracciones ya por la tarde, marcando el comienzo de diez jornadas de fiesta. El inicio oficial, no obstante, est\u00e1 previsto a medianoche, &hellip; La capital vive desde este viernes la Feria de San Lucas con un inicio marcado por la previsi\u00f3n de lluvia Leer m\u00e1s &raquo;\" \/>\n<meta property=\"og:url\" content=\"https:\/\/torredonjimenoactualidad.com\/index.php\/2024\/10\/11\/la-capital-vive-desde-este-viernes-la-feria-de-san-lucas-con-un-inicio-marcado-por-la-prevision-de-lluvia\/\" \/>\n<meta property=\"og:site_name\" content=\"Torredonjimeno Actualidad\" \/>\n<meta property=\"article:published_time\" content=\"2024-10-11T08:06:35+00:00\" \/>\n<meta property=\"article:modified_time\" content=\"2024-10-11T08:06:36+00:00\" \/>\n<meta property=\"og:image\" content=\"https:\/\/torredonjimenoactualidad.com\/wp-content\/uploads\/2024\/10\/462593365_968709295302420_616586228598457849_n.jpg\" \/>\n\t<meta property=\"og:image:width\" content=\"1600\" \/>\n\t<meta property=\"og:image:height\" content=\"900\" \/>\n\t<meta property=\"og:image:type\" content=\"image\/jpeg\" \/>\n<meta name=\"author\" content=\"Redaccion\" \/>\n<meta name=\"twitter:card\" content=\"summary_large_image\" \/>\n<meta name=\"twitter:label1\" content=\"Escrito por\" \/>\n\t<meta name=\"twitter:data1\" content=\"Redaccion\" \/>\n\t<meta name=\"twitter:label2\" content=\"Tiempo de lectura\" \/>\n\t<meta name=\"twitter:data2\" content=\"5 minutos\" \/>\n<script type=\"application\/ld+json\" class=\"yoast-schema-graph\">{\"@context\":\"https:\/\/schema.org\",\"@graph\":[{\"@type\":\"Article\",\"@id\":\"https:\/\/torredonjimenoactualidad.com\/index.php\/2024\/10\/11\/la-capital-vive-desde-este-viernes-la-feria-de-san-lucas-con-un-inicio-marcado-por-la-prevision-de-lluvia\/#article\",\"isPartOf\":{\"@id\":\"https:\/\/torredonjimenoactualidad.com\/index.php\/2024\/10\/11\/la-capital-vive-desde-este-viernes-la-feria-de-san-lucas-con-un-inicio-marcado-por-la-prevision-de-lluvia\/\"},\"author\":{\"name\":\"Redaccion\",\"@id\":\"https:\/\/torredonjimenoactualidad.com\/#\/schema\/person\/11f05803cdf40dbeb7f4fbf2365c9ac5\"},\"headline\":\"La capital vive desde este viernes la Feria de San Lucas con un inicio marcado por la previsi\u00f3n de lluvia\",\"datePublished\":\"2024-10-11T08:06:35+00:00\",\"dateModified\":\"2024-10-11T08:06:36+00:00\",\"mainEntityOfPage\":{\"@id\":\"https:\/\/torredonjimenoactualidad.com\/index.php\/2024\/10\/11\/la-capital-vive-desde-este-viernes-la-feria-de-san-lucas-con-un-inicio-marcado-por-la-prevision-de-lluvia\/\"},\"wordCount\":1079,\"publisher\":{\"@id\":\"https:\/\/torredonjimenoactualidad.com\/#organization\"},\"inLanguage\":\"es\"},{\"@type\":\"WebPage\",\"@id\":\"https:\/\/torredonjimenoactualidad.com\/index.php\/2024\/10\/11\/la-capital-vive-desde-este-viernes-la-feria-de-san-lucas-con-un-inicio-marcado-por-la-prevision-de-lluvia\/\",\"url\":\"https:\/\/torredonjimenoactualidad.com\/index.php\/2024\/10\/11\/la-capital-vive-desde-este-viernes-la-feria-de-san-lucas-con-un-inicio-marcado-por-la-prevision-de-lluvia\/\",\"name\":\"La capital vive desde este viernes la Feria de San Lucas con un inicio marcado por la previsi\u00f3n de lluvia - Torredonjimeno Actualidad\",\"isPartOf\":{\"@id\":\"https:\/\/torredonjimenoactualidad.com\/#website\"},\"datePublished\":\"2024-10-11T08:06:35+00:00\",\"dateModified\":\"2024-10-11T08:06:36+00:00\",\"breadcrumb\":{\"@id\":\"https:\/\/torredonjimenoactualidad.com\/index.php\/2024\/10\/11\/la-capital-vive-desde-este-viernes-la-feria-de-san-lucas-con-un-inicio-marcado-por-la-prevision-de-lluvia\/#breadcrumb\"},\"inLanguage\":\"es\",\"potentialAction\":[{\"@type\":\"ReadAction\",\"target\":[\"https:\/\/torredonjimenoactualidad.com\/index.php\/2024\/10\/11\/la-capital-vive-desde-este-viernes-la-feria-de-san-lucas-con-un-inicio-marcado-por-la-prevision-de-lluvia\/\"]}]},{\"@type\":\"BreadcrumbList\",\"@id\":\"https:\/\/torredonjimenoactualidad.com\/index.php\/2024\/10\/11\/la-capital-vive-desde-este-viernes-la-feria-de-san-lucas-con-un-inicio-marcado-por-la-prevision-de-lluvia\/#breadcrumb\",\"itemListElement\":[{\"@type\":\"ListItem\",\"position\":1,\"name\":\"Portada\",\"item\":\"https:\/\/torredonjimenoactualidad.com\/\"},{\"@type\":\"ListItem\",\"position\":2,\"name\":\"La capital vive desde este viernes la Feria de San Lucas con un inicio marcado por la previsi\u00f3n de lluvia\"}]},{\"@type\":\"WebSite\",\"@id\":\"https:\/\/torredonjimenoactualidad.com\/#website\",\"url\":\"https:\/\/torredonjimenoactualidad.com\/\",\"name\":\"Torredonjimeno Actualidad\",\"description\":\"\",\"publisher\":{\"@id\":\"https:\/\/torredonjimenoactualidad.com\/#organization\"},\"potentialAction\":[{\"@type\":\"SearchAction\",\"target\":{\"@type\":\"EntryPoint\",\"urlTemplate\":\"https:\/\/torredonjimenoactualidad.com\/?s={search_term_string}\"},\"query-input\":\"required name=search_term_string\"}],\"inLanguage\":\"es\"},{\"@type\":\"Organization\",\"@id\":\"https:\/\/torredonjimenoactualidad.com\/#organization\",\"name\":\"Torredonjimeno Actualidad\",\"url\":\"https:\/\/torredonjimenoactualidad.com\/\",\"logo\":{\"@type\":\"ImageObject\",\"inLanguage\":\"es\",\"@id\":\"https:\/\/torredonjimenoactualidad.com\/#\/schema\/logo\/image\/\",\"url\":\"https:\/\/torredonjimenoactualidad.com\/wp-content\/uploads\/2023\/02\/logo-torredonjimeno-544x180-1.png\",\"contentUrl\":\"https:\/\/torredonjimenoactualidad.com\/wp-content\/uploads\/2023\/02\/logo-torredonjimeno-544x180-1.png\",\"width\":545,\"height\":112,\"caption\":\"Torredonjimeno Actualidad\"},\"image\":{\"@id\":\"https:\/\/torredonjimenoactualidad.com\/#\/schema\/logo\/image\/\"}},{\"@type\":\"Person\",\"@id\":\"https:\/\/torredonjimenoactualidad.com\/#\/schema\/person\/11f05803cdf40dbeb7f4fbf2365c9ac5\",\"name\":\"Redaccion\",\"image\":{\"@type\":\"ImageObject\",\"inLanguage\":\"es\",\"@id\":\"https:\/\/torredonjimenoactualidad.com\/#\/schema\/person\/image\/\",\"url\":\"https:\/\/secure.gravatar.com\/avatar\/5917bab7eff43e17746fd29b509939469470810b6b989b7cc2f89e3188399bf3?s=96&d=mm&r=g\",\"contentUrl\":\"https:\/\/secure.gravatar.com\/avatar\/5917bab7eff43e17746fd29b509939469470810b6b989b7cc2f89e3188399bf3?s=96&d=mm&r=g\",\"caption\":\"Redaccion\"},\"url\":\"https:\/\/torredonjimenoactualidad.com\/index.php\/author\/jose-bueno\/\"}]}<\/script>\n<!-- \/ Yoast SEO plugin. -->","yoast_head_json":{"title":"La capital vive desde este viernes la Feria de San Lucas con un inicio marcado por la previsi\u00f3n de lluvia - Torredonjimeno Actualidad","robots":{"index":"index","follow":"follow","max-snippet":"max-snippet:-1","max-image-preview":"max-image-preview:large","max-video-preview":"max-video-preview:-1"},"canonical":"https:\/\/torredonjimenoactualidad.com\/index.php\/2024\/10\/11\/la-capital-vive-desde-este-viernes-la-feria-de-san-lucas-con-un-inicio-marcado-por-la-prevision-de-lluvia\/","og_locale":"es_ES","og_type":"article","og_title":"La capital vive desde este viernes la Feria de San Lucas con un inicio marcado por la previsi\u00f3n de lluvia - Torredonjimeno Actualidad","og_description":"Ja\u00e9n vive desde este viernes la Feria de San Lucas con la apertura, a partir de las 13,00 horas, de las 35 casetas del recinto ferial y la puesta en marcha de las atracciones ya por la tarde, marcando el comienzo de diez jornadas de fiesta. El inicio oficial, no obstante, est\u00e1 previsto a medianoche, &hellip; La capital vive desde este viernes la Feria de San Lucas con un inicio marcado por la previsi\u00f3n de lluvia Leer m\u00e1s &raquo;","og_url":"https:\/\/torredonjimenoactualidad.com\/index.php\/2024\/10\/11\/la-capital-vive-desde-este-viernes-la-feria-de-san-lucas-con-un-inicio-marcado-por-la-prevision-de-lluvia\/","og_site_name":"Torredonjimeno Actualidad","article_published_time":"2024-10-11T08:06:35+00:00","article_modified_time":"2024-10-11T08:06:36+00:00","og_image":[{"width":1600,"height":900,"url":"https:\/\/torredonjimenoactualidad.com\/wp-content\/uploads\/2024\/10\/462593365_968709295302420_616586228598457849_n.jpg","type":"image\/jpeg"}],"author":"Redaccion","twitter_card":"summary_large_image","twitter_misc":{"Escrito por":"Redaccion","Tiempo de lectura":"5 minutos"},"schema":{"@context":"https:\/\/schema.org","@graph":[{"@type":"Article","@id":"https:\/\/torredonjimenoactualidad.com\/index.php\/2024\/10\/11\/la-capital-vive-desde-este-viernes-la-feria-de-san-lucas-con-un-inicio-marcado-por-la-prevision-de-lluvia\/#article","isPartOf":{"@id":"https:\/\/torredonjimenoactualidad.com\/index.php\/2024\/10\/11\/la-capital-vive-desde-este-viernes-la-feria-de-san-lucas-con-un-inicio-marcado-por-la-prevision-de-lluvia\/"},"author":{"name":"Redaccion","@id":"https:\/\/torredonjimenoactualidad.com\/#\/schema\/person\/11f05803cdf40dbeb7f4fbf2365c9ac5"},"headline":"La capital vive desde este viernes la Feria de San Lucas con un inicio marcado por la previsi\u00f3n de lluvia","datePublished":"2024-10-11T08:06:35+00:00","dateModified":"2024-10-11T08:06:36+00:00","mainEntityOfPage":{"@id":"https:\/\/torredonjimenoactualidad.com\/index.php\/2024\/10\/11\/la-capital-vive-desde-este-viernes-la-feria-de-san-lucas-con-un-inicio-marcado-por-la-prevision-de-lluvia\/"},"wordCount":1079,"publisher":{"@id":"https:\/\/torredonjimenoactualidad.com\/#organization"},"inLanguage":"es"},{"@type":"WebPage","@id":"https:\/\/torredonjimenoactualidad.com\/index.php\/2024\/10\/11\/la-capital-vive-desde-este-viernes-la-feria-de-san-lucas-con-un-inicio-marcado-por-la-prevision-de-lluvia\/","url":"https:\/\/torredonjimenoactualidad.com\/index.php\/2024\/10\/11\/la-capital-vive-desde-este-viernes-la-feria-de-san-lucas-con-un-inicio-marcado-por-la-prevision-de-lluvia\/","name":"La capital vive desde este viernes la Feria de San Lucas con un inicio marcado por la previsi\u00f3n de lluvia - Torredonjimeno Actualidad","isPartOf":{"@id":"https:\/\/torredonjimenoactualidad.com\/#website"},"datePublished":"2024-10-11T08:06:35+00:00","dateModified":"2024-10-11T08:06:36+00:00","breadcrumb":{"@id":"https:\/\/torredonjimenoactualidad.com\/index.php\/2024\/10\/11\/la-capital-vive-desde-este-viernes-la-feria-de-san-lucas-con-un-inicio-marcado-por-la-prevision-de-lluvia\/#breadcrumb"},"inLanguage":"es","potentialAction":[{"@type":"ReadAction","target":["https:\/\/torredonjimenoactualidad.com\/index.php\/2024\/10\/11\/la-capital-vive-desde-este-viernes-la-feria-de-san-lucas-con-un-inicio-marcado-por-la-prevision-de-lluvia\/"]}]},{"@type":"BreadcrumbList","@id":"https:\/\/torredonjimenoactualidad.com\/index.php\/2024\/10\/11\/la-capital-vive-desde-este-viernes-la-feria-de-san-lucas-con-un-inicio-marcado-por-la-prevision-de-lluvia\/#breadcrumb","itemListElement":[{"@type":"ListItem","position":1,"name":"Portada","item":"https:\/\/torredonjimenoactualidad.com\/"},{"@type":"ListItem","position":2,"name":"La capital vive desde este viernes la Feria de San Lucas con un inicio marcado por la previsi\u00f3n de lluvia"}]},{"@type":"WebSite","@id":"https:\/\/torredonjimenoactualidad.com\/#website","url":"https:\/\/torredonjimenoactualidad.com\/","name":"Torredonjimeno Actualidad","description":"","publisher":{"@id":"https:\/\/torredonjimenoactualidad.com\/#organization"},"potentialAction":[{"@type":"SearchAction","target":{"@type":"EntryPoint","urlTemplate":"https:\/\/torredonjimenoactualidad.com\/?s={search_term_string}"},"query-input":"required name=search_term_string"}],"inLanguage":"es"},{"@type":"Organization","@id":"https:\/\/torredonjimenoactualidad.com\/#organization","name":"Torredonjimeno Actualidad","url":"https:\/\/torredonjimenoactualidad.com\/","logo":{"@type":"ImageObject","inLanguage":"es","@id":"https:\/\/torredonjimenoactualidad.com\/#\/schema\/logo\/image\/","url":"https:\/\/torredonjimenoactualidad.com\/wp-content\/uploads\/2023\/02\/logo-torredonjimeno-544x180-1.png","contentUrl":"https:\/\/torredonjimenoactualidad.com\/wp-content\/uploads\/2023\/02\/logo-torredonjimeno-544x180-1.png","width":545,"height":112,"caption":"Torredonjimeno Actualidad"},"image":{"@id":"https:\/\/torredonjimenoactualidad.com\/#\/schema\/logo\/image\/"}},{"@type":"Person","@id":"https:\/\/torredonjimenoactualidad.com\/#\/schema\/person\/11f05803cdf40dbeb7f4fbf2365c9ac5","name":"Redaccion","image":{"@type":"ImageObject","inLanguage":"es","@id":"https:\/\/torredonjimenoactualidad.com\/#\/schema\/person\/image\/","url":"https:\/\/secure.gravatar.com\/avatar\/5917bab7eff43e17746fd29b509939469470810b6b989b7cc2f89e3188399bf3?s=96&d=mm&r=g","contentUrl":"https:\/\/secure.gravatar.com\/avatar\/5917bab7eff43e17746fd29b509939469470810b6b989b7cc2f89e3188399bf3?s=96&d=mm&r=g","caption":"Redaccion"},"url":"https:\/\/torredonjimenoactualidad.com\/index.php\/author\/jose-bueno\/"}]}},"_links":{"self":[{"href":"https:\/\/torredonjimenoactualidad.com\/index.php\/wp-json\/wp\/v2\/posts\/2509","targetHints":{"allow":["GET"]}}],"collection":[{"href":"https:\/\/torredonjimenoactualidad.com\/index.php\/wp-json\/wp\/v2\/posts"}],"about":[{"href":"https:\/\/torredonjimenoactualidad.com\/index.php\/wp-json\/wp\/v2\/types\/post"}],"author":[{"embeddable":true,"href":"https:\/\/torredonjimenoactualidad.com\/index.php\/wp-json\/wp\/v2\/users\/3"}],"replies":[{"embeddable":true,"href":"https:\/\/torredonjimenoactualidad.com\/index.php\/wp-json\/wp\/v2\/comments?post=2509"}],"version-history":[{"count":1,"href":"https:\/\/torredonjimenoactualidad.com\/index.php\/wp-json\/wp\/v2\/posts\/2509\/revisions"}],"predecessor-version":[{"id":2511,"href":"https:\/\/torredonjimenoactualidad.com\/index.php\/wp-json\/wp\/v2\/posts\/2509\/revisions\/2511"}],"wp:featuredmedia":[{"embeddable":true,"href":"https:\/\/torredonjimenoactualidad.com\/index.php\/wp-json\/wp\/v2\/media\/2510"}],"wp:attachment":[{"href":"https:\/\/torredonjimenoactualidad.com\/index.php\/wp-json\/wp\/v2\/media?parent=2509"}],"wp:term":[{"taxonomy":"category","embeddable":true,"href":"https:\/\/torredonjimenoactualidad.com\/index.php\/wp-json\/wp\/v2\/categories?post=2509"},{"taxonomy":"post_tag","embeddable":true,"href":"https:\/\/torredonjimenoactualidad.com\/index.php\/wp-json\/wp\/v2\/tags?post=2509"}],"curies":[{"name":"wp","href":"https:\/\/api.w.org\/{rel}","templated":true}]}}