{"id":2499,"date":"2024-10-08T14:45:32","date_gmt":"2024-10-08T14:45:32","guid":{"rendered":"https:\/\/torredonjimenoactualidad.com\/?p=2499"},"modified":"2024-10-09T06:47:17","modified_gmt":"2024-10-09T06:47:17","slug":"servicio-especial-de-autobuses-metropolitanos-por-la-feria-de-san-lucas-los-dias-12-13-19-y-20-de-octubre","status":"publish","type":"post","link":"https:\/\/torredonjimenoactualidad.com\/index.php\/2024\/10\/08\/servicio-especial-de-autobuses-metropolitanos-por-la-feria-de-san-lucas-los-dias-12-13-19-y-20-de-octubre\/","title":{"rendered":"Servicio especial de autobuses metropolitanos por la Feria de San Lucas los d\u00edas 12, 13, 19 y 20 de octubre"},"content":{"rendered":"\n<p>La Junta de Andaluc\u00eda habilitar\u00e1 en Ja\u00e9n un servicio especial de autobuses metropolitanos con motivo de la Feria de San Lucas. Incluye 145 expediciones entre la tarde noche de los d\u00edas 12 y 13 de octubre as\u00ed como del 19 y 20 de este mes y se estima que pueda beneficiar a m\u00e1s de 10.000 personas.<\/p>\n\n\n\n<p>El delegado territorial de Fomento, Articulaci\u00f3n del Territorio y Vivienda de la Junta de Andaluc\u00eda, Miguel Contreras, y el gerente del Consorcio de Transporte Metropolitano del \u00c1rea de Ja\u00e9n, Sergio L\u00f3pez han informado este martes sobre esta prestaci\u00f3n extraordinaria.<\/p>\n\n\n\n<p>\u00abSe trata de un servicio que tiene una gran acogida entre la ciudadan\u00eda del entorno metropolitano de la capital y que, adem\u00e1s, ofrece la posibilidad de ir a la feria con seguridad en los desplazamientos a trav\u00e9s del transporte p\u00fablico, relajando los embotellamientos y evitando la saturaci\u00f3n de los aparcamientos habilitados\u00bb, ha afirmado Contreras.<\/p>\n\n\n\n<p>Durante la tarde noche del 12 al 13 de octubre se establecer\u00e1n servicios desde Fuerte del Rey, Jamilena, La Guardia de Ja\u00e9n, Ciudad Jard\u00edn, Los Villares, Mancha Real, Pegalajar, Torredelcampo, Torredonjimeno, Fuensanta de Martos, Martos, Meng\u00edbar, Villatorres, Valdepe\u00f1as de Ja\u00e9n, Esca\u00f1uela y Villardompardo.<\/p>\n\n\n\n<p>En cuanto a la tarde noche del 19 al 20 de octubre, ser\u00e1n 24 municipios: C\u00e1rcheles, Cazalilla, Espeluy, Lahiguera, Torres, Villanueva de la Reina, Albanchez de M\u00e1gina, And\u00fajar, Arjona, Arjonilla, Torreblascopedro, Fuerte del Rey, Jamilena, La Guardia de Ja\u00e9n, Los Villares, Mancha Real, Pegalajar, Torredelcampo, Torredonjimeno, Fuensanta de Martos, Martos, Meng\u00edbar, Villatorres y Valdepe\u00f1as de Ja\u00e9n.<\/p>\n\n\n\n<p>El delegado de Fomento ha explicado que, por segundo a\u00f1o consecutivo, se permitir\u00e1 que los t\u00edtulos del consorcio se puedan utilizar en los servicios especiales de feria en el autob\u00fas urbano de Ja\u00e9n a precio reducido, de 1,15 euros precio de billete sencillo a 0,46 euros pagando con la tarjeta del Consorcio.<\/p>\n\n\n\n<p>Se incluye, adem\u00e1s, el sistema de bonificaciones vigente para el transporte del \u00e1rea metropolitana. Por ejemplo, el billete simple desde Martos hasta la Feria de San Lucas en Ja\u00e9n, con un precio de 2,85 euros para el billete sencillo, queda en 0,76 euros con la aplicaci\u00f3n de la bonificaci\u00f3n de la tarjeta del consorcio; para un viajero de Mancha Real, pasa de dos a 0,48 euros y para los viajes desde And\u00fajar, pasa de 4,55 a 1,35 euros.<\/p>\n\n\n\n<p>Los horarios de las expediciones que finalizan en el recinto ferial Alcalde Alfonso Herrera de la capital pueden consultarse en la p\u00e1gina web&nbsp;<a target=\"_blank\" href=\"http:\/\/www.ctja.es\/\" rel=\"noreferrer noopener\">www.ctja.es<\/a>.<\/p>\n","protected":false},"excerpt":{"rendered":"<p>La Junta de Andaluc\u00eda habilitar\u00e1 en Ja\u00e9n un servicio especial de autobuses metropolitanos con motivo de la Feria de San Lucas. Incluye 145 expediciones entre la tarde noche de los d\u00edas 12 y 13 de octubre as\u00ed como del 19 y 20 de este mes y se estima que pueda beneficiar a m\u00e1s de 10.000 &hellip;<\/p>\n<p class=\"read-more\"> <a class=\"\" href=\"https:\/\/torredonjimenoactualidad.com\/index.php\/2024\/10\/08\/servicio-especial-de-autobuses-metropolitanos-por-la-feria-de-san-lucas-los-dias-12-13-19-y-20-de-octubre\/\"> <span class=\"screen-reader-text\">Servicio especial de autobuses metropolitanos por la Feria de San Lucas los d\u00edas 12, 13, 19 y 20 de octubre<\/span> Leer m\u00e1s &raquo;<\/a><\/p>\n","protected":false},"author":3,"featured_media":2500,"comment_status":"open","ping_status":"open","sticky":false,"template":"","format":"standard","meta":{"site-sidebar-layout":"default","site-content-layout":"default","ast-global-header-display":"","ast-main-header-display":"","ast-hfb-above-header-display":"","ast-hfb-below-header-display":"","ast-hfb-mobile-header-display":"","site-post-title":"","ast-breadcrumbs-content":"","ast-featured-img":"","footer-sml-layout":"","theme-transparent-header-meta":"","adv-header-id-meta":"","stick-header-meta":"","header-above-stick-meta":"","header-main-stick-meta":"","header-below-stick-meta":"","footnotes":""},"categories":[8],"tags":[],"class_list":["post-2499","post","type-post","status-publish","format-standard","has-post-thumbnail","hentry","category-provincia"],"yoast_head":"<!-- This site is optimized with the Yoast SEO plugin v20.8 - https:\/\/yoast.com\/wordpress\/plugins\/seo\/ -->\n<title>Servicio especial de autobuses metropolitanos por la Feria de San Lucas los d\u00edas 12, 13, 19 y 20 de octubre - Torredonjimeno Actualidad<\/title>\n<meta name=\"robots\" content=\"index, follow, max-snippet:-1, max-image-preview:large, max-video-preview:-1\" \/>\n<link rel=\"canonical\" href=\"https:\/\/torredonjimenoactualidad.com\/index.php\/2024\/10\/08\/servicio-especial-de-autobuses-metropolitanos-por-la-feria-de-san-lucas-los-dias-12-13-19-y-20-de-octubre\/\" \/>\n<meta property=\"og:locale\" content=\"es_ES\" \/>\n<meta property=\"og:type\" content=\"article\" \/>\n<meta property=\"og:title\" content=\"Servicio especial de autobuses metropolitanos por la Feria de San Lucas los d\u00edas 12, 13, 19 y 20 de octubre - Torredonjimeno Actualidad\" \/>\n<meta property=\"og:description\" content=\"La Junta de Andaluc\u00eda habilitar\u00e1 en Ja\u00e9n un servicio especial de autobuses metropolitanos con motivo de la Feria de San Lucas. Incluye 145 expediciones entre la tarde noche de los d\u00edas 12 y 13 de octubre as\u00ed como del 19 y 20 de este mes y se estima que pueda beneficiar a m\u00e1s de 10.000 &hellip; Servicio especial de autobuses metropolitanos por la Feria de San Lucas los d\u00edas 12, 13, 19 y 20 de octubre Leer m\u00e1s &raquo;\" \/>\n<meta property=\"og:url\" content=\"https:\/\/torredonjimenoactualidad.com\/index.php\/2024\/10\/08\/servicio-especial-de-autobuses-metropolitanos-por-la-feria-de-san-lucas-los-dias-12-13-19-y-20-de-octubre\/\" \/>\n<meta property=\"og:site_name\" content=\"Torredonjimeno Actualidad\" \/>\n<meta property=\"article:published_time\" content=\"2024-10-08T14:45:32+00:00\" \/>\n<meta property=\"article:modified_time\" content=\"2024-10-09T06:47:17+00:00\" \/>\n<meta property=\"og:image\" content=\"https:\/\/torredonjimenoactualidad.com\/wp-content\/uploads\/2024\/10\/fotonoticia_20241008120927_1920.jpg\" \/>\n\t<meta property=\"og:image:width\" content=\"1920\" \/>\n\t<meta property=\"og:image:height\" content=\"1097\" \/>\n\t<meta property=\"og:image:type\" content=\"image\/jpeg\" \/>\n<meta name=\"author\" content=\"Redaccion\" \/>\n<meta name=\"twitter:card\" content=\"summary_large_image\" \/>\n<meta name=\"twitter:label1\" content=\"Escrito por\" \/>\n\t<meta name=\"twitter:data1\" content=\"Redaccion\" \/>\n<script type=\"application\/ld+json\" class=\"yoast-schema-graph\">{\"@context\":\"https:\/\/schema.org\",\"@graph\":[{\"@type\":\"Article\",\"@id\":\"https:\/\/torredonjimenoactualidad.com\/index.php\/2024\/10\/08\/servicio-especial-de-autobuses-metropolitanos-por-la-feria-de-san-lucas-los-dias-12-13-19-y-20-de-octubre\/#article\",\"isPartOf\":{\"@id\":\"https:\/\/torredonjimenoactualidad.com\/index.php\/2024\/10\/08\/servicio-especial-de-autobuses-metropolitanos-por-la-feria-de-san-lucas-los-dias-12-13-19-y-20-de-octubre\/\"},\"author\":{\"name\":\"Redaccion\",\"@id\":\"https:\/\/torredonjimenoactualidad.com\/#\/schema\/person\/11f05803cdf40dbeb7f4fbf2365c9ac5\"},\"headline\":\"Servicio especial de autobuses metropolitanos por la Feria de San Lucas los d\u00edas 12, 13, 19 y 20 de octubre\",\"datePublished\":\"2024-10-08T14:45:32+00:00\",\"dateModified\":\"2024-10-09T06:47:17+00:00\",\"mainEntityOfPage\":{\"@id\":\"https:\/\/torredonjimenoactualidad.com\/index.php\/2024\/10\/08\/servicio-especial-de-autobuses-metropolitanos-por-la-feria-de-san-lucas-los-dias-12-13-19-y-20-de-octubre\/\"},\"wordCount\":443,\"commentCount\":0,\"publisher\":{\"@id\":\"https:\/\/torredonjimenoactualidad.com\/#organization\"},\"articleSection\":[\"provincia\"],\"inLanguage\":\"es\",\"potentialAction\":[{\"@type\":\"CommentAction\",\"name\":\"Comment\",\"target\":[\"https:\/\/torredonjimenoactualidad.com\/index.php\/2024\/10\/08\/servicio-especial-de-autobuses-metropolitanos-por-la-feria-de-san-lucas-los-dias-12-13-19-y-20-de-octubre\/#respond\"]}]},{\"@type\":\"WebPage\",\"@id\":\"https:\/\/torredonjimenoactualidad.com\/index.php\/2024\/10\/08\/servicio-especial-de-autobuses-metropolitanos-por-la-feria-de-san-lucas-los-dias-12-13-19-y-20-de-octubre\/\",\"url\":\"https:\/\/torredonjimenoactualidad.com\/index.php\/2024\/10\/08\/servicio-especial-de-autobuses-metropolitanos-por-la-feria-de-san-lucas-los-dias-12-13-19-y-20-de-octubre\/\",\"name\":\"Servicio especial de autobuses metropolitanos por la Feria de San Lucas los d\u00edas 12, 13, 19 y 20 de octubre - Torredonjimeno Actualidad\",\"isPartOf\":{\"@id\":\"https:\/\/torredonjimenoactualidad.com\/#website\"},\"datePublished\":\"2024-10-08T14:45:32+00:00\",\"dateModified\":\"2024-10-09T06:47:17+00:00\",\"breadcrumb\":{\"@id\":\"https:\/\/torredonjimenoactualidad.com\/index.php\/2024\/10\/08\/servicio-especial-de-autobuses-metropolitanos-por-la-feria-de-san-lucas-los-dias-12-13-19-y-20-de-octubre\/#breadcrumb\"},\"inLanguage\":\"es\",\"potentialAction\":[{\"@type\":\"ReadAction\",\"target\":[\"https:\/\/torredonjimenoactualidad.com\/index.php\/2024\/10\/08\/servicio-especial-de-autobuses-metropolitanos-por-la-feria-de-san-lucas-los-dias-12-13-19-y-20-de-octubre\/\"]}]},{\"@type\":\"BreadcrumbList\",\"@id\":\"https:\/\/torredonjimenoactualidad.com\/index.php\/2024\/10\/08\/servicio-especial-de-autobuses-metropolitanos-por-la-feria-de-san-lucas-los-dias-12-13-19-y-20-de-octubre\/#breadcrumb\",\"itemListElement\":[{\"@type\":\"ListItem\",\"position\":1,\"name\":\"Portada\",\"item\":\"https:\/\/torredonjimenoactualidad.com\/\"},{\"@type\":\"ListItem\",\"position\":2,\"name\":\"Servicio especial de autobuses metropolitanos por la Feria de San Lucas los d\u00edas 12, 13, 19 y 20 de octubre\"}]},{\"@type\":\"WebSite\",\"@id\":\"https:\/\/torredonjimenoactualidad.com\/#website\",\"url\":\"https:\/\/torredonjimenoactualidad.com\/\",\"name\":\"Torredonjimeno Actualidad\",\"description\":\"\",\"publisher\":{\"@id\":\"https:\/\/torredonjimenoactualidad.com\/#organization\"},\"potentialAction\":[{\"@type\":\"SearchAction\",\"target\":{\"@type\":\"EntryPoint\",\"urlTemplate\":\"https:\/\/torredonjimenoactualidad.com\/?s={search_term_string}\"},\"query-input\":\"required name=search_term_string\"}],\"inLanguage\":\"es\"},{\"@type\":\"Organization\",\"@id\":\"https:\/\/torredonjimenoactualidad.com\/#organization\",\"name\":\"Torredonjimeno Actualidad\",\"url\":\"https:\/\/torredonjimenoactualidad.com\/\",\"logo\":{\"@type\":\"ImageObject\",\"inLanguage\":\"es\",\"@id\":\"https:\/\/torredonjimenoactualidad.com\/#\/schema\/logo\/image\/\",\"url\":\"https:\/\/torredonjimenoactualidad.com\/wp-content\/uploads\/2023\/02\/logo-torredonjimeno-544x180-1.png\",\"contentUrl\":\"https:\/\/torredonjimenoactualidad.com\/wp-content\/uploads\/2023\/02\/logo-torredonjimeno-544x180-1.png\",\"width\":545,\"height\":112,\"caption\":\"Torredonjimeno Actualidad\"},\"image\":{\"@id\":\"https:\/\/torredonjimenoactualidad.com\/#\/schema\/logo\/image\/\"}},{\"@type\":\"Person\",\"@id\":\"https:\/\/torredonjimenoactualidad.com\/#\/schema\/person\/11f05803cdf40dbeb7f4fbf2365c9ac5\",\"name\":\"Redaccion\",\"image\":{\"@type\":\"ImageObject\",\"inLanguage\":\"es\",\"@id\":\"https:\/\/torredonjimenoactualidad.com\/#\/schema\/person\/image\/\",\"url\":\"https:\/\/secure.gravatar.com\/avatar\/5917bab7eff43e17746fd29b509939469470810b6b989b7cc2f89e3188399bf3?s=96&d=mm&r=g\",\"contentUrl\":\"https:\/\/secure.gravatar.com\/avatar\/5917bab7eff43e17746fd29b509939469470810b6b989b7cc2f89e3188399bf3?s=96&d=mm&r=g\",\"caption\":\"Redaccion\"},\"url\":\"https:\/\/torredonjimenoactualidad.com\/index.php\/author\/jose-bueno\/\"}]}<\/script>\n<!-- \/ Yoast SEO plugin. -->","yoast_head_json":{"title":"Servicio especial de autobuses metropolitanos por la Feria de San Lucas los d\u00edas 12, 13, 19 y 20 de octubre - Torredonjimeno Actualidad","robots":{"index":"index","follow":"follow","max-snippet":"max-snippet:-1","max-image-preview":"max-image-preview:large","max-video-preview":"max-video-preview:-1"},"canonical":"https:\/\/torredonjimenoactualidad.com\/index.php\/2024\/10\/08\/servicio-especial-de-autobuses-metropolitanos-por-la-feria-de-san-lucas-los-dias-12-13-19-y-20-de-octubre\/","og_locale":"es_ES","og_type":"article","og_title":"Servicio especial de autobuses metropolitanos por la Feria de San Lucas los d\u00edas 12, 13, 19 y 20 de octubre - Torredonjimeno Actualidad","og_description":"La Junta de Andaluc\u00eda habilitar\u00e1 en Ja\u00e9n un servicio especial de autobuses metropolitanos con motivo de la Feria de San Lucas. Incluye 145 expediciones entre la tarde noche de los d\u00edas 12 y 13 de octubre as\u00ed como del 19 y 20 de este mes y se estima que pueda beneficiar a m\u00e1s de 10.000 &hellip; Servicio especial de autobuses metropolitanos por la Feria de San Lucas los d\u00edas 12, 13, 19 y 20 de octubre Leer m\u00e1s &raquo;","og_url":"https:\/\/torredonjimenoactualidad.com\/index.php\/2024\/10\/08\/servicio-especial-de-autobuses-metropolitanos-por-la-feria-de-san-lucas-los-dias-12-13-19-y-20-de-octubre\/","og_site_name":"Torredonjimeno Actualidad","article_published_time":"2024-10-08T14:45:32+00:00","article_modified_time":"2024-10-09T06:47:17+00:00","og_image":[{"width":1920,"height":1097,"url":"https:\/\/torredonjimenoactualidad.com\/wp-content\/uploads\/2024\/10\/fotonoticia_20241008120927_1920.jpg","type":"image\/jpeg"}],"author":"Redaccion","twitter_card":"summary_large_image","twitter_misc":{"Escrito por":"Redaccion"},"schema":{"@context":"https:\/\/schema.org","@graph":[{"@type":"Article","@id":"https:\/\/torredonjimenoactualidad.com\/index.php\/2024\/10\/08\/servicio-especial-de-autobuses-metropolitanos-por-la-feria-de-san-lucas-los-dias-12-13-19-y-20-de-octubre\/#article","isPartOf":{"@id":"https:\/\/torredonjimenoactualidad.com\/index.php\/2024\/10\/08\/servicio-especial-de-autobuses-metropolitanos-por-la-feria-de-san-lucas-los-dias-12-13-19-y-20-de-octubre\/"},"author":{"name":"Redaccion","@id":"https:\/\/torredonjimenoactualidad.com\/#\/schema\/person\/11f05803cdf40dbeb7f4fbf2365c9ac5"},"headline":"Servicio especial de autobuses metropolitanos por la Feria de San Lucas los d\u00edas 12, 13, 19 y 20 de octubre","datePublished":"2024-10-08T14:45:32+00:00","dateModified":"2024-10-09T06:47:17+00:00","mainEntityOfPage":{"@id":"https:\/\/torredonjimenoactualidad.com\/index.php\/2024\/10\/08\/servicio-especial-de-autobuses-metropolitanos-por-la-feria-de-san-lucas-los-dias-12-13-19-y-20-de-octubre\/"},"wordCount":443,"commentCount":0,"publisher":{"@id":"https:\/\/torredonjimenoactualidad.com\/#organization"},"articleSection":["provincia"],"inLanguage":"es","potentialAction":[{"@type":"CommentAction","name":"Comment","target":["https:\/\/torredonjimenoactualidad.com\/index.php\/2024\/10\/08\/servicio-especial-de-autobuses-metropolitanos-por-la-feria-de-san-lucas-los-dias-12-13-19-y-20-de-octubre\/#respond"]}]},{"@type":"WebPage","@id":"https:\/\/torredonjimenoactualidad.com\/index.php\/2024\/10\/08\/servicio-especial-de-autobuses-metropolitanos-por-la-feria-de-san-lucas-los-dias-12-13-19-y-20-de-octubre\/","url":"https:\/\/torredonjimenoactualidad.com\/index.php\/2024\/10\/08\/servicio-especial-de-autobuses-metropolitanos-por-la-feria-de-san-lucas-los-dias-12-13-19-y-20-de-octubre\/","name":"Servicio especial de autobuses metropolitanos por la Feria de San Lucas los d\u00edas 12, 13, 19 y 20 de octubre - Torredonjimeno Actualidad","isPartOf":{"@id":"https:\/\/torredonjimenoactualidad.com\/#website"},"datePublished":"2024-10-08T14:45:32+00:00","dateModified":"2024-10-09T06:47:17+00:00","breadcrumb":{"@id":"https:\/\/torredonjimenoactualidad.com\/index.php\/2024\/10\/08\/servicio-especial-de-autobuses-metropolitanos-por-la-feria-de-san-lucas-los-dias-12-13-19-y-20-de-octubre\/#breadcrumb"},"inLanguage":"es","potentialAction":[{"@type":"ReadAction","target":["https:\/\/torredonjimenoactualidad.com\/index.php\/2024\/10\/08\/servicio-especial-de-autobuses-metropolitanos-por-la-feria-de-san-lucas-los-dias-12-13-19-y-20-de-octubre\/"]}]},{"@type":"BreadcrumbList","@id":"https:\/\/torredonjimenoactualidad.com\/index.php\/2024\/10\/08\/servicio-especial-de-autobuses-metropolitanos-por-la-feria-de-san-lucas-los-dias-12-13-19-y-20-de-octubre\/#breadcrumb","itemListElement":[{"@type":"ListItem","position":1,"name":"Portada","item":"https:\/\/torredonjimenoactualidad.com\/"},{"@type":"ListItem","position":2,"name":"Servicio especial de autobuses metropolitanos por la Feria de San Lucas los d\u00edas 12, 13, 19 y 20 de octubre"}]},{"@type":"WebSite","@id":"https:\/\/torredonjimenoactualidad.com\/#website","url":"https:\/\/torredonjimenoactualidad.com\/","name":"Torredonjimeno Actualidad","description":"","publisher":{"@id":"https:\/\/torredonjimenoactualidad.com\/#organization"},"potentialAction":[{"@type":"SearchAction","target":{"@type":"EntryPoint","urlTemplate":"https:\/\/torredonjimenoactualidad.com\/?s={search_term_string}"},"query-input":"required name=search_term_string"}],"inLanguage":"es"},{"@type":"Organization","@id":"https:\/\/torredonjimenoactualidad.com\/#organization","name":"Torredonjimeno Actualidad","url":"https:\/\/torredonjimenoactualidad.com\/","logo":{"@type":"ImageObject","inLanguage":"es","@id":"https:\/\/torredonjimenoactualidad.com\/#\/schema\/logo\/image\/","url":"https:\/\/torredonjimenoactualidad.com\/wp-content\/uploads\/2023\/02\/logo-torredonjimeno-544x180-1.png","contentUrl":"https:\/\/torredonjimenoactualidad.com\/wp-content\/uploads\/2023\/02\/logo-torredonjimeno-544x180-1.png","width":545,"height":112,"caption":"Torredonjimeno Actualidad"},"image":{"@id":"https:\/\/torredonjimenoactualidad.com\/#\/schema\/logo\/image\/"}},{"@type":"Person","@id":"https:\/\/torredonjimenoactualidad.com\/#\/schema\/person\/11f05803cdf40dbeb7f4fbf2365c9ac5","name":"Redaccion","image":{"@type":"ImageObject","inLanguage":"es","@id":"https:\/\/torredonjimenoactualidad.com\/#\/schema\/person\/image\/","url":"https:\/\/secure.gravatar.com\/avatar\/5917bab7eff43e17746fd29b509939469470810b6b989b7cc2f89e3188399bf3?s=96&d=mm&r=g","contentUrl":"https:\/\/secure.gravatar.com\/avatar\/5917bab7eff43e17746fd29b509939469470810b6b989b7cc2f89e3188399bf3?s=96&d=mm&r=g","caption":"Redaccion"},"url":"https:\/\/torredonjimenoactualidad.com\/index.php\/author\/jose-bueno\/"}]}},"_links":{"self":[{"href":"https:\/\/torredonjimenoactualidad.com\/index.php\/wp-json\/wp\/v2\/posts\/2499","targetHints":{"allow":["GET"]}}],"collection":[{"href":"https:\/\/torredonjimenoactualidad.com\/index.php\/wp-json\/wp\/v2\/posts"}],"about":[{"href":"https:\/\/torredonjimenoactualidad.com\/index.php\/wp-json\/wp\/v2\/types\/post"}],"author":[{"embeddable":true,"href":"https:\/\/torredonjimenoactualidad.com\/index.php\/wp-json\/wp\/v2\/users\/3"}],"replies":[{"embeddable":true,"href":"https:\/\/torredonjimenoactualidad.com\/index.php\/wp-json\/wp\/v2\/comments?post=2499"}],"version-history":[{"count":1,"href":"https:\/\/torredonjimenoactualidad.com\/index.php\/wp-json\/wp\/v2\/posts\/2499\/revisions"}],"predecessor-version":[{"id":2501,"href":"https:\/\/torredonjimenoactualidad.com\/index.php\/wp-json\/wp\/v2\/posts\/2499\/revisions\/2501"}],"wp:featuredmedia":[{"embeddable":true,"href":"https:\/\/torredonjimenoactualidad.com\/index.php\/wp-json\/wp\/v2\/media\/2500"}],"wp:attachment":[{"href":"https:\/\/torredonjimenoactualidad.com\/index.php\/wp-json\/wp\/v2\/media?parent=2499"}],"wp:term":[{"taxonomy":"category","embeddable":true,"href":"https:\/\/torredonjimenoactualidad.com\/index.php\/wp-json\/wp\/v2\/categories?post=2499"},{"taxonomy":"post_tag","embeddable":true,"href":"https:\/\/torredonjimenoactualidad.com\/index.php\/wp-json\/wp\/v2\/tags?post=2499"}],"curies":[{"name":"wp","href":"https:\/\/api.w.org\/{rel}","templated":true}]}}