{"id":2493,"date":"2024-10-08T11:56:11","date_gmt":"2024-10-08T11:56:11","guid":{"rendered":"https:\/\/torredonjimenoactualidad.com\/?p=2493"},"modified":"2024-10-08T12:01:10","modified_gmt":"2024-10-08T12:01:10","slug":"presentacion-de-liga-active-la-nueva-aplicacion-que-fomenta-el-deporte-entre-los-vecinos-de-torredonjimeno","status":"publish","type":"post","link":"https:\/\/torredonjimenoactualidad.com\/index.php\/2024\/10\/08\/presentacion-de-liga-active-la-nueva-aplicacion-que-fomenta-el-deporte-entre-los-vecinos-de-torredonjimeno\/","title":{"rendered":"Presentaci\u00f3n de Liga Active: la nueva aplicaci\u00f3n que fomenta el deporte entre los vecinos de Torredonjimeno"},"content":{"rendered":"\n<p>Este martes se ha presentado oficialmente la aplicaci\u00f3n Liga Active, una innovadora iniciativa que busca incentivar la actividad f\u00edsica entre los habitantes de Torredonjimeno. En la presentaci\u00f3n del proyecto ha participado la concejal de Deportes, Ana Bel\u00e9n Lara, acompa\u00f1ada por Mar\u00eda \u00c1ngeles Ure\u00f1a, coordinadora de la Casa del Deporte y Jos\u00e9 Antonio Guti\u00e9rrez, monitor de actividades deportivas, quien ha ofrecido una demostraci\u00f3n del funcionamiento de la aplicaci\u00f3n. La concejal del \u00e1rea de deportes ha sido la encargada de explicar los principales objetivos de esta novedosa app.<\/p>\n\n\n\n<p>\u201cCon la aplicaci\u00f3n Liga Active, los vecinos podr\u00e1n participar en la primera liga que premiar\u00e1 a aquellos que caminen o corran m\u00e1s, a trav\u00e9s de un sistema de recompensas y promociones\u201d, ha se\u00f1alado la concejal Ana Bel\u00e9n Lara. \u201cEs una excelente herramienta para fomentar h\u00e1bitos de vida saludables entre hombres y mujeres de nuestra localidad y combatir el sedentarismo\u201d, a\u00f1adi\u00f3.<\/p>\n\n\n\n<p>Esta aplicaci\u00f3n, que ya cuenta con numerosos usuarios en el municipio, nace con el objetivo de promover la actividad f\u00edsica a diario. Aunque la concejal\u00eda de Deportes ya hab\u00eda impulsado caminatas y actividades f\u00edsicas durante el pasado verano \u2014en las que participaron muchas mujeres usuarias de los cursos de aer\u00f3bic y gimnasia de mantenimiento\u2014, la gran novedad radica en el uso de la tecnolog\u00eda para hacer el seguimiento de los pasos y progresos de los participantes.<\/p>\n\n\n\n<p>\u201cCaminatas diarias pueden tener un impacto significativo en nuestra salud mental y f\u00edsica\u201d, explic\u00f3 Ana Bel\u00e9n Lara. \u201cSiempre escuchamos que caminar al menos diez mil pasos al d\u00eda nos ayuda a mantenernos activos, y ahora, gracias a la tecnolog\u00eda, podemos medir y monitorizar nuestro progreso de manera m\u00e1s motivadora\u201d.<\/p>\n\n\n\n<p>Liga Active permite establecer metas, seguir los pasos diarios y controlar el nivel de actividad f\u00edsica de forma sencilla, lo que la convierte en una herramienta accesible para personas de todas las edades y condiciones f\u00edsicas. \u201cEs un concepto novedoso que est\u00e1 teniendo una gran acogida en Torredonjimeno\u201d, coment\u00f3 Lara, subrayando que  \u201cel esp\u00edritu de superaci\u00f3n que ha contagiado esta iniciativa es notable\u201d.<\/p>\n\n\n\n<p>El monitor de actividades deportivas, Jos\u00e9 Antonio Guti\u00e9rrez mostr\u00f3 durante la presentaci\u00f3n c\u00f3mo utilizar la aplicaci\u00f3n, destacando su facilidad de uso y la capacidad para motivar a los usuarios a mejorar su rendimiento diario.<\/p>\n\n\n\n<p>Con iniciativas como esta, Torredonjimeno refuerza su compromiso con el bienestar de sus ciudadanos, fomentando h\u00e1bitos saludables y utilizando la tecnolog\u00eda como aliada para luchar contra el sedentarismo.<\/p>\n","protected":false},"excerpt":{"rendered":"<p>Este martes se ha presentado oficialmente la aplicaci\u00f3n Liga Active, una innovadora iniciativa que busca incentivar la actividad f\u00edsica entre los habitantes de Torredonjimeno. En la presentaci\u00f3n del proyecto ha participado la concejal de Deportes, Ana Bel\u00e9n Lara, acompa\u00f1ada por Mar\u00eda \u00c1ngeles Ure\u00f1a, coordinadora de la Casa del Deporte y Jos\u00e9 Antonio Guti\u00e9rrez, monitor de &hellip;<\/p>\n<p class=\"read-more\"> <a class=\"\" href=\"https:\/\/torredonjimenoactualidad.com\/index.php\/2024\/10\/08\/presentacion-de-liga-active-la-nueva-aplicacion-que-fomenta-el-deporte-entre-los-vecinos-de-torredonjimeno\/\"> <span class=\"screen-reader-text\">Presentaci\u00f3n de Liga Active: la nueva aplicaci\u00f3n que fomenta el deporte entre los vecinos de Torredonjimeno<\/span> Leer m\u00e1s &raquo;<\/a><\/p>\n","protected":false},"author":2,"featured_media":2494,"comment_status":"closed","ping_status":"open","sticky":false,"template":"","format":"standard","meta":{"site-sidebar-layout":"default","site-content-layout":"default","ast-global-header-display":"","ast-main-header-display":"","ast-hfb-above-header-display":"","ast-hfb-below-header-display":"","ast-hfb-mobile-header-display":"","site-post-title":"","ast-breadcrumbs-content":"","ast-featured-img":"","footer-sml-layout":"","theme-transparent-header-meta":"","adv-header-id-meta":"","stick-header-meta":"","header-above-stick-meta":"","header-main-stick-meta":"","header-below-stick-meta":"","footnotes":""},"categories":[9],"tags":[],"class_list":["post-2493","post","type-post","status-publish","format-standard","has-post-thumbnail","hentry","category-deportes"],"yoast_head":"<!-- This site is optimized with the Yoast SEO plugin v20.8 - https:\/\/yoast.com\/wordpress\/plugins\/seo\/ -->\n<title>Presentaci\u00f3n de Liga Active: la nueva aplicaci\u00f3n que fomenta el deporte entre los vecinos de Torredonjimeno - Torredonjimeno Actualidad<\/title>\n<meta name=\"robots\" content=\"index, follow, max-snippet:-1, max-image-preview:large, max-video-preview:-1\" \/>\n<link rel=\"canonical\" href=\"https:\/\/torredonjimenoactualidad.com\/index.php\/2024\/10\/08\/presentacion-de-liga-active-la-nueva-aplicacion-que-fomenta-el-deporte-entre-los-vecinos-de-torredonjimeno\/\" \/>\n<meta property=\"og:locale\" content=\"es_ES\" \/>\n<meta property=\"og:type\" content=\"article\" \/>\n<meta property=\"og:title\" content=\"Presentaci\u00f3n de Liga Active: la nueva aplicaci\u00f3n que fomenta el deporte entre los vecinos de Torredonjimeno - Torredonjimeno Actualidad\" \/>\n<meta property=\"og:description\" content=\"Este martes se ha presentado oficialmente la aplicaci\u00f3n Liga Active, una innovadora iniciativa que busca incentivar la actividad f\u00edsica entre los habitantes de Torredonjimeno. En la presentaci\u00f3n del proyecto ha participado la concejal de Deportes, Ana Bel\u00e9n Lara, acompa\u00f1ada por Mar\u00eda \u00c1ngeles Ure\u00f1a, coordinadora de la Casa del Deporte y Jos\u00e9 Antonio Guti\u00e9rrez, monitor de &hellip; Presentaci\u00f3n de Liga Active: la nueva aplicaci\u00f3n que fomenta el deporte entre los vecinos de Torredonjimeno Leer m\u00e1s &raquo;\" \/>\n<meta property=\"og:url\" content=\"https:\/\/torredonjimenoactualidad.com\/index.php\/2024\/10\/08\/presentacion-de-liga-active-la-nueva-aplicacion-que-fomenta-el-deporte-entre-los-vecinos-de-torredonjimeno\/\" \/>\n<meta property=\"og:site_name\" content=\"Torredonjimeno Actualidad\" \/>\n<meta property=\"article:published_time\" content=\"2024-10-08T11:56:11+00:00\" \/>\n<meta property=\"article:modified_time\" content=\"2024-10-08T12:01:10+00:00\" \/>\n<meta property=\"og:image\" content=\"https:\/\/torredonjimenoactualidad.com\/wp-content\/uploads\/2024\/10\/DEPORTES.jpg\" \/>\n\t<meta property=\"og:image:width\" content=\"1474\" \/>\n\t<meta property=\"og:image:height\" content=\"842\" \/>\n\t<meta property=\"og:image:type\" content=\"image\/jpeg\" \/>\n<meta name=\"author\" content=\"Alba Mar\u00eda Torres\" \/>\n<meta name=\"twitter:card\" content=\"summary_large_image\" \/>\n<meta name=\"twitter:label1\" content=\"Escrito por\" \/>\n\t<meta name=\"twitter:data1\" content=\"Alba Mar\u00eda Torres\" \/>\n\t<meta name=\"twitter:label2\" content=\"Tiempo de lectura\" \/>\n\t<meta name=\"twitter:data2\" content=\"2 minutos\" \/>\n<script type=\"application\/ld+json\" class=\"yoast-schema-graph\">{\"@context\":\"https:\/\/schema.org\",\"@graph\":[{\"@type\":\"Article\",\"@id\":\"https:\/\/torredonjimenoactualidad.com\/index.php\/2024\/10\/08\/presentacion-de-liga-active-la-nueva-aplicacion-que-fomenta-el-deporte-entre-los-vecinos-de-torredonjimeno\/#article\",\"isPartOf\":{\"@id\":\"https:\/\/torredonjimenoactualidad.com\/index.php\/2024\/10\/08\/presentacion-de-liga-active-la-nueva-aplicacion-que-fomenta-el-deporte-entre-los-vecinos-de-torredonjimeno\/\"},\"author\":{\"name\":\"Alba Mar\u00eda Torres\",\"@id\":\"https:\/\/torredonjimenoactualidad.com\/#\/schema\/person\/84de5f233e783ef2c75151a532b54977\"},\"headline\":\"Presentaci\u00f3n de Liga Active: la nueva aplicaci\u00f3n que fomenta el deporte entre los vecinos de Torredonjimeno\",\"datePublished\":\"2024-10-08T11:56:11+00:00\",\"dateModified\":\"2024-10-08T12:01:10+00:00\",\"mainEntityOfPage\":{\"@id\":\"https:\/\/torredonjimenoactualidad.com\/index.php\/2024\/10\/08\/presentacion-de-liga-active-la-nueva-aplicacion-que-fomenta-el-deporte-entre-los-vecinos-de-torredonjimeno\/\"},\"wordCount\":454,\"publisher\":{\"@id\":\"https:\/\/torredonjimenoactualidad.com\/#organization\"},\"articleSection\":[\"deportes\"],\"inLanguage\":\"es\"},{\"@type\":\"WebPage\",\"@id\":\"https:\/\/torredonjimenoactualidad.com\/index.php\/2024\/10\/08\/presentacion-de-liga-active-la-nueva-aplicacion-que-fomenta-el-deporte-entre-los-vecinos-de-torredonjimeno\/\",\"url\":\"https:\/\/torredonjimenoactualidad.com\/index.php\/2024\/10\/08\/presentacion-de-liga-active-la-nueva-aplicacion-que-fomenta-el-deporte-entre-los-vecinos-de-torredonjimeno\/\",\"name\":\"Presentaci\u00f3n de Liga Active: la nueva aplicaci\u00f3n que fomenta el deporte entre los vecinos de Torredonjimeno - Torredonjimeno Actualidad\",\"isPartOf\":{\"@id\":\"https:\/\/torredonjimenoactualidad.com\/#website\"},\"datePublished\":\"2024-10-08T11:56:11+00:00\",\"dateModified\":\"2024-10-08T12:01:10+00:00\",\"breadcrumb\":{\"@id\":\"https:\/\/torredonjimenoactualidad.com\/index.php\/2024\/10\/08\/presentacion-de-liga-active-la-nueva-aplicacion-que-fomenta-el-deporte-entre-los-vecinos-de-torredonjimeno\/#breadcrumb\"},\"inLanguage\":\"es\",\"potentialAction\":[{\"@type\":\"ReadAction\",\"target\":[\"https:\/\/torredonjimenoactualidad.com\/index.php\/2024\/10\/08\/presentacion-de-liga-active-la-nueva-aplicacion-que-fomenta-el-deporte-entre-los-vecinos-de-torredonjimeno\/\"]}]},{\"@type\":\"BreadcrumbList\",\"@id\":\"https:\/\/torredonjimenoactualidad.com\/index.php\/2024\/10\/08\/presentacion-de-liga-active-la-nueva-aplicacion-que-fomenta-el-deporte-entre-los-vecinos-de-torredonjimeno\/#breadcrumb\",\"itemListElement\":[{\"@type\":\"ListItem\",\"position\":1,\"name\":\"Portada\",\"item\":\"https:\/\/torredonjimenoactualidad.com\/\"},{\"@type\":\"ListItem\",\"position\":2,\"name\":\"Presentaci\u00f3n de Liga Active: la nueva aplicaci\u00f3n que fomenta el deporte entre los vecinos de Torredonjimeno\"}]},{\"@type\":\"WebSite\",\"@id\":\"https:\/\/torredonjimenoactualidad.com\/#website\",\"url\":\"https:\/\/torredonjimenoactualidad.com\/\",\"name\":\"Torredonjimeno Actualidad\",\"description\":\"\",\"publisher\":{\"@id\":\"https:\/\/torredonjimenoactualidad.com\/#organization\"},\"potentialAction\":[{\"@type\":\"SearchAction\",\"target\":{\"@type\":\"EntryPoint\",\"urlTemplate\":\"https:\/\/torredonjimenoactualidad.com\/?s={search_term_string}\"},\"query-input\":\"required name=search_term_string\"}],\"inLanguage\":\"es\"},{\"@type\":\"Organization\",\"@id\":\"https:\/\/torredonjimenoactualidad.com\/#organization\",\"name\":\"Torredonjimeno Actualidad\",\"url\":\"https:\/\/torredonjimenoactualidad.com\/\",\"logo\":{\"@type\":\"ImageObject\",\"inLanguage\":\"es\",\"@id\":\"https:\/\/torredonjimenoactualidad.com\/#\/schema\/logo\/image\/\",\"url\":\"https:\/\/torredonjimenoactualidad.com\/wp-content\/uploads\/2023\/02\/logo-torredonjimeno-544x180-1.png\",\"contentUrl\":\"https:\/\/torredonjimenoactualidad.com\/wp-content\/uploads\/2023\/02\/logo-torredonjimeno-544x180-1.png\",\"width\":545,\"height\":112,\"caption\":\"Torredonjimeno Actualidad\"},\"image\":{\"@id\":\"https:\/\/torredonjimenoactualidad.com\/#\/schema\/logo\/image\/\"}},{\"@type\":\"Person\",\"@id\":\"https:\/\/torredonjimenoactualidad.com\/#\/schema\/person\/84de5f233e783ef2c75151a532b54977\",\"name\":\"Alba Mar\u00eda Torres\",\"image\":{\"@type\":\"ImageObject\",\"inLanguage\":\"es\",\"@id\":\"https:\/\/torredonjimenoactualidad.com\/#\/schema\/person\/image\/\",\"url\":\"https:\/\/secure.gravatar.com\/avatar\/f9371f188c71501b4475a9ba2a71595850ec72967f800a2ed8e3e2102859ed65?s=96&d=mm&r=g\",\"contentUrl\":\"https:\/\/secure.gravatar.com\/avatar\/f9371f188c71501b4475a9ba2a71595850ec72967f800a2ed8e3e2102859ed65?s=96&d=mm&r=g\",\"caption\":\"Alba Mar\u00eda Torres\"},\"url\":\"https:\/\/torredonjimenoactualidad.com\/index.php\/author\/alba-torres\/\"}]}<\/script>\n<!-- \/ Yoast SEO plugin. -->","yoast_head_json":{"title":"Presentaci\u00f3n de Liga Active: la nueva aplicaci\u00f3n que fomenta el deporte entre los vecinos de Torredonjimeno - Torredonjimeno Actualidad","robots":{"index":"index","follow":"follow","max-snippet":"max-snippet:-1","max-image-preview":"max-image-preview:large","max-video-preview":"max-video-preview:-1"},"canonical":"https:\/\/torredonjimenoactualidad.com\/index.php\/2024\/10\/08\/presentacion-de-liga-active-la-nueva-aplicacion-que-fomenta-el-deporte-entre-los-vecinos-de-torredonjimeno\/","og_locale":"es_ES","og_type":"article","og_title":"Presentaci\u00f3n de Liga Active: la nueva aplicaci\u00f3n que fomenta el deporte entre los vecinos de Torredonjimeno - Torredonjimeno Actualidad","og_description":"Este martes se ha presentado oficialmente la aplicaci\u00f3n Liga Active, una innovadora iniciativa que busca incentivar la actividad f\u00edsica entre los habitantes de Torredonjimeno. En la presentaci\u00f3n del proyecto ha participado la concejal de Deportes, Ana Bel\u00e9n Lara, acompa\u00f1ada por Mar\u00eda \u00c1ngeles Ure\u00f1a, coordinadora de la Casa del Deporte y Jos\u00e9 Antonio Guti\u00e9rrez, monitor de &hellip; Presentaci\u00f3n de Liga Active: la nueva aplicaci\u00f3n que fomenta el deporte entre los vecinos de Torredonjimeno Leer m\u00e1s &raquo;","og_url":"https:\/\/torredonjimenoactualidad.com\/index.php\/2024\/10\/08\/presentacion-de-liga-active-la-nueva-aplicacion-que-fomenta-el-deporte-entre-los-vecinos-de-torredonjimeno\/","og_site_name":"Torredonjimeno Actualidad","article_published_time":"2024-10-08T11:56:11+00:00","article_modified_time":"2024-10-08T12:01:10+00:00","og_image":[{"width":1474,"height":842,"url":"https:\/\/torredonjimenoactualidad.com\/wp-content\/uploads\/2024\/10\/DEPORTES.jpg","type":"image\/jpeg"}],"author":"Alba Mar\u00eda Torres","twitter_card":"summary_large_image","twitter_misc":{"Escrito por":"Alba Mar\u00eda Torres","Tiempo de lectura":"2 minutos"},"schema":{"@context":"https:\/\/schema.org","@graph":[{"@type":"Article","@id":"https:\/\/torredonjimenoactualidad.com\/index.php\/2024\/10\/08\/presentacion-de-liga-active-la-nueva-aplicacion-que-fomenta-el-deporte-entre-los-vecinos-de-torredonjimeno\/#article","isPartOf":{"@id":"https:\/\/torredonjimenoactualidad.com\/index.php\/2024\/10\/08\/presentacion-de-liga-active-la-nueva-aplicacion-que-fomenta-el-deporte-entre-los-vecinos-de-torredonjimeno\/"},"author":{"name":"Alba Mar\u00eda Torres","@id":"https:\/\/torredonjimenoactualidad.com\/#\/schema\/person\/84de5f233e783ef2c75151a532b54977"},"headline":"Presentaci\u00f3n de Liga Active: la nueva aplicaci\u00f3n que fomenta el deporte entre los vecinos de Torredonjimeno","datePublished":"2024-10-08T11:56:11+00:00","dateModified":"2024-10-08T12:01:10+00:00","mainEntityOfPage":{"@id":"https:\/\/torredonjimenoactualidad.com\/index.php\/2024\/10\/08\/presentacion-de-liga-active-la-nueva-aplicacion-que-fomenta-el-deporte-entre-los-vecinos-de-torredonjimeno\/"},"wordCount":454,"publisher":{"@id":"https:\/\/torredonjimenoactualidad.com\/#organization"},"articleSection":["deportes"],"inLanguage":"es"},{"@type":"WebPage","@id":"https:\/\/torredonjimenoactualidad.com\/index.php\/2024\/10\/08\/presentacion-de-liga-active-la-nueva-aplicacion-que-fomenta-el-deporte-entre-los-vecinos-de-torredonjimeno\/","url":"https:\/\/torredonjimenoactualidad.com\/index.php\/2024\/10\/08\/presentacion-de-liga-active-la-nueva-aplicacion-que-fomenta-el-deporte-entre-los-vecinos-de-torredonjimeno\/","name":"Presentaci\u00f3n de Liga Active: la nueva aplicaci\u00f3n que fomenta el deporte entre los vecinos de Torredonjimeno - Torredonjimeno Actualidad","isPartOf":{"@id":"https:\/\/torredonjimenoactualidad.com\/#website"},"datePublished":"2024-10-08T11:56:11+00:00","dateModified":"2024-10-08T12:01:10+00:00","breadcrumb":{"@id":"https:\/\/torredonjimenoactualidad.com\/index.php\/2024\/10\/08\/presentacion-de-liga-active-la-nueva-aplicacion-que-fomenta-el-deporte-entre-los-vecinos-de-torredonjimeno\/#breadcrumb"},"inLanguage":"es","potentialAction":[{"@type":"ReadAction","target":["https:\/\/torredonjimenoactualidad.com\/index.php\/2024\/10\/08\/presentacion-de-liga-active-la-nueva-aplicacion-que-fomenta-el-deporte-entre-los-vecinos-de-torredonjimeno\/"]}]},{"@type":"BreadcrumbList","@id":"https:\/\/torredonjimenoactualidad.com\/index.php\/2024\/10\/08\/presentacion-de-liga-active-la-nueva-aplicacion-que-fomenta-el-deporte-entre-los-vecinos-de-torredonjimeno\/#breadcrumb","itemListElement":[{"@type":"ListItem","position":1,"name":"Portada","item":"https:\/\/torredonjimenoactualidad.com\/"},{"@type":"ListItem","position":2,"name":"Presentaci\u00f3n de Liga Active: la nueva aplicaci\u00f3n que fomenta el deporte entre los vecinos de Torredonjimeno"}]},{"@type":"WebSite","@id":"https:\/\/torredonjimenoactualidad.com\/#website","url":"https:\/\/torredonjimenoactualidad.com\/","name":"Torredonjimeno Actualidad","description":"","publisher":{"@id":"https:\/\/torredonjimenoactualidad.com\/#organization"},"potentialAction":[{"@type":"SearchAction","target":{"@type":"EntryPoint","urlTemplate":"https:\/\/torredonjimenoactualidad.com\/?s={search_term_string}"},"query-input":"required name=search_term_string"}],"inLanguage":"es"},{"@type":"Organization","@id":"https:\/\/torredonjimenoactualidad.com\/#organization","name":"Torredonjimeno Actualidad","url":"https:\/\/torredonjimenoactualidad.com\/","logo":{"@type":"ImageObject","inLanguage":"es","@id":"https:\/\/torredonjimenoactualidad.com\/#\/schema\/logo\/image\/","url":"https:\/\/torredonjimenoactualidad.com\/wp-content\/uploads\/2023\/02\/logo-torredonjimeno-544x180-1.png","contentUrl":"https:\/\/torredonjimenoactualidad.com\/wp-content\/uploads\/2023\/02\/logo-torredonjimeno-544x180-1.png","width":545,"height":112,"caption":"Torredonjimeno Actualidad"},"image":{"@id":"https:\/\/torredonjimenoactualidad.com\/#\/schema\/logo\/image\/"}},{"@type":"Person","@id":"https:\/\/torredonjimenoactualidad.com\/#\/schema\/person\/84de5f233e783ef2c75151a532b54977","name":"Alba Mar\u00eda Torres","image":{"@type":"ImageObject","inLanguage":"es","@id":"https:\/\/torredonjimenoactualidad.com\/#\/schema\/person\/image\/","url":"https:\/\/secure.gravatar.com\/avatar\/f9371f188c71501b4475a9ba2a71595850ec72967f800a2ed8e3e2102859ed65?s=96&d=mm&r=g","contentUrl":"https:\/\/secure.gravatar.com\/avatar\/f9371f188c71501b4475a9ba2a71595850ec72967f800a2ed8e3e2102859ed65?s=96&d=mm&r=g","caption":"Alba Mar\u00eda Torres"},"url":"https:\/\/torredonjimenoactualidad.com\/index.php\/author\/alba-torres\/"}]}},"_links":{"self":[{"href":"https:\/\/torredonjimenoactualidad.com\/index.php\/wp-json\/wp\/v2\/posts\/2493","targetHints":{"allow":["GET"]}}],"collection":[{"href":"https:\/\/torredonjimenoactualidad.com\/index.php\/wp-json\/wp\/v2\/posts"}],"about":[{"href":"https:\/\/torredonjimenoactualidad.com\/index.php\/wp-json\/wp\/v2\/types\/post"}],"author":[{"embeddable":true,"href":"https:\/\/torredonjimenoactualidad.com\/index.php\/wp-json\/wp\/v2\/users\/2"}],"replies":[{"embeddable":true,"href":"https:\/\/torredonjimenoactualidad.com\/index.php\/wp-json\/wp\/v2\/comments?post=2493"}],"version-history":[{"count":3,"href":"https:\/\/torredonjimenoactualidad.com\/index.php\/wp-json\/wp\/v2\/posts\/2493\/revisions"}],"predecessor-version":[{"id":2497,"href":"https:\/\/torredonjimenoactualidad.com\/index.php\/wp-json\/wp\/v2\/posts\/2493\/revisions\/2497"}],"wp:featuredmedia":[{"embeddable":true,"href":"https:\/\/torredonjimenoactualidad.com\/index.php\/wp-json\/wp\/v2\/media\/2494"}],"wp:attachment":[{"href":"https:\/\/torredonjimenoactualidad.com\/index.php\/wp-json\/wp\/v2\/media?parent=2493"}],"wp:term":[{"taxonomy":"category","embeddable":true,"href":"https:\/\/torredonjimenoactualidad.com\/index.php\/wp-json\/wp\/v2\/categories?post=2493"},{"taxonomy":"post_tag","embeddable":true,"href":"https:\/\/torredonjimenoactualidad.com\/index.php\/wp-json\/wp\/v2\/tags?post=2493"}],"curies":[{"name":"wp","href":"https:\/\/api.w.org\/{rel}","templated":true}]}}