{"id":2469,"date":"2024-10-03T17:20:05","date_gmt":"2024-10-03T17:20:05","guid":{"rendered":"https:\/\/torredonjimenoactualidad.com\/?p=2469"},"modified":"2024-10-03T17:24:47","modified_gmt":"2024-10-03T17:24:47","slug":"solemne-izado-de-bandera-entorredonjimeno-en-conmemoracion-del-dia-de-la-fiesta-nacional","status":"publish","type":"post","link":"https:\/\/torredonjimenoactualidad.com\/index.php\/2024\/10\/03\/solemne-izado-de-bandera-entorredonjimeno-en-conmemoracion-del-dia-de-la-fiesta-nacional\/","title":{"rendered":"Solemne Izado de Bandera enTorredonjimeno en conmemoraci\u00f3n del D\u00eda de la Fiesta Nacional."},"content":{"rendered":"\n<p>Hoy 3 de octubre, la Brigada \u00abGuzm\u00e1n el Bueno\u00bb X ha llevado a cabo un solemne zado de Bandera en el parque municipal de Torredonjimeno, en colaboraci\u00f3n con el ayuntamiento. Este acto forma parte de las actividades previstas para la conmemoraci\u00f3n del D\u00eda de la Fiesta Nacional 2024.<\/p>\n\n\n\n<p>La ceremonia ha sido presidida por el general jefe de la Brigada \u00abGuzm\u00e1n el Bueno\u00bb X y Comandante Militar de C\u00f3rdoba y Ja\u00e9n, Fernando Ruiz G\u00f3mez, acompa\u00f1ado por el alcalde de Torredonjimeno, Enrique Castro T\u00e1rraga.&nbsp; Tras el saludo a las autoridades civiles y militares, el resto de invitados y p\u00fablico asistente, ha comenzado la parada militar. <\/p>\n\n\n\n<p>El piquete encargado de rendir los honores, perteneciente al Regimiento de Infanter\u00eda \u201cLa Reina\u201d 2, se ha dirigido a su puesto en formaci\u00f3n y, dando novedades al general Ruiz G\u00f3mez, ha solicitado permiso para inicio del acto. Seguidamente, el equipo portador de la Bandera ha desfilado hasta las inmediaciones del m\u00e1stil donde ha tenido lugar el solemne izado mientras la Banda de Guerra del Batall\u00f3n de Cuartel General X ha interpretado el himno nacional, permaneciendo el piquete con el arma presentada.<\/p>\n\n\n\n<p>Con la retirada de la fuerza, el general Ruiz G\u00f3mez ha dado por finalizado el acto agradeciendo a la corporaci\u00f3n municipal la disposici\u00f3n para llevar a cabo esta ceremonia y la calurosa acogida que los ciudadanos de la villa jiennense han dado a la Brigada.<\/p>\n\n\n\n<figure class=\"wp-block-gallery has-nested-images columns-default is-cropped wp-block-gallery-1 is-layout-flex wp-block-gallery-is-layout-flex\">\n<figure class=\"wp-block-image size-large\"><img loading=\"lazy\" decoding=\"async\" width=\"1024\" height=\"684\" data-id=\"2474\" src=\"https:\/\/torredonjimenoactualidad.com\/wp-content\/uploads\/2024\/10\/IMG_7821-1024x684.jpg\" alt=\"\" class=\"wp-image-2474\" srcset=\"https:\/\/torredonjimenoactualidad.com\/wp-content\/uploads\/2024\/10\/IMG_7821-1024x684.jpg 1024w, https:\/\/torredonjimenoactualidad.com\/wp-content\/uploads\/2024\/10\/IMG_7821-300x200.jpg 300w, https:\/\/torredonjimenoactualidad.com\/wp-content\/uploads\/2024\/10\/IMG_7821-768x513.jpg 768w, https:\/\/torredonjimenoactualidad.com\/wp-content\/uploads\/2024\/10\/IMG_7821-1536x1027.jpg 1536w, https:\/\/torredonjimenoactualidad.com\/wp-content\/uploads\/2024\/10\/IMG_7821.jpg 1616w\" sizes=\"auto, (max-width: 1024px) 100vw, 1024px\" \/><\/figure>\n\n\n\n<figure class=\"wp-block-image size-large\"><img loading=\"lazy\" decoding=\"async\" width=\"1024\" height=\"684\" data-id=\"2473\" src=\"https:\/\/torredonjimenoactualidad.com\/wp-content\/uploads\/2024\/10\/IMG_7822-1024x684.jpg\" alt=\"\" class=\"wp-image-2473\" srcset=\"https:\/\/torredonjimenoactualidad.com\/wp-content\/uploads\/2024\/10\/IMG_7822-1024x684.jpg 1024w, https:\/\/torredonjimenoactualidad.com\/wp-content\/uploads\/2024\/10\/IMG_7822-300x200.jpg 300w, https:\/\/torredonjimenoactualidad.com\/wp-content\/uploads\/2024\/10\/IMG_7822-768x513.jpg 768w, https:\/\/torredonjimenoactualidad.com\/wp-content\/uploads\/2024\/10\/IMG_7822-1536x1027.jpg 1536w, https:\/\/torredonjimenoactualidad.com\/wp-content\/uploads\/2024\/10\/IMG_7822.jpg 1616w\" sizes=\"auto, (max-width: 1024px) 100vw, 1024px\" \/><\/figure>\n\n\n\n<figure class=\"wp-block-image size-large\"><img loading=\"lazy\" decoding=\"async\" width=\"1024\" height=\"684\" data-id=\"2475\" src=\"https:\/\/torredonjimenoactualidad.com\/wp-content\/uploads\/2024\/10\/IMG_7826-1024x684.jpg\" alt=\"\" class=\"wp-image-2475\" srcset=\"https:\/\/torredonjimenoactualidad.com\/wp-content\/uploads\/2024\/10\/IMG_7826-1024x684.jpg 1024w, https:\/\/torredonjimenoactualidad.com\/wp-content\/uploads\/2024\/10\/IMG_7826-300x200.jpg 300w, https:\/\/torredonjimenoactualidad.com\/wp-content\/uploads\/2024\/10\/IMG_7826-768x513.jpg 768w, https:\/\/torredonjimenoactualidad.com\/wp-content\/uploads\/2024\/10\/IMG_7826-1536x1027.jpg 1536w, https:\/\/torredonjimenoactualidad.com\/wp-content\/uploads\/2024\/10\/IMG_7826.jpg 1616w\" sizes=\"auto, (max-width: 1024px) 100vw, 1024px\" \/><\/figure>\n\n\n\n<figure class=\"wp-block-image size-large\"><img loading=\"lazy\" decoding=\"async\" width=\"1024\" height=\"684\" data-id=\"2472\" src=\"https:\/\/torredonjimenoactualidad.com\/wp-content\/uploads\/2024\/10\/IMG_7830-1024x684.jpg\" alt=\"\" class=\"wp-image-2472\" srcset=\"https:\/\/torredonjimenoactualidad.com\/wp-content\/uploads\/2024\/10\/IMG_7830-1024x684.jpg 1024w, https:\/\/torredonjimenoactualidad.com\/wp-content\/uploads\/2024\/10\/IMG_7830-300x200.jpg 300w, https:\/\/torredonjimenoactualidad.com\/wp-content\/uploads\/2024\/10\/IMG_7830-768x513.jpg 768w, https:\/\/torredonjimenoactualidad.com\/wp-content\/uploads\/2024\/10\/IMG_7830.jpg 1245w\" sizes=\"auto, (max-width: 1024px) 100vw, 1024px\" \/><\/figure>\n\n\n\n<figure class=\"wp-block-image size-large\"><img loading=\"lazy\" decoding=\"async\" width=\"1024\" height=\"684\" data-id=\"2471\" src=\"https:\/\/torredonjimenoactualidad.com\/wp-content\/uploads\/2024\/10\/IMG_7831-1024x684.jpg\" alt=\"\" class=\"wp-image-2471\" srcset=\"https:\/\/torredonjimenoactualidad.com\/wp-content\/uploads\/2024\/10\/IMG_7831-1024x684.jpg 1024w, https:\/\/torredonjimenoactualidad.com\/wp-content\/uploads\/2024\/10\/IMG_7831-300x200.jpg 300w, https:\/\/torredonjimenoactualidad.com\/wp-content\/uploads\/2024\/10\/IMG_7831-768x513.jpg 768w, https:\/\/torredonjimenoactualidad.com\/wp-content\/uploads\/2024\/10\/IMG_7831-1536x1027.jpg 1536w, https:\/\/torredonjimenoactualidad.com\/wp-content\/uploads\/2024\/10\/IMG_7831.jpg 1616w\" sizes=\"auto, (max-width: 1024px) 100vw, 1024px\" \/><\/figure>\n<\/figure>\n","protected":false},"excerpt":{"rendered":"<p>Hoy 3 de octubre, la Brigada \u00abGuzm\u00e1n el Bueno\u00bb X ha llevado a cabo un solemne zado de Bandera en el parque municipal de Torredonjimeno, en colaboraci\u00f3n con el ayuntamiento. Este acto forma parte de las actividades previstas para la conmemoraci\u00f3n del D\u00eda de la Fiesta Nacional 2024. La ceremonia ha sido presidida por el &hellip;<\/p>\n<p class=\"read-more\"> <a class=\"\" href=\"https:\/\/torredonjimenoactualidad.com\/index.php\/2024\/10\/03\/solemne-izado-de-bandera-entorredonjimeno-en-conmemoracion-del-dia-de-la-fiesta-nacional\/\"> <span class=\"screen-reader-text\">Solemne Izado de Bandera enTorredonjimeno en conmemoraci\u00f3n del D\u00eda de la Fiesta Nacional.<\/span> Leer m\u00e1s &raquo;<\/a><\/p>\n","protected":false},"author":3,"featured_media":2470,"comment_status":"closed","ping_status":"open","sticky":false,"template":"","format":"standard","meta":{"site-sidebar-layout":"default","site-content-layout":"default","ast-global-header-display":"","ast-main-header-display":"","ast-hfb-above-header-display":"","ast-hfb-below-header-display":"","ast-hfb-mobile-header-display":"","site-post-title":"","ast-breadcrumbs-content":"","ast-featured-img":"","footer-sml-layout":"","theme-transparent-header-meta":"","adv-header-id-meta":"","stick-header-meta":"","header-above-stick-meta":"","header-main-stick-meta":"","header-below-stick-meta":"","footnotes":""},"categories":[1],"tags":[],"class_list":["post-2469","post","type-post","status-publish","format-standard","has-post-thumbnail","hentry","category-sin-categoria"],"yoast_head":"<!-- This site is optimized with the Yoast SEO plugin v20.8 - https:\/\/yoast.com\/wordpress\/plugins\/seo\/ -->\n<title>Solemne Izado de Bandera enTorredonjimeno en conmemoraci\u00f3n del D\u00eda de la Fiesta Nacional. - Torredonjimeno Actualidad<\/title>\n<meta name=\"robots\" content=\"index, follow, max-snippet:-1, max-image-preview:large, max-video-preview:-1\" \/>\n<link rel=\"canonical\" href=\"https:\/\/torredonjimenoactualidad.com\/index.php\/2024\/10\/03\/solemne-izado-de-bandera-entorredonjimeno-en-conmemoracion-del-dia-de-la-fiesta-nacional\/\" \/>\n<meta property=\"og:locale\" content=\"es_ES\" \/>\n<meta property=\"og:type\" content=\"article\" \/>\n<meta property=\"og:title\" content=\"Solemne Izado de Bandera enTorredonjimeno en conmemoraci\u00f3n del D\u00eda de la Fiesta Nacional. - Torredonjimeno Actualidad\" \/>\n<meta property=\"og:description\" content=\"Hoy 3 de octubre, la Brigada \u00abGuzm\u00e1n el Bueno\u00bb X ha llevado a cabo un solemne zado de Bandera en el parque municipal de Torredonjimeno, en colaboraci\u00f3n con el ayuntamiento. Este acto forma parte de las actividades previstas para la conmemoraci\u00f3n del D\u00eda de la Fiesta Nacional 2024. La ceremonia ha sido presidida por el &hellip; Solemne Izado de Bandera enTorredonjimeno en conmemoraci\u00f3n del D\u00eda de la Fiesta Nacional. Leer m\u00e1s &raquo;\" \/>\n<meta property=\"og:url\" content=\"https:\/\/torredonjimenoactualidad.com\/index.php\/2024\/10\/03\/solemne-izado-de-bandera-entorredonjimeno-en-conmemoracion-del-dia-de-la-fiesta-nacional\/\" \/>\n<meta property=\"og:site_name\" content=\"Torredonjimeno Actualidad\" \/>\n<meta property=\"article:published_time\" content=\"2024-10-03T17:20:05+00:00\" \/>\n<meta property=\"article:modified_time\" content=\"2024-10-03T17:24:47+00:00\" \/>\n<meta property=\"og:image\" content=\"https:\/\/torredonjimenoactualidad.com\/wp-content\/uploads\/2024\/10\/IMG_7825.jpg\" \/>\n\t<meta property=\"og:image:width\" content=\"1616\" \/>\n\t<meta property=\"og:image:height\" content=\"923\" \/>\n\t<meta property=\"og:image:type\" content=\"image\/jpeg\" \/>\n<meta name=\"author\" content=\"Redaccion\" \/>\n<meta name=\"twitter:card\" content=\"summary_large_image\" \/>\n<meta name=\"twitter:label1\" content=\"Escrito por\" \/>\n\t<meta name=\"twitter:data1\" content=\"Redaccion\" \/>\n\t<meta name=\"twitter:label2\" content=\"Tiempo de lectura\" \/>\n\t<meta name=\"twitter:data2\" content=\"3 minutos\" \/>\n<script type=\"application\/ld+json\" class=\"yoast-schema-graph\">{\"@context\":\"https:\/\/schema.org\",\"@graph\":[{\"@type\":\"Article\",\"@id\":\"https:\/\/torredonjimenoactualidad.com\/index.php\/2024\/10\/03\/solemne-izado-de-bandera-entorredonjimeno-en-conmemoracion-del-dia-de-la-fiesta-nacional\/#article\",\"isPartOf\":{\"@id\":\"https:\/\/torredonjimenoactualidad.com\/index.php\/2024\/10\/03\/solemne-izado-de-bandera-entorredonjimeno-en-conmemoracion-del-dia-de-la-fiesta-nacional\/\"},\"author\":{\"name\":\"Redaccion\",\"@id\":\"https:\/\/torredonjimenoactualidad.com\/#\/schema\/person\/11f05803cdf40dbeb7f4fbf2365c9ac5\"},\"headline\":\"Solemne Izado de Bandera enTorredonjimeno en conmemoraci\u00f3n del D\u00eda de la Fiesta Nacional.\",\"datePublished\":\"2024-10-03T17:20:05+00:00\",\"dateModified\":\"2024-10-03T17:24:47+00:00\",\"mainEntityOfPage\":{\"@id\":\"https:\/\/torredonjimenoactualidad.com\/index.php\/2024\/10\/03\/solemne-izado-de-bandera-entorredonjimeno-en-conmemoracion-del-dia-de-la-fiesta-nacional\/\"},\"wordCount\":262,\"publisher\":{\"@id\":\"https:\/\/torredonjimenoactualidad.com\/#organization\"},\"inLanguage\":\"es\"},{\"@type\":\"WebPage\",\"@id\":\"https:\/\/torredonjimenoactualidad.com\/index.php\/2024\/10\/03\/solemne-izado-de-bandera-entorredonjimeno-en-conmemoracion-del-dia-de-la-fiesta-nacional\/\",\"url\":\"https:\/\/torredonjimenoactualidad.com\/index.php\/2024\/10\/03\/solemne-izado-de-bandera-entorredonjimeno-en-conmemoracion-del-dia-de-la-fiesta-nacional\/\",\"name\":\"Solemne Izado de Bandera enTorredonjimeno en conmemoraci\u00f3n del D\u00eda de la Fiesta Nacional. - Torredonjimeno Actualidad\",\"isPartOf\":{\"@id\":\"https:\/\/torredonjimenoactualidad.com\/#website\"},\"datePublished\":\"2024-10-03T17:20:05+00:00\",\"dateModified\":\"2024-10-03T17:24:47+00:00\",\"breadcrumb\":{\"@id\":\"https:\/\/torredonjimenoactualidad.com\/index.php\/2024\/10\/03\/solemne-izado-de-bandera-entorredonjimeno-en-conmemoracion-del-dia-de-la-fiesta-nacional\/#breadcrumb\"},\"inLanguage\":\"es\",\"potentialAction\":[{\"@type\":\"ReadAction\",\"target\":[\"https:\/\/torredonjimenoactualidad.com\/index.php\/2024\/10\/03\/solemne-izado-de-bandera-entorredonjimeno-en-conmemoracion-del-dia-de-la-fiesta-nacional\/\"]}]},{\"@type\":\"BreadcrumbList\",\"@id\":\"https:\/\/torredonjimenoactualidad.com\/index.php\/2024\/10\/03\/solemne-izado-de-bandera-entorredonjimeno-en-conmemoracion-del-dia-de-la-fiesta-nacional\/#breadcrumb\",\"itemListElement\":[{\"@type\":\"ListItem\",\"position\":1,\"name\":\"Portada\",\"item\":\"https:\/\/torredonjimenoactualidad.com\/\"},{\"@type\":\"ListItem\",\"position\":2,\"name\":\"Solemne Izado de Bandera enTorredonjimeno en conmemoraci\u00f3n del D\u00eda de la Fiesta Nacional.\"}]},{\"@type\":\"WebSite\",\"@id\":\"https:\/\/torredonjimenoactualidad.com\/#website\",\"url\":\"https:\/\/torredonjimenoactualidad.com\/\",\"name\":\"Torredonjimeno Actualidad\",\"description\":\"\",\"publisher\":{\"@id\":\"https:\/\/torredonjimenoactualidad.com\/#organization\"},\"potentialAction\":[{\"@type\":\"SearchAction\",\"target\":{\"@type\":\"EntryPoint\",\"urlTemplate\":\"https:\/\/torredonjimenoactualidad.com\/?s={search_term_string}\"},\"query-input\":\"required name=search_term_string\"}],\"inLanguage\":\"es\"},{\"@type\":\"Organization\",\"@id\":\"https:\/\/torredonjimenoactualidad.com\/#organization\",\"name\":\"Torredonjimeno Actualidad\",\"url\":\"https:\/\/torredonjimenoactualidad.com\/\",\"logo\":{\"@type\":\"ImageObject\",\"inLanguage\":\"es\",\"@id\":\"https:\/\/torredonjimenoactualidad.com\/#\/schema\/logo\/image\/\",\"url\":\"https:\/\/torredonjimenoactualidad.com\/wp-content\/uploads\/2023\/02\/logo-torredonjimeno-544x180-1.png\",\"contentUrl\":\"https:\/\/torredonjimenoactualidad.com\/wp-content\/uploads\/2023\/02\/logo-torredonjimeno-544x180-1.png\",\"width\":545,\"height\":112,\"caption\":\"Torredonjimeno Actualidad\"},\"image\":{\"@id\":\"https:\/\/torredonjimenoactualidad.com\/#\/schema\/logo\/image\/\"}},{\"@type\":\"Person\",\"@id\":\"https:\/\/torredonjimenoactualidad.com\/#\/schema\/person\/11f05803cdf40dbeb7f4fbf2365c9ac5\",\"name\":\"Redaccion\",\"image\":{\"@type\":\"ImageObject\",\"inLanguage\":\"es\",\"@id\":\"https:\/\/torredonjimenoactualidad.com\/#\/schema\/person\/image\/\",\"url\":\"https:\/\/secure.gravatar.com\/avatar\/5917bab7eff43e17746fd29b509939469470810b6b989b7cc2f89e3188399bf3?s=96&d=mm&r=g\",\"contentUrl\":\"https:\/\/secure.gravatar.com\/avatar\/5917bab7eff43e17746fd29b509939469470810b6b989b7cc2f89e3188399bf3?s=96&d=mm&r=g\",\"caption\":\"Redaccion\"},\"url\":\"https:\/\/torredonjimenoactualidad.com\/index.php\/author\/jose-bueno\/\"}]}<\/script>\n<!-- \/ Yoast SEO plugin. -->","yoast_head_json":{"title":"Solemne Izado de Bandera enTorredonjimeno en conmemoraci\u00f3n del D\u00eda de la Fiesta Nacional. - Torredonjimeno Actualidad","robots":{"index":"index","follow":"follow","max-snippet":"max-snippet:-1","max-image-preview":"max-image-preview:large","max-video-preview":"max-video-preview:-1"},"canonical":"https:\/\/torredonjimenoactualidad.com\/index.php\/2024\/10\/03\/solemne-izado-de-bandera-entorredonjimeno-en-conmemoracion-del-dia-de-la-fiesta-nacional\/","og_locale":"es_ES","og_type":"article","og_title":"Solemne Izado de Bandera enTorredonjimeno en conmemoraci\u00f3n del D\u00eda de la Fiesta Nacional. - Torredonjimeno Actualidad","og_description":"Hoy 3 de octubre, la Brigada \u00abGuzm\u00e1n el Bueno\u00bb X ha llevado a cabo un solemne zado de Bandera en el parque municipal de Torredonjimeno, en colaboraci\u00f3n con el ayuntamiento. Este acto forma parte de las actividades previstas para la conmemoraci\u00f3n del D\u00eda de la Fiesta Nacional 2024. La ceremonia ha sido presidida por el &hellip; Solemne Izado de Bandera enTorredonjimeno en conmemoraci\u00f3n del D\u00eda de la Fiesta Nacional. Leer m\u00e1s &raquo;","og_url":"https:\/\/torredonjimenoactualidad.com\/index.php\/2024\/10\/03\/solemne-izado-de-bandera-entorredonjimeno-en-conmemoracion-del-dia-de-la-fiesta-nacional\/","og_site_name":"Torredonjimeno Actualidad","article_published_time":"2024-10-03T17:20:05+00:00","article_modified_time":"2024-10-03T17:24:47+00:00","og_image":[{"width":1616,"height":923,"url":"https:\/\/torredonjimenoactualidad.com\/wp-content\/uploads\/2024\/10\/IMG_7825.jpg","type":"image\/jpeg"}],"author":"Redaccion","twitter_card":"summary_large_image","twitter_misc":{"Escrito por":"Redaccion","Tiempo de lectura":"3 minutos"},"schema":{"@context":"https:\/\/schema.org","@graph":[{"@type":"Article","@id":"https:\/\/torredonjimenoactualidad.com\/index.php\/2024\/10\/03\/solemne-izado-de-bandera-entorredonjimeno-en-conmemoracion-del-dia-de-la-fiesta-nacional\/#article","isPartOf":{"@id":"https:\/\/torredonjimenoactualidad.com\/index.php\/2024\/10\/03\/solemne-izado-de-bandera-entorredonjimeno-en-conmemoracion-del-dia-de-la-fiesta-nacional\/"},"author":{"name":"Redaccion","@id":"https:\/\/torredonjimenoactualidad.com\/#\/schema\/person\/11f05803cdf40dbeb7f4fbf2365c9ac5"},"headline":"Solemne Izado de Bandera enTorredonjimeno en conmemoraci\u00f3n del D\u00eda de la Fiesta Nacional.","datePublished":"2024-10-03T17:20:05+00:00","dateModified":"2024-10-03T17:24:47+00:00","mainEntityOfPage":{"@id":"https:\/\/torredonjimenoactualidad.com\/index.php\/2024\/10\/03\/solemne-izado-de-bandera-entorredonjimeno-en-conmemoracion-del-dia-de-la-fiesta-nacional\/"},"wordCount":262,"publisher":{"@id":"https:\/\/torredonjimenoactualidad.com\/#organization"},"inLanguage":"es"},{"@type":"WebPage","@id":"https:\/\/torredonjimenoactualidad.com\/index.php\/2024\/10\/03\/solemne-izado-de-bandera-entorredonjimeno-en-conmemoracion-del-dia-de-la-fiesta-nacional\/","url":"https:\/\/torredonjimenoactualidad.com\/index.php\/2024\/10\/03\/solemne-izado-de-bandera-entorredonjimeno-en-conmemoracion-del-dia-de-la-fiesta-nacional\/","name":"Solemne Izado de Bandera enTorredonjimeno en conmemoraci\u00f3n del D\u00eda de la Fiesta Nacional. - Torredonjimeno Actualidad","isPartOf":{"@id":"https:\/\/torredonjimenoactualidad.com\/#website"},"datePublished":"2024-10-03T17:20:05+00:00","dateModified":"2024-10-03T17:24:47+00:00","breadcrumb":{"@id":"https:\/\/torredonjimenoactualidad.com\/index.php\/2024\/10\/03\/solemne-izado-de-bandera-entorredonjimeno-en-conmemoracion-del-dia-de-la-fiesta-nacional\/#breadcrumb"},"inLanguage":"es","potentialAction":[{"@type":"ReadAction","target":["https:\/\/torredonjimenoactualidad.com\/index.php\/2024\/10\/03\/solemne-izado-de-bandera-entorredonjimeno-en-conmemoracion-del-dia-de-la-fiesta-nacional\/"]}]},{"@type":"BreadcrumbList","@id":"https:\/\/torredonjimenoactualidad.com\/index.php\/2024\/10\/03\/solemne-izado-de-bandera-entorredonjimeno-en-conmemoracion-del-dia-de-la-fiesta-nacional\/#breadcrumb","itemListElement":[{"@type":"ListItem","position":1,"name":"Portada","item":"https:\/\/torredonjimenoactualidad.com\/"},{"@type":"ListItem","position":2,"name":"Solemne Izado de Bandera enTorredonjimeno en conmemoraci\u00f3n del D\u00eda de la Fiesta Nacional."}]},{"@type":"WebSite","@id":"https:\/\/torredonjimenoactualidad.com\/#website","url":"https:\/\/torredonjimenoactualidad.com\/","name":"Torredonjimeno Actualidad","description":"","publisher":{"@id":"https:\/\/torredonjimenoactualidad.com\/#organization"},"potentialAction":[{"@type":"SearchAction","target":{"@type":"EntryPoint","urlTemplate":"https:\/\/torredonjimenoactualidad.com\/?s={search_term_string}"},"query-input":"required name=search_term_string"}],"inLanguage":"es"},{"@type":"Organization","@id":"https:\/\/torredonjimenoactualidad.com\/#organization","name":"Torredonjimeno Actualidad","url":"https:\/\/torredonjimenoactualidad.com\/","logo":{"@type":"ImageObject","inLanguage":"es","@id":"https:\/\/torredonjimenoactualidad.com\/#\/schema\/logo\/image\/","url":"https:\/\/torredonjimenoactualidad.com\/wp-content\/uploads\/2023\/02\/logo-torredonjimeno-544x180-1.png","contentUrl":"https:\/\/torredonjimenoactualidad.com\/wp-content\/uploads\/2023\/02\/logo-torredonjimeno-544x180-1.png","width":545,"height":112,"caption":"Torredonjimeno Actualidad"},"image":{"@id":"https:\/\/torredonjimenoactualidad.com\/#\/schema\/logo\/image\/"}},{"@type":"Person","@id":"https:\/\/torredonjimenoactualidad.com\/#\/schema\/person\/11f05803cdf40dbeb7f4fbf2365c9ac5","name":"Redaccion","image":{"@type":"ImageObject","inLanguage":"es","@id":"https:\/\/torredonjimenoactualidad.com\/#\/schema\/person\/image\/","url":"https:\/\/secure.gravatar.com\/avatar\/5917bab7eff43e17746fd29b509939469470810b6b989b7cc2f89e3188399bf3?s=96&d=mm&r=g","contentUrl":"https:\/\/secure.gravatar.com\/avatar\/5917bab7eff43e17746fd29b509939469470810b6b989b7cc2f89e3188399bf3?s=96&d=mm&r=g","caption":"Redaccion"},"url":"https:\/\/torredonjimenoactualidad.com\/index.php\/author\/jose-bueno\/"}]}},"_links":{"self":[{"href":"https:\/\/torredonjimenoactualidad.com\/index.php\/wp-json\/wp\/v2\/posts\/2469","targetHints":{"allow":["GET"]}}],"collection":[{"href":"https:\/\/torredonjimenoactualidad.com\/index.php\/wp-json\/wp\/v2\/posts"}],"about":[{"href":"https:\/\/torredonjimenoactualidad.com\/index.php\/wp-json\/wp\/v2\/types\/post"}],"author":[{"embeddable":true,"href":"https:\/\/torredonjimenoactualidad.com\/index.php\/wp-json\/wp\/v2\/users\/3"}],"replies":[{"embeddable":true,"href":"https:\/\/torredonjimenoactualidad.com\/index.php\/wp-json\/wp\/v2\/comments?post=2469"}],"version-history":[{"count":2,"href":"https:\/\/torredonjimenoactualidad.com\/index.php\/wp-json\/wp\/v2\/posts\/2469\/revisions"}],"predecessor-version":[{"id":2477,"href":"https:\/\/torredonjimenoactualidad.com\/index.php\/wp-json\/wp\/v2\/posts\/2469\/revisions\/2477"}],"wp:featuredmedia":[{"embeddable":true,"href":"https:\/\/torredonjimenoactualidad.com\/index.php\/wp-json\/wp\/v2\/media\/2470"}],"wp:attachment":[{"href":"https:\/\/torredonjimenoactualidad.com\/index.php\/wp-json\/wp\/v2\/media?parent=2469"}],"wp:term":[{"taxonomy":"category","embeddable":true,"href":"https:\/\/torredonjimenoactualidad.com\/index.php\/wp-json\/wp\/v2\/categories?post=2469"},{"taxonomy":"post_tag","embeddable":true,"href":"https:\/\/torredonjimenoactualidad.com\/index.php\/wp-json\/wp\/v2\/tags?post=2469"}],"curies":[{"name":"wp","href":"https:\/\/api.w.org\/{rel}","templated":true}]}}