{"id":2462,"date":"2024-10-02T16:33:40","date_gmt":"2024-10-02T16:33:40","guid":{"rendered":"https:\/\/torredonjimenoactualidad.com\/?p=2462"},"modified":"2024-10-02T20:55:41","modified_gmt":"2024-10-02T20:55:41","slug":"izado-de-la-bandera-de-espana-en-torredonjimeno-este-jueves-para-conmemorar-el-dia-de-la-fiesta-nacional","status":"publish","type":"post","link":"https:\/\/torredonjimenoactualidad.com\/index.php\/2024\/10\/02\/izado-de-la-bandera-de-espana-en-torredonjimeno-este-jueves-para-conmemorar-el-dia-de-la-fiesta-nacional\/","title":{"rendered":"Izado de la bandera de Espa\u00f1a en Torredonjimeno este jueves para conmemorar el D\u00eda de la Fiesta Nacional"},"content":{"rendered":"\n<p>Este jueves, a las 13:00 horas, la bandera de Espa\u00f1a ondear\u00e1 en la fuente del Parque Municipal de Torredonjimeno en un acto organizado con motivo de la celebraci\u00f3n del D\u00eda de la Fiesta Nacional, que se conmemora el pr\u00f3ximo 12 de octubre.<\/p>\n\n\n\n<p>La jornada comenzar\u00e1 a partir de las 10 de la ma\u00f1ana con una exposici\u00f3n a cargo del Regimiento Acorazado \u00abC\u00f3rdoba\u00bb n\u00ba 10, que se desplazar\u00e1 hasta la localidad para mostrar algunos de sus medios y ofrecer una visi\u00f3n cercana de su labor.<\/p>\n\n\n\n<p>El evento contar\u00e1 con la presencia de autoridades civiles y militares, tanto de Torredonjimeno como de la provincia, y el Ayuntamiento ha extendido una invitaci\u00f3n a todos los vecinos de la localidad que deseen participar.  <\/p>\n\n\n\n<p>Este acto, adem\u00e1s de rendir homenaje a la bandera y a la naci\u00f3n, busca reforzar los lazos entre las instituciones y la ciudadan\u00eda, promoviendo el respeto y el reconocimiento hacia las Fuerzas Armadas y su contribuci\u00f3n a la seguridad y defensa del pa\u00eds.<\/p>\n\n\n\n<p><\/p>\n","protected":false},"excerpt":{"rendered":"<p>Este jueves, a las 13:00 horas, la bandera de Espa\u00f1a ondear\u00e1 en la fuente del Parque Municipal de Torredonjimeno en un acto organizado con motivo de la celebraci\u00f3n del D\u00eda de la Fiesta Nacional, que se conmemora el pr\u00f3ximo 12 de octubre. La jornada comenzar\u00e1 a partir de las 10 de la ma\u00f1ana con una &hellip;<\/p>\n<p class=\"read-more\"> <a class=\"\" href=\"https:\/\/torredonjimenoactualidad.com\/index.php\/2024\/10\/02\/izado-de-la-bandera-de-espana-en-torredonjimeno-este-jueves-para-conmemorar-el-dia-de-la-fiesta-nacional\/\"> <span class=\"screen-reader-text\">Izado de la bandera de Espa\u00f1a en Torredonjimeno este jueves para conmemorar el D\u00eda de la Fiesta Nacional<\/span> Leer m\u00e1s &raquo;<\/a><\/p>\n","protected":false},"author":2,"featured_media":2463,"comment_status":"closed","ping_status":"open","sticky":false,"template":"","format":"standard","meta":{"site-sidebar-layout":"default","site-content-layout":"default","ast-global-header-display":"","ast-main-header-display":"","ast-hfb-above-header-display":"","ast-hfb-below-header-display":"","ast-hfb-mobile-header-display":"","site-post-title":"","ast-breadcrumbs-content":"","ast-featured-img":"","footer-sml-layout":"","theme-transparent-header-meta":"","adv-header-id-meta":"","stick-header-meta":"","header-above-stick-meta":"","header-main-stick-meta":"","header-below-stick-meta":"","footnotes":""},"categories":[7],"tags":[],"class_list":["post-2462","post","type-post","status-publish","format-standard","has-post-thumbnail","hentry","category-local"],"yoast_head":"<!-- This site is optimized with the Yoast SEO plugin v20.8 - https:\/\/yoast.com\/wordpress\/plugins\/seo\/ -->\n<title>Izado de la bandera de Espa\u00f1a en Torredonjimeno este jueves para conmemorar el D\u00eda de la Fiesta Nacional - Torredonjimeno Actualidad<\/title>\n<meta name=\"robots\" content=\"index, follow, max-snippet:-1, max-image-preview:large, max-video-preview:-1\" \/>\n<link rel=\"canonical\" href=\"https:\/\/torredonjimenoactualidad.com\/index.php\/2024\/10\/02\/izado-de-la-bandera-de-espana-en-torredonjimeno-este-jueves-para-conmemorar-el-dia-de-la-fiesta-nacional\/\" \/>\n<meta property=\"og:locale\" content=\"es_ES\" \/>\n<meta property=\"og:type\" content=\"article\" \/>\n<meta property=\"og:title\" content=\"Izado de la bandera de Espa\u00f1a en Torredonjimeno este jueves para conmemorar el D\u00eda de la Fiesta Nacional - Torredonjimeno Actualidad\" \/>\n<meta property=\"og:description\" content=\"Este jueves, a las 13:00 horas, la bandera de Espa\u00f1a ondear\u00e1 en la fuente del Parque Municipal de Torredonjimeno en un acto organizado con motivo de la celebraci\u00f3n del D\u00eda de la Fiesta Nacional, que se conmemora el pr\u00f3ximo 12 de octubre. La jornada comenzar\u00e1 a partir de las 10 de la ma\u00f1ana con una &hellip; Izado de la bandera de Espa\u00f1a en Torredonjimeno este jueves para conmemorar el D\u00eda de la Fiesta Nacional Leer m\u00e1s &raquo;\" \/>\n<meta property=\"og:url\" content=\"https:\/\/torredonjimenoactualidad.com\/index.php\/2024\/10\/02\/izado-de-la-bandera-de-espana-en-torredonjimeno-este-jueves-para-conmemorar-el-dia-de-la-fiesta-nacional\/\" \/>\n<meta property=\"og:site_name\" content=\"Torredonjimeno Actualidad\" \/>\n<meta property=\"article:published_time\" content=\"2024-10-02T16:33:40+00:00\" \/>\n<meta property=\"article:modified_time\" content=\"2024-10-02T20:55:41+00:00\" \/>\n<meta property=\"og:image\" content=\"https:\/\/torredonjimenoactualidad.com\/wp-content\/uploads\/2024\/10\/IMG_6849-scaled.jpg\" \/>\n\t<meta property=\"og:image:width\" content=\"2560\" \/>\n\t<meta property=\"og:image:height\" content=\"1440\" \/>\n\t<meta property=\"og:image:type\" content=\"image\/jpeg\" \/>\n<meta name=\"author\" content=\"Alba Mar\u00eda Torres\" \/>\n<meta name=\"twitter:card\" content=\"summary_large_image\" \/>\n<meta name=\"twitter:label1\" content=\"Escrito por\" \/>\n\t<meta name=\"twitter:data1\" content=\"Alba Mar\u00eda Torres\" \/>\n\t<meta name=\"twitter:label2\" content=\"Tiempo de lectura\" \/>\n\t<meta name=\"twitter:data2\" content=\"1 minuto\" \/>\n<script type=\"application\/ld+json\" class=\"yoast-schema-graph\">{\"@context\":\"https:\/\/schema.org\",\"@graph\":[{\"@type\":\"Article\",\"@id\":\"https:\/\/torredonjimenoactualidad.com\/index.php\/2024\/10\/02\/izado-de-la-bandera-de-espana-en-torredonjimeno-este-jueves-para-conmemorar-el-dia-de-la-fiesta-nacional\/#article\",\"isPartOf\":{\"@id\":\"https:\/\/torredonjimenoactualidad.com\/index.php\/2024\/10\/02\/izado-de-la-bandera-de-espana-en-torredonjimeno-este-jueves-para-conmemorar-el-dia-de-la-fiesta-nacional\/\"},\"author\":{\"name\":\"Alba Mar\u00eda Torres\",\"@id\":\"https:\/\/torredonjimenoactualidad.com\/#\/schema\/person\/84de5f233e783ef2c75151a532b54977\"},\"headline\":\"Izado de la bandera de Espa\u00f1a en Torredonjimeno este jueves para conmemorar el D\u00eda de la Fiesta Nacional\",\"datePublished\":\"2024-10-02T16:33:40+00:00\",\"dateModified\":\"2024-10-02T20:55:41+00:00\",\"mainEntityOfPage\":{\"@id\":\"https:\/\/torredonjimenoactualidad.com\/index.php\/2024\/10\/02\/izado-de-la-bandera-de-espana-en-torredonjimeno-este-jueves-para-conmemorar-el-dia-de-la-fiesta-nacional\/\"},\"wordCount\":192,\"publisher\":{\"@id\":\"https:\/\/torredonjimenoactualidad.com\/#organization\"},\"articleSection\":[\"local\"],\"inLanguage\":\"es\"},{\"@type\":\"WebPage\",\"@id\":\"https:\/\/torredonjimenoactualidad.com\/index.php\/2024\/10\/02\/izado-de-la-bandera-de-espana-en-torredonjimeno-este-jueves-para-conmemorar-el-dia-de-la-fiesta-nacional\/\",\"url\":\"https:\/\/torredonjimenoactualidad.com\/index.php\/2024\/10\/02\/izado-de-la-bandera-de-espana-en-torredonjimeno-este-jueves-para-conmemorar-el-dia-de-la-fiesta-nacional\/\",\"name\":\"Izado de la bandera de Espa\u00f1a en Torredonjimeno este jueves para conmemorar el D\u00eda de la Fiesta Nacional - Torredonjimeno Actualidad\",\"isPartOf\":{\"@id\":\"https:\/\/torredonjimenoactualidad.com\/#website\"},\"datePublished\":\"2024-10-02T16:33:40+00:00\",\"dateModified\":\"2024-10-02T20:55:41+00:00\",\"breadcrumb\":{\"@id\":\"https:\/\/torredonjimenoactualidad.com\/index.php\/2024\/10\/02\/izado-de-la-bandera-de-espana-en-torredonjimeno-este-jueves-para-conmemorar-el-dia-de-la-fiesta-nacional\/#breadcrumb\"},\"inLanguage\":\"es\",\"potentialAction\":[{\"@type\":\"ReadAction\",\"target\":[\"https:\/\/torredonjimenoactualidad.com\/index.php\/2024\/10\/02\/izado-de-la-bandera-de-espana-en-torredonjimeno-este-jueves-para-conmemorar-el-dia-de-la-fiesta-nacional\/\"]}]},{\"@type\":\"BreadcrumbList\",\"@id\":\"https:\/\/torredonjimenoactualidad.com\/index.php\/2024\/10\/02\/izado-de-la-bandera-de-espana-en-torredonjimeno-este-jueves-para-conmemorar-el-dia-de-la-fiesta-nacional\/#breadcrumb\",\"itemListElement\":[{\"@type\":\"ListItem\",\"position\":1,\"name\":\"Portada\",\"item\":\"https:\/\/torredonjimenoactualidad.com\/\"},{\"@type\":\"ListItem\",\"position\":2,\"name\":\"Izado de la bandera de Espa\u00f1a en Torredonjimeno este jueves para conmemorar el D\u00eda de la Fiesta Nacional\"}]},{\"@type\":\"WebSite\",\"@id\":\"https:\/\/torredonjimenoactualidad.com\/#website\",\"url\":\"https:\/\/torredonjimenoactualidad.com\/\",\"name\":\"Torredonjimeno Actualidad\",\"description\":\"\",\"publisher\":{\"@id\":\"https:\/\/torredonjimenoactualidad.com\/#organization\"},\"potentialAction\":[{\"@type\":\"SearchAction\",\"target\":{\"@type\":\"EntryPoint\",\"urlTemplate\":\"https:\/\/torredonjimenoactualidad.com\/?s={search_term_string}\"},\"query-input\":\"required name=search_term_string\"}],\"inLanguage\":\"es\"},{\"@type\":\"Organization\",\"@id\":\"https:\/\/torredonjimenoactualidad.com\/#organization\",\"name\":\"Torredonjimeno Actualidad\",\"url\":\"https:\/\/torredonjimenoactualidad.com\/\",\"logo\":{\"@type\":\"ImageObject\",\"inLanguage\":\"es\",\"@id\":\"https:\/\/torredonjimenoactualidad.com\/#\/schema\/logo\/image\/\",\"url\":\"https:\/\/torredonjimenoactualidad.com\/wp-content\/uploads\/2023\/02\/logo-torredonjimeno-544x180-1.png\",\"contentUrl\":\"https:\/\/torredonjimenoactualidad.com\/wp-content\/uploads\/2023\/02\/logo-torredonjimeno-544x180-1.png\",\"width\":545,\"height\":112,\"caption\":\"Torredonjimeno Actualidad\"},\"image\":{\"@id\":\"https:\/\/torredonjimenoactualidad.com\/#\/schema\/logo\/image\/\"}},{\"@type\":\"Person\",\"@id\":\"https:\/\/torredonjimenoactualidad.com\/#\/schema\/person\/84de5f233e783ef2c75151a532b54977\",\"name\":\"Alba Mar\u00eda Torres\",\"image\":{\"@type\":\"ImageObject\",\"inLanguage\":\"es\",\"@id\":\"https:\/\/torredonjimenoactualidad.com\/#\/schema\/person\/image\/\",\"url\":\"https:\/\/secure.gravatar.com\/avatar\/f9371f188c71501b4475a9ba2a71595850ec72967f800a2ed8e3e2102859ed65?s=96&d=mm&r=g\",\"contentUrl\":\"https:\/\/secure.gravatar.com\/avatar\/f9371f188c71501b4475a9ba2a71595850ec72967f800a2ed8e3e2102859ed65?s=96&d=mm&r=g\",\"caption\":\"Alba Mar\u00eda Torres\"},\"url\":\"https:\/\/torredonjimenoactualidad.com\/index.php\/author\/alba-torres\/\"}]}<\/script>\n<!-- \/ Yoast SEO plugin. -->","yoast_head_json":{"title":"Izado de la bandera de Espa\u00f1a en Torredonjimeno este jueves para conmemorar el D\u00eda de la Fiesta Nacional - Torredonjimeno Actualidad","robots":{"index":"index","follow":"follow","max-snippet":"max-snippet:-1","max-image-preview":"max-image-preview:large","max-video-preview":"max-video-preview:-1"},"canonical":"https:\/\/torredonjimenoactualidad.com\/index.php\/2024\/10\/02\/izado-de-la-bandera-de-espana-en-torredonjimeno-este-jueves-para-conmemorar-el-dia-de-la-fiesta-nacional\/","og_locale":"es_ES","og_type":"article","og_title":"Izado de la bandera de Espa\u00f1a en Torredonjimeno este jueves para conmemorar el D\u00eda de la Fiesta Nacional - Torredonjimeno Actualidad","og_description":"Este jueves, a las 13:00 horas, la bandera de Espa\u00f1a ondear\u00e1 en la fuente del Parque Municipal de Torredonjimeno en un acto organizado con motivo de la celebraci\u00f3n del D\u00eda de la Fiesta Nacional, que se conmemora el pr\u00f3ximo 12 de octubre. La jornada comenzar\u00e1 a partir de las 10 de la ma\u00f1ana con una &hellip; Izado de la bandera de Espa\u00f1a en Torredonjimeno este jueves para conmemorar el D\u00eda de la Fiesta Nacional Leer m\u00e1s &raquo;","og_url":"https:\/\/torredonjimenoactualidad.com\/index.php\/2024\/10\/02\/izado-de-la-bandera-de-espana-en-torredonjimeno-este-jueves-para-conmemorar-el-dia-de-la-fiesta-nacional\/","og_site_name":"Torredonjimeno Actualidad","article_published_time":"2024-10-02T16:33:40+00:00","article_modified_time":"2024-10-02T20:55:41+00:00","og_image":[{"width":2560,"height":1440,"url":"https:\/\/torredonjimenoactualidad.com\/wp-content\/uploads\/2024\/10\/IMG_6849-scaled.jpg","type":"image\/jpeg"}],"author":"Alba Mar\u00eda Torres","twitter_card":"summary_large_image","twitter_misc":{"Escrito por":"Alba Mar\u00eda Torres","Tiempo de lectura":"1 minuto"},"schema":{"@context":"https:\/\/schema.org","@graph":[{"@type":"Article","@id":"https:\/\/torredonjimenoactualidad.com\/index.php\/2024\/10\/02\/izado-de-la-bandera-de-espana-en-torredonjimeno-este-jueves-para-conmemorar-el-dia-de-la-fiesta-nacional\/#article","isPartOf":{"@id":"https:\/\/torredonjimenoactualidad.com\/index.php\/2024\/10\/02\/izado-de-la-bandera-de-espana-en-torredonjimeno-este-jueves-para-conmemorar-el-dia-de-la-fiesta-nacional\/"},"author":{"name":"Alba Mar\u00eda Torres","@id":"https:\/\/torredonjimenoactualidad.com\/#\/schema\/person\/84de5f233e783ef2c75151a532b54977"},"headline":"Izado de la bandera de Espa\u00f1a en Torredonjimeno este jueves para conmemorar el D\u00eda de la Fiesta Nacional","datePublished":"2024-10-02T16:33:40+00:00","dateModified":"2024-10-02T20:55:41+00:00","mainEntityOfPage":{"@id":"https:\/\/torredonjimenoactualidad.com\/index.php\/2024\/10\/02\/izado-de-la-bandera-de-espana-en-torredonjimeno-este-jueves-para-conmemorar-el-dia-de-la-fiesta-nacional\/"},"wordCount":192,"publisher":{"@id":"https:\/\/torredonjimenoactualidad.com\/#organization"},"articleSection":["local"],"inLanguage":"es"},{"@type":"WebPage","@id":"https:\/\/torredonjimenoactualidad.com\/index.php\/2024\/10\/02\/izado-de-la-bandera-de-espana-en-torredonjimeno-este-jueves-para-conmemorar-el-dia-de-la-fiesta-nacional\/","url":"https:\/\/torredonjimenoactualidad.com\/index.php\/2024\/10\/02\/izado-de-la-bandera-de-espana-en-torredonjimeno-este-jueves-para-conmemorar-el-dia-de-la-fiesta-nacional\/","name":"Izado de la bandera de Espa\u00f1a en Torredonjimeno este jueves para conmemorar el D\u00eda de la Fiesta Nacional - Torredonjimeno Actualidad","isPartOf":{"@id":"https:\/\/torredonjimenoactualidad.com\/#website"},"datePublished":"2024-10-02T16:33:40+00:00","dateModified":"2024-10-02T20:55:41+00:00","breadcrumb":{"@id":"https:\/\/torredonjimenoactualidad.com\/index.php\/2024\/10\/02\/izado-de-la-bandera-de-espana-en-torredonjimeno-este-jueves-para-conmemorar-el-dia-de-la-fiesta-nacional\/#breadcrumb"},"inLanguage":"es","potentialAction":[{"@type":"ReadAction","target":["https:\/\/torredonjimenoactualidad.com\/index.php\/2024\/10\/02\/izado-de-la-bandera-de-espana-en-torredonjimeno-este-jueves-para-conmemorar-el-dia-de-la-fiesta-nacional\/"]}]},{"@type":"BreadcrumbList","@id":"https:\/\/torredonjimenoactualidad.com\/index.php\/2024\/10\/02\/izado-de-la-bandera-de-espana-en-torredonjimeno-este-jueves-para-conmemorar-el-dia-de-la-fiesta-nacional\/#breadcrumb","itemListElement":[{"@type":"ListItem","position":1,"name":"Portada","item":"https:\/\/torredonjimenoactualidad.com\/"},{"@type":"ListItem","position":2,"name":"Izado de la bandera de Espa\u00f1a en Torredonjimeno este jueves para conmemorar el D\u00eda de la Fiesta Nacional"}]},{"@type":"WebSite","@id":"https:\/\/torredonjimenoactualidad.com\/#website","url":"https:\/\/torredonjimenoactualidad.com\/","name":"Torredonjimeno Actualidad","description":"","publisher":{"@id":"https:\/\/torredonjimenoactualidad.com\/#organization"},"potentialAction":[{"@type":"SearchAction","target":{"@type":"EntryPoint","urlTemplate":"https:\/\/torredonjimenoactualidad.com\/?s={search_term_string}"},"query-input":"required name=search_term_string"}],"inLanguage":"es"},{"@type":"Organization","@id":"https:\/\/torredonjimenoactualidad.com\/#organization","name":"Torredonjimeno Actualidad","url":"https:\/\/torredonjimenoactualidad.com\/","logo":{"@type":"ImageObject","inLanguage":"es","@id":"https:\/\/torredonjimenoactualidad.com\/#\/schema\/logo\/image\/","url":"https:\/\/torredonjimenoactualidad.com\/wp-content\/uploads\/2023\/02\/logo-torredonjimeno-544x180-1.png","contentUrl":"https:\/\/torredonjimenoactualidad.com\/wp-content\/uploads\/2023\/02\/logo-torredonjimeno-544x180-1.png","width":545,"height":112,"caption":"Torredonjimeno Actualidad"},"image":{"@id":"https:\/\/torredonjimenoactualidad.com\/#\/schema\/logo\/image\/"}},{"@type":"Person","@id":"https:\/\/torredonjimenoactualidad.com\/#\/schema\/person\/84de5f233e783ef2c75151a532b54977","name":"Alba Mar\u00eda Torres","image":{"@type":"ImageObject","inLanguage":"es","@id":"https:\/\/torredonjimenoactualidad.com\/#\/schema\/person\/image\/","url":"https:\/\/secure.gravatar.com\/avatar\/f9371f188c71501b4475a9ba2a71595850ec72967f800a2ed8e3e2102859ed65?s=96&d=mm&r=g","contentUrl":"https:\/\/secure.gravatar.com\/avatar\/f9371f188c71501b4475a9ba2a71595850ec72967f800a2ed8e3e2102859ed65?s=96&d=mm&r=g","caption":"Alba Mar\u00eda Torres"},"url":"https:\/\/torredonjimenoactualidad.com\/index.php\/author\/alba-torres\/"}]}},"_links":{"self":[{"href":"https:\/\/torredonjimenoactualidad.com\/index.php\/wp-json\/wp\/v2\/posts\/2462","targetHints":{"allow":["GET"]}}],"collection":[{"href":"https:\/\/torredonjimenoactualidad.com\/index.php\/wp-json\/wp\/v2\/posts"}],"about":[{"href":"https:\/\/torredonjimenoactualidad.com\/index.php\/wp-json\/wp\/v2\/types\/post"}],"author":[{"embeddable":true,"href":"https:\/\/torredonjimenoactualidad.com\/index.php\/wp-json\/wp\/v2\/users\/2"}],"replies":[{"embeddable":true,"href":"https:\/\/torredonjimenoactualidad.com\/index.php\/wp-json\/wp\/v2\/comments?post=2462"}],"version-history":[{"count":2,"href":"https:\/\/torredonjimenoactualidad.com\/index.php\/wp-json\/wp\/v2\/posts\/2462\/revisions"}],"predecessor-version":[{"id":2465,"href":"https:\/\/torredonjimenoactualidad.com\/index.php\/wp-json\/wp\/v2\/posts\/2462\/revisions\/2465"}],"wp:featuredmedia":[{"embeddable":true,"href":"https:\/\/torredonjimenoactualidad.com\/index.php\/wp-json\/wp\/v2\/media\/2463"}],"wp:attachment":[{"href":"https:\/\/torredonjimenoactualidad.com\/index.php\/wp-json\/wp\/v2\/media?parent=2462"}],"wp:term":[{"taxonomy":"category","embeddable":true,"href":"https:\/\/torredonjimenoactualidad.com\/index.php\/wp-json\/wp\/v2\/categories?post=2462"},{"taxonomy":"post_tag","embeddable":true,"href":"https:\/\/torredonjimenoactualidad.com\/index.php\/wp-json\/wp\/v2\/tags?post=2462"}],"curies":[{"name":"wp","href":"https:\/\/api.w.org\/{rel}","templated":true}]}}