{"id":2442,"date":"2024-09-30T13:54:22","date_gmt":"2024-09-30T13:54:22","guid":{"rendered":"https:\/\/torredonjimenoactualidad.com\/?p=2442"},"modified":"2024-09-30T14:05:49","modified_gmt":"2024-09-30T14:05:49","slug":"detenido-un-joven-en-martos-acusado-de-asaltar-a-una-persona-con-discapacidad-visual-para-robarle","status":"publish","type":"post","link":"https:\/\/torredonjimenoactualidad.com\/index.php\/2024\/09\/30\/detenido-un-joven-en-martos-acusado-de-asaltar-a-una-persona-con-discapacidad-visual-para-robarle\/","title":{"rendered":"Detenido un joven en Martos acusado de asaltar a una persona con discapacidad visual para robarle"},"content":{"rendered":"\n<p>La Guardia Civil ha detenido a un joven de 22 a\u00f1os como presunto autor de un delito de robo con violencia en grado de tentativa despu\u00e9s de haber asaltado en Martos a una persona con discapacidad visual para robarle el bolso. Adem\u00e1s, se le imputan inicialmente otros dos delitos de robo con fuerza en interior de inmuebles.<\/p>\n\n\n\n<p>Los hechos ocurrieron el 13 de septiembre cuando el detenido supuestamente acech\u00f3 a un vecino de Martos hasta la entrada de su vivienda, con la intenci\u00f3n de robarle, aprovechando la discapacidad visual de la v\u00edctima.<\/p>\n\n\n\n<p>Una vez en el portal del domicilio, le peg\u00f3 un fuerte tir\u00f3n para arrebatarle el bolso que portaba, forcejeando y empuj\u00e1ndole, ocasionando lesiones a la v\u00edctima. Ante los gritos de auxilio, se aproximaron al lugar varias personas que hicieron huir al autor del lugar a la carrera, sin conseguir hacerse con el bolso.<\/p>\n\n\n\n<p>Guardia Civil y Polic\u00eda local iniciaran un dispositivo para la b\u00fasqueda y localizaci\u00f3n de este joven, que fue identificado por los testigos, y que es un conocido vecino de Martos \u00abcon numerosos antecedentes por delitos contra el patrimonio\u00bb, seg\u00fan se ha informado desde el Instituto Armado. Horas m\u00e1s tarde, una patrulla de Guardia Civil localiz\u00f3 y detuvo al presunto autor, cuando trataba de esconderse, aprovechando la oscuridad de la noche.<\/p>\n\n\n\n<p>Resultado de esta detenci\u00f3n y de las investigaciones, se ha podido constatar la presunta autor\u00eda, por parte detenido, en varios delitos de robo con fuerza en las cosas, uno ocurrido en el interior del dep\u00f3sito municipal de Martos donde fueron sustra\u00eddos una motocicleta y un patinete el\u00e9ctrico, y otro robo en el interior de una cochera tambi\u00e9n en la misma localidad, donde sustrajeron varios aparatos electr\u00f3nicos.<\/p>\n\n\n\n<p>No se descarta que en el transcurso de las investigaciones puedan ser esclarecidos otros delitos ocurridos en la zona.<\/p>\n","protected":false},"excerpt":{"rendered":"<p>La Guardia Civil ha detenido a un joven de 22 a\u00f1os como presunto autor de un delito de robo con violencia en grado de tentativa despu\u00e9s de haber asaltado en Martos a una persona con discapacidad visual para robarle el bolso. Adem\u00e1s, se le imputan inicialmente otros dos delitos de robo con fuerza en interior &hellip;<\/p>\n<p class=\"read-more\"> <a class=\"\" href=\"https:\/\/torredonjimenoactualidad.com\/index.php\/2024\/09\/30\/detenido-un-joven-en-martos-acusado-de-asaltar-a-una-persona-con-discapacidad-visual-para-robarle\/\"> <span class=\"screen-reader-text\">Detenido un joven en Martos acusado de asaltar a una persona con discapacidad visual para robarle<\/span> Leer m\u00e1s &raquo;<\/a><\/p>\n","protected":false},"author":3,"featured_media":2443,"comment_status":"closed","ping_status":"open","sticky":false,"template":"","format":"standard","meta":{"site-sidebar-layout":"default","site-content-layout":"default","ast-global-header-display":"","ast-main-header-display":"","ast-hfb-above-header-display":"","ast-hfb-below-header-display":"","ast-hfb-mobile-header-display":"","site-post-title":"","ast-breadcrumbs-content":"","ast-featured-img":"","footer-sml-layout":"","theme-transparent-header-meta":"","adv-header-id-meta":"","stick-header-meta":"","header-above-stick-meta":"","header-main-stick-meta":"","header-below-stick-meta":"","footnotes":""},"categories":[1],"tags":[],"class_list":["post-2442","post","type-post","status-publish","format-standard","has-post-thumbnail","hentry","category-sin-categoria"],"yoast_head":"<!-- This site is optimized with the Yoast SEO plugin v20.8 - https:\/\/yoast.com\/wordpress\/plugins\/seo\/ -->\n<title>Detenido un joven en Martos acusado de asaltar a una persona con discapacidad visual para robarle - Torredonjimeno Actualidad<\/title>\n<meta name=\"robots\" content=\"index, follow, max-snippet:-1, max-image-preview:large, max-video-preview:-1\" \/>\n<link rel=\"canonical\" href=\"https:\/\/torredonjimenoactualidad.com\/index.php\/2024\/09\/30\/detenido-un-joven-en-martos-acusado-de-asaltar-a-una-persona-con-discapacidad-visual-para-robarle\/\" \/>\n<meta property=\"og:locale\" content=\"es_ES\" \/>\n<meta property=\"og:type\" content=\"article\" \/>\n<meta property=\"og:title\" content=\"Detenido un joven en Martos acusado de asaltar a una persona con discapacidad visual para robarle - Torredonjimeno Actualidad\" \/>\n<meta property=\"og:description\" content=\"La Guardia Civil ha detenido a un joven de 22 a\u00f1os como presunto autor de un delito de robo con violencia en grado de tentativa despu\u00e9s de haber asaltado en Martos a una persona con discapacidad visual para robarle el bolso. Adem\u00e1s, se le imputan inicialmente otros dos delitos de robo con fuerza en interior &hellip; Detenido un joven en Martos acusado de asaltar a una persona con discapacidad visual para robarle Leer m\u00e1s &raquo;\" \/>\n<meta property=\"og:url\" content=\"https:\/\/torredonjimenoactualidad.com\/index.php\/2024\/09\/30\/detenido-un-joven-en-martos-acusado-de-asaltar-a-una-persona-con-discapacidad-visual-para-robarle\/\" \/>\n<meta property=\"og:site_name\" content=\"Torredonjimeno Actualidad\" \/>\n<meta property=\"article:published_time\" content=\"2024-09-30T13:54:22+00:00\" \/>\n<meta property=\"article:modified_time\" content=\"2024-09-30T14:05:49+00:00\" \/>\n<meta property=\"og:image\" content=\"https:\/\/torredonjimenoactualidad.com\/wp-content\/uploads\/2024\/09\/fotonoticia_20240930124443_1920.jpg\" \/>\n\t<meta property=\"og:image:width\" content=\"1920\" \/>\n\t<meta property=\"og:image:height\" content=\"1098\" \/>\n\t<meta property=\"og:image:type\" content=\"image\/jpeg\" \/>\n<meta name=\"author\" content=\"Redaccion\" \/>\n<meta name=\"twitter:card\" content=\"summary_large_image\" \/>\n<meta name=\"twitter:label1\" content=\"Escrito por\" \/>\n\t<meta name=\"twitter:data1\" content=\"Redaccion\" \/>\n\t<meta name=\"twitter:label2\" content=\"Tiempo de lectura\" \/>\n\t<meta name=\"twitter:data2\" content=\"2 minutos\" \/>\n<script type=\"application\/ld+json\" class=\"yoast-schema-graph\">{\"@context\":\"https:\/\/schema.org\",\"@graph\":[{\"@type\":\"Article\",\"@id\":\"https:\/\/torredonjimenoactualidad.com\/index.php\/2024\/09\/30\/detenido-un-joven-en-martos-acusado-de-asaltar-a-una-persona-con-discapacidad-visual-para-robarle\/#article\",\"isPartOf\":{\"@id\":\"https:\/\/torredonjimenoactualidad.com\/index.php\/2024\/09\/30\/detenido-un-joven-en-martos-acusado-de-asaltar-a-una-persona-con-discapacidad-visual-para-robarle\/\"},\"author\":{\"name\":\"Redaccion\",\"@id\":\"https:\/\/torredonjimenoactualidad.com\/#\/schema\/person\/11f05803cdf40dbeb7f4fbf2365c9ac5\"},\"headline\":\"Detenido un joven en Martos acusado de asaltar a una persona con discapacidad visual para robarle\",\"datePublished\":\"2024-09-30T13:54:22+00:00\",\"dateModified\":\"2024-09-30T14:05:49+00:00\",\"mainEntityOfPage\":{\"@id\":\"https:\/\/torredonjimenoactualidad.com\/index.php\/2024\/09\/30\/detenido-un-joven-en-martos-acusado-de-asaltar-a-una-persona-con-discapacidad-visual-para-robarle\/\"},\"wordCount\":334,\"publisher\":{\"@id\":\"https:\/\/torredonjimenoactualidad.com\/#organization\"},\"inLanguage\":\"es\"},{\"@type\":\"WebPage\",\"@id\":\"https:\/\/torredonjimenoactualidad.com\/index.php\/2024\/09\/30\/detenido-un-joven-en-martos-acusado-de-asaltar-a-una-persona-con-discapacidad-visual-para-robarle\/\",\"url\":\"https:\/\/torredonjimenoactualidad.com\/index.php\/2024\/09\/30\/detenido-un-joven-en-martos-acusado-de-asaltar-a-una-persona-con-discapacidad-visual-para-robarle\/\",\"name\":\"Detenido un joven en Martos acusado de asaltar a una persona con discapacidad visual para robarle - Torredonjimeno Actualidad\",\"isPartOf\":{\"@id\":\"https:\/\/torredonjimenoactualidad.com\/#website\"},\"datePublished\":\"2024-09-30T13:54:22+00:00\",\"dateModified\":\"2024-09-30T14:05:49+00:00\",\"breadcrumb\":{\"@id\":\"https:\/\/torredonjimenoactualidad.com\/index.php\/2024\/09\/30\/detenido-un-joven-en-martos-acusado-de-asaltar-a-una-persona-con-discapacidad-visual-para-robarle\/#breadcrumb\"},\"inLanguage\":\"es\",\"potentialAction\":[{\"@type\":\"ReadAction\",\"target\":[\"https:\/\/torredonjimenoactualidad.com\/index.php\/2024\/09\/30\/detenido-un-joven-en-martos-acusado-de-asaltar-a-una-persona-con-discapacidad-visual-para-robarle\/\"]}]},{\"@type\":\"BreadcrumbList\",\"@id\":\"https:\/\/torredonjimenoactualidad.com\/index.php\/2024\/09\/30\/detenido-un-joven-en-martos-acusado-de-asaltar-a-una-persona-con-discapacidad-visual-para-robarle\/#breadcrumb\",\"itemListElement\":[{\"@type\":\"ListItem\",\"position\":1,\"name\":\"Portada\",\"item\":\"https:\/\/torredonjimenoactualidad.com\/\"},{\"@type\":\"ListItem\",\"position\":2,\"name\":\"Detenido un joven en Martos acusado de asaltar a una persona con discapacidad visual para robarle\"}]},{\"@type\":\"WebSite\",\"@id\":\"https:\/\/torredonjimenoactualidad.com\/#website\",\"url\":\"https:\/\/torredonjimenoactualidad.com\/\",\"name\":\"Torredonjimeno Actualidad\",\"description\":\"\",\"publisher\":{\"@id\":\"https:\/\/torredonjimenoactualidad.com\/#organization\"},\"potentialAction\":[{\"@type\":\"SearchAction\",\"target\":{\"@type\":\"EntryPoint\",\"urlTemplate\":\"https:\/\/torredonjimenoactualidad.com\/?s={search_term_string}\"},\"query-input\":\"required name=search_term_string\"}],\"inLanguage\":\"es\"},{\"@type\":\"Organization\",\"@id\":\"https:\/\/torredonjimenoactualidad.com\/#organization\",\"name\":\"Torredonjimeno Actualidad\",\"url\":\"https:\/\/torredonjimenoactualidad.com\/\",\"logo\":{\"@type\":\"ImageObject\",\"inLanguage\":\"es\",\"@id\":\"https:\/\/torredonjimenoactualidad.com\/#\/schema\/logo\/image\/\",\"url\":\"https:\/\/torredonjimenoactualidad.com\/wp-content\/uploads\/2023\/02\/logo-torredonjimeno-544x180-1.png\",\"contentUrl\":\"https:\/\/torredonjimenoactualidad.com\/wp-content\/uploads\/2023\/02\/logo-torredonjimeno-544x180-1.png\",\"width\":545,\"height\":112,\"caption\":\"Torredonjimeno Actualidad\"},\"image\":{\"@id\":\"https:\/\/torredonjimenoactualidad.com\/#\/schema\/logo\/image\/\"}},{\"@type\":\"Person\",\"@id\":\"https:\/\/torredonjimenoactualidad.com\/#\/schema\/person\/11f05803cdf40dbeb7f4fbf2365c9ac5\",\"name\":\"Redaccion\",\"image\":{\"@type\":\"ImageObject\",\"inLanguage\":\"es\",\"@id\":\"https:\/\/torredonjimenoactualidad.com\/#\/schema\/person\/image\/\",\"url\":\"https:\/\/secure.gravatar.com\/avatar\/5917bab7eff43e17746fd29b509939469470810b6b989b7cc2f89e3188399bf3?s=96&d=mm&r=g\",\"contentUrl\":\"https:\/\/secure.gravatar.com\/avatar\/5917bab7eff43e17746fd29b509939469470810b6b989b7cc2f89e3188399bf3?s=96&d=mm&r=g\",\"caption\":\"Redaccion\"},\"url\":\"https:\/\/torredonjimenoactualidad.com\/index.php\/author\/jose-bueno\/\"}]}<\/script>\n<!-- \/ Yoast SEO plugin. -->","yoast_head_json":{"title":"Detenido un joven en Martos acusado de asaltar a una persona con discapacidad visual para robarle - Torredonjimeno Actualidad","robots":{"index":"index","follow":"follow","max-snippet":"max-snippet:-1","max-image-preview":"max-image-preview:large","max-video-preview":"max-video-preview:-1"},"canonical":"https:\/\/torredonjimenoactualidad.com\/index.php\/2024\/09\/30\/detenido-un-joven-en-martos-acusado-de-asaltar-a-una-persona-con-discapacidad-visual-para-robarle\/","og_locale":"es_ES","og_type":"article","og_title":"Detenido un joven en Martos acusado de asaltar a una persona con discapacidad visual para robarle - Torredonjimeno Actualidad","og_description":"La Guardia Civil ha detenido a un joven de 22 a\u00f1os como presunto autor de un delito de robo con violencia en grado de tentativa despu\u00e9s de haber asaltado en Martos a una persona con discapacidad visual para robarle el bolso. Adem\u00e1s, se le imputan inicialmente otros dos delitos de robo con fuerza en interior &hellip; Detenido un joven en Martos acusado de asaltar a una persona con discapacidad visual para robarle Leer m\u00e1s &raquo;","og_url":"https:\/\/torredonjimenoactualidad.com\/index.php\/2024\/09\/30\/detenido-un-joven-en-martos-acusado-de-asaltar-a-una-persona-con-discapacidad-visual-para-robarle\/","og_site_name":"Torredonjimeno Actualidad","article_published_time":"2024-09-30T13:54:22+00:00","article_modified_time":"2024-09-30T14:05:49+00:00","og_image":[{"width":1920,"height":1098,"url":"https:\/\/torredonjimenoactualidad.com\/wp-content\/uploads\/2024\/09\/fotonoticia_20240930124443_1920.jpg","type":"image\/jpeg"}],"author":"Redaccion","twitter_card":"summary_large_image","twitter_misc":{"Escrito por":"Redaccion","Tiempo de lectura":"2 minutos"},"schema":{"@context":"https:\/\/schema.org","@graph":[{"@type":"Article","@id":"https:\/\/torredonjimenoactualidad.com\/index.php\/2024\/09\/30\/detenido-un-joven-en-martos-acusado-de-asaltar-a-una-persona-con-discapacidad-visual-para-robarle\/#article","isPartOf":{"@id":"https:\/\/torredonjimenoactualidad.com\/index.php\/2024\/09\/30\/detenido-un-joven-en-martos-acusado-de-asaltar-a-una-persona-con-discapacidad-visual-para-robarle\/"},"author":{"name":"Redaccion","@id":"https:\/\/torredonjimenoactualidad.com\/#\/schema\/person\/11f05803cdf40dbeb7f4fbf2365c9ac5"},"headline":"Detenido un joven en Martos acusado de asaltar a una persona con discapacidad visual para robarle","datePublished":"2024-09-30T13:54:22+00:00","dateModified":"2024-09-30T14:05:49+00:00","mainEntityOfPage":{"@id":"https:\/\/torredonjimenoactualidad.com\/index.php\/2024\/09\/30\/detenido-un-joven-en-martos-acusado-de-asaltar-a-una-persona-con-discapacidad-visual-para-robarle\/"},"wordCount":334,"publisher":{"@id":"https:\/\/torredonjimenoactualidad.com\/#organization"},"inLanguage":"es"},{"@type":"WebPage","@id":"https:\/\/torredonjimenoactualidad.com\/index.php\/2024\/09\/30\/detenido-un-joven-en-martos-acusado-de-asaltar-a-una-persona-con-discapacidad-visual-para-robarle\/","url":"https:\/\/torredonjimenoactualidad.com\/index.php\/2024\/09\/30\/detenido-un-joven-en-martos-acusado-de-asaltar-a-una-persona-con-discapacidad-visual-para-robarle\/","name":"Detenido un joven en Martos acusado de asaltar a una persona con discapacidad visual para robarle - Torredonjimeno Actualidad","isPartOf":{"@id":"https:\/\/torredonjimenoactualidad.com\/#website"},"datePublished":"2024-09-30T13:54:22+00:00","dateModified":"2024-09-30T14:05:49+00:00","breadcrumb":{"@id":"https:\/\/torredonjimenoactualidad.com\/index.php\/2024\/09\/30\/detenido-un-joven-en-martos-acusado-de-asaltar-a-una-persona-con-discapacidad-visual-para-robarle\/#breadcrumb"},"inLanguage":"es","potentialAction":[{"@type":"ReadAction","target":["https:\/\/torredonjimenoactualidad.com\/index.php\/2024\/09\/30\/detenido-un-joven-en-martos-acusado-de-asaltar-a-una-persona-con-discapacidad-visual-para-robarle\/"]}]},{"@type":"BreadcrumbList","@id":"https:\/\/torredonjimenoactualidad.com\/index.php\/2024\/09\/30\/detenido-un-joven-en-martos-acusado-de-asaltar-a-una-persona-con-discapacidad-visual-para-robarle\/#breadcrumb","itemListElement":[{"@type":"ListItem","position":1,"name":"Portada","item":"https:\/\/torredonjimenoactualidad.com\/"},{"@type":"ListItem","position":2,"name":"Detenido un joven en Martos acusado de asaltar a una persona con discapacidad visual para robarle"}]},{"@type":"WebSite","@id":"https:\/\/torredonjimenoactualidad.com\/#website","url":"https:\/\/torredonjimenoactualidad.com\/","name":"Torredonjimeno Actualidad","description":"","publisher":{"@id":"https:\/\/torredonjimenoactualidad.com\/#organization"},"potentialAction":[{"@type":"SearchAction","target":{"@type":"EntryPoint","urlTemplate":"https:\/\/torredonjimenoactualidad.com\/?s={search_term_string}"},"query-input":"required name=search_term_string"}],"inLanguage":"es"},{"@type":"Organization","@id":"https:\/\/torredonjimenoactualidad.com\/#organization","name":"Torredonjimeno Actualidad","url":"https:\/\/torredonjimenoactualidad.com\/","logo":{"@type":"ImageObject","inLanguage":"es","@id":"https:\/\/torredonjimenoactualidad.com\/#\/schema\/logo\/image\/","url":"https:\/\/torredonjimenoactualidad.com\/wp-content\/uploads\/2023\/02\/logo-torredonjimeno-544x180-1.png","contentUrl":"https:\/\/torredonjimenoactualidad.com\/wp-content\/uploads\/2023\/02\/logo-torredonjimeno-544x180-1.png","width":545,"height":112,"caption":"Torredonjimeno Actualidad"},"image":{"@id":"https:\/\/torredonjimenoactualidad.com\/#\/schema\/logo\/image\/"}},{"@type":"Person","@id":"https:\/\/torredonjimenoactualidad.com\/#\/schema\/person\/11f05803cdf40dbeb7f4fbf2365c9ac5","name":"Redaccion","image":{"@type":"ImageObject","inLanguage":"es","@id":"https:\/\/torredonjimenoactualidad.com\/#\/schema\/person\/image\/","url":"https:\/\/secure.gravatar.com\/avatar\/5917bab7eff43e17746fd29b509939469470810b6b989b7cc2f89e3188399bf3?s=96&d=mm&r=g","contentUrl":"https:\/\/secure.gravatar.com\/avatar\/5917bab7eff43e17746fd29b509939469470810b6b989b7cc2f89e3188399bf3?s=96&d=mm&r=g","caption":"Redaccion"},"url":"https:\/\/torredonjimenoactualidad.com\/index.php\/author\/jose-bueno\/"}]}},"_links":{"self":[{"href":"https:\/\/torredonjimenoactualidad.com\/index.php\/wp-json\/wp\/v2\/posts\/2442","targetHints":{"allow":["GET"]}}],"collection":[{"href":"https:\/\/torredonjimenoactualidad.com\/index.php\/wp-json\/wp\/v2\/posts"}],"about":[{"href":"https:\/\/torredonjimenoactualidad.com\/index.php\/wp-json\/wp\/v2\/types\/post"}],"author":[{"embeddable":true,"href":"https:\/\/torredonjimenoactualidad.com\/index.php\/wp-json\/wp\/v2\/users\/3"}],"replies":[{"embeddable":true,"href":"https:\/\/torredonjimenoactualidad.com\/index.php\/wp-json\/wp\/v2\/comments?post=2442"}],"version-history":[{"count":2,"href":"https:\/\/torredonjimenoactualidad.com\/index.php\/wp-json\/wp\/v2\/posts\/2442\/revisions"}],"predecessor-version":[{"id":2445,"href":"https:\/\/torredonjimenoactualidad.com\/index.php\/wp-json\/wp\/v2\/posts\/2442\/revisions\/2445"}],"wp:featuredmedia":[{"embeddable":true,"href":"https:\/\/torredonjimenoactualidad.com\/index.php\/wp-json\/wp\/v2\/media\/2443"}],"wp:attachment":[{"href":"https:\/\/torredonjimenoactualidad.com\/index.php\/wp-json\/wp\/v2\/media?parent=2442"}],"wp:term":[{"taxonomy":"category","embeddable":true,"href":"https:\/\/torredonjimenoactualidad.com\/index.php\/wp-json\/wp\/v2\/categories?post=2442"},{"taxonomy":"post_tag","embeddable":true,"href":"https:\/\/torredonjimenoactualidad.com\/index.php\/wp-json\/wp\/v2\/tags?post=2442"}],"curies":[{"name":"wp","href":"https:\/\/api.w.org\/{rel}","templated":true}]}}