{"id":2407,"date":"2024-09-24T14:49:30","date_gmt":"2024-09-24T14:49:30","guid":{"rendered":"https:\/\/torredonjimenoactualidad.com\/?p=2407"},"modified":"2024-09-24T14:49:31","modified_gmt":"2024-09-24T14:49:31","slug":"diputacion-aportara-500-000-euros-contra-el-virus-del-nilo-y-afea-a-la-junta-que-se-ponga-de-perfil","status":"publish","type":"post","link":"https:\/\/torredonjimenoactualidad.com\/index.php\/2024\/09\/24\/diputacion-aportara-500-000-euros-contra-el-virus-del-nilo-y-afea-a-la-junta-que-se-ponga-de-perfil\/","title":{"rendered":"Diputaci\u00f3n aportar\u00e1 500.000 euros contra el Virus del Nilo y afea a la Junta que \u00abse ponga de perfil\u00bb"},"content":{"rendered":"\n<p>El presidente de la Diputaci\u00f3n de Ja\u00e9n, Francisco Reyes, ha avanzado que la Administraci\u00f3n provincial consignar\u00e1 500.000 euros para luchar contra \u00abel problema de salud p\u00fablica\u00bb, un problema de salud p\u00fablica que la Junta \u00abest\u00e1 echando en las espaldas de los ayuntamientos\u00bb.<\/p>\n\n\n\n<p>As\u00ed lo ha se\u00f1alado antes de la celebraci\u00f3n de la junta asesora del Consejo de Alcaldes y Alcaldesas, previa a la reuni\u00f3n que este \u00f3rgano celebrar\u00e1 el 4 de octubre y en la que se abordar\u00e1 como \u00fanico punto del orden del d\u00eda la situaci\u00f3n actual generada por esta enfermedad contagiosa en el territorio jiennense donde ya se han detectado casos en los municipios de La Carolina, Linares, Ibros, Arjona, Villanueva de la Reina y Lopera.<\/p>\n\n\n\n<p>\u00abA d\u00eda de hoy, que sepamos, son seis los municipios afectados por este virus, con personas y animales contagiados, y nos preocupa la situaci\u00f3n en la que se encuentran los ayuntamientos y lo que pueda suceder en un futuro inmediato\u00bb, ha explicado Reyes.<\/p>\n\n\n\n<p>El presidente ha subrayado que \u00abno es de recibo que lo \u00fanico que ha hecho la Junta de Andaluc\u00eda es llamar a un alcalde desde la Delegaci\u00f3n de Salud dici\u00e9ndole que en tu pueblo hay un contagio, estas son las instrucciones y a partir de ahora son tus competencias, y t\u00fa tienes que pagar los gastos que esto genere\u00bb.<\/p>\n\n\n\n<p>Al respecto, el presidente de la Diputaci\u00f3n ha puntualizado que esta actitud de la Junta \u00abgenera una situaci\u00f3n de indefensi\u00f3n a los ayuntamientos cuando, seg\u00fan el Estatuto de Autonom\u00eda, las competencias en Sanidad p\u00fablica son de la comunidad aut\u00f3noma, aqu\u00ed tambi\u00e9n en Andaluc\u00eda\u00bb.<\/p>\n\n\n\n<p>En este contexto se ha convocado esta junta asesora y el posterior Consejo de Alcaldes y Alcaldesas de la provincia de Ja\u00e9n porque, \u00abaunque esperamos que esto no vaya a peor, ya que entramos ahora en el oto\u00f1o e invierno, una \u00e9poca donde la actividad de los mosquitos es menor, estamos pensando en un futuro inmediato y hay que actuar con responsabilidad por parte de quien tiene la competencia y los recursos econ\u00f3micos\u00bb.<\/p>\n\n\n\n<p>A juicio de Reyes, la Junta de Andaluc\u00eda \u00abno puede echar a las espaldas de los alcaldes y alcaldesas un asunto como este, en el que no tienen informaci\u00f3n y recursos, especialmente humanos, para abordar este problema\u00bb.<\/p>\n\n\n\n<p>El m\u00e1ximo responsable de la Administraci\u00f3n provincial ha puesto sobre la mesa el hecho de que la Junta de Andaluc\u00eda \u00abtiene m\u00e9dicos y veterinarios en los centros comarcales de salud y veterinarios en las oficinas comarcales agrarias, por lo tanto es hora de que ejerzan su responsabilidad y asuman un asunto que nos preocupa\u00bb.<\/p>\n\n\n\n<p>En esta l\u00ednea, ha anunciado que desde este \u00f3rgano donde est\u00e1n representados todos los alcaldes y alcaldesas de la provincia, se \u00abva a pedir un informe a la Diputaci\u00f3n Provincial sobre competencias para las entidades locales y tambi\u00e9n se solicitar\u00e1n ayudas econ\u00f3micas a la Junta y al Gobierno de Espa\u00f1a, que son los que tienen recursos\u00bb.<\/p>\n\n\n\n<p>En referencia tambi\u00e9n a esta cuesti\u00f3n, ha animado al presidente del Gobierno andaluz a que \u00abtome ejemplo de lo que ha hecho el Gobierno de Extremadura, que ha presupuestado 250.000 euros para ayudar a los ayuntamientos afectados por el virus de Nilo\u00bb.<\/p>\n\n\n\n<p>Reyes ha incidido en solicitar m\u00e1s implicaci\u00f3n del Gobierno andaluz para abordar este asunto de salud p\u00fablica. \u00abNo puede ponerse de perfil porque tiene las competencias y los recursos, ya est\u00e1 bien de echar a las espaldas de los gobiernos locales una competencia que no es suya, porque despu\u00e9s de los casi seis a\u00f1os que Moreno Bonilla lleva de presidente andaluz, es hora de que se dedique a trabajar por los problemas de los andaluces\u00bb, ha enfatizado Reyes.<\/p>\n\n\n\n<p>Por parte de la Administraci\u00f3n provincial, su presidente ha mostrado su disposici\u00f3n a colaborar en la resoluci\u00f3n de este problema. \u00abDesde la Diputaci\u00f3n vamos a arrimar el hombro, de hecho llevamos al pleno del pr\u00f3ximo 30 de septiembre por urgencia una modificaci\u00f3n presupuestaria donde consignamos 500.000 euros de nuestro presupuesto para luchar contra el virus del Nilo\u00bb, ha anunciado antes de insistir en que \u00abquien tiene las competencias y los recursos econ\u00f3micos y humanos es la Junta de Andaluc\u00eda\u00bb.<\/p>\n\n\n\n<p>As\u00ed, se ha referido a que el lunes pasado el director general de la Junta vino a ver a la vicepresidenta de la Diputaci\u00f3n \u00abpara decirnos que ten\u00edamos que fumigar 1,5 kil\u00f3metros de radio en los municipios afectados por este virus\u00bb. El pasado d\u00eda 19 de septiembre Diputaci\u00f3n pregunt\u00f3 por escrito a la Junta por el presupuesto necesario, \u00abc\u00f3mo hay que hacerlo, cu\u00e1les son las prescripciones t\u00e9cnicas de los tratamientos\u00bb y a d\u00eda de hoy no se ha recibido respuesta, seg\u00fan Reyes.<\/p>\n\n\n\n<p>\u00abYa vimos lo que hizo Moreno Bonilla con la pandemia, se puso de perfil, dej\u00f3 el problema en manos de los gobiernos locales, y esa creo que no es la actitud de un gobernante que tiene que ser consecuente con sus responsabilidades\u00bb, ha concluido Reyes.<\/p>\n","protected":false},"excerpt":{"rendered":"<p>El presidente de la Diputaci\u00f3n de Ja\u00e9n, Francisco Reyes, ha avanzado que la Administraci\u00f3n provincial consignar\u00e1 500.000 euros para luchar contra \u00abel problema de salud p\u00fablica\u00bb, un problema de salud p\u00fablica que la Junta \u00abest\u00e1 echando en las espaldas de los ayuntamientos\u00bb. As\u00ed lo ha se\u00f1alado antes de la celebraci\u00f3n de la junta asesora del &hellip;<\/p>\n<p class=\"read-more\"> <a class=\"\" href=\"https:\/\/torredonjimenoactualidad.com\/index.php\/2024\/09\/24\/diputacion-aportara-500-000-euros-contra-el-virus-del-nilo-y-afea-a-la-junta-que-se-ponga-de-perfil\/\"> <span class=\"screen-reader-text\">Diputaci\u00f3n aportar\u00e1 500.000 euros contra el Virus del Nilo y afea a la Junta que \u00abse ponga de perfil\u00bb<\/span> Leer m\u00e1s &raquo;<\/a><\/p>\n","protected":false},"author":1,"featured_media":2408,"comment_status":"open","ping_status":"open","sticky":false,"template":"","format":"standard","meta":{"site-sidebar-layout":"default","site-content-layout":"default","ast-global-header-display":"","ast-main-header-display":"","ast-hfb-above-header-display":"","ast-hfb-below-header-display":"","ast-hfb-mobile-header-display":"","site-post-title":"","ast-breadcrumbs-content":"","ast-featured-img":"","footer-sml-layout":"","theme-transparent-header-meta":"","adv-header-id-meta":"","stick-header-meta":"","header-above-stick-meta":"","header-main-stick-meta":"","header-below-stick-meta":"","footnotes":""},"categories":[1],"tags":[],"class_list":["post-2407","post","type-post","status-publish","format-standard","has-post-thumbnail","hentry","category-sin-categoria"],"yoast_head":"<!-- This site is optimized with the Yoast SEO plugin v20.8 - https:\/\/yoast.com\/wordpress\/plugins\/seo\/ -->\n<title>Diputaci\u00f3n aportar\u00e1 500.000 euros contra el Virus del Nilo y afea a la Junta que &quot;se ponga de perfil&quot; - Torredonjimeno Actualidad<\/title>\n<meta name=\"robots\" content=\"index, follow, max-snippet:-1, max-image-preview:large, max-video-preview:-1\" \/>\n<link rel=\"canonical\" href=\"https:\/\/torredonjimenoactualidad.com\/index.php\/2024\/09\/24\/diputacion-aportara-500-000-euros-contra-el-virus-del-nilo-y-afea-a-la-junta-que-se-ponga-de-perfil\/\" \/>\n<meta property=\"og:locale\" content=\"es_ES\" \/>\n<meta property=\"og:type\" content=\"article\" \/>\n<meta property=\"og:title\" content=\"Diputaci\u00f3n aportar\u00e1 500.000 euros contra el Virus del Nilo y afea a la Junta que &quot;se ponga de perfil&quot; - Torredonjimeno Actualidad\" \/>\n<meta property=\"og:description\" content=\"El presidente de la Diputaci\u00f3n de Ja\u00e9n, Francisco Reyes, ha avanzado que la Administraci\u00f3n provincial consignar\u00e1 500.000 euros para luchar contra \u00abel problema de salud p\u00fablica\u00bb, un problema de salud p\u00fablica que la Junta \u00abest\u00e1 echando en las espaldas de los ayuntamientos\u00bb. As\u00ed lo ha se\u00f1alado antes de la celebraci\u00f3n de la junta asesora del &hellip; Diputaci\u00f3n aportar\u00e1 500.000 euros contra el Virus del Nilo y afea a la Junta que \u00abse ponga de perfil\u00bb Leer m\u00e1s &raquo;\" \/>\n<meta property=\"og:url\" content=\"https:\/\/torredonjimenoactualidad.com\/index.php\/2024\/09\/24\/diputacion-aportara-500-000-euros-contra-el-virus-del-nilo-y-afea-a-la-junta-que-se-ponga-de-perfil\/\" \/>\n<meta property=\"og:site_name\" content=\"Torredonjimeno Actualidad\" \/>\n<meta property=\"article:published_time\" content=\"2024-09-24T14:49:30+00:00\" \/>\n<meta property=\"article:modified_time\" content=\"2024-09-24T14:49:31+00:00\" \/>\n<meta property=\"og:image\" content=\"https:\/\/torredonjimenoactualidad.com\/wp-content\/uploads\/2024\/09\/fotonoticia_20240924142815_1920.jpg\" \/>\n\t<meta property=\"og:image:width\" content=\"1920\" \/>\n\t<meta property=\"og:image:height\" content=\"1080\" \/>\n\t<meta property=\"og:image:type\" content=\"image\/jpeg\" \/>\n<meta name=\"author\" content=\"jimenoactualidad\" \/>\n<meta name=\"twitter:card\" content=\"summary_large_image\" \/>\n<meta name=\"twitter:label1\" content=\"Escrito por\" \/>\n\t<meta name=\"twitter:data1\" content=\"jimenoactualidad\" \/>\n\t<meta name=\"twitter:label2\" content=\"Tiempo de lectura\" \/>\n\t<meta name=\"twitter:data2\" content=\"4 minutos\" \/>\n<script type=\"application\/ld+json\" class=\"yoast-schema-graph\">{\"@context\":\"https:\/\/schema.org\",\"@graph\":[{\"@type\":\"Article\",\"@id\":\"https:\/\/torredonjimenoactualidad.com\/index.php\/2024\/09\/24\/diputacion-aportara-500-000-euros-contra-el-virus-del-nilo-y-afea-a-la-junta-que-se-ponga-de-perfil\/#article\",\"isPartOf\":{\"@id\":\"https:\/\/torredonjimenoactualidad.com\/index.php\/2024\/09\/24\/diputacion-aportara-500-000-euros-contra-el-virus-del-nilo-y-afea-a-la-junta-que-se-ponga-de-perfil\/\"},\"author\":{\"name\":\"jimenoactualidad\",\"@id\":\"https:\/\/torredonjimenoactualidad.com\/#\/schema\/person\/890fea51f5dcffe6a02d0233f5282106\"},\"headline\":\"Diputaci\u00f3n aportar\u00e1 500.000 euros contra el Virus del Nilo y afea a la Junta que \u00abse ponga de perfil\u00bb\",\"datePublished\":\"2024-09-24T14:49:30+00:00\",\"dateModified\":\"2024-09-24T14:49:31+00:00\",\"mainEntityOfPage\":{\"@id\":\"https:\/\/torredonjimenoactualidad.com\/index.php\/2024\/09\/24\/diputacion-aportara-500-000-euros-contra-el-virus-del-nilo-y-afea-a-la-junta-que-se-ponga-de-perfil\/\"},\"wordCount\":886,\"commentCount\":0,\"publisher\":{\"@id\":\"https:\/\/torredonjimenoactualidad.com\/#organization\"},\"inLanguage\":\"es\",\"potentialAction\":[{\"@type\":\"CommentAction\",\"name\":\"Comment\",\"target\":[\"https:\/\/torredonjimenoactualidad.com\/index.php\/2024\/09\/24\/diputacion-aportara-500-000-euros-contra-el-virus-del-nilo-y-afea-a-la-junta-que-se-ponga-de-perfil\/#respond\"]}]},{\"@type\":\"WebPage\",\"@id\":\"https:\/\/torredonjimenoactualidad.com\/index.php\/2024\/09\/24\/diputacion-aportara-500-000-euros-contra-el-virus-del-nilo-y-afea-a-la-junta-que-se-ponga-de-perfil\/\",\"url\":\"https:\/\/torredonjimenoactualidad.com\/index.php\/2024\/09\/24\/diputacion-aportara-500-000-euros-contra-el-virus-del-nilo-y-afea-a-la-junta-que-se-ponga-de-perfil\/\",\"name\":\"Diputaci\u00f3n aportar\u00e1 500.000 euros contra el Virus del Nilo y afea a la Junta que \\\"se ponga de perfil\\\" - Torredonjimeno Actualidad\",\"isPartOf\":{\"@id\":\"https:\/\/torredonjimenoactualidad.com\/#website\"},\"datePublished\":\"2024-09-24T14:49:30+00:00\",\"dateModified\":\"2024-09-24T14:49:31+00:00\",\"breadcrumb\":{\"@id\":\"https:\/\/torredonjimenoactualidad.com\/index.php\/2024\/09\/24\/diputacion-aportara-500-000-euros-contra-el-virus-del-nilo-y-afea-a-la-junta-que-se-ponga-de-perfil\/#breadcrumb\"},\"inLanguage\":\"es\",\"potentialAction\":[{\"@type\":\"ReadAction\",\"target\":[\"https:\/\/torredonjimenoactualidad.com\/index.php\/2024\/09\/24\/diputacion-aportara-500-000-euros-contra-el-virus-del-nilo-y-afea-a-la-junta-que-se-ponga-de-perfil\/\"]}]},{\"@type\":\"BreadcrumbList\",\"@id\":\"https:\/\/torredonjimenoactualidad.com\/index.php\/2024\/09\/24\/diputacion-aportara-500-000-euros-contra-el-virus-del-nilo-y-afea-a-la-junta-que-se-ponga-de-perfil\/#breadcrumb\",\"itemListElement\":[{\"@type\":\"ListItem\",\"position\":1,\"name\":\"Portada\",\"item\":\"https:\/\/torredonjimenoactualidad.com\/\"},{\"@type\":\"ListItem\",\"position\":2,\"name\":\"Diputaci\u00f3n aportar\u00e1 500.000 euros contra el Virus del Nilo y afea a la Junta que \u00abse ponga de perfil\u00bb\"}]},{\"@type\":\"WebSite\",\"@id\":\"https:\/\/torredonjimenoactualidad.com\/#website\",\"url\":\"https:\/\/torredonjimenoactualidad.com\/\",\"name\":\"Torredonjimeno Actualidad\",\"description\":\"\",\"publisher\":{\"@id\":\"https:\/\/torredonjimenoactualidad.com\/#organization\"},\"potentialAction\":[{\"@type\":\"SearchAction\",\"target\":{\"@type\":\"EntryPoint\",\"urlTemplate\":\"https:\/\/torredonjimenoactualidad.com\/?s={search_term_string}\"},\"query-input\":\"required name=search_term_string\"}],\"inLanguage\":\"es\"},{\"@type\":\"Organization\",\"@id\":\"https:\/\/torredonjimenoactualidad.com\/#organization\",\"name\":\"Torredonjimeno Actualidad\",\"url\":\"https:\/\/torredonjimenoactualidad.com\/\",\"logo\":{\"@type\":\"ImageObject\",\"inLanguage\":\"es\",\"@id\":\"https:\/\/torredonjimenoactualidad.com\/#\/schema\/logo\/image\/\",\"url\":\"https:\/\/torredonjimenoactualidad.com\/wp-content\/uploads\/2023\/02\/logo-torredonjimeno-544x180-1.png\",\"contentUrl\":\"https:\/\/torredonjimenoactualidad.com\/wp-content\/uploads\/2023\/02\/logo-torredonjimeno-544x180-1.png\",\"width\":545,\"height\":112,\"caption\":\"Torredonjimeno Actualidad\"},\"image\":{\"@id\":\"https:\/\/torredonjimenoactualidad.com\/#\/schema\/logo\/image\/\"}},{\"@type\":\"Person\",\"@id\":\"https:\/\/torredonjimenoactualidad.com\/#\/schema\/person\/890fea51f5dcffe6a02d0233f5282106\",\"name\":\"jimenoactualidad\",\"image\":{\"@type\":\"ImageObject\",\"inLanguage\":\"es\",\"@id\":\"https:\/\/torredonjimenoactualidad.com\/#\/schema\/person\/image\/\",\"url\":\"https:\/\/secure.gravatar.com\/avatar\/0668216c1d3ac3a25632718dbd8be89f94bdec298cfd7c7031591681cd0724b1?s=96&d=mm&r=g\",\"contentUrl\":\"https:\/\/secure.gravatar.com\/avatar\/0668216c1d3ac3a25632718dbd8be89f94bdec298cfd7c7031591681cd0724b1?s=96&d=mm&r=g\",\"caption\":\"jimenoactualidad\"},\"sameAs\":[\"https:\/\/torredonjimenoactualidad.com\"],\"url\":\"https:\/\/torredonjimenoactualidad.com\/index.php\/author\/jimenoactualidad\/\"}]}<\/script>\n<!-- \/ Yoast SEO plugin. -->","yoast_head_json":{"title":"Diputaci\u00f3n aportar\u00e1 500.000 euros contra el Virus del Nilo y afea a la Junta que \"se ponga de perfil\" - Torredonjimeno Actualidad","robots":{"index":"index","follow":"follow","max-snippet":"max-snippet:-1","max-image-preview":"max-image-preview:large","max-video-preview":"max-video-preview:-1"},"canonical":"https:\/\/torredonjimenoactualidad.com\/index.php\/2024\/09\/24\/diputacion-aportara-500-000-euros-contra-el-virus-del-nilo-y-afea-a-la-junta-que-se-ponga-de-perfil\/","og_locale":"es_ES","og_type":"article","og_title":"Diputaci\u00f3n aportar\u00e1 500.000 euros contra el Virus del Nilo y afea a la Junta que \"se ponga de perfil\" - Torredonjimeno Actualidad","og_description":"El presidente de la Diputaci\u00f3n de Ja\u00e9n, Francisco Reyes, ha avanzado que la Administraci\u00f3n provincial consignar\u00e1 500.000 euros para luchar contra \u00abel problema de salud p\u00fablica\u00bb, un problema de salud p\u00fablica que la Junta \u00abest\u00e1 echando en las espaldas de los ayuntamientos\u00bb. As\u00ed lo ha se\u00f1alado antes de la celebraci\u00f3n de la junta asesora del &hellip; Diputaci\u00f3n aportar\u00e1 500.000 euros contra el Virus del Nilo y afea a la Junta que \u00abse ponga de perfil\u00bb Leer m\u00e1s &raquo;","og_url":"https:\/\/torredonjimenoactualidad.com\/index.php\/2024\/09\/24\/diputacion-aportara-500-000-euros-contra-el-virus-del-nilo-y-afea-a-la-junta-que-se-ponga-de-perfil\/","og_site_name":"Torredonjimeno Actualidad","article_published_time":"2024-09-24T14:49:30+00:00","article_modified_time":"2024-09-24T14:49:31+00:00","og_image":[{"width":1920,"height":1080,"url":"https:\/\/torredonjimenoactualidad.com\/wp-content\/uploads\/2024\/09\/fotonoticia_20240924142815_1920.jpg","type":"image\/jpeg"}],"author":"jimenoactualidad","twitter_card":"summary_large_image","twitter_misc":{"Escrito por":"jimenoactualidad","Tiempo de lectura":"4 minutos"},"schema":{"@context":"https:\/\/schema.org","@graph":[{"@type":"Article","@id":"https:\/\/torredonjimenoactualidad.com\/index.php\/2024\/09\/24\/diputacion-aportara-500-000-euros-contra-el-virus-del-nilo-y-afea-a-la-junta-que-se-ponga-de-perfil\/#article","isPartOf":{"@id":"https:\/\/torredonjimenoactualidad.com\/index.php\/2024\/09\/24\/diputacion-aportara-500-000-euros-contra-el-virus-del-nilo-y-afea-a-la-junta-que-se-ponga-de-perfil\/"},"author":{"name":"jimenoactualidad","@id":"https:\/\/torredonjimenoactualidad.com\/#\/schema\/person\/890fea51f5dcffe6a02d0233f5282106"},"headline":"Diputaci\u00f3n aportar\u00e1 500.000 euros contra el Virus del Nilo y afea a la Junta que \u00abse ponga de perfil\u00bb","datePublished":"2024-09-24T14:49:30+00:00","dateModified":"2024-09-24T14:49:31+00:00","mainEntityOfPage":{"@id":"https:\/\/torredonjimenoactualidad.com\/index.php\/2024\/09\/24\/diputacion-aportara-500-000-euros-contra-el-virus-del-nilo-y-afea-a-la-junta-que-se-ponga-de-perfil\/"},"wordCount":886,"commentCount":0,"publisher":{"@id":"https:\/\/torredonjimenoactualidad.com\/#organization"},"inLanguage":"es","potentialAction":[{"@type":"CommentAction","name":"Comment","target":["https:\/\/torredonjimenoactualidad.com\/index.php\/2024\/09\/24\/diputacion-aportara-500-000-euros-contra-el-virus-del-nilo-y-afea-a-la-junta-que-se-ponga-de-perfil\/#respond"]}]},{"@type":"WebPage","@id":"https:\/\/torredonjimenoactualidad.com\/index.php\/2024\/09\/24\/diputacion-aportara-500-000-euros-contra-el-virus-del-nilo-y-afea-a-la-junta-que-se-ponga-de-perfil\/","url":"https:\/\/torredonjimenoactualidad.com\/index.php\/2024\/09\/24\/diputacion-aportara-500-000-euros-contra-el-virus-del-nilo-y-afea-a-la-junta-que-se-ponga-de-perfil\/","name":"Diputaci\u00f3n aportar\u00e1 500.000 euros contra el Virus del Nilo y afea a la Junta que \"se ponga de perfil\" - Torredonjimeno Actualidad","isPartOf":{"@id":"https:\/\/torredonjimenoactualidad.com\/#website"},"datePublished":"2024-09-24T14:49:30+00:00","dateModified":"2024-09-24T14:49:31+00:00","breadcrumb":{"@id":"https:\/\/torredonjimenoactualidad.com\/index.php\/2024\/09\/24\/diputacion-aportara-500-000-euros-contra-el-virus-del-nilo-y-afea-a-la-junta-que-se-ponga-de-perfil\/#breadcrumb"},"inLanguage":"es","potentialAction":[{"@type":"ReadAction","target":["https:\/\/torredonjimenoactualidad.com\/index.php\/2024\/09\/24\/diputacion-aportara-500-000-euros-contra-el-virus-del-nilo-y-afea-a-la-junta-que-se-ponga-de-perfil\/"]}]},{"@type":"BreadcrumbList","@id":"https:\/\/torredonjimenoactualidad.com\/index.php\/2024\/09\/24\/diputacion-aportara-500-000-euros-contra-el-virus-del-nilo-y-afea-a-la-junta-que-se-ponga-de-perfil\/#breadcrumb","itemListElement":[{"@type":"ListItem","position":1,"name":"Portada","item":"https:\/\/torredonjimenoactualidad.com\/"},{"@type":"ListItem","position":2,"name":"Diputaci\u00f3n aportar\u00e1 500.000 euros contra el Virus del Nilo y afea a la Junta que \u00abse ponga de perfil\u00bb"}]},{"@type":"WebSite","@id":"https:\/\/torredonjimenoactualidad.com\/#website","url":"https:\/\/torredonjimenoactualidad.com\/","name":"Torredonjimeno Actualidad","description":"","publisher":{"@id":"https:\/\/torredonjimenoactualidad.com\/#organization"},"potentialAction":[{"@type":"SearchAction","target":{"@type":"EntryPoint","urlTemplate":"https:\/\/torredonjimenoactualidad.com\/?s={search_term_string}"},"query-input":"required name=search_term_string"}],"inLanguage":"es"},{"@type":"Organization","@id":"https:\/\/torredonjimenoactualidad.com\/#organization","name":"Torredonjimeno Actualidad","url":"https:\/\/torredonjimenoactualidad.com\/","logo":{"@type":"ImageObject","inLanguage":"es","@id":"https:\/\/torredonjimenoactualidad.com\/#\/schema\/logo\/image\/","url":"https:\/\/torredonjimenoactualidad.com\/wp-content\/uploads\/2023\/02\/logo-torredonjimeno-544x180-1.png","contentUrl":"https:\/\/torredonjimenoactualidad.com\/wp-content\/uploads\/2023\/02\/logo-torredonjimeno-544x180-1.png","width":545,"height":112,"caption":"Torredonjimeno Actualidad"},"image":{"@id":"https:\/\/torredonjimenoactualidad.com\/#\/schema\/logo\/image\/"}},{"@type":"Person","@id":"https:\/\/torredonjimenoactualidad.com\/#\/schema\/person\/890fea51f5dcffe6a02d0233f5282106","name":"jimenoactualidad","image":{"@type":"ImageObject","inLanguage":"es","@id":"https:\/\/torredonjimenoactualidad.com\/#\/schema\/person\/image\/","url":"https:\/\/secure.gravatar.com\/avatar\/0668216c1d3ac3a25632718dbd8be89f94bdec298cfd7c7031591681cd0724b1?s=96&d=mm&r=g","contentUrl":"https:\/\/secure.gravatar.com\/avatar\/0668216c1d3ac3a25632718dbd8be89f94bdec298cfd7c7031591681cd0724b1?s=96&d=mm&r=g","caption":"jimenoactualidad"},"sameAs":["https:\/\/torredonjimenoactualidad.com"],"url":"https:\/\/torredonjimenoactualidad.com\/index.php\/author\/jimenoactualidad\/"}]}},"_links":{"self":[{"href":"https:\/\/torredonjimenoactualidad.com\/index.php\/wp-json\/wp\/v2\/posts\/2407","targetHints":{"allow":["GET"]}}],"collection":[{"href":"https:\/\/torredonjimenoactualidad.com\/index.php\/wp-json\/wp\/v2\/posts"}],"about":[{"href":"https:\/\/torredonjimenoactualidad.com\/index.php\/wp-json\/wp\/v2\/types\/post"}],"author":[{"embeddable":true,"href":"https:\/\/torredonjimenoactualidad.com\/index.php\/wp-json\/wp\/v2\/users\/1"}],"replies":[{"embeddable":true,"href":"https:\/\/torredonjimenoactualidad.com\/index.php\/wp-json\/wp\/v2\/comments?post=2407"}],"version-history":[{"count":1,"href":"https:\/\/torredonjimenoactualidad.com\/index.php\/wp-json\/wp\/v2\/posts\/2407\/revisions"}],"predecessor-version":[{"id":2409,"href":"https:\/\/torredonjimenoactualidad.com\/index.php\/wp-json\/wp\/v2\/posts\/2407\/revisions\/2409"}],"wp:featuredmedia":[{"embeddable":true,"href":"https:\/\/torredonjimenoactualidad.com\/index.php\/wp-json\/wp\/v2\/media\/2408"}],"wp:attachment":[{"href":"https:\/\/torredonjimenoactualidad.com\/index.php\/wp-json\/wp\/v2\/media?parent=2407"}],"wp:term":[{"taxonomy":"category","embeddable":true,"href":"https:\/\/torredonjimenoactualidad.com\/index.php\/wp-json\/wp\/v2\/categories?post=2407"},{"taxonomy":"post_tag","embeddable":true,"href":"https:\/\/torredonjimenoactualidad.com\/index.php\/wp-json\/wp\/v2\/tags?post=2407"}],"curies":[{"name":"wp","href":"https:\/\/api.w.org\/{rel}","templated":true}]}}