{"id":2347,"date":"2024-09-11T15:03:26","date_gmt":"2024-09-11T15:03:26","guid":{"rendered":"https:\/\/torredonjimenoactualidad.com\/?p=2347"},"modified":"2024-09-11T15:03:27","modified_gmt":"2024-09-11T15:03:27","slug":"el-cross-del-aceite-de-torredonjimeno-se-celebrara-el-20-de-octubre-en-los-terrenos-de-holcim","status":"publish","type":"post","link":"https:\/\/torredonjimenoactualidad.com\/index.php\/2024\/09\/11\/el-cross-del-aceite-de-torredonjimeno-se-celebrara-el-20-de-octubre-en-los-terrenos-de-holcim\/","title":{"rendered":"El Cross del Aceite de Torredonjimeno se celebrar\u00e1 el 20 de octubre en los terrenos de Holcim"},"content":{"rendered":"\n<p>La 39\u00aa edici\u00f3n del <strong>Cross del Aceite de Torredonjimeno<\/strong> tendr\u00e1 lugar el pr\u00f3ximo <strong>20 de octubre<\/strong>. Este a\u00f1o, la carrera se celebrar\u00e1 en una nueva ubicaci\u00f3n, los terrenos de la antigua cementera de <strong>Holcim<\/strong>, donde el Ayuntamiento se est\u00e1 llevando a cabo estos d\u00edas los trabajos previos para adecuar el espacio con el fin de desarrollar esta importante prueba deportiva.<\/p>\n\n\n\n<p>La competici\u00f3n, incluida en el <a href=\"https:\/\/www.dipujaen.es\/export\/sites\/default\/galerias\/galeriaDescargas\/diputacion\/dipujaen\/cultura-deportes\/deportes\/campo-a-traves\/XXVII_campo_a_travxs_2024_-_triptico.pdf\"><strong>XXVII Circuito Provincial de Campo a Trav\u00e9s<\/strong> <\/a>para la temporada 2024-2025, est\u00e1 organizada por el \u00e1rea de Deportes del Consistorio tosiriano con la colaboraci\u00f3n de la <strong>Diputaci\u00f3n Provincial de Ja\u00e9n<\/strong>.<\/p>\n\n\n\n<p>Los interesados en participar el <strong>Circuito Provincial de Campo a Trav\u00e9s<\/strong> podr\u00e1n inscribirse hasta el <strong>20 de septiembre a las 14:00 horas<\/strong>. Desde la Diputaci\u00f3n se ha informado que el plazo de inscripciones para el circuito ya est\u00e1 abierto a trav\u00e9s del portal web de la Diputaci\u00f3n. Las tarifas de inscripci\u00f3n son de 5 euros para atletas federados y 7 euros para quienes no lo est\u00e9n.<\/p>\n\n\n\n<p>La recogida de dorsales ser\u00e1 de car\u00e1cter personal, siendo obligatorio presentar el DNI o un documento equivalente. Los clubes deportivos que deseen retirar los dorsales de sus miembros deber\u00e1n designar a un representante autorizado, cuyo nombre ser\u00e1 comunicado previamente al Servicio de Deportes.<\/p>\n\n\n\n<p><\/p>\n\n\n\n<p><\/p>\n\n\n\n<p><\/p>\n\n\n\n<p><\/p>\n\n\n\n<p>L<\/p>\n\n\n\n<p> <\/p>\n\n\n\n<p><\/p>\n\n\n\n<p><\/p>\n","protected":false},"excerpt":{"rendered":"<p>La 39\u00aa edici\u00f3n del Cross del Aceite de Torredonjimeno tendr\u00e1 lugar el pr\u00f3ximo 20 de octubre. Este a\u00f1o, la carrera se celebrar\u00e1 en una nueva ubicaci\u00f3n, los terrenos de la antigua cementera de Holcim, donde el Ayuntamiento se est\u00e1 llevando a cabo estos d\u00edas los trabajos previos para adecuar el espacio con el fin de &hellip;<\/p>\n<p class=\"read-more\"> <a class=\"\" href=\"https:\/\/torredonjimenoactualidad.com\/index.php\/2024\/09\/11\/el-cross-del-aceite-de-torredonjimeno-se-celebrara-el-20-de-octubre-en-los-terrenos-de-holcim\/\"> <span class=\"screen-reader-text\">El Cross del Aceite de Torredonjimeno se celebrar\u00e1 el 20 de octubre en los terrenos de Holcim<\/span> Leer m\u00e1s &raquo;<\/a><\/p>\n","protected":false},"author":2,"featured_media":2348,"comment_status":"closed","ping_status":"open","sticky":false,"template":"","format":"standard","meta":{"site-sidebar-layout":"default","site-content-layout":"default","ast-global-header-display":"","ast-main-header-display":"","ast-hfb-above-header-display":"","ast-hfb-below-header-display":"","ast-hfb-mobile-header-display":"","site-post-title":"","ast-breadcrumbs-content":"","ast-featured-img":"","footer-sml-layout":"","theme-transparent-header-meta":"","adv-header-id-meta":"","stick-header-meta":"","header-above-stick-meta":"","header-main-stick-meta":"","header-below-stick-meta":"","footnotes":""},"categories":[9],"tags":[],"class_list":["post-2347","post","type-post","status-publish","format-standard","has-post-thumbnail","hentry","category-deportes"],"yoast_head":"<!-- This site is optimized with the Yoast SEO plugin v20.8 - https:\/\/yoast.com\/wordpress\/plugins\/seo\/ -->\n<title>El Cross del Aceite de Torredonjimeno se celebrar\u00e1 el 20 de octubre en los terrenos de Holcim - Torredonjimeno Actualidad<\/title>\n<meta name=\"robots\" content=\"index, follow, max-snippet:-1, max-image-preview:large, max-video-preview:-1\" \/>\n<link rel=\"canonical\" href=\"https:\/\/torredonjimenoactualidad.com\/index.php\/2024\/09\/11\/el-cross-del-aceite-de-torredonjimeno-se-celebrara-el-20-de-octubre-en-los-terrenos-de-holcim\/\" \/>\n<meta property=\"og:locale\" content=\"es_ES\" \/>\n<meta property=\"og:type\" content=\"article\" \/>\n<meta property=\"og:title\" content=\"El Cross del Aceite de Torredonjimeno se celebrar\u00e1 el 20 de octubre en los terrenos de Holcim - Torredonjimeno Actualidad\" \/>\n<meta property=\"og:description\" content=\"La 39\u00aa edici\u00f3n del Cross del Aceite de Torredonjimeno tendr\u00e1 lugar el pr\u00f3ximo 20 de octubre. Este a\u00f1o, la carrera se celebrar\u00e1 en una nueva ubicaci\u00f3n, los terrenos de la antigua cementera de Holcim, donde el Ayuntamiento se est\u00e1 llevando a cabo estos d\u00edas los trabajos previos para adecuar el espacio con el fin de &hellip; El Cross del Aceite de Torredonjimeno se celebrar\u00e1 el 20 de octubre en los terrenos de Holcim Leer m\u00e1s &raquo;\" \/>\n<meta property=\"og:url\" content=\"https:\/\/torredonjimenoactualidad.com\/index.php\/2024\/09\/11\/el-cross-del-aceite-de-torredonjimeno-se-celebrara-el-20-de-octubre-en-los-terrenos-de-holcim\/\" \/>\n<meta property=\"og:site_name\" content=\"Torredonjimeno Actualidad\" \/>\n<meta property=\"article:published_time\" content=\"2024-09-11T15:03:26+00:00\" \/>\n<meta property=\"article:modified_time\" content=\"2024-09-11T15:03:27+00:00\" \/>\n<meta property=\"og:image\" content=\"https:\/\/torredonjimenoactualidad.com\/wp-content\/uploads\/2024\/09\/394429800_1081243466532589_8307605128639402961_n.jpg\" \/>\n\t<meta property=\"og:image:width\" content=\"1502\" \/>\n\t<meta property=\"og:image:height\" content=\"859\" \/>\n\t<meta property=\"og:image:type\" content=\"image\/jpeg\" \/>\n<meta name=\"author\" content=\"Alba Mar\u00eda Torres\" \/>\n<meta name=\"twitter:card\" content=\"summary_large_image\" \/>\n<meta name=\"twitter:label1\" content=\"Escrito por\" \/>\n\t<meta name=\"twitter:data1\" content=\"Alba Mar\u00eda Torres\" \/>\n\t<meta name=\"twitter:label2\" content=\"Tiempo de lectura\" \/>\n\t<meta name=\"twitter:data2\" content=\"1 minuto\" \/>\n<script type=\"application\/ld+json\" class=\"yoast-schema-graph\">{\"@context\":\"https:\/\/schema.org\",\"@graph\":[{\"@type\":\"Article\",\"@id\":\"https:\/\/torredonjimenoactualidad.com\/index.php\/2024\/09\/11\/el-cross-del-aceite-de-torredonjimeno-se-celebrara-el-20-de-octubre-en-los-terrenos-de-holcim\/#article\",\"isPartOf\":{\"@id\":\"https:\/\/torredonjimenoactualidad.com\/index.php\/2024\/09\/11\/el-cross-del-aceite-de-torredonjimeno-se-celebrara-el-20-de-octubre-en-los-terrenos-de-holcim\/\"},\"author\":{\"name\":\"Alba Mar\u00eda Torres\",\"@id\":\"https:\/\/torredonjimenoactualidad.com\/#\/schema\/person\/84de5f233e783ef2c75151a532b54977\"},\"headline\":\"El Cross del Aceite de Torredonjimeno se celebrar\u00e1 el 20 de octubre en los terrenos de Holcim\",\"datePublished\":\"2024-09-11T15:03:26+00:00\",\"dateModified\":\"2024-09-11T15:03:27+00:00\",\"mainEntityOfPage\":{\"@id\":\"https:\/\/torredonjimenoactualidad.com\/index.php\/2024\/09\/11\/el-cross-del-aceite-de-torredonjimeno-se-celebrara-el-20-de-octubre-en-los-terrenos-de-holcim\/\"},\"wordCount\":234,\"publisher\":{\"@id\":\"https:\/\/torredonjimenoactualidad.com\/#organization\"},\"articleSection\":[\"deportes\"],\"inLanguage\":\"es\"},{\"@type\":\"WebPage\",\"@id\":\"https:\/\/torredonjimenoactualidad.com\/index.php\/2024\/09\/11\/el-cross-del-aceite-de-torredonjimeno-se-celebrara-el-20-de-octubre-en-los-terrenos-de-holcim\/\",\"url\":\"https:\/\/torredonjimenoactualidad.com\/index.php\/2024\/09\/11\/el-cross-del-aceite-de-torredonjimeno-se-celebrara-el-20-de-octubre-en-los-terrenos-de-holcim\/\",\"name\":\"El Cross del Aceite de Torredonjimeno se celebrar\u00e1 el 20 de octubre en los terrenos de Holcim - Torredonjimeno Actualidad\",\"isPartOf\":{\"@id\":\"https:\/\/torredonjimenoactualidad.com\/#website\"},\"datePublished\":\"2024-09-11T15:03:26+00:00\",\"dateModified\":\"2024-09-11T15:03:27+00:00\",\"breadcrumb\":{\"@id\":\"https:\/\/torredonjimenoactualidad.com\/index.php\/2024\/09\/11\/el-cross-del-aceite-de-torredonjimeno-se-celebrara-el-20-de-octubre-en-los-terrenos-de-holcim\/#breadcrumb\"},\"inLanguage\":\"es\",\"potentialAction\":[{\"@type\":\"ReadAction\",\"target\":[\"https:\/\/torredonjimenoactualidad.com\/index.php\/2024\/09\/11\/el-cross-del-aceite-de-torredonjimeno-se-celebrara-el-20-de-octubre-en-los-terrenos-de-holcim\/\"]}]},{\"@type\":\"BreadcrumbList\",\"@id\":\"https:\/\/torredonjimenoactualidad.com\/index.php\/2024\/09\/11\/el-cross-del-aceite-de-torredonjimeno-se-celebrara-el-20-de-octubre-en-los-terrenos-de-holcim\/#breadcrumb\",\"itemListElement\":[{\"@type\":\"ListItem\",\"position\":1,\"name\":\"Portada\",\"item\":\"https:\/\/torredonjimenoactualidad.com\/\"},{\"@type\":\"ListItem\",\"position\":2,\"name\":\"El Cross del Aceite de Torredonjimeno se celebrar\u00e1 el 20 de octubre en los terrenos de Holcim\"}]},{\"@type\":\"WebSite\",\"@id\":\"https:\/\/torredonjimenoactualidad.com\/#website\",\"url\":\"https:\/\/torredonjimenoactualidad.com\/\",\"name\":\"Torredonjimeno Actualidad\",\"description\":\"\",\"publisher\":{\"@id\":\"https:\/\/torredonjimenoactualidad.com\/#organization\"},\"potentialAction\":[{\"@type\":\"SearchAction\",\"target\":{\"@type\":\"EntryPoint\",\"urlTemplate\":\"https:\/\/torredonjimenoactualidad.com\/?s={search_term_string}\"},\"query-input\":\"required name=search_term_string\"}],\"inLanguage\":\"es\"},{\"@type\":\"Organization\",\"@id\":\"https:\/\/torredonjimenoactualidad.com\/#organization\",\"name\":\"Torredonjimeno Actualidad\",\"url\":\"https:\/\/torredonjimenoactualidad.com\/\",\"logo\":{\"@type\":\"ImageObject\",\"inLanguage\":\"es\",\"@id\":\"https:\/\/torredonjimenoactualidad.com\/#\/schema\/logo\/image\/\",\"url\":\"https:\/\/torredonjimenoactualidad.com\/wp-content\/uploads\/2023\/02\/logo-torredonjimeno-544x180-1.png\",\"contentUrl\":\"https:\/\/torredonjimenoactualidad.com\/wp-content\/uploads\/2023\/02\/logo-torredonjimeno-544x180-1.png\",\"width\":545,\"height\":112,\"caption\":\"Torredonjimeno Actualidad\"},\"image\":{\"@id\":\"https:\/\/torredonjimenoactualidad.com\/#\/schema\/logo\/image\/\"}},{\"@type\":\"Person\",\"@id\":\"https:\/\/torredonjimenoactualidad.com\/#\/schema\/person\/84de5f233e783ef2c75151a532b54977\",\"name\":\"Alba Mar\u00eda Torres\",\"image\":{\"@type\":\"ImageObject\",\"inLanguage\":\"es\",\"@id\":\"https:\/\/torredonjimenoactualidad.com\/#\/schema\/person\/image\/\",\"url\":\"https:\/\/secure.gravatar.com\/avatar\/f9371f188c71501b4475a9ba2a71595850ec72967f800a2ed8e3e2102859ed65?s=96&d=mm&r=g\",\"contentUrl\":\"https:\/\/secure.gravatar.com\/avatar\/f9371f188c71501b4475a9ba2a71595850ec72967f800a2ed8e3e2102859ed65?s=96&d=mm&r=g\",\"caption\":\"Alba Mar\u00eda Torres\"},\"url\":\"https:\/\/torredonjimenoactualidad.com\/index.php\/author\/alba-torres\/\"}]}<\/script>\n<!-- \/ Yoast SEO plugin. -->","yoast_head_json":{"title":"El Cross del Aceite de Torredonjimeno se celebrar\u00e1 el 20 de octubre en los terrenos de Holcim - Torredonjimeno Actualidad","robots":{"index":"index","follow":"follow","max-snippet":"max-snippet:-1","max-image-preview":"max-image-preview:large","max-video-preview":"max-video-preview:-1"},"canonical":"https:\/\/torredonjimenoactualidad.com\/index.php\/2024\/09\/11\/el-cross-del-aceite-de-torredonjimeno-se-celebrara-el-20-de-octubre-en-los-terrenos-de-holcim\/","og_locale":"es_ES","og_type":"article","og_title":"El Cross del Aceite de Torredonjimeno se celebrar\u00e1 el 20 de octubre en los terrenos de Holcim - Torredonjimeno Actualidad","og_description":"La 39\u00aa edici\u00f3n del Cross del Aceite de Torredonjimeno tendr\u00e1 lugar el pr\u00f3ximo 20 de octubre. Este a\u00f1o, la carrera se celebrar\u00e1 en una nueva ubicaci\u00f3n, los terrenos de la antigua cementera de Holcim, donde el Ayuntamiento se est\u00e1 llevando a cabo estos d\u00edas los trabajos previos para adecuar el espacio con el fin de &hellip; El Cross del Aceite de Torredonjimeno se celebrar\u00e1 el 20 de octubre en los terrenos de Holcim Leer m\u00e1s &raquo;","og_url":"https:\/\/torredonjimenoactualidad.com\/index.php\/2024\/09\/11\/el-cross-del-aceite-de-torredonjimeno-se-celebrara-el-20-de-octubre-en-los-terrenos-de-holcim\/","og_site_name":"Torredonjimeno Actualidad","article_published_time":"2024-09-11T15:03:26+00:00","article_modified_time":"2024-09-11T15:03:27+00:00","og_image":[{"width":1502,"height":859,"url":"https:\/\/torredonjimenoactualidad.com\/wp-content\/uploads\/2024\/09\/394429800_1081243466532589_8307605128639402961_n.jpg","type":"image\/jpeg"}],"author":"Alba Mar\u00eda Torres","twitter_card":"summary_large_image","twitter_misc":{"Escrito por":"Alba Mar\u00eda Torres","Tiempo de lectura":"1 minuto"},"schema":{"@context":"https:\/\/schema.org","@graph":[{"@type":"Article","@id":"https:\/\/torredonjimenoactualidad.com\/index.php\/2024\/09\/11\/el-cross-del-aceite-de-torredonjimeno-se-celebrara-el-20-de-octubre-en-los-terrenos-de-holcim\/#article","isPartOf":{"@id":"https:\/\/torredonjimenoactualidad.com\/index.php\/2024\/09\/11\/el-cross-del-aceite-de-torredonjimeno-se-celebrara-el-20-de-octubre-en-los-terrenos-de-holcim\/"},"author":{"name":"Alba Mar\u00eda Torres","@id":"https:\/\/torredonjimenoactualidad.com\/#\/schema\/person\/84de5f233e783ef2c75151a532b54977"},"headline":"El Cross del Aceite de Torredonjimeno se celebrar\u00e1 el 20 de octubre en los terrenos de Holcim","datePublished":"2024-09-11T15:03:26+00:00","dateModified":"2024-09-11T15:03:27+00:00","mainEntityOfPage":{"@id":"https:\/\/torredonjimenoactualidad.com\/index.php\/2024\/09\/11\/el-cross-del-aceite-de-torredonjimeno-se-celebrara-el-20-de-octubre-en-los-terrenos-de-holcim\/"},"wordCount":234,"publisher":{"@id":"https:\/\/torredonjimenoactualidad.com\/#organization"},"articleSection":["deportes"],"inLanguage":"es"},{"@type":"WebPage","@id":"https:\/\/torredonjimenoactualidad.com\/index.php\/2024\/09\/11\/el-cross-del-aceite-de-torredonjimeno-se-celebrara-el-20-de-octubre-en-los-terrenos-de-holcim\/","url":"https:\/\/torredonjimenoactualidad.com\/index.php\/2024\/09\/11\/el-cross-del-aceite-de-torredonjimeno-se-celebrara-el-20-de-octubre-en-los-terrenos-de-holcim\/","name":"El Cross del Aceite de Torredonjimeno se celebrar\u00e1 el 20 de octubre en los terrenos de Holcim - Torredonjimeno Actualidad","isPartOf":{"@id":"https:\/\/torredonjimenoactualidad.com\/#website"},"datePublished":"2024-09-11T15:03:26+00:00","dateModified":"2024-09-11T15:03:27+00:00","breadcrumb":{"@id":"https:\/\/torredonjimenoactualidad.com\/index.php\/2024\/09\/11\/el-cross-del-aceite-de-torredonjimeno-se-celebrara-el-20-de-octubre-en-los-terrenos-de-holcim\/#breadcrumb"},"inLanguage":"es","potentialAction":[{"@type":"ReadAction","target":["https:\/\/torredonjimenoactualidad.com\/index.php\/2024\/09\/11\/el-cross-del-aceite-de-torredonjimeno-se-celebrara-el-20-de-octubre-en-los-terrenos-de-holcim\/"]}]},{"@type":"BreadcrumbList","@id":"https:\/\/torredonjimenoactualidad.com\/index.php\/2024\/09\/11\/el-cross-del-aceite-de-torredonjimeno-se-celebrara-el-20-de-octubre-en-los-terrenos-de-holcim\/#breadcrumb","itemListElement":[{"@type":"ListItem","position":1,"name":"Portada","item":"https:\/\/torredonjimenoactualidad.com\/"},{"@type":"ListItem","position":2,"name":"El Cross del Aceite de Torredonjimeno se celebrar\u00e1 el 20 de octubre en los terrenos de Holcim"}]},{"@type":"WebSite","@id":"https:\/\/torredonjimenoactualidad.com\/#website","url":"https:\/\/torredonjimenoactualidad.com\/","name":"Torredonjimeno Actualidad","description":"","publisher":{"@id":"https:\/\/torredonjimenoactualidad.com\/#organization"},"potentialAction":[{"@type":"SearchAction","target":{"@type":"EntryPoint","urlTemplate":"https:\/\/torredonjimenoactualidad.com\/?s={search_term_string}"},"query-input":"required name=search_term_string"}],"inLanguage":"es"},{"@type":"Organization","@id":"https:\/\/torredonjimenoactualidad.com\/#organization","name":"Torredonjimeno Actualidad","url":"https:\/\/torredonjimenoactualidad.com\/","logo":{"@type":"ImageObject","inLanguage":"es","@id":"https:\/\/torredonjimenoactualidad.com\/#\/schema\/logo\/image\/","url":"https:\/\/torredonjimenoactualidad.com\/wp-content\/uploads\/2023\/02\/logo-torredonjimeno-544x180-1.png","contentUrl":"https:\/\/torredonjimenoactualidad.com\/wp-content\/uploads\/2023\/02\/logo-torredonjimeno-544x180-1.png","width":545,"height":112,"caption":"Torredonjimeno Actualidad"},"image":{"@id":"https:\/\/torredonjimenoactualidad.com\/#\/schema\/logo\/image\/"}},{"@type":"Person","@id":"https:\/\/torredonjimenoactualidad.com\/#\/schema\/person\/84de5f233e783ef2c75151a532b54977","name":"Alba Mar\u00eda Torres","image":{"@type":"ImageObject","inLanguage":"es","@id":"https:\/\/torredonjimenoactualidad.com\/#\/schema\/person\/image\/","url":"https:\/\/secure.gravatar.com\/avatar\/f9371f188c71501b4475a9ba2a71595850ec72967f800a2ed8e3e2102859ed65?s=96&d=mm&r=g","contentUrl":"https:\/\/secure.gravatar.com\/avatar\/f9371f188c71501b4475a9ba2a71595850ec72967f800a2ed8e3e2102859ed65?s=96&d=mm&r=g","caption":"Alba Mar\u00eda Torres"},"url":"https:\/\/torredonjimenoactualidad.com\/index.php\/author\/alba-torres\/"}]}},"_links":{"self":[{"href":"https:\/\/torredonjimenoactualidad.com\/index.php\/wp-json\/wp\/v2\/posts\/2347","targetHints":{"allow":["GET"]}}],"collection":[{"href":"https:\/\/torredonjimenoactualidad.com\/index.php\/wp-json\/wp\/v2\/posts"}],"about":[{"href":"https:\/\/torredonjimenoactualidad.com\/index.php\/wp-json\/wp\/v2\/types\/post"}],"author":[{"embeddable":true,"href":"https:\/\/torredonjimenoactualidad.com\/index.php\/wp-json\/wp\/v2\/users\/2"}],"replies":[{"embeddable":true,"href":"https:\/\/torredonjimenoactualidad.com\/index.php\/wp-json\/wp\/v2\/comments?post=2347"}],"version-history":[{"count":1,"href":"https:\/\/torredonjimenoactualidad.com\/index.php\/wp-json\/wp\/v2\/posts\/2347\/revisions"}],"predecessor-version":[{"id":2349,"href":"https:\/\/torredonjimenoactualidad.com\/index.php\/wp-json\/wp\/v2\/posts\/2347\/revisions\/2349"}],"wp:featuredmedia":[{"embeddable":true,"href":"https:\/\/torredonjimenoactualidad.com\/index.php\/wp-json\/wp\/v2\/media\/2348"}],"wp:attachment":[{"href":"https:\/\/torredonjimenoactualidad.com\/index.php\/wp-json\/wp\/v2\/media?parent=2347"}],"wp:term":[{"taxonomy":"category","embeddable":true,"href":"https:\/\/torredonjimenoactualidad.com\/index.php\/wp-json\/wp\/v2\/categories?post=2347"},{"taxonomy":"post_tag","embeddable":true,"href":"https:\/\/torredonjimenoactualidad.com\/index.php\/wp-json\/wp\/v2\/tags?post=2347"}],"curies":[{"name":"wp","href":"https:\/\/api.w.org\/{rel}","templated":true}]}}