{"id":2344,"date":"2024-09-11T14:22:42","date_gmt":"2024-09-11T14:22:42","guid":{"rendered":"https:\/\/torredonjimenoactualidad.com\/?p=2344"},"modified":"2024-09-11T14:23:23","modified_gmt":"2024-09-11T14:23:23","slug":"el-rector-de-la-uja-valora-la-buena-matriculacion-en-este-curso-con-unos-3-200-estudiantes-de-nuevo-ingreso","status":"publish","type":"post","link":"https:\/\/torredonjimenoactualidad.com\/index.php\/2024\/09\/11\/el-rector-de-la-uja-valora-la-buena-matriculacion-en-este-curso-con-unos-3-200-estudiantes-de-nuevo-ingreso\/","title":{"rendered":"El rector de la UJA valora la \u00abbuena matriculaci\u00f3n\u00bb en este curso, con unos 3.200 estudiantes de nuevo ingreso"},"content":{"rendered":"\n<p>El rector de la Universidad de Ja\u00e9n (UJA), Nicol\u00e1s Ruiz, ha se\u00f1alado este mi\u00e9rcoles que la matriculaci\u00f3n para el curso 2024-2025 \u00abest\u00e1 siendo muy buena\u00bb y ya se ha registrado la de cerca de 3.200 estudiantes de nuevo ingreso.<\/p>\n\n\n\n<p>\u00abEl proceso de matriculaci\u00f3n todav\u00eda no ha terminado. S\u00ed es cierto que va muy avanzado, quedan, como todos los a\u00f1os, las resultas, pero ah\u00ed ya se producen peque\u00f1as variaciones\u00bb, ha afirmado a preguntas de los periodistas.<\/p>\n\n\n\n<p>Seg\u00fan ha precisado, con los datos que \u00abactualizados a d\u00eda de hoy\u00bb, se puede hablar de una matriculaci\u00f3n \u00abmuy buena\u00bb. \u00abEl a\u00f1o pasado tuvimos una matr\u00edcula de 3.050 estudiantes de nuevo ingreso. Ahora mismo ya estamos en pr\u00e1cticamente los 3.200, probablemente superemos los 3.200. Estamos hablando de un incremento al menos de 150 estudiantes\u00bb, ha dicho.<\/p>\n\n\n\n<p>Con respecto a titulaciones, ha apuntado que las \u00abcl\u00e1sicas\u00bb que suelen tener mucha demanda \u00abya han cubierto la oferta\u00bb, y otras que en el pasado han tenido \u00abproblemas\u00bb para ocuparla, \u00abla mayor\u00eda est\u00e1n a punto de cubrir esa oferta\u00bb. En este sentido, ha a\u00f1adido que \u00ablo m\u00e1s normal es que sean muy pocas las titulaciones en donde la oferta no se cubre\u00bb.<\/p>\n\n\n\n<p>\u00abEs un motivo de satisfacci\u00f3n el ver c\u00f3mo esa l\u00ednea descendente que hemos podido comprobar en los \u00faltimos a\u00f1os, el a\u00f1o pasado ya se cort\u00f3, ya llegamos a una situaci\u00f3n de estabilizaci\u00f3n, y ya este curso empezamos a incrementar de nuevo el n\u00famero de matriculaci\u00f3n\u00bb, ha comentado Ruiz.<\/p>\n\n\n\n<p>Y ello, seg\u00fan ha precisado, en un curso donde la UJA mantiene \u00ablos mismos t\u00edtulos\u00bb y con la previsi\u00f3n de poner en marcha en el pr\u00f3ximo \u00abnuevos t\u00edtulos muy atractivos en Linares y en Ja\u00e9n\u00bb. Algo que, \u00abcon toda seguridad, va a llevar a un incremento importante en el n\u00famero de estudiantes\u00bb.<\/p>\n\n\n\n<p>Como ejemplo, el rector ha aludido al Grado en Inteligencia Artificial y Ciberseguridad, que \u00abva a tener una demanda brutal\u00bb, y a los de Ingenier\u00eda Biom\u00e9dica e Ingenier\u00eda de las Energ\u00edas, en los que se espera tambi\u00e9n una destacada demanda.<\/p>\n\n\n\n<p>\u00abPara el a\u00f1o pr\u00f3ximo, es previsible que nos situaremos en cifras ya m\u00e1s cercanas, no a los 3.200 y pico, sino incluso a los 3.500. Con lo cual, estamos satisfechos, estamos contentos. No obstante, tenemos que esperar este periodo de resultas que terminar\u00e1 a final del mes de septiembre, principios de octubre\u00bb, ha concluido.<\/p>\n","protected":false},"excerpt":{"rendered":"<p>El rector de la Universidad de Ja\u00e9n (UJA), Nicol\u00e1s Ruiz, ha se\u00f1alado este mi\u00e9rcoles que la matriculaci\u00f3n para el curso 2024-2025 \u00abest\u00e1 siendo muy buena\u00bb y ya se ha registrado la de cerca de 3.200 estudiantes de nuevo ingreso. \u00abEl proceso de matriculaci\u00f3n todav\u00eda no ha terminado. S\u00ed es cierto que va muy avanzado, quedan, &hellip;<\/p>\n<p class=\"read-more\"> <a class=\"\" href=\"https:\/\/torredonjimenoactualidad.com\/index.php\/2024\/09\/11\/el-rector-de-la-uja-valora-la-buena-matriculacion-en-este-curso-con-unos-3-200-estudiantes-de-nuevo-ingreso\/\"> <span class=\"screen-reader-text\">El rector de la UJA valora la \u00abbuena matriculaci\u00f3n\u00bb en este curso, con unos 3.200 estudiantes de nuevo ingreso<\/span> Leer m\u00e1s &raquo;<\/a><\/p>\n","protected":false},"author":3,"featured_media":2345,"comment_status":"closed","ping_status":"open","sticky":false,"template":"","format":"standard","meta":{"site-sidebar-layout":"default","site-content-layout":"default","ast-global-header-display":"","ast-main-header-display":"","ast-hfb-above-header-display":"","ast-hfb-below-header-display":"","ast-hfb-mobile-header-display":"","site-post-title":"","ast-breadcrumbs-content":"","ast-featured-img":"","footer-sml-layout":"","theme-transparent-header-meta":"","adv-header-id-meta":"","stick-header-meta":"","header-above-stick-meta":"","header-main-stick-meta":"","header-below-stick-meta":"","footnotes":""},"categories":[8],"tags":[],"class_list":["post-2344","post","type-post","status-publish","format-standard","has-post-thumbnail","hentry","category-provincia"],"yoast_head":"<!-- This site is optimized with the Yoast SEO plugin v20.8 - https:\/\/yoast.com\/wordpress\/plugins\/seo\/ -->\n<title>El rector de la UJA valora la &quot;buena matriculaci\u00f3n&quot; en este curso, con unos 3.200 estudiantes de nuevo ingreso - Torredonjimeno Actualidad<\/title>\n<meta name=\"robots\" content=\"index, follow, max-snippet:-1, max-image-preview:large, max-video-preview:-1\" \/>\n<link rel=\"canonical\" href=\"https:\/\/torredonjimenoactualidad.com\/index.php\/2024\/09\/11\/el-rector-de-la-uja-valora-la-buena-matriculacion-en-este-curso-con-unos-3-200-estudiantes-de-nuevo-ingreso\/\" \/>\n<meta property=\"og:locale\" content=\"es_ES\" \/>\n<meta property=\"og:type\" content=\"article\" \/>\n<meta property=\"og:title\" content=\"El rector de la UJA valora la &quot;buena matriculaci\u00f3n&quot; en este curso, con unos 3.200 estudiantes de nuevo ingreso - Torredonjimeno Actualidad\" \/>\n<meta property=\"og:description\" content=\"El rector de la Universidad de Ja\u00e9n (UJA), Nicol\u00e1s Ruiz, ha se\u00f1alado este mi\u00e9rcoles que la matriculaci\u00f3n para el curso 2024-2025 \u00abest\u00e1 siendo muy buena\u00bb y ya se ha registrado la de cerca de 3.200 estudiantes de nuevo ingreso. \u00abEl proceso de matriculaci\u00f3n todav\u00eda no ha terminado. S\u00ed es cierto que va muy avanzado, quedan, &hellip; El rector de la UJA valora la \u00abbuena matriculaci\u00f3n\u00bb en este curso, con unos 3.200 estudiantes de nuevo ingreso Leer m\u00e1s &raquo;\" \/>\n<meta property=\"og:url\" content=\"https:\/\/torredonjimenoactualidad.com\/index.php\/2024\/09\/11\/el-rector-de-la-uja-valora-la-buena-matriculacion-en-este-curso-con-unos-3-200-estudiantes-de-nuevo-ingreso\/\" \/>\n<meta property=\"og:site_name\" content=\"Torredonjimeno Actualidad\" \/>\n<meta property=\"article:published_time\" content=\"2024-09-11T14:22:42+00:00\" \/>\n<meta property=\"article:modified_time\" content=\"2024-09-11T14:23:23+00:00\" \/>\n<meta property=\"og:image\" content=\"https:\/\/torredonjimenoactualidad.com\/wp-content\/uploads\/2024\/09\/fotonoticia_20240911124554_1920.jpg\" \/>\n\t<meta property=\"og:image:width\" content=\"1920\" \/>\n\t<meta property=\"og:image:height\" content=\"1097\" \/>\n\t<meta property=\"og:image:type\" content=\"image\/jpeg\" \/>\n<meta name=\"author\" content=\"Redaccion\" \/>\n<meta name=\"twitter:card\" content=\"summary_large_image\" \/>\n<meta name=\"twitter:label1\" content=\"Escrito por\" \/>\n\t<meta name=\"twitter:data1\" content=\"Redaccion\" \/>\n\t<meta name=\"twitter:label2\" content=\"Tiempo de lectura\" \/>\n\t<meta name=\"twitter:data2\" content=\"2 minutos\" \/>\n<script type=\"application\/ld+json\" class=\"yoast-schema-graph\">{\"@context\":\"https:\/\/schema.org\",\"@graph\":[{\"@type\":\"Article\",\"@id\":\"https:\/\/torredonjimenoactualidad.com\/index.php\/2024\/09\/11\/el-rector-de-la-uja-valora-la-buena-matriculacion-en-este-curso-con-unos-3-200-estudiantes-de-nuevo-ingreso\/#article\",\"isPartOf\":{\"@id\":\"https:\/\/torredonjimenoactualidad.com\/index.php\/2024\/09\/11\/el-rector-de-la-uja-valora-la-buena-matriculacion-en-este-curso-con-unos-3-200-estudiantes-de-nuevo-ingreso\/\"},\"author\":{\"name\":\"Redaccion\",\"@id\":\"https:\/\/torredonjimenoactualidad.com\/#\/schema\/person\/11f05803cdf40dbeb7f4fbf2365c9ac5\"},\"headline\":\"El rector de la UJA valora la \u00abbuena matriculaci\u00f3n\u00bb en este curso, con unos 3.200 estudiantes de nuevo ingreso\",\"datePublished\":\"2024-09-11T14:22:42+00:00\",\"dateModified\":\"2024-09-11T14:23:23+00:00\",\"mainEntityOfPage\":{\"@id\":\"https:\/\/torredonjimenoactualidad.com\/index.php\/2024\/09\/11\/el-rector-de-la-uja-valora-la-buena-matriculacion-en-este-curso-con-unos-3-200-estudiantes-de-nuevo-ingreso\/\"},\"wordCount\":443,\"publisher\":{\"@id\":\"https:\/\/torredonjimenoactualidad.com\/#organization\"},\"articleSection\":[\"provincia\"],\"inLanguage\":\"es\"},{\"@type\":\"WebPage\",\"@id\":\"https:\/\/torredonjimenoactualidad.com\/index.php\/2024\/09\/11\/el-rector-de-la-uja-valora-la-buena-matriculacion-en-este-curso-con-unos-3-200-estudiantes-de-nuevo-ingreso\/\",\"url\":\"https:\/\/torredonjimenoactualidad.com\/index.php\/2024\/09\/11\/el-rector-de-la-uja-valora-la-buena-matriculacion-en-este-curso-con-unos-3-200-estudiantes-de-nuevo-ingreso\/\",\"name\":\"El rector de la UJA valora la \\\"buena matriculaci\u00f3n\\\" en este curso, con unos 3.200 estudiantes de nuevo ingreso - Torredonjimeno Actualidad\",\"isPartOf\":{\"@id\":\"https:\/\/torredonjimenoactualidad.com\/#website\"},\"datePublished\":\"2024-09-11T14:22:42+00:00\",\"dateModified\":\"2024-09-11T14:23:23+00:00\",\"breadcrumb\":{\"@id\":\"https:\/\/torredonjimenoactualidad.com\/index.php\/2024\/09\/11\/el-rector-de-la-uja-valora-la-buena-matriculacion-en-este-curso-con-unos-3-200-estudiantes-de-nuevo-ingreso\/#breadcrumb\"},\"inLanguage\":\"es\",\"potentialAction\":[{\"@type\":\"ReadAction\",\"target\":[\"https:\/\/torredonjimenoactualidad.com\/index.php\/2024\/09\/11\/el-rector-de-la-uja-valora-la-buena-matriculacion-en-este-curso-con-unos-3-200-estudiantes-de-nuevo-ingreso\/\"]}]},{\"@type\":\"BreadcrumbList\",\"@id\":\"https:\/\/torredonjimenoactualidad.com\/index.php\/2024\/09\/11\/el-rector-de-la-uja-valora-la-buena-matriculacion-en-este-curso-con-unos-3-200-estudiantes-de-nuevo-ingreso\/#breadcrumb\",\"itemListElement\":[{\"@type\":\"ListItem\",\"position\":1,\"name\":\"Portada\",\"item\":\"https:\/\/torredonjimenoactualidad.com\/\"},{\"@type\":\"ListItem\",\"position\":2,\"name\":\"El rector de la UJA valora la \u00abbuena matriculaci\u00f3n\u00bb en este curso, con unos 3.200 estudiantes de nuevo ingreso\"}]},{\"@type\":\"WebSite\",\"@id\":\"https:\/\/torredonjimenoactualidad.com\/#website\",\"url\":\"https:\/\/torredonjimenoactualidad.com\/\",\"name\":\"Torredonjimeno Actualidad\",\"description\":\"\",\"publisher\":{\"@id\":\"https:\/\/torredonjimenoactualidad.com\/#organization\"},\"potentialAction\":[{\"@type\":\"SearchAction\",\"target\":{\"@type\":\"EntryPoint\",\"urlTemplate\":\"https:\/\/torredonjimenoactualidad.com\/?s={search_term_string}\"},\"query-input\":\"required name=search_term_string\"}],\"inLanguage\":\"es\"},{\"@type\":\"Organization\",\"@id\":\"https:\/\/torredonjimenoactualidad.com\/#organization\",\"name\":\"Torredonjimeno Actualidad\",\"url\":\"https:\/\/torredonjimenoactualidad.com\/\",\"logo\":{\"@type\":\"ImageObject\",\"inLanguage\":\"es\",\"@id\":\"https:\/\/torredonjimenoactualidad.com\/#\/schema\/logo\/image\/\",\"url\":\"https:\/\/torredonjimenoactualidad.com\/wp-content\/uploads\/2023\/02\/logo-torredonjimeno-544x180-1.png\",\"contentUrl\":\"https:\/\/torredonjimenoactualidad.com\/wp-content\/uploads\/2023\/02\/logo-torredonjimeno-544x180-1.png\",\"width\":545,\"height\":112,\"caption\":\"Torredonjimeno Actualidad\"},\"image\":{\"@id\":\"https:\/\/torredonjimenoactualidad.com\/#\/schema\/logo\/image\/\"}},{\"@type\":\"Person\",\"@id\":\"https:\/\/torredonjimenoactualidad.com\/#\/schema\/person\/11f05803cdf40dbeb7f4fbf2365c9ac5\",\"name\":\"Redaccion\",\"image\":{\"@type\":\"ImageObject\",\"inLanguage\":\"es\",\"@id\":\"https:\/\/torredonjimenoactualidad.com\/#\/schema\/person\/image\/\",\"url\":\"https:\/\/secure.gravatar.com\/avatar\/5917bab7eff43e17746fd29b509939469470810b6b989b7cc2f89e3188399bf3?s=96&d=mm&r=g\",\"contentUrl\":\"https:\/\/secure.gravatar.com\/avatar\/5917bab7eff43e17746fd29b509939469470810b6b989b7cc2f89e3188399bf3?s=96&d=mm&r=g\",\"caption\":\"Redaccion\"},\"url\":\"https:\/\/torredonjimenoactualidad.com\/index.php\/author\/jose-bueno\/\"}]}<\/script>\n<!-- \/ Yoast SEO plugin. -->","yoast_head_json":{"title":"El rector de la UJA valora la \"buena matriculaci\u00f3n\" en este curso, con unos 3.200 estudiantes de nuevo ingreso - Torredonjimeno Actualidad","robots":{"index":"index","follow":"follow","max-snippet":"max-snippet:-1","max-image-preview":"max-image-preview:large","max-video-preview":"max-video-preview:-1"},"canonical":"https:\/\/torredonjimenoactualidad.com\/index.php\/2024\/09\/11\/el-rector-de-la-uja-valora-la-buena-matriculacion-en-este-curso-con-unos-3-200-estudiantes-de-nuevo-ingreso\/","og_locale":"es_ES","og_type":"article","og_title":"El rector de la UJA valora la \"buena matriculaci\u00f3n\" en este curso, con unos 3.200 estudiantes de nuevo ingreso - Torredonjimeno Actualidad","og_description":"El rector de la Universidad de Ja\u00e9n (UJA), Nicol\u00e1s Ruiz, ha se\u00f1alado este mi\u00e9rcoles que la matriculaci\u00f3n para el curso 2024-2025 \u00abest\u00e1 siendo muy buena\u00bb y ya se ha registrado la de cerca de 3.200 estudiantes de nuevo ingreso. \u00abEl proceso de matriculaci\u00f3n todav\u00eda no ha terminado. S\u00ed es cierto que va muy avanzado, quedan, &hellip; El rector de la UJA valora la \u00abbuena matriculaci\u00f3n\u00bb en este curso, con unos 3.200 estudiantes de nuevo ingreso Leer m\u00e1s &raquo;","og_url":"https:\/\/torredonjimenoactualidad.com\/index.php\/2024\/09\/11\/el-rector-de-la-uja-valora-la-buena-matriculacion-en-este-curso-con-unos-3-200-estudiantes-de-nuevo-ingreso\/","og_site_name":"Torredonjimeno Actualidad","article_published_time":"2024-09-11T14:22:42+00:00","article_modified_time":"2024-09-11T14:23:23+00:00","og_image":[{"width":1920,"height":1097,"url":"https:\/\/torredonjimenoactualidad.com\/wp-content\/uploads\/2024\/09\/fotonoticia_20240911124554_1920.jpg","type":"image\/jpeg"}],"author":"Redaccion","twitter_card":"summary_large_image","twitter_misc":{"Escrito por":"Redaccion","Tiempo de lectura":"2 minutos"},"schema":{"@context":"https:\/\/schema.org","@graph":[{"@type":"Article","@id":"https:\/\/torredonjimenoactualidad.com\/index.php\/2024\/09\/11\/el-rector-de-la-uja-valora-la-buena-matriculacion-en-este-curso-con-unos-3-200-estudiantes-de-nuevo-ingreso\/#article","isPartOf":{"@id":"https:\/\/torredonjimenoactualidad.com\/index.php\/2024\/09\/11\/el-rector-de-la-uja-valora-la-buena-matriculacion-en-este-curso-con-unos-3-200-estudiantes-de-nuevo-ingreso\/"},"author":{"name":"Redaccion","@id":"https:\/\/torredonjimenoactualidad.com\/#\/schema\/person\/11f05803cdf40dbeb7f4fbf2365c9ac5"},"headline":"El rector de la UJA valora la \u00abbuena matriculaci\u00f3n\u00bb en este curso, con unos 3.200 estudiantes de nuevo ingreso","datePublished":"2024-09-11T14:22:42+00:00","dateModified":"2024-09-11T14:23:23+00:00","mainEntityOfPage":{"@id":"https:\/\/torredonjimenoactualidad.com\/index.php\/2024\/09\/11\/el-rector-de-la-uja-valora-la-buena-matriculacion-en-este-curso-con-unos-3-200-estudiantes-de-nuevo-ingreso\/"},"wordCount":443,"publisher":{"@id":"https:\/\/torredonjimenoactualidad.com\/#organization"},"articleSection":["provincia"],"inLanguage":"es"},{"@type":"WebPage","@id":"https:\/\/torredonjimenoactualidad.com\/index.php\/2024\/09\/11\/el-rector-de-la-uja-valora-la-buena-matriculacion-en-este-curso-con-unos-3-200-estudiantes-de-nuevo-ingreso\/","url":"https:\/\/torredonjimenoactualidad.com\/index.php\/2024\/09\/11\/el-rector-de-la-uja-valora-la-buena-matriculacion-en-este-curso-con-unos-3-200-estudiantes-de-nuevo-ingreso\/","name":"El rector de la UJA valora la \"buena matriculaci\u00f3n\" en este curso, con unos 3.200 estudiantes de nuevo ingreso - Torredonjimeno Actualidad","isPartOf":{"@id":"https:\/\/torredonjimenoactualidad.com\/#website"},"datePublished":"2024-09-11T14:22:42+00:00","dateModified":"2024-09-11T14:23:23+00:00","breadcrumb":{"@id":"https:\/\/torredonjimenoactualidad.com\/index.php\/2024\/09\/11\/el-rector-de-la-uja-valora-la-buena-matriculacion-en-este-curso-con-unos-3-200-estudiantes-de-nuevo-ingreso\/#breadcrumb"},"inLanguage":"es","potentialAction":[{"@type":"ReadAction","target":["https:\/\/torredonjimenoactualidad.com\/index.php\/2024\/09\/11\/el-rector-de-la-uja-valora-la-buena-matriculacion-en-este-curso-con-unos-3-200-estudiantes-de-nuevo-ingreso\/"]}]},{"@type":"BreadcrumbList","@id":"https:\/\/torredonjimenoactualidad.com\/index.php\/2024\/09\/11\/el-rector-de-la-uja-valora-la-buena-matriculacion-en-este-curso-con-unos-3-200-estudiantes-de-nuevo-ingreso\/#breadcrumb","itemListElement":[{"@type":"ListItem","position":1,"name":"Portada","item":"https:\/\/torredonjimenoactualidad.com\/"},{"@type":"ListItem","position":2,"name":"El rector de la UJA valora la \u00abbuena matriculaci\u00f3n\u00bb en este curso, con unos 3.200 estudiantes de nuevo ingreso"}]},{"@type":"WebSite","@id":"https:\/\/torredonjimenoactualidad.com\/#website","url":"https:\/\/torredonjimenoactualidad.com\/","name":"Torredonjimeno Actualidad","description":"","publisher":{"@id":"https:\/\/torredonjimenoactualidad.com\/#organization"},"potentialAction":[{"@type":"SearchAction","target":{"@type":"EntryPoint","urlTemplate":"https:\/\/torredonjimenoactualidad.com\/?s={search_term_string}"},"query-input":"required name=search_term_string"}],"inLanguage":"es"},{"@type":"Organization","@id":"https:\/\/torredonjimenoactualidad.com\/#organization","name":"Torredonjimeno Actualidad","url":"https:\/\/torredonjimenoactualidad.com\/","logo":{"@type":"ImageObject","inLanguage":"es","@id":"https:\/\/torredonjimenoactualidad.com\/#\/schema\/logo\/image\/","url":"https:\/\/torredonjimenoactualidad.com\/wp-content\/uploads\/2023\/02\/logo-torredonjimeno-544x180-1.png","contentUrl":"https:\/\/torredonjimenoactualidad.com\/wp-content\/uploads\/2023\/02\/logo-torredonjimeno-544x180-1.png","width":545,"height":112,"caption":"Torredonjimeno Actualidad"},"image":{"@id":"https:\/\/torredonjimenoactualidad.com\/#\/schema\/logo\/image\/"}},{"@type":"Person","@id":"https:\/\/torredonjimenoactualidad.com\/#\/schema\/person\/11f05803cdf40dbeb7f4fbf2365c9ac5","name":"Redaccion","image":{"@type":"ImageObject","inLanguage":"es","@id":"https:\/\/torredonjimenoactualidad.com\/#\/schema\/person\/image\/","url":"https:\/\/secure.gravatar.com\/avatar\/5917bab7eff43e17746fd29b509939469470810b6b989b7cc2f89e3188399bf3?s=96&d=mm&r=g","contentUrl":"https:\/\/secure.gravatar.com\/avatar\/5917bab7eff43e17746fd29b509939469470810b6b989b7cc2f89e3188399bf3?s=96&d=mm&r=g","caption":"Redaccion"},"url":"https:\/\/torredonjimenoactualidad.com\/index.php\/author\/jose-bueno\/"}]}},"_links":{"self":[{"href":"https:\/\/torredonjimenoactualidad.com\/index.php\/wp-json\/wp\/v2\/posts\/2344","targetHints":{"allow":["GET"]}}],"collection":[{"href":"https:\/\/torredonjimenoactualidad.com\/index.php\/wp-json\/wp\/v2\/posts"}],"about":[{"href":"https:\/\/torredonjimenoactualidad.com\/index.php\/wp-json\/wp\/v2\/types\/post"}],"author":[{"embeddable":true,"href":"https:\/\/torredonjimenoactualidad.com\/index.php\/wp-json\/wp\/v2\/users\/3"}],"replies":[{"embeddable":true,"href":"https:\/\/torredonjimenoactualidad.com\/index.php\/wp-json\/wp\/v2\/comments?post=2344"}],"version-history":[{"count":1,"href":"https:\/\/torredonjimenoactualidad.com\/index.php\/wp-json\/wp\/v2\/posts\/2344\/revisions"}],"predecessor-version":[{"id":2346,"href":"https:\/\/torredonjimenoactualidad.com\/index.php\/wp-json\/wp\/v2\/posts\/2344\/revisions\/2346"}],"wp:featuredmedia":[{"embeddable":true,"href":"https:\/\/torredonjimenoactualidad.com\/index.php\/wp-json\/wp\/v2\/media\/2345"}],"wp:attachment":[{"href":"https:\/\/torredonjimenoactualidad.com\/index.php\/wp-json\/wp\/v2\/media?parent=2344"}],"wp:term":[{"taxonomy":"category","embeddable":true,"href":"https:\/\/torredonjimenoactualidad.com\/index.php\/wp-json\/wp\/v2\/categories?post=2344"},{"taxonomy":"post_tag","embeddable":true,"href":"https:\/\/torredonjimenoactualidad.com\/index.php\/wp-json\/wp\/v2\/tags?post=2344"}],"curies":[{"name":"wp","href":"https:\/\/api.w.org\/{rel}","templated":true}]}}