{"id":2326,"date":"2024-09-10T10:20:20","date_gmt":"2024-09-10T10:20:20","guid":{"rendered":"https:\/\/torredonjimenoactualidad.com\/?p=2326"},"modified":"2024-09-10T15:33:02","modified_gmt":"2024-09-10T15:33:02","slug":"la-junta-lanza-un-mensaje-de-tranquilidad-a-la-ciudadania-tras-detectarse-un-caso-de-virud-del-nilo-en-linares","status":"publish","type":"post","link":"https:\/\/torredonjimenoactualidad.com\/index.php\/2024\/09\/10\/la-junta-lanza-un-mensaje-de-tranquilidad-a-la-ciudadania-tras-detectarse-un-caso-de-virud-del-nilo-en-linares\/","title":{"rendered":"La Junta lanza un mensaje de \u00abtranquilidad\u00bb a la ciudadan\u00eda tras detectarse un caso de virus del Nilo en Linares"},"content":{"rendered":"\n<p>La Junta de Andaluc\u00eda ha lanzado un mensaje de \u00abtranquilidad\u00bb a la ciudadan\u00eda tras la detecci\u00f3n de un caso de virus del Nilo Occidental en Linares, \u00abya que se est\u00e1 trabajando para que no se expanda\u00bb.<\/p>\n\n\n\n<p>As\u00ed lo ha indicado la delegada de Salud y Consumo, Elena Gonz\u00e1lez, despu\u00e9s de que la Direcci\u00f3n General de Salud P\u00fablica y Ordenaci\u00f3n Farmac\u00e9utica de la Consejer\u00eda informara este lunes de un positivo por esta enfermedad en una persona en la citada ciudad jiennense.<\/p>\n\n\n\n<p>Ha a\u00f1adido que seg\u00fan esos estudios epidemiol\u00f3gicos realizados, \u00abla probable fecha de exposici\u00f3n de este caso puede ser de una exposici\u00f3n ocurrida en torno a la primera quincena de agosto\u00bb, seg\u00fan ha explicado Gonz\u00e1lez en un audio remitido a Europa Press.<\/p>\n\n\n\n<p>La Delegaci\u00f3n se puso contacto con el Ayuntamiento de Linares desde que tuvo conocimiento \u00abpara que se previeran las actuaciones de salud p\u00fablica que se deben adoptar por parte de los municipios\u00bb, seg\u00fan el Programa de Vigilancia y Control Integral de Vectores Transmisores de la Fiebre del Nilo Occidental en Andaluc\u00eda, con el objetivo \u00abde reducir de forma relevante todas las probabilidades de transmisi\u00f3n a la poblaci\u00f3n\u00bb.<\/p>\n\n\n\n<p>\u00abNos consta que el Ayuntamiento ha hecho todo lo que se le ha indicado, ese protocolo y el plan. Y, por lo tanto, por parte del Ayuntamiento lo tienen todo bajo control y para ello queremos transmitir a la poblaci\u00f3n esa tranquilidad, ya que se est\u00e1 trabajando para que no se expanda y no tengamos que anunciar nuevas confirmaciones de virus del Nilo\u00bb, ha afirmado.<\/p>\n\n\n\n<p>En todo caso, ha se\u00f1alado la necesidad de que la poblaci\u00f3n mantenga las medidas preventivas para evitar picaduras de mosquitos en las horas de mayor actividad de las especies transmisoras de esta enfermedad, en horas cercanas, al amanecer y posterior al atardecer.<\/p>\n\n\n\n<p>Tambi\u00e9n se ha referido a la utilizaci\u00f3n, a nivel individual, de repelentes registrados de uso t\u00f3pico o llevar ropa clara y que cubra la mayor parte de la piel, as\u00ed como \u00abmedidas dom\u00e9sticas\u00bb, como mosquiteras o repelentes ambientales, \u00abespecialmente para la poblaci\u00f3n vulnerable con inmunidad comprometida\u00bb. A ello ha sumado \u00abevitar las acumulaciones de aguas peridom\u00e9sticas\u00bb, en jardines, macetas o \u00fatiles, \u00abpara evitar que sean usadas para el desarrollo de larvas de mosquitos\u00bb.<\/p>\n\n\n\n<p>As\u00ed las cosas, ha reiterado \u00abesa tranquilidad a la poblaci\u00f3n\u00bb: \u00abTanto el Ayuntamiento de Linares, en este caso, como la Consejer\u00eda de Salud y Consumo, a trav\u00e9s de esta Delegaci\u00f3n Territorial y de la Direcci\u00f3n General de Salud P\u00fablica, estamos trabajando, como se viene haciendo desde el a\u00f1o pasado con otros municipios, como es el de La Carolina, donde el verano pasado y este a\u00f1o ha salido un positivo en un pollo de \u00e1guila imperial\u00bb, ha comentado.<\/p>\n","protected":false},"excerpt":{"rendered":"<p>La Junta de Andaluc\u00eda ha lanzado un mensaje de \u00abtranquilidad\u00bb a la ciudadan\u00eda tras la detecci\u00f3n de un caso de virus del Nilo Occidental en Linares, \u00abya que se est\u00e1 trabajando para que no se expanda\u00bb. As\u00ed lo ha indicado la delegada de Salud y Consumo, Elena Gonz\u00e1lez, despu\u00e9s de que la Direcci\u00f3n General de &hellip;<\/p>\n<p class=\"read-more\"> <a class=\"\" href=\"https:\/\/torredonjimenoactualidad.com\/index.php\/2024\/09\/10\/la-junta-lanza-un-mensaje-de-tranquilidad-a-la-ciudadania-tras-detectarse-un-caso-de-virud-del-nilo-en-linares\/\"> <span class=\"screen-reader-text\">La Junta lanza un mensaje de \u00abtranquilidad\u00bb a la ciudadan\u00eda tras detectarse un caso de virus del Nilo en Linares<\/span> Leer m\u00e1s &raquo;<\/a><\/p>\n","protected":false},"author":3,"featured_media":2327,"comment_status":"closed","ping_status":"open","sticky":false,"template":"","format":"standard","meta":{"site-sidebar-layout":"default","site-content-layout":"default","ast-global-header-display":"","ast-main-header-display":"","ast-hfb-above-header-display":"","ast-hfb-below-header-display":"","ast-hfb-mobile-header-display":"","site-post-title":"","ast-breadcrumbs-content":"","ast-featured-img":"","footer-sml-layout":"","theme-transparent-header-meta":"","adv-header-id-meta":"","stick-header-meta":"","header-above-stick-meta":"","header-main-stick-meta":"","header-below-stick-meta":"","footnotes":""},"categories":[8],"tags":[],"class_list":["post-2326","post","type-post","status-publish","format-standard","has-post-thumbnail","hentry","category-provincia"],"yoast_head":"<!-- This site is optimized with the Yoast SEO plugin v20.8 - https:\/\/yoast.com\/wordpress\/plugins\/seo\/ -->\n<title>La Junta lanza un mensaje de &quot;tranquilidad&quot; a la ciudadan\u00eda tras detectarse un caso de virus del Nilo en Linares - Torredonjimeno Actualidad<\/title>\n<meta name=\"robots\" content=\"index, follow, max-snippet:-1, max-image-preview:large, max-video-preview:-1\" \/>\n<link rel=\"canonical\" href=\"https:\/\/torredonjimenoactualidad.com\/index.php\/2024\/09\/10\/la-junta-lanza-un-mensaje-de-tranquilidad-a-la-ciudadania-tras-detectarse-un-caso-de-virud-del-nilo-en-linares\/\" \/>\n<meta property=\"og:locale\" content=\"es_ES\" \/>\n<meta property=\"og:type\" content=\"article\" \/>\n<meta property=\"og:title\" content=\"La Junta lanza un mensaje de &quot;tranquilidad&quot; a la ciudadan\u00eda tras detectarse un caso de virus del Nilo en Linares - Torredonjimeno Actualidad\" \/>\n<meta property=\"og:description\" content=\"La Junta de Andaluc\u00eda ha lanzado un mensaje de \u00abtranquilidad\u00bb a la ciudadan\u00eda tras la detecci\u00f3n de un caso de virus del Nilo Occidental en Linares, \u00abya que se est\u00e1 trabajando para que no se expanda\u00bb. As\u00ed lo ha indicado la delegada de Salud y Consumo, Elena Gonz\u00e1lez, despu\u00e9s de que la Direcci\u00f3n General de &hellip; La Junta lanza un mensaje de \u00abtranquilidad\u00bb a la ciudadan\u00eda tras detectarse un caso de virus del Nilo en Linares Leer m\u00e1s &raquo;\" \/>\n<meta property=\"og:url\" content=\"https:\/\/torredonjimenoactualidad.com\/index.php\/2024\/09\/10\/la-junta-lanza-un-mensaje-de-tranquilidad-a-la-ciudadania-tras-detectarse-un-caso-de-virud-del-nilo-en-linares\/\" \/>\n<meta property=\"og:site_name\" content=\"Torredonjimeno Actualidad\" \/>\n<meta property=\"article:published_time\" content=\"2024-09-10T10:20:20+00:00\" \/>\n<meta property=\"article:modified_time\" content=\"2024-09-10T15:33:02+00:00\" \/>\n<meta property=\"og:image\" content=\"https:\/\/torredonjimenoactualidad.com\/wp-content\/uploads\/2024\/09\/mosquito-piel_97.jpg.webp\" \/>\n\t<meta property=\"og:image:width\" content=\"1600\" \/>\n\t<meta property=\"og:image:height\" content=\"900\" \/>\n\t<meta property=\"og:image:type\" content=\"image\/webp\" \/>\n<meta name=\"author\" content=\"Redaccion\" \/>\n<meta name=\"twitter:card\" content=\"summary_large_image\" \/>\n<meta name=\"twitter:label1\" content=\"Escrito por\" \/>\n\t<meta name=\"twitter:data1\" content=\"Redaccion\" \/>\n\t<meta name=\"twitter:label2\" content=\"Tiempo de lectura\" \/>\n\t<meta name=\"twitter:data2\" content=\"3 minutos\" \/>\n<script type=\"application\/ld+json\" class=\"yoast-schema-graph\">{\"@context\":\"https:\/\/schema.org\",\"@graph\":[{\"@type\":\"Article\",\"@id\":\"https:\/\/torredonjimenoactualidad.com\/index.php\/2024\/09\/10\/la-junta-lanza-un-mensaje-de-tranquilidad-a-la-ciudadania-tras-detectarse-un-caso-de-virud-del-nilo-en-linares\/#article\",\"isPartOf\":{\"@id\":\"https:\/\/torredonjimenoactualidad.com\/index.php\/2024\/09\/10\/la-junta-lanza-un-mensaje-de-tranquilidad-a-la-ciudadania-tras-detectarse-un-caso-de-virud-del-nilo-en-linares\/\"},\"author\":{\"name\":\"Redaccion\",\"@id\":\"https:\/\/torredonjimenoactualidad.com\/#\/schema\/person\/11f05803cdf40dbeb7f4fbf2365c9ac5\"},\"headline\":\"La Junta lanza un mensaje de \u00abtranquilidad\u00bb a la ciudadan\u00eda tras detectarse un caso de virus del Nilo en Linares\",\"datePublished\":\"2024-09-10T10:20:20+00:00\",\"dateModified\":\"2024-09-10T15:33:02+00:00\",\"mainEntityOfPage\":{\"@id\":\"https:\/\/torredonjimenoactualidad.com\/index.php\/2024\/09\/10\/la-junta-lanza-un-mensaje-de-tranquilidad-a-la-ciudadania-tras-detectarse-un-caso-de-virud-del-nilo-en-linares\/\"},\"wordCount\":506,\"publisher\":{\"@id\":\"https:\/\/torredonjimenoactualidad.com\/#organization\"},\"articleSection\":[\"provincia\"],\"inLanguage\":\"es\"},{\"@type\":\"WebPage\",\"@id\":\"https:\/\/torredonjimenoactualidad.com\/index.php\/2024\/09\/10\/la-junta-lanza-un-mensaje-de-tranquilidad-a-la-ciudadania-tras-detectarse-un-caso-de-virud-del-nilo-en-linares\/\",\"url\":\"https:\/\/torredonjimenoactualidad.com\/index.php\/2024\/09\/10\/la-junta-lanza-un-mensaje-de-tranquilidad-a-la-ciudadania-tras-detectarse-un-caso-de-virud-del-nilo-en-linares\/\",\"name\":\"La Junta lanza un mensaje de \\\"tranquilidad\\\" a la ciudadan\u00eda tras detectarse un caso de virus del Nilo en Linares - Torredonjimeno Actualidad\",\"isPartOf\":{\"@id\":\"https:\/\/torredonjimenoactualidad.com\/#website\"},\"datePublished\":\"2024-09-10T10:20:20+00:00\",\"dateModified\":\"2024-09-10T15:33:02+00:00\",\"breadcrumb\":{\"@id\":\"https:\/\/torredonjimenoactualidad.com\/index.php\/2024\/09\/10\/la-junta-lanza-un-mensaje-de-tranquilidad-a-la-ciudadania-tras-detectarse-un-caso-de-virud-del-nilo-en-linares\/#breadcrumb\"},\"inLanguage\":\"es\",\"potentialAction\":[{\"@type\":\"ReadAction\",\"target\":[\"https:\/\/torredonjimenoactualidad.com\/index.php\/2024\/09\/10\/la-junta-lanza-un-mensaje-de-tranquilidad-a-la-ciudadania-tras-detectarse-un-caso-de-virud-del-nilo-en-linares\/\"]}]},{\"@type\":\"BreadcrumbList\",\"@id\":\"https:\/\/torredonjimenoactualidad.com\/index.php\/2024\/09\/10\/la-junta-lanza-un-mensaje-de-tranquilidad-a-la-ciudadania-tras-detectarse-un-caso-de-virud-del-nilo-en-linares\/#breadcrumb\",\"itemListElement\":[{\"@type\":\"ListItem\",\"position\":1,\"name\":\"Portada\",\"item\":\"https:\/\/torredonjimenoactualidad.com\/\"},{\"@type\":\"ListItem\",\"position\":2,\"name\":\"La Junta lanza un mensaje de \u00abtranquilidad\u00bb a la ciudadan\u00eda tras detectarse un caso de virus del Nilo en Linares\"}]},{\"@type\":\"WebSite\",\"@id\":\"https:\/\/torredonjimenoactualidad.com\/#website\",\"url\":\"https:\/\/torredonjimenoactualidad.com\/\",\"name\":\"Torredonjimeno Actualidad\",\"description\":\"\",\"publisher\":{\"@id\":\"https:\/\/torredonjimenoactualidad.com\/#organization\"},\"potentialAction\":[{\"@type\":\"SearchAction\",\"target\":{\"@type\":\"EntryPoint\",\"urlTemplate\":\"https:\/\/torredonjimenoactualidad.com\/?s={search_term_string}\"},\"query-input\":\"required name=search_term_string\"}],\"inLanguage\":\"es\"},{\"@type\":\"Organization\",\"@id\":\"https:\/\/torredonjimenoactualidad.com\/#organization\",\"name\":\"Torredonjimeno Actualidad\",\"url\":\"https:\/\/torredonjimenoactualidad.com\/\",\"logo\":{\"@type\":\"ImageObject\",\"inLanguage\":\"es\",\"@id\":\"https:\/\/torredonjimenoactualidad.com\/#\/schema\/logo\/image\/\",\"url\":\"https:\/\/torredonjimenoactualidad.com\/wp-content\/uploads\/2023\/02\/logo-torredonjimeno-544x180-1.png\",\"contentUrl\":\"https:\/\/torredonjimenoactualidad.com\/wp-content\/uploads\/2023\/02\/logo-torredonjimeno-544x180-1.png\",\"width\":545,\"height\":112,\"caption\":\"Torredonjimeno Actualidad\"},\"image\":{\"@id\":\"https:\/\/torredonjimenoactualidad.com\/#\/schema\/logo\/image\/\"}},{\"@type\":\"Person\",\"@id\":\"https:\/\/torredonjimenoactualidad.com\/#\/schema\/person\/11f05803cdf40dbeb7f4fbf2365c9ac5\",\"name\":\"Redaccion\",\"image\":{\"@type\":\"ImageObject\",\"inLanguage\":\"es\",\"@id\":\"https:\/\/torredonjimenoactualidad.com\/#\/schema\/person\/image\/\",\"url\":\"https:\/\/secure.gravatar.com\/avatar\/5917bab7eff43e17746fd29b509939469470810b6b989b7cc2f89e3188399bf3?s=96&d=mm&r=g\",\"contentUrl\":\"https:\/\/secure.gravatar.com\/avatar\/5917bab7eff43e17746fd29b509939469470810b6b989b7cc2f89e3188399bf3?s=96&d=mm&r=g\",\"caption\":\"Redaccion\"},\"url\":\"https:\/\/torredonjimenoactualidad.com\/index.php\/author\/jose-bueno\/\"}]}<\/script>\n<!-- \/ Yoast SEO plugin. -->","yoast_head_json":{"title":"La Junta lanza un mensaje de \"tranquilidad\" a la ciudadan\u00eda tras detectarse un caso de virus del Nilo en Linares - Torredonjimeno Actualidad","robots":{"index":"index","follow":"follow","max-snippet":"max-snippet:-1","max-image-preview":"max-image-preview:large","max-video-preview":"max-video-preview:-1"},"canonical":"https:\/\/torredonjimenoactualidad.com\/index.php\/2024\/09\/10\/la-junta-lanza-un-mensaje-de-tranquilidad-a-la-ciudadania-tras-detectarse-un-caso-de-virud-del-nilo-en-linares\/","og_locale":"es_ES","og_type":"article","og_title":"La Junta lanza un mensaje de \"tranquilidad\" a la ciudadan\u00eda tras detectarse un caso de virus del Nilo en Linares - Torredonjimeno Actualidad","og_description":"La Junta de Andaluc\u00eda ha lanzado un mensaje de \u00abtranquilidad\u00bb a la ciudadan\u00eda tras la detecci\u00f3n de un caso de virus del Nilo Occidental en Linares, \u00abya que se est\u00e1 trabajando para que no se expanda\u00bb. As\u00ed lo ha indicado la delegada de Salud y Consumo, Elena Gonz\u00e1lez, despu\u00e9s de que la Direcci\u00f3n General de &hellip; La Junta lanza un mensaje de \u00abtranquilidad\u00bb a la ciudadan\u00eda tras detectarse un caso de virus del Nilo en Linares Leer m\u00e1s &raquo;","og_url":"https:\/\/torredonjimenoactualidad.com\/index.php\/2024\/09\/10\/la-junta-lanza-un-mensaje-de-tranquilidad-a-la-ciudadania-tras-detectarse-un-caso-de-virud-del-nilo-en-linares\/","og_site_name":"Torredonjimeno Actualidad","article_published_time":"2024-09-10T10:20:20+00:00","article_modified_time":"2024-09-10T15:33:02+00:00","og_image":[{"width":1600,"height":900,"url":"https:\/\/torredonjimenoactualidad.com\/wp-content\/uploads\/2024\/09\/mosquito-piel_97.jpg.webp","type":"image\/webp"}],"author":"Redaccion","twitter_card":"summary_large_image","twitter_misc":{"Escrito por":"Redaccion","Tiempo de lectura":"3 minutos"},"schema":{"@context":"https:\/\/schema.org","@graph":[{"@type":"Article","@id":"https:\/\/torredonjimenoactualidad.com\/index.php\/2024\/09\/10\/la-junta-lanza-un-mensaje-de-tranquilidad-a-la-ciudadania-tras-detectarse-un-caso-de-virud-del-nilo-en-linares\/#article","isPartOf":{"@id":"https:\/\/torredonjimenoactualidad.com\/index.php\/2024\/09\/10\/la-junta-lanza-un-mensaje-de-tranquilidad-a-la-ciudadania-tras-detectarse-un-caso-de-virud-del-nilo-en-linares\/"},"author":{"name":"Redaccion","@id":"https:\/\/torredonjimenoactualidad.com\/#\/schema\/person\/11f05803cdf40dbeb7f4fbf2365c9ac5"},"headline":"La Junta lanza un mensaje de \u00abtranquilidad\u00bb a la ciudadan\u00eda tras detectarse un caso de virus del Nilo en Linares","datePublished":"2024-09-10T10:20:20+00:00","dateModified":"2024-09-10T15:33:02+00:00","mainEntityOfPage":{"@id":"https:\/\/torredonjimenoactualidad.com\/index.php\/2024\/09\/10\/la-junta-lanza-un-mensaje-de-tranquilidad-a-la-ciudadania-tras-detectarse-un-caso-de-virud-del-nilo-en-linares\/"},"wordCount":506,"publisher":{"@id":"https:\/\/torredonjimenoactualidad.com\/#organization"},"articleSection":["provincia"],"inLanguage":"es"},{"@type":"WebPage","@id":"https:\/\/torredonjimenoactualidad.com\/index.php\/2024\/09\/10\/la-junta-lanza-un-mensaje-de-tranquilidad-a-la-ciudadania-tras-detectarse-un-caso-de-virud-del-nilo-en-linares\/","url":"https:\/\/torredonjimenoactualidad.com\/index.php\/2024\/09\/10\/la-junta-lanza-un-mensaje-de-tranquilidad-a-la-ciudadania-tras-detectarse-un-caso-de-virud-del-nilo-en-linares\/","name":"La Junta lanza un mensaje de \"tranquilidad\" a la ciudadan\u00eda tras detectarse un caso de virus del Nilo en Linares - Torredonjimeno Actualidad","isPartOf":{"@id":"https:\/\/torredonjimenoactualidad.com\/#website"},"datePublished":"2024-09-10T10:20:20+00:00","dateModified":"2024-09-10T15:33:02+00:00","breadcrumb":{"@id":"https:\/\/torredonjimenoactualidad.com\/index.php\/2024\/09\/10\/la-junta-lanza-un-mensaje-de-tranquilidad-a-la-ciudadania-tras-detectarse-un-caso-de-virud-del-nilo-en-linares\/#breadcrumb"},"inLanguage":"es","potentialAction":[{"@type":"ReadAction","target":["https:\/\/torredonjimenoactualidad.com\/index.php\/2024\/09\/10\/la-junta-lanza-un-mensaje-de-tranquilidad-a-la-ciudadania-tras-detectarse-un-caso-de-virud-del-nilo-en-linares\/"]}]},{"@type":"BreadcrumbList","@id":"https:\/\/torredonjimenoactualidad.com\/index.php\/2024\/09\/10\/la-junta-lanza-un-mensaje-de-tranquilidad-a-la-ciudadania-tras-detectarse-un-caso-de-virud-del-nilo-en-linares\/#breadcrumb","itemListElement":[{"@type":"ListItem","position":1,"name":"Portada","item":"https:\/\/torredonjimenoactualidad.com\/"},{"@type":"ListItem","position":2,"name":"La Junta lanza un mensaje de \u00abtranquilidad\u00bb a la ciudadan\u00eda tras detectarse un caso de virus del Nilo en Linares"}]},{"@type":"WebSite","@id":"https:\/\/torredonjimenoactualidad.com\/#website","url":"https:\/\/torredonjimenoactualidad.com\/","name":"Torredonjimeno Actualidad","description":"","publisher":{"@id":"https:\/\/torredonjimenoactualidad.com\/#organization"},"potentialAction":[{"@type":"SearchAction","target":{"@type":"EntryPoint","urlTemplate":"https:\/\/torredonjimenoactualidad.com\/?s={search_term_string}"},"query-input":"required name=search_term_string"}],"inLanguage":"es"},{"@type":"Organization","@id":"https:\/\/torredonjimenoactualidad.com\/#organization","name":"Torredonjimeno Actualidad","url":"https:\/\/torredonjimenoactualidad.com\/","logo":{"@type":"ImageObject","inLanguage":"es","@id":"https:\/\/torredonjimenoactualidad.com\/#\/schema\/logo\/image\/","url":"https:\/\/torredonjimenoactualidad.com\/wp-content\/uploads\/2023\/02\/logo-torredonjimeno-544x180-1.png","contentUrl":"https:\/\/torredonjimenoactualidad.com\/wp-content\/uploads\/2023\/02\/logo-torredonjimeno-544x180-1.png","width":545,"height":112,"caption":"Torredonjimeno Actualidad"},"image":{"@id":"https:\/\/torredonjimenoactualidad.com\/#\/schema\/logo\/image\/"}},{"@type":"Person","@id":"https:\/\/torredonjimenoactualidad.com\/#\/schema\/person\/11f05803cdf40dbeb7f4fbf2365c9ac5","name":"Redaccion","image":{"@type":"ImageObject","inLanguage":"es","@id":"https:\/\/torredonjimenoactualidad.com\/#\/schema\/person\/image\/","url":"https:\/\/secure.gravatar.com\/avatar\/5917bab7eff43e17746fd29b509939469470810b6b989b7cc2f89e3188399bf3?s=96&d=mm&r=g","contentUrl":"https:\/\/secure.gravatar.com\/avatar\/5917bab7eff43e17746fd29b509939469470810b6b989b7cc2f89e3188399bf3?s=96&d=mm&r=g","caption":"Redaccion"},"url":"https:\/\/torredonjimenoactualidad.com\/index.php\/author\/jose-bueno\/"}]}},"_links":{"self":[{"href":"https:\/\/torredonjimenoactualidad.com\/index.php\/wp-json\/wp\/v2\/posts\/2326","targetHints":{"allow":["GET"]}}],"collection":[{"href":"https:\/\/torredonjimenoactualidad.com\/index.php\/wp-json\/wp\/v2\/posts"}],"about":[{"href":"https:\/\/torredonjimenoactualidad.com\/index.php\/wp-json\/wp\/v2\/types\/post"}],"author":[{"embeddable":true,"href":"https:\/\/torredonjimenoactualidad.com\/index.php\/wp-json\/wp\/v2\/users\/3"}],"replies":[{"embeddable":true,"href":"https:\/\/torredonjimenoactualidad.com\/index.php\/wp-json\/wp\/v2\/comments?post=2326"}],"version-history":[{"count":3,"href":"https:\/\/torredonjimenoactualidad.com\/index.php\/wp-json\/wp\/v2\/posts\/2326\/revisions"}],"predecessor-version":[{"id":2336,"href":"https:\/\/torredonjimenoactualidad.com\/index.php\/wp-json\/wp\/v2\/posts\/2326\/revisions\/2336"}],"wp:featuredmedia":[{"embeddable":true,"href":"https:\/\/torredonjimenoactualidad.com\/index.php\/wp-json\/wp\/v2\/media\/2327"}],"wp:attachment":[{"href":"https:\/\/torredonjimenoactualidad.com\/index.php\/wp-json\/wp\/v2\/media?parent=2326"}],"wp:term":[{"taxonomy":"category","embeddable":true,"href":"https:\/\/torredonjimenoactualidad.com\/index.php\/wp-json\/wp\/v2\/categories?post=2326"},{"taxonomy":"post_tag","embeddable":true,"href":"https:\/\/torredonjimenoactualidad.com\/index.php\/wp-json\/wp\/v2\/tags?post=2326"}],"curies":[{"name":"wp","href":"https:\/\/api.w.org\/{rel}","templated":true}]}}