{"id":2234,"date":"2024-07-30T06:45:45","date_gmt":"2024-07-30T06:45:45","guid":{"rendered":"https:\/\/torredonjimenoactualidad.com\/?p=2234"},"modified":"2024-07-31T08:10:53","modified_gmt":"2024-07-31T08:10:53","slug":"sale-a-licitacion-el-bar-del-apeadero-municipal-de-autobuses-de-torredonjimeno","status":"publish","type":"post","link":"https:\/\/torredonjimenoactualidad.com\/index.php\/2024\/07\/30\/sale-a-licitacion-el-bar-del-apeadero-municipal-de-autobuses-de-torredonjimeno\/","title":{"rendered":"Sale a licitaci\u00f3n el bar del apeadero municipal de autobuses de Torredonjimeno"},"content":{"rendered":"\n<p>El Ayuntamiento de Torredonjimeno ha hecho p\u00fablico el pliego de condiciones para la concesi\u00f3n del uso privativo del espacio destinado a la instalaci\u00f3n de un bar en el apadero de autobuses de la localidad. La adjudicaci\u00f3n de esta concesi\u00f3n se realizar\u00e1 mediante un concurso abierto a cualquier interesado, conforme a las normativas establecidas.<\/p>\n\n\n\n<p>El canon base para la licitaci\u00f3n se ha fijado en 15.229,80 euros por un periodo de tres a\u00f1os, siendo la cantidad mensual de 423,05 euros y la anual de 5.076,60 euros. Este canon podr\u00e1 ser mejorado al alza por los licitadores, y el importe final que deber\u00e1 abonar el concesionario se determinar\u00e1 seg\u00fan las ofertas presentadas, siempre que no sean inferiores al canon m\u00ednimo establecido.<\/p>\n\n\n\n<p>El plazo de concesi\u00f3n del espacio es de tres a\u00f1os, con posibilidad de pr\u00f3rroga por un a\u00f1o adicional mediante acuerdo expreso del \u00f3rgano de contrataci\u00f3n antes de finalizar el plazo inicial. Las propuestas deben ajustarse estrictamente a los pliegos y documentaci\u00f3n que rigen la licitaci\u00f3n, y su presentaci\u00f3n implica la aceptaci\u00f3n incondicionada de todas las cl\u00e1usulas y condiciones.<\/p>\n\n\n\n<p>La licitaci\u00f3n se realiza de manera electr\u00f3nica. Los interesados deben preparar y presentar sus ofertas obligatoriamente a trav\u00e9s de las herramientas de la Plataforma de Contrataci\u00f3n del Consistorio tosiriano. El periodo para la adjudicaci\u00f3n de este inmueble comenz\u00f3 el pasado 24 de julio.<\/p>\n\n\n\n<p>Para m\u00e1s detalles, los interesados pueden consultar el pliego de condiciones publicado por el Ayuntamiento de Torredonjimeno. <a href=\"https:\/\/drive.google.com\/file\/d\/1fyMyUFIn5fRT_EeQDEPKnbzVXZKQMFkN\/view?usp=share_link\">AQU\u00cd EST\u00c1 EL PLIEGO DE CONDICIONES<\/a><\/p>\n","protected":false},"excerpt":{"rendered":"<p>El Ayuntamiento de Torredonjimeno ha hecho p\u00fablico el pliego de condiciones para la concesi\u00f3n del uso privativo del espacio destinado a la instalaci\u00f3n de un bar en el apadero de autobuses de la localidad. La adjudicaci\u00f3n de esta concesi\u00f3n se realizar\u00e1 mediante un concurso abierto a cualquier interesado, conforme a las normativas establecidas. El canon &hellip;<\/p>\n<p class=\"read-more\"> <a class=\"\" href=\"https:\/\/torredonjimenoactualidad.com\/index.php\/2024\/07\/30\/sale-a-licitacion-el-bar-del-apeadero-municipal-de-autobuses-de-torredonjimeno\/\"> <span class=\"screen-reader-text\">Sale a licitaci\u00f3n el bar del apeadero municipal de autobuses de Torredonjimeno<\/span> Leer m\u00e1s &raquo;<\/a><\/p>\n","protected":false},"author":2,"featured_media":2235,"comment_status":"closed","ping_status":"open","sticky":false,"template":"","format":"standard","meta":{"site-sidebar-layout":"default","site-content-layout":"default","ast-global-header-display":"","ast-main-header-display":"","ast-hfb-above-header-display":"","ast-hfb-below-header-display":"","ast-hfb-mobile-header-display":"","site-post-title":"","ast-breadcrumbs-content":"","ast-featured-img":"","footer-sml-layout":"","theme-transparent-header-meta":"","adv-header-id-meta":"","stick-header-meta":"","header-above-stick-meta":"","header-main-stick-meta":"","header-below-stick-meta":"","footnotes":""},"categories":[7],"tags":[],"class_list":["post-2234","post","type-post","status-publish","format-standard","has-post-thumbnail","hentry","category-local"],"yoast_head":"<!-- This site is optimized with the Yoast SEO plugin v20.8 - https:\/\/yoast.com\/wordpress\/plugins\/seo\/ -->\n<title>Sale a licitaci\u00f3n el bar del apeadero municipal de autobuses de Torredonjimeno - Torredonjimeno Actualidad<\/title>\n<meta name=\"robots\" content=\"index, follow, max-snippet:-1, max-image-preview:large, max-video-preview:-1\" \/>\n<link rel=\"canonical\" href=\"https:\/\/torredonjimenoactualidad.com\/index.php\/2024\/07\/30\/sale-a-licitacion-el-bar-del-apeadero-municipal-de-autobuses-de-torredonjimeno\/\" \/>\n<meta property=\"og:locale\" content=\"es_ES\" \/>\n<meta property=\"og:type\" content=\"article\" \/>\n<meta property=\"og:title\" content=\"Sale a licitaci\u00f3n el bar del apeadero municipal de autobuses de Torredonjimeno - Torredonjimeno Actualidad\" \/>\n<meta property=\"og:description\" content=\"El Ayuntamiento de Torredonjimeno ha hecho p\u00fablico el pliego de condiciones para la concesi\u00f3n del uso privativo del espacio destinado a la instalaci\u00f3n de un bar en el apadero de autobuses de la localidad. La adjudicaci\u00f3n de esta concesi\u00f3n se realizar\u00e1 mediante un concurso abierto a cualquier interesado, conforme a las normativas establecidas. El canon &hellip; Sale a licitaci\u00f3n el bar del apeadero municipal de autobuses de Torredonjimeno Leer m\u00e1s &raquo;\" \/>\n<meta property=\"og:url\" content=\"https:\/\/torredonjimenoactualidad.com\/index.php\/2024\/07\/30\/sale-a-licitacion-el-bar-del-apeadero-municipal-de-autobuses-de-torredonjimeno\/\" \/>\n<meta property=\"og:site_name\" content=\"Torredonjimeno Actualidad\" \/>\n<meta property=\"article:published_time\" content=\"2024-07-30T06:45:45+00:00\" \/>\n<meta property=\"article:modified_time\" content=\"2024-07-31T08:10:53+00:00\" \/>\n<meta property=\"og:image\" content=\"https:\/\/torredonjimenoactualidad.com\/wp-content\/uploads\/2024\/07\/APEADERO-scaled.jpg\" \/>\n\t<meta property=\"og:image:width\" content=\"2560\" \/>\n\t<meta property=\"og:image:height\" content=\"1440\" \/>\n\t<meta property=\"og:image:type\" content=\"image\/jpeg\" \/>\n<meta name=\"author\" content=\"Alba Mar\u00eda Torres\" \/>\n<meta name=\"twitter:card\" content=\"summary_large_image\" \/>\n<meta name=\"twitter:label1\" content=\"Escrito por\" \/>\n\t<meta name=\"twitter:data1\" content=\"Alba Mar\u00eda Torres\" \/>\n\t<meta name=\"twitter:label2\" content=\"Tiempo de lectura\" \/>\n\t<meta name=\"twitter:data2\" content=\"2 minutos\" \/>\n<script type=\"application\/ld+json\" class=\"yoast-schema-graph\">{\"@context\":\"https:\/\/schema.org\",\"@graph\":[{\"@type\":\"Article\",\"@id\":\"https:\/\/torredonjimenoactualidad.com\/index.php\/2024\/07\/30\/sale-a-licitacion-el-bar-del-apeadero-municipal-de-autobuses-de-torredonjimeno\/#article\",\"isPartOf\":{\"@id\":\"https:\/\/torredonjimenoactualidad.com\/index.php\/2024\/07\/30\/sale-a-licitacion-el-bar-del-apeadero-municipal-de-autobuses-de-torredonjimeno\/\"},\"author\":{\"name\":\"Alba Mar\u00eda Torres\",\"@id\":\"https:\/\/torredonjimenoactualidad.com\/#\/schema\/person\/84de5f233e783ef2c75151a532b54977\"},\"headline\":\"Sale a licitaci\u00f3n el bar del apeadero municipal de autobuses de Torredonjimeno\",\"datePublished\":\"2024-07-30T06:45:45+00:00\",\"dateModified\":\"2024-07-31T08:10:53+00:00\",\"mainEntityOfPage\":{\"@id\":\"https:\/\/torredonjimenoactualidad.com\/index.php\/2024\/07\/30\/sale-a-licitacion-el-bar-del-apeadero-municipal-de-autobuses-de-torredonjimeno\/\"},\"wordCount\":276,\"publisher\":{\"@id\":\"https:\/\/torredonjimenoactualidad.com\/#organization\"},\"articleSection\":[\"local\"],\"inLanguage\":\"es\"},{\"@type\":\"WebPage\",\"@id\":\"https:\/\/torredonjimenoactualidad.com\/index.php\/2024\/07\/30\/sale-a-licitacion-el-bar-del-apeadero-municipal-de-autobuses-de-torredonjimeno\/\",\"url\":\"https:\/\/torredonjimenoactualidad.com\/index.php\/2024\/07\/30\/sale-a-licitacion-el-bar-del-apeadero-municipal-de-autobuses-de-torredonjimeno\/\",\"name\":\"Sale a licitaci\u00f3n el bar del apeadero municipal de autobuses de Torredonjimeno - Torredonjimeno Actualidad\",\"isPartOf\":{\"@id\":\"https:\/\/torredonjimenoactualidad.com\/#website\"},\"datePublished\":\"2024-07-30T06:45:45+00:00\",\"dateModified\":\"2024-07-31T08:10:53+00:00\",\"breadcrumb\":{\"@id\":\"https:\/\/torredonjimenoactualidad.com\/index.php\/2024\/07\/30\/sale-a-licitacion-el-bar-del-apeadero-municipal-de-autobuses-de-torredonjimeno\/#breadcrumb\"},\"inLanguage\":\"es\",\"potentialAction\":[{\"@type\":\"ReadAction\",\"target\":[\"https:\/\/torredonjimenoactualidad.com\/index.php\/2024\/07\/30\/sale-a-licitacion-el-bar-del-apeadero-municipal-de-autobuses-de-torredonjimeno\/\"]}]},{\"@type\":\"BreadcrumbList\",\"@id\":\"https:\/\/torredonjimenoactualidad.com\/index.php\/2024\/07\/30\/sale-a-licitacion-el-bar-del-apeadero-municipal-de-autobuses-de-torredonjimeno\/#breadcrumb\",\"itemListElement\":[{\"@type\":\"ListItem\",\"position\":1,\"name\":\"Portada\",\"item\":\"https:\/\/torredonjimenoactualidad.com\/\"},{\"@type\":\"ListItem\",\"position\":2,\"name\":\"Sale a licitaci\u00f3n el bar del apeadero municipal de autobuses de Torredonjimeno\"}]},{\"@type\":\"WebSite\",\"@id\":\"https:\/\/torredonjimenoactualidad.com\/#website\",\"url\":\"https:\/\/torredonjimenoactualidad.com\/\",\"name\":\"Torredonjimeno Actualidad\",\"description\":\"\",\"publisher\":{\"@id\":\"https:\/\/torredonjimenoactualidad.com\/#organization\"},\"potentialAction\":[{\"@type\":\"SearchAction\",\"target\":{\"@type\":\"EntryPoint\",\"urlTemplate\":\"https:\/\/torredonjimenoactualidad.com\/?s={search_term_string}\"},\"query-input\":\"required name=search_term_string\"}],\"inLanguage\":\"es\"},{\"@type\":\"Organization\",\"@id\":\"https:\/\/torredonjimenoactualidad.com\/#organization\",\"name\":\"Torredonjimeno Actualidad\",\"url\":\"https:\/\/torredonjimenoactualidad.com\/\",\"logo\":{\"@type\":\"ImageObject\",\"inLanguage\":\"es\",\"@id\":\"https:\/\/torredonjimenoactualidad.com\/#\/schema\/logo\/image\/\",\"url\":\"https:\/\/torredonjimenoactualidad.com\/wp-content\/uploads\/2023\/02\/logo-torredonjimeno-544x180-1.png\",\"contentUrl\":\"https:\/\/torredonjimenoactualidad.com\/wp-content\/uploads\/2023\/02\/logo-torredonjimeno-544x180-1.png\",\"width\":545,\"height\":112,\"caption\":\"Torredonjimeno Actualidad\"},\"image\":{\"@id\":\"https:\/\/torredonjimenoactualidad.com\/#\/schema\/logo\/image\/\"}},{\"@type\":\"Person\",\"@id\":\"https:\/\/torredonjimenoactualidad.com\/#\/schema\/person\/84de5f233e783ef2c75151a532b54977\",\"name\":\"Alba Mar\u00eda Torres\",\"image\":{\"@type\":\"ImageObject\",\"inLanguage\":\"es\",\"@id\":\"https:\/\/torredonjimenoactualidad.com\/#\/schema\/person\/image\/\",\"url\":\"https:\/\/secure.gravatar.com\/avatar\/f9371f188c71501b4475a9ba2a71595850ec72967f800a2ed8e3e2102859ed65?s=96&d=mm&r=g\",\"contentUrl\":\"https:\/\/secure.gravatar.com\/avatar\/f9371f188c71501b4475a9ba2a71595850ec72967f800a2ed8e3e2102859ed65?s=96&d=mm&r=g\",\"caption\":\"Alba Mar\u00eda Torres\"},\"url\":\"https:\/\/torredonjimenoactualidad.com\/index.php\/author\/alba-torres\/\"}]}<\/script>\n<!-- \/ Yoast SEO plugin. -->","yoast_head_json":{"title":"Sale a licitaci\u00f3n el bar del apeadero municipal de autobuses de Torredonjimeno - Torredonjimeno Actualidad","robots":{"index":"index","follow":"follow","max-snippet":"max-snippet:-1","max-image-preview":"max-image-preview:large","max-video-preview":"max-video-preview:-1"},"canonical":"https:\/\/torredonjimenoactualidad.com\/index.php\/2024\/07\/30\/sale-a-licitacion-el-bar-del-apeadero-municipal-de-autobuses-de-torredonjimeno\/","og_locale":"es_ES","og_type":"article","og_title":"Sale a licitaci\u00f3n el bar del apeadero municipal de autobuses de Torredonjimeno - Torredonjimeno Actualidad","og_description":"El Ayuntamiento de Torredonjimeno ha hecho p\u00fablico el pliego de condiciones para la concesi\u00f3n del uso privativo del espacio destinado a la instalaci\u00f3n de un bar en el apadero de autobuses de la localidad. La adjudicaci\u00f3n de esta concesi\u00f3n se realizar\u00e1 mediante un concurso abierto a cualquier interesado, conforme a las normativas establecidas. El canon &hellip; Sale a licitaci\u00f3n el bar del apeadero municipal de autobuses de Torredonjimeno Leer m\u00e1s &raquo;","og_url":"https:\/\/torredonjimenoactualidad.com\/index.php\/2024\/07\/30\/sale-a-licitacion-el-bar-del-apeadero-municipal-de-autobuses-de-torredonjimeno\/","og_site_name":"Torredonjimeno Actualidad","article_published_time":"2024-07-30T06:45:45+00:00","article_modified_time":"2024-07-31T08:10:53+00:00","og_image":[{"width":2560,"height":1440,"url":"https:\/\/torredonjimenoactualidad.com\/wp-content\/uploads\/2024\/07\/APEADERO-scaled.jpg","type":"image\/jpeg"}],"author":"Alba Mar\u00eda Torres","twitter_card":"summary_large_image","twitter_misc":{"Escrito por":"Alba Mar\u00eda Torres","Tiempo de lectura":"2 minutos"},"schema":{"@context":"https:\/\/schema.org","@graph":[{"@type":"Article","@id":"https:\/\/torredonjimenoactualidad.com\/index.php\/2024\/07\/30\/sale-a-licitacion-el-bar-del-apeadero-municipal-de-autobuses-de-torredonjimeno\/#article","isPartOf":{"@id":"https:\/\/torredonjimenoactualidad.com\/index.php\/2024\/07\/30\/sale-a-licitacion-el-bar-del-apeadero-municipal-de-autobuses-de-torredonjimeno\/"},"author":{"name":"Alba Mar\u00eda Torres","@id":"https:\/\/torredonjimenoactualidad.com\/#\/schema\/person\/84de5f233e783ef2c75151a532b54977"},"headline":"Sale a licitaci\u00f3n el bar del apeadero municipal de autobuses de Torredonjimeno","datePublished":"2024-07-30T06:45:45+00:00","dateModified":"2024-07-31T08:10:53+00:00","mainEntityOfPage":{"@id":"https:\/\/torredonjimenoactualidad.com\/index.php\/2024\/07\/30\/sale-a-licitacion-el-bar-del-apeadero-municipal-de-autobuses-de-torredonjimeno\/"},"wordCount":276,"publisher":{"@id":"https:\/\/torredonjimenoactualidad.com\/#organization"},"articleSection":["local"],"inLanguage":"es"},{"@type":"WebPage","@id":"https:\/\/torredonjimenoactualidad.com\/index.php\/2024\/07\/30\/sale-a-licitacion-el-bar-del-apeadero-municipal-de-autobuses-de-torredonjimeno\/","url":"https:\/\/torredonjimenoactualidad.com\/index.php\/2024\/07\/30\/sale-a-licitacion-el-bar-del-apeadero-municipal-de-autobuses-de-torredonjimeno\/","name":"Sale a licitaci\u00f3n el bar del apeadero municipal de autobuses de Torredonjimeno - Torredonjimeno Actualidad","isPartOf":{"@id":"https:\/\/torredonjimenoactualidad.com\/#website"},"datePublished":"2024-07-30T06:45:45+00:00","dateModified":"2024-07-31T08:10:53+00:00","breadcrumb":{"@id":"https:\/\/torredonjimenoactualidad.com\/index.php\/2024\/07\/30\/sale-a-licitacion-el-bar-del-apeadero-municipal-de-autobuses-de-torredonjimeno\/#breadcrumb"},"inLanguage":"es","potentialAction":[{"@type":"ReadAction","target":["https:\/\/torredonjimenoactualidad.com\/index.php\/2024\/07\/30\/sale-a-licitacion-el-bar-del-apeadero-municipal-de-autobuses-de-torredonjimeno\/"]}]},{"@type":"BreadcrumbList","@id":"https:\/\/torredonjimenoactualidad.com\/index.php\/2024\/07\/30\/sale-a-licitacion-el-bar-del-apeadero-municipal-de-autobuses-de-torredonjimeno\/#breadcrumb","itemListElement":[{"@type":"ListItem","position":1,"name":"Portada","item":"https:\/\/torredonjimenoactualidad.com\/"},{"@type":"ListItem","position":2,"name":"Sale a licitaci\u00f3n el bar del apeadero municipal de autobuses de Torredonjimeno"}]},{"@type":"WebSite","@id":"https:\/\/torredonjimenoactualidad.com\/#website","url":"https:\/\/torredonjimenoactualidad.com\/","name":"Torredonjimeno Actualidad","description":"","publisher":{"@id":"https:\/\/torredonjimenoactualidad.com\/#organization"},"potentialAction":[{"@type":"SearchAction","target":{"@type":"EntryPoint","urlTemplate":"https:\/\/torredonjimenoactualidad.com\/?s={search_term_string}"},"query-input":"required name=search_term_string"}],"inLanguage":"es"},{"@type":"Organization","@id":"https:\/\/torredonjimenoactualidad.com\/#organization","name":"Torredonjimeno Actualidad","url":"https:\/\/torredonjimenoactualidad.com\/","logo":{"@type":"ImageObject","inLanguage":"es","@id":"https:\/\/torredonjimenoactualidad.com\/#\/schema\/logo\/image\/","url":"https:\/\/torredonjimenoactualidad.com\/wp-content\/uploads\/2023\/02\/logo-torredonjimeno-544x180-1.png","contentUrl":"https:\/\/torredonjimenoactualidad.com\/wp-content\/uploads\/2023\/02\/logo-torredonjimeno-544x180-1.png","width":545,"height":112,"caption":"Torredonjimeno Actualidad"},"image":{"@id":"https:\/\/torredonjimenoactualidad.com\/#\/schema\/logo\/image\/"}},{"@type":"Person","@id":"https:\/\/torredonjimenoactualidad.com\/#\/schema\/person\/84de5f233e783ef2c75151a532b54977","name":"Alba Mar\u00eda Torres","image":{"@type":"ImageObject","inLanguage":"es","@id":"https:\/\/torredonjimenoactualidad.com\/#\/schema\/person\/image\/","url":"https:\/\/secure.gravatar.com\/avatar\/f9371f188c71501b4475a9ba2a71595850ec72967f800a2ed8e3e2102859ed65?s=96&d=mm&r=g","contentUrl":"https:\/\/secure.gravatar.com\/avatar\/f9371f188c71501b4475a9ba2a71595850ec72967f800a2ed8e3e2102859ed65?s=96&d=mm&r=g","caption":"Alba Mar\u00eda Torres"},"url":"https:\/\/torredonjimenoactualidad.com\/index.php\/author\/alba-torres\/"}]}},"_links":{"self":[{"href":"https:\/\/torredonjimenoactualidad.com\/index.php\/wp-json\/wp\/v2\/posts\/2234","targetHints":{"allow":["GET"]}}],"collection":[{"href":"https:\/\/torredonjimenoactualidad.com\/index.php\/wp-json\/wp\/v2\/posts"}],"about":[{"href":"https:\/\/torredonjimenoactualidad.com\/index.php\/wp-json\/wp\/v2\/types\/post"}],"author":[{"embeddable":true,"href":"https:\/\/torredonjimenoactualidad.com\/index.php\/wp-json\/wp\/v2\/users\/2"}],"replies":[{"embeddable":true,"href":"https:\/\/torredonjimenoactualidad.com\/index.php\/wp-json\/wp\/v2\/comments?post=2234"}],"version-history":[{"count":3,"href":"https:\/\/torredonjimenoactualidad.com\/index.php\/wp-json\/wp\/v2\/posts\/2234\/revisions"}],"predecessor-version":[{"id":2257,"href":"https:\/\/torredonjimenoactualidad.com\/index.php\/wp-json\/wp\/v2\/posts\/2234\/revisions\/2257"}],"wp:featuredmedia":[{"embeddable":true,"href":"https:\/\/torredonjimenoactualidad.com\/index.php\/wp-json\/wp\/v2\/media\/2235"}],"wp:attachment":[{"href":"https:\/\/torredonjimenoactualidad.com\/index.php\/wp-json\/wp\/v2\/media?parent=2234"}],"wp:term":[{"taxonomy":"category","embeddable":true,"href":"https:\/\/torredonjimenoactualidad.com\/index.php\/wp-json\/wp\/v2\/categories?post=2234"},{"taxonomy":"post_tag","embeddable":true,"href":"https:\/\/torredonjimenoactualidad.com\/index.php\/wp-json\/wp\/v2\/tags?post=2234"}],"curies":[{"name":"wp","href":"https:\/\/api.w.org\/{rel}","templated":true}]}}