{"id":2206,"date":"2024-07-19T14:02:11","date_gmt":"2024-07-19T14:02:11","guid":{"rendered":"https:\/\/torredonjimenoactualidad.com\/?p=2206"},"modified":"2024-07-19T14:02:13","modified_gmt":"2024-07-19T14:02:13","slug":"la-cofradia-de-la-virgen-de-la-cabeza-de-torredonjimeno-anuncia-su-tradicional-sorteo-para-poder-portar-el-estandarte-de-la-hermandad-a-partir-de-septiembre","status":"publish","type":"post","link":"https:\/\/torredonjimenoactualidad.com\/index.php\/2024\/07\/19\/la-cofradia-de-la-virgen-de-la-cabeza-de-torredonjimeno-anuncia-su-tradicional-sorteo-para-poder-portar-el-estandarte-de-la-hermandad-a-partir-de-septiembre\/","title":{"rendered":"La Cofrad\u00eda de la Virgen de la Cabeza de Torredonjimeno anuncia su tradicional sorteo para poder portar el estandarte de la hermandad a partir de septiembre"},"content":{"rendered":"\n<p>La Cofrad\u00eda de la Sant\u00edsima Virgen de la Cabeza de Torredonjimeno ha emitido un comunicado dirigido a todos sus cofrades. Este a\u00f1o, la cofrad\u00eda realizar\u00e1 un sorteo especial, permitiendo a todos los cofrades con al menos un a\u00f1o de antig\u00fcedad poder portar, a partir del pr\u00f3ximo mes de septiembre, el estandarte de la hermandad. Este acto es parte integral del tradicional proceso de banderas y la posterior elecci\u00f3n del hermano mayor de fiesta.<\/p>\n\n\n\n<p>Para los devotos, esta es una importante oportunidad de participar en una de las tradiciones m\u00e1s emblem\u00e1ticas de la devoci\u00f3n a la Virgen de la Cabeza en Torredonjimeno. Aquellos interesados en participar deben comunicarlo a alg\u00fan miembro de la Junta de Gobierno de la cofrad\u00eda su deseo.<\/p>\n\n\n\n<p>El periodo para expresar inter\u00e9s y participar en el sorteo se extiende desde hoy, 19 de julio, hasta el 18 de agosto. La Junta de Gobierno ha enfatizado la importancia de no dejar pasar esta oportunidad.<\/p>\n\n\n\n<p>La devoci\u00f3n a la Virgen de la Cabeza es una tradici\u00f3n profundamente arraigada a Torredonjimeno, y portar el estandarte es un s\u00edmbolo de gran honor y responsabilidad. <\/p>\n","protected":false},"excerpt":{"rendered":"<p>La Cofrad\u00eda de la Sant\u00edsima Virgen de la Cabeza de Torredonjimeno ha emitido un comunicado dirigido a todos sus cofrades. Este a\u00f1o, la cofrad\u00eda realizar\u00e1 un sorteo especial, permitiendo a todos los cofrades con al menos un a\u00f1o de antig\u00fcedad poder portar, a partir del pr\u00f3ximo mes de septiembre, el estandarte de la hermandad. Este &hellip;<\/p>\n<p class=\"read-more\"> <a class=\"\" href=\"https:\/\/torredonjimenoactualidad.com\/index.php\/2024\/07\/19\/la-cofradia-de-la-virgen-de-la-cabeza-de-torredonjimeno-anuncia-su-tradicional-sorteo-para-poder-portar-el-estandarte-de-la-hermandad-a-partir-de-septiembre\/\"> <span class=\"screen-reader-text\">La Cofrad\u00eda de la Virgen de la Cabeza de Torredonjimeno anuncia su tradicional sorteo para poder portar el estandarte de la hermandad a partir de septiembre<\/span> Leer m\u00e1s &raquo;<\/a><\/p>\n","protected":false},"author":2,"featured_media":2207,"comment_status":"open","ping_status":"open","sticky":false,"template":"","format":"standard","meta":{"site-sidebar-layout":"default","site-content-layout":"default","ast-global-header-display":"","ast-main-header-display":"","ast-hfb-above-header-display":"","ast-hfb-below-header-display":"","ast-hfb-mobile-header-display":"","site-post-title":"","ast-breadcrumbs-content":"","ast-featured-img":"","footer-sml-layout":"","theme-transparent-header-meta":"","adv-header-id-meta":"","stick-header-meta":"","header-above-stick-meta":"","header-main-stick-meta":"","header-below-stick-meta":"","footnotes":""},"categories":[7],"tags":[],"class_list":["post-2206","post","type-post","status-publish","format-standard","has-post-thumbnail","hentry","category-local"],"yoast_head":"<!-- This site is optimized with the Yoast SEO plugin v20.8 - https:\/\/yoast.com\/wordpress\/plugins\/seo\/ -->\n<title>La Cofrad\u00eda de la Virgen de la Cabeza de Torredonjimeno anuncia su tradicional sorteo para poder portar el estandarte de la hermandad a partir de septiembre - Torredonjimeno Actualidad<\/title>\n<meta name=\"robots\" content=\"index, follow, max-snippet:-1, max-image-preview:large, max-video-preview:-1\" \/>\n<link rel=\"canonical\" href=\"https:\/\/torredonjimenoactualidad.com\/index.php\/2024\/07\/19\/la-cofradia-de-la-virgen-de-la-cabeza-de-torredonjimeno-anuncia-su-tradicional-sorteo-para-poder-portar-el-estandarte-de-la-hermandad-a-partir-de-septiembre\/\" \/>\n<meta property=\"og:locale\" content=\"es_ES\" \/>\n<meta property=\"og:type\" content=\"article\" \/>\n<meta property=\"og:title\" content=\"La Cofrad\u00eda de la Virgen de la Cabeza de Torredonjimeno anuncia su tradicional sorteo para poder portar el estandarte de la hermandad a partir de septiembre - Torredonjimeno Actualidad\" \/>\n<meta property=\"og:description\" content=\"La Cofrad\u00eda de la Sant\u00edsima Virgen de la Cabeza de Torredonjimeno ha emitido un comunicado dirigido a todos sus cofrades. Este a\u00f1o, la cofrad\u00eda realizar\u00e1 un sorteo especial, permitiendo a todos los cofrades con al menos un a\u00f1o de antig\u00fcedad poder portar, a partir del pr\u00f3ximo mes de septiembre, el estandarte de la hermandad. Este &hellip; La Cofrad\u00eda de la Virgen de la Cabeza de Torredonjimeno anuncia su tradicional sorteo para poder portar el estandarte de la hermandad a partir de septiembre Leer m\u00e1s &raquo;\" \/>\n<meta property=\"og:url\" content=\"https:\/\/torredonjimenoactualidad.com\/index.php\/2024\/07\/19\/la-cofradia-de-la-virgen-de-la-cabeza-de-torredonjimeno-anuncia-su-tradicional-sorteo-para-poder-portar-el-estandarte-de-la-hermandad-a-partir-de-septiembre\/\" \/>\n<meta property=\"og:site_name\" content=\"Torredonjimeno Actualidad\" \/>\n<meta property=\"article:published_time\" content=\"2024-07-19T14:02:11+00:00\" \/>\n<meta property=\"article:modified_time\" content=\"2024-07-19T14:02:13+00:00\" \/>\n<meta property=\"og:image\" content=\"https:\/\/torredonjimenoactualidad.com\/wp-content\/uploads\/2024\/07\/BANDERAS-scaled.jpg\" \/>\n\t<meta property=\"og:image:width\" content=\"2560\" \/>\n\t<meta property=\"og:image:height\" content=\"1262\" \/>\n\t<meta property=\"og:image:type\" content=\"image\/jpeg\" \/>\n<meta name=\"author\" content=\"Alba Mar\u00eda Torres\" \/>\n<meta name=\"twitter:card\" content=\"summary_large_image\" \/>\n<meta name=\"twitter:label1\" content=\"Escrito por\" \/>\n\t<meta name=\"twitter:data1\" content=\"Alba Mar\u00eda Torres\" \/>\n\t<meta name=\"twitter:label2\" content=\"Tiempo de lectura\" \/>\n\t<meta name=\"twitter:data2\" content=\"1 minuto\" \/>\n<script type=\"application\/ld+json\" class=\"yoast-schema-graph\">{\"@context\":\"https:\/\/schema.org\",\"@graph\":[{\"@type\":\"Article\",\"@id\":\"https:\/\/torredonjimenoactualidad.com\/index.php\/2024\/07\/19\/la-cofradia-de-la-virgen-de-la-cabeza-de-torredonjimeno-anuncia-su-tradicional-sorteo-para-poder-portar-el-estandarte-de-la-hermandad-a-partir-de-septiembre\/#article\",\"isPartOf\":{\"@id\":\"https:\/\/torredonjimenoactualidad.com\/index.php\/2024\/07\/19\/la-cofradia-de-la-virgen-de-la-cabeza-de-torredonjimeno-anuncia-su-tradicional-sorteo-para-poder-portar-el-estandarte-de-la-hermandad-a-partir-de-septiembre\/\"},\"author\":{\"name\":\"Alba Mar\u00eda Torres\",\"@id\":\"https:\/\/torredonjimenoactualidad.com\/#\/schema\/person\/84de5f233e783ef2c75151a532b54977\"},\"headline\":\"La Cofrad\u00eda de la Virgen de la Cabeza de Torredonjimeno anuncia su tradicional sorteo para poder portar el estandarte de la hermandad a partir de septiembre\",\"datePublished\":\"2024-07-19T14:02:11+00:00\",\"dateModified\":\"2024-07-19T14:02:13+00:00\",\"mainEntityOfPage\":{\"@id\":\"https:\/\/torredonjimenoactualidad.com\/index.php\/2024\/07\/19\/la-cofradia-de-la-virgen-de-la-cabeza-de-torredonjimeno-anuncia-su-tradicional-sorteo-para-poder-portar-el-estandarte-de-la-hermandad-a-partir-de-septiembre\/\"},\"wordCount\":225,\"commentCount\":0,\"publisher\":{\"@id\":\"https:\/\/torredonjimenoactualidad.com\/#organization\"},\"articleSection\":[\"local\"],\"inLanguage\":\"es\",\"potentialAction\":[{\"@type\":\"CommentAction\",\"name\":\"Comment\",\"target\":[\"https:\/\/torredonjimenoactualidad.com\/index.php\/2024\/07\/19\/la-cofradia-de-la-virgen-de-la-cabeza-de-torredonjimeno-anuncia-su-tradicional-sorteo-para-poder-portar-el-estandarte-de-la-hermandad-a-partir-de-septiembre\/#respond\"]}]},{\"@type\":\"WebPage\",\"@id\":\"https:\/\/torredonjimenoactualidad.com\/index.php\/2024\/07\/19\/la-cofradia-de-la-virgen-de-la-cabeza-de-torredonjimeno-anuncia-su-tradicional-sorteo-para-poder-portar-el-estandarte-de-la-hermandad-a-partir-de-septiembre\/\",\"url\":\"https:\/\/torredonjimenoactualidad.com\/index.php\/2024\/07\/19\/la-cofradia-de-la-virgen-de-la-cabeza-de-torredonjimeno-anuncia-su-tradicional-sorteo-para-poder-portar-el-estandarte-de-la-hermandad-a-partir-de-septiembre\/\",\"name\":\"La Cofrad\u00eda de la Virgen de la Cabeza de Torredonjimeno anuncia su tradicional sorteo para poder portar el estandarte de la hermandad a partir de septiembre - Torredonjimeno Actualidad\",\"isPartOf\":{\"@id\":\"https:\/\/torredonjimenoactualidad.com\/#website\"},\"datePublished\":\"2024-07-19T14:02:11+00:00\",\"dateModified\":\"2024-07-19T14:02:13+00:00\",\"breadcrumb\":{\"@id\":\"https:\/\/torredonjimenoactualidad.com\/index.php\/2024\/07\/19\/la-cofradia-de-la-virgen-de-la-cabeza-de-torredonjimeno-anuncia-su-tradicional-sorteo-para-poder-portar-el-estandarte-de-la-hermandad-a-partir-de-septiembre\/#breadcrumb\"},\"inLanguage\":\"es\",\"potentialAction\":[{\"@type\":\"ReadAction\",\"target\":[\"https:\/\/torredonjimenoactualidad.com\/index.php\/2024\/07\/19\/la-cofradia-de-la-virgen-de-la-cabeza-de-torredonjimeno-anuncia-su-tradicional-sorteo-para-poder-portar-el-estandarte-de-la-hermandad-a-partir-de-septiembre\/\"]}]},{\"@type\":\"BreadcrumbList\",\"@id\":\"https:\/\/torredonjimenoactualidad.com\/index.php\/2024\/07\/19\/la-cofradia-de-la-virgen-de-la-cabeza-de-torredonjimeno-anuncia-su-tradicional-sorteo-para-poder-portar-el-estandarte-de-la-hermandad-a-partir-de-septiembre\/#breadcrumb\",\"itemListElement\":[{\"@type\":\"ListItem\",\"position\":1,\"name\":\"Portada\",\"item\":\"https:\/\/torredonjimenoactualidad.com\/\"},{\"@type\":\"ListItem\",\"position\":2,\"name\":\"La Cofrad\u00eda de la Virgen de la Cabeza de Torredonjimeno anuncia su tradicional sorteo para poder portar el estandarte de la hermandad a partir de septiembre\"}]},{\"@type\":\"WebSite\",\"@id\":\"https:\/\/torredonjimenoactualidad.com\/#website\",\"url\":\"https:\/\/torredonjimenoactualidad.com\/\",\"name\":\"Torredonjimeno Actualidad\",\"description\":\"\",\"publisher\":{\"@id\":\"https:\/\/torredonjimenoactualidad.com\/#organization\"},\"potentialAction\":[{\"@type\":\"SearchAction\",\"target\":{\"@type\":\"EntryPoint\",\"urlTemplate\":\"https:\/\/torredonjimenoactualidad.com\/?s={search_term_string}\"},\"query-input\":\"required name=search_term_string\"}],\"inLanguage\":\"es\"},{\"@type\":\"Organization\",\"@id\":\"https:\/\/torredonjimenoactualidad.com\/#organization\",\"name\":\"Torredonjimeno Actualidad\",\"url\":\"https:\/\/torredonjimenoactualidad.com\/\",\"logo\":{\"@type\":\"ImageObject\",\"inLanguage\":\"es\",\"@id\":\"https:\/\/torredonjimenoactualidad.com\/#\/schema\/logo\/image\/\",\"url\":\"https:\/\/torredonjimenoactualidad.com\/wp-content\/uploads\/2023\/02\/logo-torredonjimeno-544x180-1.png\",\"contentUrl\":\"https:\/\/torredonjimenoactualidad.com\/wp-content\/uploads\/2023\/02\/logo-torredonjimeno-544x180-1.png\",\"width\":545,\"height\":112,\"caption\":\"Torredonjimeno Actualidad\"},\"image\":{\"@id\":\"https:\/\/torredonjimenoactualidad.com\/#\/schema\/logo\/image\/\"}},{\"@type\":\"Person\",\"@id\":\"https:\/\/torredonjimenoactualidad.com\/#\/schema\/person\/84de5f233e783ef2c75151a532b54977\",\"name\":\"Alba Mar\u00eda Torres\",\"image\":{\"@type\":\"ImageObject\",\"inLanguage\":\"es\",\"@id\":\"https:\/\/torredonjimenoactualidad.com\/#\/schema\/person\/image\/\",\"url\":\"https:\/\/secure.gravatar.com\/avatar\/f9371f188c71501b4475a9ba2a71595850ec72967f800a2ed8e3e2102859ed65?s=96&d=mm&r=g\",\"contentUrl\":\"https:\/\/secure.gravatar.com\/avatar\/f9371f188c71501b4475a9ba2a71595850ec72967f800a2ed8e3e2102859ed65?s=96&d=mm&r=g\",\"caption\":\"Alba Mar\u00eda Torres\"},\"url\":\"https:\/\/torredonjimenoactualidad.com\/index.php\/author\/alba-torres\/\"}]}<\/script>\n<!-- \/ Yoast SEO plugin. -->","yoast_head_json":{"title":"La Cofrad\u00eda de la Virgen de la Cabeza de Torredonjimeno anuncia su tradicional sorteo para poder portar el estandarte de la hermandad a partir de septiembre - Torredonjimeno Actualidad","robots":{"index":"index","follow":"follow","max-snippet":"max-snippet:-1","max-image-preview":"max-image-preview:large","max-video-preview":"max-video-preview:-1"},"canonical":"https:\/\/torredonjimenoactualidad.com\/index.php\/2024\/07\/19\/la-cofradia-de-la-virgen-de-la-cabeza-de-torredonjimeno-anuncia-su-tradicional-sorteo-para-poder-portar-el-estandarte-de-la-hermandad-a-partir-de-septiembre\/","og_locale":"es_ES","og_type":"article","og_title":"La Cofrad\u00eda de la Virgen de la Cabeza de Torredonjimeno anuncia su tradicional sorteo para poder portar el estandarte de la hermandad a partir de septiembre - Torredonjimeno Actualidad","og_description":"La Cofrad\u00eda de la Sant\u00edsima Virgen de la Cabeza de Torredonjimeno ha emitido un comunicado dirigido a todos sus cofrades. Este a\u00f1o, la cofrad\u00eda realizar\u00e1 un sorteo especial, permitiendo a todos los cofrades con al menos un a\u00f1o de antig\u00fcedad poder portar, a partir del pr\u00f3ximo mes de septiembre, el estandarte de la hermandad. Este &hellip; La Cofrad\u00eda de la Virgen de la Cabeza de Torredonjimeno anuncia su tradicional sorteo para poder portar el estandarte de la hermandad a partir de septiembre Leer m\u00e1s &raquo;","og_url":"https:\/\/torredonjimenoactualidad.com\/index.php\/2024\/07\/19\/la-cofradia-de-la-virgen-de-la-cabeza-de-torredonjimeno-anuncia-su-tradicional-sorteo-para-poder-portar-el-estandarte-de-la-hermandad-a-partir-de-septiembre\/","og_site_name":"Torredonjimeno Actualidad","article_published_time":"2024-07-19T14:02:11+00:00","article_modified_time":"2024-07-19T14:02:13+00:00","og_image":[{"width":2560,"height":1262,"url":"https:\/\/torredonjimenoactualidad.com\/wp-content\/uploads\/2024\/07\/BANDERAS-scaled.jpg","type":"image\/jpeg"}],"author":"Alba Mar\u00eda Torres","twitter_card":"summary_large_image","twitter_misc":{"Escrito por":"Alba Mar\u00eda Torres","Tiempo de lectura":"1 minuto"},"schema":{"@context":"https:\/\/schema.org","@graph":[{"@type":"Article","@id":"https:\/\/torredonjimenoactualidad.com\/index.php\/2024\/07\/19\/la-cofradia-de-la-virgen-de-la-cabeza-de-torredonjimeno-anuncia-su-tradicional-sorteo-para-poder-portar-el-estandarte-de-la-hermandad-a-partir-de-septiembre\/#article","isPartOf":{"@id":"https:\/\/torredonjimenoactualidad.com\/index.php\/2024\/07\/19\/la-cofradia-de-la-virgen-de-la-cabeza-de-torredonjimeno-anuncia-su-tradicional-sorteo-para-poder-portar-el-estandarte-de-la-hermandad-a-partir-de-septiembre\/"},"author":{"name":"Alba Mar\u00eda Torres","@id":"https:\/\/torredonjimenoactualidad.com\/#\/schema\/person\/84de5f233e783ef2c75151a532b54977"},"headline":"La Cofrad\u00eda de la Virgen de la Cabeza de Torredonjimeno anuncia su tradicional sorteo para poder portar el estandarte de la hermandad a partir de septiembre","datePublished":"2024-07-19T14:02:11+00:00","dateModified":"2024-07-19T14:02:13+00:00","mainEntityOfPage":{"@id":"https:\/\/torredonjimenoactualidad.com\/index.php\/2024\/07\/19\/la-cofradia-de-la-virgen-de-la-cabeza-de-torredonjimeno-anuncia-su-tradicional-sorteo-para-poder-portar-el-estandarte-de-la-hermandad-a-partir-de-septiembre\/"},"wordCount":225,"commentCount":0,"publisher":{"@id":"https:\/\/torredonjimenoactualidad.com\/#organization"},"articleSection":["local"],"inLanguage":"es","potentialAction":[{"@type":"CommentAction","name":"Comment","target":["https:\/\/torredonjimenoactualidad.com\/index.php\/2024\/07\/19\/la-cofradia-de-la-virgen-de-la-cabeza-de-torredonjimeno-anuncia-su-tradicional-sorteo-para-poder-portar-el-estandarte-de-la-hermandad-a-partir-de-septiembre\/#respond"]}]},{"@type":"WebPage","@id":"https:\/\/torredonjimenoactualidad.com\/index.php\/2024\/07\/19\/la-cofradia-de-la-virgen-de-la-cabeza-de-torredonjimeno-anuncia-su-tradicional-sorteo-para-poder-portar-el-estandarte-de-la-hermandad-a-partir-de-septiembre\/","url":"https:\/\/torredonjimenoactualidad.com\/index.php\/2024\/07\/19\/la-cofradia-de-la-virgen-de-la-cabeza-de-torredonjimeno-anuncia-su-tradicional-sorteo-para-poder-portar-el-estandarte-de-la-hermandad-a-partir-de-septiembre\/","name":"La Cofrad\u00eda de la Virgen de la Cabeza de Torredonjimeno anuncia su tradicional sorteo para poder portar el estandarte de la hermandad a partir de septiembre - Torredonjimeno Actualidad","isPartOf":{"@id":"https:\/\/torredonjimenoactualidad.com\/#website"},"datePublished":"2024-07-19T14:02:11+00:00","dateModified":"2024-07-19T14:02:13+00:00","breadcrumb":{"@id":"https:\/\/torredonjimenoactualidad.com\/index.php\/2024\/07\/19\/la-cofradia-de-la-virgen-de-la-cabeza-de-torredonjimeno-anuncia-su-tradicional-sorteo-para-poder-portar-el-estandarte-de-la-hermandad-a-partir-de-septiembre\/#breadcrumb"},"inLanguage":"es","potentialAction":[{"@type":"ReadAction","target":["https:\/\/torredonjimenoactualidad.com\/index.php\/2024\/07\/19\/la-cofradia-de-la-virgen-de-la-cabeza-de-torredonjimeno-anuncia-su-tradicional-sorteo-para-poder-portar-el-estandarte-de-la-hermandad-a-partir-de-septiembre\/"]}]},{"@type":"BreadcrumbList","@id":"https:\/\/torredonjimenoactualidad.com\/index.php\/2024\/07\/19\/la-cofradia-de-la-virgen-de-la-cabeza-de-torredonjimeno-anuncia-su-tradicional-sorteo-para-poder-portar-el-estandarte-de-la-hermandad-a-partir-de-septiembre\/#breadcrumb","itemListElement":[{"@type":"ListItem","position":1,"name":"Portada","item":"https:\/\/torredonjimenoactualidad.com\/"},{"@type":"ListItem","position":2,"name":"La Cofrad\u00eda de la Virgen de la Cabeza de Torredonjimeno anuncia su tradicional sorteo para poder portar el estandarte de la hermandad a partir de septiembre"}]},{"@type":"WebSite","@id":"https:\/\/torredonjimenoactualidad.com\/#website","url":"https:\/\/torredonjimenoactualidad.com\/","name":"Torredonjimeno Actualidad","description":"","publisher":{"@id":"https:\/\/torredonjimenoactualidad.com\/#organization"},"potentialAction":[{"@type":"SearchAction","target":{"@type":"EntryPoint","urlTemplate":"https:\/\/torredonjimenoactualidad.com\/?s={search_term_string}"},"query-input":"required name=search_term_string"}],"inLanguage":"es"},{"@type":"Organization","@id":"https:\/\/torredonjimenoactualidad.com\/#organization","name":"Torredonjimeno Actualidad","url":"https:\/\/torredonjimenoactualidad.com\/","logo":{"@type":"ImageObject","inLanguage":"es","@id":"https:\/\/torredonjimenoactualidad.com\/#\/schema\/logo\/image\/","url":"https:\/\/torredonjimenoactualidad.com\/wp-content\/uploads\/2023\/02\/logo-torredonjimeno-544x180-1.png","contentUrl":"https:\/\/torredonjimenoactualidad.com\/wp-content\/uploads\/2023\/02\/logo-torredonjimeno-544x180-1.png","width":545,"height":112,"caption":"Torredonjimeno Actualidad"},"image":{"@id":"https:\/\/torredonjimenoactualidad.com\/#\/schema\/logo\/image\/"}},{"@type":"Person","@id":"https:\/\/torredonjimenoactualidad.com\/#\/schema\/person\/84de5f233e783ef2c75151a532b54977","name":"Alba Mar\u00eda Torres","image":{"@type":"ImageObject","inLanguage":"es","@id":"https:\/\/torredonjimenoactualidad.com\/#\/schema\/person\/image\/","url":"https:\/\/secure.gravatar.com\/avatar\/f9371f188c71501b4475a9ba2a71595850ec72967f800a2ed8e3e2102859ed65?s=96&d=mm&r=g","contentUrl":"https:\/\/secure.gravatar.com\/avatar\/f9371f188c71501b4475a9ba2a71595850ec72967f800a2ed8e3e2102859ed65?s=96&d=mm&r=g","caption":"Alba Mar\u00eda Torres"},"url":"https:\/\/torredonjimenoactualidad.com\/index.php\/author\/alba-torres\/"}]}},"_links":{"self":[{"href":"https:\/\/torredonjimenoactualidad.com\/index.php\/wp-json\/wp\/v2\/posts\/2206","targetHints":{"allow":["GET"]}}],"collection":[{"href":"https:\/\/torredonjimenoactualidad.com\/index.php\/wp-json\/wp\/v2\/posts"}],"about":[{"href":"https:\/\/torredonjimenoactualidad.com\/index.php\/wp-json\/wp\/v2\/types\/post"}],"author":[{"embeddable":true,"href":"https:\/\/torredonjimenoactualidad.com\/index.php\/wp-json\/wp\/v2\/users\/2"}],"replies":[{"embeddable":true,"href":"https:\/\/torredonjimenoactualidad.com\/index.php\/wp-json\/wp\/v2\/comments?post=2206"}],"version-history":[{"count":1,"href":"https:\/\/torredonjimenoactualidad.com\/index.php\/wp-json\/wp\/v2\/posts\/2206\/revisions"}],"predecessor-version":[{"id":2208,"href":"https:\/\/torredonjimenoactualidad.com\/index.php\/wp-json\/wp\/v2\/posts\/2206\/revisions\/2208"}],"wp:featuredmedia":[{"embeddable":true,"href":"https:\/\/torredonjimenoactualidad.com\/index.php\/wp-json\/wp\/v2\/media\/2207"}],"wp:attachment":[{"href":"https:\/\/torredonjimenoactualidad.com\/index.php\/wp-json\/wp\/v2\/media?parent=2206"}],"wp:term":[{"taxonomy":"category","embeddable":true,"href":"https:\/\/torredonjimenoactualidad.com\/index.php\/wp-json\/wp\/v2\/categories?post=2206"},{"taxonomy":"post_tag","embeddable":true,"href":"https:\/\/torredonjimenoactualidad.com\/index.php\/wp-json\/wp\/v2\/tags?post=2206"}],"curies":[{"name":"wp","href":"https:\/\/api.w.org\/{rel}","templated":true}]}}