{"id":2189,"date":"2024-07-17T16:09:04","date_gmt":"2024-07-17T16:09:04","guid":{"rendered":"https:\/\/torredonjimenoactualidad.com\/?p=2189"},"modified":"2024-07-17T16:09:05","modified_gmt":"2024-07-17T16:09:05","slug":"sale-a-licitacion-el-quiosco-del-parque-infantil-del-parque-municipal-de-torredonjimeno","status":"publish","type":"post","link":"https:\/\/torredonjimenoactualidad.com\/index.php\/2024\/07\/17\/sale-a-licitacion-el-quiosco-del-parque-infantil-del-parque-municipal-de-torredonjimeno\/","title":{"rendered":"Sale a licitaci\u00f3n el quiosco del parque infantil del Parque Municipal de Torredonjimeno"},"content":{"rendered":"\n<h3 class=\"wp-block-heading\"><\/h3>\n\n\n\n<p>El Ayuntamiento de Torredonjimeno ha anunciado la licitaci\u00f3n del quiosco ubicado en el parque infantil del Parque Municipal. La publicaci\u00f3n del anuncio se realiz\u00f3 ayer a trav\u00e9s de la p\u00e1gina web del consistorio tosiriano, donde se destaca el objetivo de la concesi\u00f3n de uso privativo de dominio p\u00fablico del espacio destinado al quiosco, con la finalidad de dotarlo de la actividad correspondiente.<\/p>\n\n\n\n<p>La adecuaci\u00f3n del objeto del contrato deber\u00e1 cumplir con el pliego de cl\u00e1usulas administrativas particulares y el informe de los servicios t\u00e9cnicos incluidos en el expediente. La adjudicaci\u00f3n de la concesi\u00f3n se realizar\u00e1 mediante concurso, permitiendo que cualquier interesado pueda presentar su oferta.<\/p>\n\n\n\n<p>El plazo para la presentaci\u00f3n de ofertas ha comenzado hoy, mi\u00e9rcoles 17 de julio, y se mantendr\u00e1 abierto durante 15 d\u00edas. El canon base de la licitaci\u00f3n se ha fijado en 2.207,04 euros para un periodo de cuatro a\u00f1os, pudiendo ser mejorado al alza por los licitadores. La cantidad mensual es de 45,98 euros y la anual de 551,76 euros.<\/p>\n\n\n\n<p>El plazo de la concesi\u00f3n para la utilizaci\u00f3n del dominio p\u00fablico descrito es de cuatro a\u00f1os, 48 meses, y tendr\u00e1 car\u00e1cter improrrogable. <\/p>\n\n\n\n<p><strong>AQUI SE PUEDE ACCEDER AL ANUNCIO<\/strong> <a href=\"https:\/\/drive.google.com\/file\/d\/1l1UsuJLbxjI8ORjhsEBtQVOL-QjaRzGc\/view?usp=share_link\">https:\/\/drive.google.com\/file\/d\/1l1UsuJLbxjI8ORjhsEBtQVOL-QjaRzGc\/view?usp=share_link<\/a> <\/p>\n","protected":false},"excerpt":{"rendered":"<p>El Ayuntamiento de Torredonjimeno ha anunciado la licitaci\u00f3n del quiosco ubicado en el parque infantil del Parque Municipal. La publicaci\u00f3n del anuncio se realiz\u00f3 ayer a trav\u00e9s de la p\u00e1gina web del consistorio tosiriano, donde se destaca el objetivo de la concesi\u00f3n de uso privativo de dominio p\u00fablico del espacio destinado al quiosco, con la &hellip;<\/p>\n<p class=\"read-more\"> <a class=\"\" href=\"https:\/\/torredonjimenoactualidad.com\/index.php\/2024\/07\/17\/sale-a-licitacion-el-quiosco-del-parque-infantil-del-parque-municipal-de-torredonjimeno\/\"> <span class=\"screen-reader-text\">Sale a licitaci\u00f3n el quiosco del parque infantil del Parque Municipal de Torredonjimeno<\/span> Leer m\u00e1s &raquo;<\/a><\/p>\n","protected":false},"author":2,"featured_media":2190,"comment_status":"open","ping_status":"open","sticky":false,"template":"","format":"standard","meta":{"site-sidebar-layout":"default","site-content-layout":"default","ast-global-header-display":"","ast-main-header-display":"","ast-hfb-above-header-display":"","ast-hfb-below-header-display":"","ast-hfb-mobile-header-display":"","site-post-title":"","ast-breadcrumbs-content":"","ast-featured-img":"","footer-sml-layout":"","theme-transparent-header-meta":"","adv-header-id-meta":"","stick-header-meta":"","header-above-stick-meta":"","header-main-stick-meta":"","header-below-stick-meta":"","footnotes":""},"categories":[7],"tags":[],"class_list":["post-2189","post","type-post","status-publish","format-standard","has-post-thumbnail","hentry","category-local"],"yoast_head":"<!-- This site is optimized with the Yoast SEO plugin v20.8 - https:\/\/yoast.com\/wordpress\/plugins\/seo\/ -->\n<title>Sale a licitaci\u00f3n el quiosco del parque infantil del Parque Municipal de Torredonjimeno - Torredonjimeno Actualidad<\/title>\n<meta name=\"robots\" content=\"index, follow, max-snippet:-1, max-image-preview:large, max-video-preview:-1\" \/>\n<link rel=\"canonical\" href=\"https:\/\/torredonjimenoactualidad.com\/index.php\/2024\/07\/17\/sale-a-licitacion-el-quiosco-del-parque-infantil-del-parque-municipal-de-torredonjimeno\/\" \/>\n<meta property=\"og:locale\" content=\"es_ES\" \/>\n<meta property=\"og:type\" content=\"article\" \/>\n<meta property=\"og:title\" content=\"Sale a licitaci\u00f3n el quiosco del parque infantil del Parque Municipal de Torredonjimeno - Torredonjimeno Actualidad\" \/>\n<meta property=\"og:description\" content=\"El Ayuntamiento de Torredonjimeno ha anunciado la licitaci\u00f3n del quiosco ubicado en el parque infantil del Parque Municipal. La publicaci\u00f3n del anuncio se realiz\u00f3 ayer a trav\u00e9s de la p\u00e1gina web del consistorio tosiriano, donde se destaca el objetivo de la concesi\u00f3n de uso privativo de dominio p\u00fablico del espacio destinado al quiosco, con la &hellip; Sale a licitaci\u00f3n el quiosco del parque infantil del Parque Municipal de Torredonjimeno Leer m\u00e1s &raquo;\" \/>\n<meta property=\"og:url\" content=\"https:\/\/torredonjimenoactualidad.com\/index.php\/2024\/07\/17\/sale-a-licitacion-el-quiosco-del-parque-infantil-del-parque-municipal-de-torredonjimeno\/\" \/>\n<meta property=\"og:site_name\" content=\"Torredonjimeno Actualidad\" \/>\n<meta property=\"article:published_time\" content=\"2024-07-17T16:09:04+00:00\" \/>\n<meta property=\"article:modified_time\" content=\"2024-07-17T16:09:05+00:00\" \/>\n<meta property=\"og:image\" content=\"https:\/\/torredonjimenoactualidad.com\/wp-content\/uploads\/2024\/07\/IMG_1439-scaled.jpg\" \/>\n\t<meta property=\"og:image:width\" content=\"2560\" \/>\n\t<meta property=\"og:image:height\" content=\"1440\" \/>\n\t<meta property=\"og:image:type\" content=\"image\/jpeg\" \/>\n<meta name=\"author\" content=\"Alba Mar\u00eda Torres\" \/>\n<meta name=\"twitter:card\" content=\"summary_large_image\" \/>\n<meta name=\"twitter:label1\" content=\"Escrito por\" \/>\n\t<meta name=\"twitter:data1\" content=\"Alba Mar\u00eda Torres\" \/>\n\t<meta name=\"twitter:label2\" content=\"Tiempo de lectura\" \/>\n\t<meta name=\"twitter:data2\" content=\"1 minuto\" \/>\n<script type=\"application\/ld+json\" class=\"yoast-schema-graph\">{\"@context\":\"https:\/\/schema.org\",\"@graph\":[{\"@type\":\"Article\",\"@id\":\"https:\/\/torredonjimenoactualidad.com\/index.php\/2024\/07\/17\/sale-a-licitacion-el-quiosco-del-parque-infantil-del-parque-municipal-de-torredonjimeno\/#article\",\"isPartOf\":{\"@id\":\"https:\/\/torredonjimenoactualidad.com\/index.php\/2024\/07\/17\/sale-a-licitacion-el-quiosco-del-parque-infantil-del-parque-municipal-de-torredonjimeno\/\"},\"author\":{\"name\":\"Alba Mar\u00eda Torres\",\"@id\":\"https:\/\/torredonjimenoactualidad.com\/#\/schema\/person\/84de5f233e783ef2c75151a532b54977\"},\"headline\":\"Sale a licitaci\u00f3n el quiosco del parque infantil del Parque Municipal de Torredonjimeno\",\"datePublished\":\"2024-07-17T16:09:04+00:00\",\"dateModified\":\"2024-07-17T16:09:05+00:00\",\"mainEntityOfPage\":{\"@id\":\"https:\/\/torredonjimenoactualidad.com\/index.php\/2024\/07\/17\/sale-a-licitacion-el-quiosco-del-parque-infantil-del-parque-municipal-de-torredonjimeno\/\"},\"wordCount\":235,\"commentCount\":0,\"publisher\":{\"@id\":\"https:\/\/torredonjimenoactualidad.com\/#organization\"},\"articleSection\":[\"local\"],\"inLanguage\":\"es\",\"potentialAction\":[{\"@type\":\"CommentAction\",\"name\":\"Comment\",\"target\":[\"https:\/\/torredonjimenoactualidad.com\/index.php\/2024\/07\/17\/sale-a-licitacion-el-quiosco-del-parque-infantil-del-parque-municipal-de-torredonjimeno\/#respond\"]}]},{\"@type\":\"WebPage\",\"@id\":\"https:\/\/torredonjimenoactualidad.com\/index.php\/2024\/07\/17\/sale-a-licitacion-el-quiosco-del-parque-infantil-del-parque-municipal-de-torredonjimeno\/\",\"url\":\"https:\/\/torredonjimenoactualidad.com\/index.php\/2024\/07\/17\/sale-a-licitacion-el-quiosco-del-parque-infantil-del-parque-municipal-de-torredonjimeno\/\",\"name\":\"Sale a licitaci\u00f3n el quiosco del parque infantil del Parque Municipal de Torredonjimeno - Torredonjimeno Actualidad\",\"isPartOf\":{\"@id\":\"https:\/\/torredonjimenoactualidad.com\/#website\"},\"datePublished\":\"2024-07-17T16:09:04+00:00\",\"dateModified\":\"2024-07-17T16:09:05+00:00\",\"breadcrumb\":{\"@id\":\"https:\/\/torredonjimenoactualidad.com\/index.php\/2024\/07\/17\/sale-a-licitacion-el-quiosco-del-parque-infantil-del-parque-municipal-de-torredonjimeno\/#breadcrumb\"},\"inLanguage\":\"es\",\"potentialAction\":[{\"@type\":\"ReadAction\",\"target\":[\"https:\/\/torredonjimenoactualidad.com\/index.php\/2024\/07\/17\/sale-a-licitacion-el-quiosco-del-parque-infantil-del-parque-municipal-de-torredonjimeno\/\"]}]},{\"@type\":\"BreadcrumbList\",\"@id\":\"https:\/\/torredonjimenoactualidad.com\/index.php\/2024\/07\/17\/sale-a-licitacion-el-quiosco-del-parque-infantil-del-parque-municipal-de-torredonjimeno\/#breadcrumb\",\"itemListElement\":[{\"@type\":\"ListItem\",\"position\":1,\"name\":\"Portada\",\"item\":\"https:\/\/torredonjimenoactualidad.com\/\"},{\"@type\":\"ListItem\",\"position\":2,\"name\":\"Sale a licitaci\u00f3n el quiosco del parque infantil del Parque Municipal de Torredonjimeno\"}]},{\"@type\":\"WebSite\",\"@id\":\"https:\/\/torredonjimenoactualidad.com\/#website\",\"url\":\"https:\/\/torredonjimenoactualidad.com\/\",\"name\":\"Torredonjimeno Actualidad\",\"description\":\"\",\"publisher\":{\"@id\":\"https:\/\/torredonjimenoactualidad.com\/#organization\"},\"potentialAction\":[{\"@type\":\"SearchAction\",\"target\":{\"@type\":\"EntryPoint\",\"urlTemplate\":\"https:\/\/torredonjimenoactualidad.com\/?s={search_term_string}\"},\"query-input\":\"required name=search_term_string\"}],\"inLanguage\":\"es\"},{\"@type\":\"Organization\",\"@id\":\"https:\/\/torredonjimenoactualidad.com\/#organization\",\"name\":\"Torredonjimeno Actualidad\",\"url\":\"https:\/\/torredonjimenoactualidad.com\/\",\"logo\":{\"@type\":\"ImageObject\",\"inLanguage\":\"es\",\"@id\":\"https:\/\/torredonjimenoactualidad.com\/#\/schema\/logo\/image\/\",\"url\":\"https:\/\/torredonjimenoactualidad.com\/wp-content\/uploads\/2023\/02\/logo-torredonjimeno-544x180-1.png\",\"contentUrl\":\"https:\/\/torredonjimenoactualidad.com\/wp-content\/uploads\/2023\/02\/logo-torredonjimeno-544x180-1.png\",\"width\":545,\"height\":112,\"caption\":\"Torredonjimeno Actualidad\"},\"image\":{\"@id\":\"https:\/\/torredonjimenoactualidad.com\/#\/schema\/logo\/image\/\"}},{\"@type\":\"Person\",\"@id\":\"https:\/\/torredonjimenoactualidad.com\/#\/schema\/person\/84de5f233e783ef2c75151a532b54977\",\"name\":\"Alba Mar\u00eda Torres\",\"image\":{\"@type\":\"ImageObject\",\"inLanguage\":\"es\",\"@id\":\"https:\/\/torredonjimenoactualidad.com\/#\/schema\/person\/image\/\",\"url\":\"https:\/\/secure.gravatar.com\/avatar\/f9371f188c71501b4475a9ba2a71595850ec72967f800a2ed8e3e2102859ed65?s=96&d=mm&r=g\",\"contentUrl\":\"https:\/\/secure.gravatar.com\/avatar\/f9371f188c71501b4475a9ba2a71595850ec72967f800a2ed8e3e2102859ed65?s=96&d=mm&r=g\",\"caption\":\"Alba Mar\u00eda Torres\"},\"url\":\"https:\/\/torredonjimenoactualidad.com\/index.php\/author\/alba-torres\/\"}]}<\/script>\n<!-- \/ Yoast SEO plugin. -->","yoast_head_json":{"title":"Sale a licitaci\u00f3n el quiosco del parque infantil del Parque Municipal de Torredonjimeno - Torredonjimeno Actualidad","robots":{"index":"index","follow":"follow","max-snippet":"max-snippet:-1","max-image-preview":"max-image-preview:large","max-video-preview":"max-video-preview:-1"},"canonical":"https:\/\/torredonjimenoactualidad.com\/index.php\/2024\/07\/17\/sale-a-licitacion-el-quiosco-del-parque-infantil-del-parque-municipal-de-torredonjimeno\/","og_locale":"es_ES","og_type":"article","og_title":"Sale a licitaci\u00f3n el quiosco del parque infantil del Parque Municipal de Torredonjimeno - Torredonjimeno Actualidad","og_description":"El Ayuntamiento de Torredonjimeno ha anunciado la licitaci\u00f3n del quiosco ubicado en el parque infantil del Parque Municipal. La publicaci\u00f3n del anuncio se realiz\u00f3 ayer a trav\u00e9s de la p\u00e1gina web del consistorio tosiriano, donde se destaca el objetivo de la concesi\u00f3n de uso privativo de dominio p\u00fablico del espacio destinado al quiosco, con la &hellip; Sale a licitaci\u00f3n el quiosco del parque infantil del Parque Municipal de Torredonjimeno Leer m\u00e1s &raquo;","og_url":"https:\/\/torredonjimenoactualidad.com\/index.php\/2024\/07\/17\/sale-a-licitacion-el-quiosco-del-parque-infantil-del-parque-municipal-de-torredonjimeno\/","og_site_name":"Torredonjimeno Actualidad","article_published_time":"2024-07-17T16:09:04+00:00","article_modified_time":"2024-07-17T16:09:05+00:00","og_image":[{"width":2560,"height":1440,"url":"https:\/\/torredonjimenoactualidad.com\/wp-content\/uploads\/2024\/07\/IMG_1439-scaled.jpg","type":"image\/jpeg"}],"author":"Alba Mar\u00eda Torres","twitter_card":"summary_large_image","twitter_misc":{"Escrito por":"Alba Mar\u00eda Torres","Tiempo de lectura":"1 minuto"},"schema":{"@context":"https:\/\/schema.org","@graph":[{"@type":"Article","@id":"https:\/\/torredonjimenoactualidad.com\/index.php\/2024\/07\/17\/sale-a-licitacion-el-quiosco-del-parque-infantil-del-parque-municipal-de-torredonjimeno\/#article","isPartOf":{"@id":"https:\/\/torredonjimenoactualidad.com\/index.php\/2024\/07\/17\/sale-a-licitacion-el-quiosco-del-parque-infantil-del-parque-municipal-de-torredonjimeno\/"},"author":{"name":"Alba Mar\u00eda Torres","@id":"https:\/\/torredonjimenoactualidad.com\/#\/schema\/person\/84de5f233e783ef2c75151a532b54977"},"headline":"Sale a licitaci\u00f3n el quiosco del parque infantil del Parque Municipal de Torredonjimeno","datePublished":"2024-07-17T16:09:04+00:00","dateModified":"2024-07-17T16:09:05+00:00","mainEntityOfPage":{"@id":"https:\/\/torredonjimenoactualidad.com\/index.php\/2024\/07\/17\/sale-a-licitacion-el-quiosco-del-parque-infantil-del-parque-municipal-de-torredonjimeno\/"},"wordCount":235,"commentCount":0,"publisher":{"@id":"https:\/\/torredonjimenoactualidad.com\/#organization"},"articleSection":["local"],"inLanguage":"es","potentialAction":[{"@type":"CommentAction","name":"Comment","target":["https:\/\/torredonjimenoactualidad.com\/index.php\/2024\/07\/17\/sale-a-licitacion-el-quiosco-del-parque-infantil-del-parque-municipal-de-torredonjimeno\/#respond"]}]},{"@type":"WebPage","@id":"https:\/\/torredonjimenoactualidad.com\/index.php\/2024\/07\/17\/sale-a-licitacion-el-quiosco-del-parque-infantil-del-parque-municipal-de-torredonjimeno\/","url":"https:\/\/torredonjimenoactualidad.com\/index.php\/2024\/07\/17\/sale-a-licitacion-el-quiosco-del-parque-infantil-del-parque-municipal-de-torredonjimeno\/","name":"Sale a licitaci\u00f3n el quiosco del parque infantil del Parque Municipal de Torredonjimeno - Torredonjimeno Actualidad","isPartOf":{"@id":"https:\/\/torredonjimenoactualidad.com\/#website"},"datePublished":"2024-07-17T16:09:04+00:00","dateModified":"2024-07-17T16:09:05+00:00","breadcrumb":{"@id":"https:\/\/torredonjimenoactualidad.com\/index.php\/2024\/07\/17\/sale-a-licitacion-el-quiosco-del-parque-infantil-del-parque-municipal-de-torredonjimeno\/#breadcrumb"},"inLanguage":"es","potentialAction":[{"@type":"ReadAction","target":["https:\/\/torredonjimenoactualidad.com\/index.php\/2024\/07\/17\/sale-a-licitacion-el-quiosco-del-parque-infantil-del-parque-municipal-de-torredonjimeno\/"]}]},{"@type":"BreadcrumbList","@id":"https:\/\/torredonjimenoactualidad.com\/index.php\/2024\/07\/17\/sale-a-licitacion-el-quiosco-del-parque-infantil-del-parque-municipal-de-torredonjimeno\/#breadcrumb","itemListElement":[{"@type":"ListItem","position":1,"name":"Portada","item":"https:\/\/torredonjimenoactualidad.com\/"},{"@type":"ListItem","position":2,"name":"Sale a licitaci\u00f3n el quiosco del parque infantil del Parque Municipal de Torredonjimeno"}]},{"@type":"WebSite","@id":"https:\/\/torredonjimenoactualidad.com\/#website","url":"https:\/\/torredonjimenoactualidad.com\/","name":"Torredonjimeno Actualidad","description":"","publisher":{"@id":"https:\/\/torredonjimenoactualidad.com\/#organization"},"potentialAction":[{"@type":"SearchAction","target":{"@type":"EntryPoint","urlTemplate":"https:\/\/torredonjimenoactualidad.com\/?s={search_term_string}"},"query-input":"required name=search_term_string"}],"inLanguage":"es"},{"@type":"Organization","@id":"https:\/\/torredonjimenoactualidad.com\/#organization","name":"Torredonjimeno Actualidad","url":"https:\/\/torredonjimenoactualidad.com\/","logo":{"@type":"ImageObject","inLanguage":"es","@id":"https:\/\/torredonjimenoactualidad.com\/#\/schema\/logo\/image\/","url":"https:\/\/torredonjimenoactualidad.com\/wp-content\/uploads\/2023\/02\/logo-torredonjimeno-544x180-1.png","contentUrl":"https:\/\/torredonjimenoactualidad.com\/wp-content\/uploads\/2023\/02\/logo-torredonjimeno-544x180-1.png","width":545,"height":112,"caption":"Torredonjimeno Actualidad"},"image":{"@id":"https:\/\/torredonjimenoactualidad.com\/#\/schema\/logo\/image\/"}},{"@type":"Person","@id":"https:\/\/torredonjimenoactualidad.com\/#\/schema\/person\/84de5f233e783ef2c75151a532b54977","name":"Alba Mar\u00eda Torres","image":{"@type":"ImageObject","inLanguage":"es","@id":"https:\/\/torredonjimenoactualidad.com\/#\/schema\/person\/image\/","url":"https:\/\/secure.gravatar.com\/avatar\/f9371f188c71501b4475a9ba2a71595850ec72967f800a2ed8e3e2102859ed65?s=96&d=mm&r=g","contentUrl":"https:\/\/secure.gravatar.com\/avatar\/f9371f188c71501b4475a9ba2a71595850ec72967f800a2ed8e3e2102859ed65?s=96&d=mm&r=g","caption":"Alba Mar\u00eda Torres"},"url":"https:\/\/torredonjimenoactualidad.com\/index.php\/author\/alba-torres\/"}]}},"_links":{"self":[{"href":"https:\/\/torredonjimenoactualidad.com\/index.php\/wp-json\/wp\/v2\/posts\/2189","targetHints":{"allow":["GET"]}}],"collection":[{"href":"https:\/\/torredonjimenoactualidad.com\/index.php\/wp-json\/wp\/v2\/posts"}],"about":[{"href":"https:\/\/torredonjimenoactualidad.com\/index.php\/wp-json\/wp\/v2\/types\/post"}],"author":[{"embeddable":true,"href":"https:\/\/torredonjimenoactualidad.com\/index.php\/wp-json\/wp\/v2\/users\/2"}],"replies":[{"embeddable":true,"href":"https:\/\/torredonjimenoactualidad.com\/index.php\/wp-json\/wp\/v2\/comments?post=2189"}],"version-history":[{"count":1,"href":"https:\/\/torredonjimenoactualidad.com\/index.php\/wp-json\/wp\/v2\/posts\/2189\/revisions"}],"predecessor-version":[{"id":2191,"href":"https:\/\/torredonjimenoactualidad.com\/index.php\/wp-json\/wp\/v2\/posts\/2189\/revisions\/2191"}],"wp:featuredmedia":[{"embeddable":true,"href":"https:\/\/torredonjimenoactualidad.com\/index.php\/wp-json\/wp\/v2\/media\/2190"}],"wp:attachment":[{"href":"https:\/\/torredonjimenoactualidad.com\/index.php\/wp-json\/wp\/v2\/media?parent=2189"}],"wp:term":[{"taxonomy":"category","embeddable":true,"href":"https:\/\/torredonjimenoactualidad.com\/index.php\/wp-json\/wp\/v2\/categories?post=2189"},{"taxonomy":"post_tag","embeddable":true,"href":"https:\/\/torredonjimenoactualidad.com\/index.php\/wp-json\/wp\/v2\/tags?post=2189"}],"curies":[{"name":"wp","href":"https:\/\/api.w.org\/{rel}","templated":true}]}}