{"id":2143,"date":"2024-07-08T16:28:48","date_gmt":"2024-07-08T16:28:48","guid":{"rendered":"https:\/\/torredonjimenoactualidad.com\/?p=2143"},"modified":"2024-07-08T16:28:50","modified_gmt":"2024-07-08T16:28:50","slug":"reyes-destaca-la-atencion-a-ayuntamientos-y-personas-como-prioridades-de-diputacion-en-el-primer-ano-de-mandato","status":"publish","type":"post","link":"https:\/\/torredonjimenoactualidad.com\/index.php\/2024\/07\/08\/reyes-destaca-la-atencion-a-ayuntamientos-y-personas-como-prioridades-de-diputacion-en-el-primer-ano-de-mandato\/","title":{"rendered":"Reyes destaca la atenci\u00f3n a ayuntamientos y personas como prioridades de Diputaci\u00f3n en el primer a\u00f1o de mandato"},"content":{"rendered":"\n<p>El presidente de la Diputaci\u00f3n de Ja\u00e9n, Francisco Reyes, ha realizado un balance del primer a\u00f1o del actual mandato corporativo, en el que ha subrayado que la prioridad durante estos 365 d\u00edas ha sido atender a los ayuntamientos y habitantes de la provincia de Ja\u00e9n.<\/p>\n\n\n\n<p>\u00abRevisar, mejorar y resolver los problemas y las necesidades de los y las jiennenses\u00bb, ha sido y ser\u00e1 el eje que gu\u00eda la acci\u00f3n de un equipo de Gobierno que se ha reunido con el presidente para analizar este a\u00f1o de trabajo donde \u00abla escucha, la anticipaci\u00f3n y la gesti\u00f3n\u00bb han sido \u00abpermanentes\u00bb.<\/p>\n\n\n\n<p>Ha a\u00f1adido que la Diputaci\u00f3n ha sido la \u00abgran aliada de los ayuntamientos, estando a su lado y cooperando a trav\u00e9s de diferentes planes, dando respuesta a los problemas y las situaciones urgentes surgidas, como ha ocurrido con la carencia de jornales por la baja cosecha de aceituna\u00bb.<\/p>\n\n\n\n<p>Reyes ha se\u00f1alado que para ello cuentan con los presupuestos y con unas cuentas que ha calificado como \u00abexpansivas, municipalistas, sociales, ecol\u00f3gicas y con un fuerte car\u00e1cter inversor y generador de empleo, debido a que su cuant\u00eda ha aumentado casi un siete por ciento\u00bb.<\/p>\n\n\n\n<p>En su resumen de este a\u00f1o, el presidente de la Corporaci\u00f3n provincial ha remarcado que estos presupuestos \u00abno son papel mojado porque los ejecutamos, y no todas las administraciones pueden decir lo mismo\u00bb. Al respecto, se ha referido a la liquidaci\u00f3n del presupuesto de 2023 que ha situado a la Diputaci\u00f3n de Ja\u00e9n como \u00abla primera Diputaci\u00f3n de Andaluc\u00eda en gasto por habitante, con 510,4 euros\u00bb.<\/p>\n\n\n\n<p>Por \u00e1reas de gesti\u00f3n, Reyes se ha detenido especialmente en las pol\u00edticas sociales donde el presupuesto se ha incrementado \u00aben m\u00e1s de diez millones de euros hasta alcanzar los 94,5 millones, en lo que es una evidente apuesta por la cohesi\u00f3n social y la igualdad de oportunidades\u00bb.<\/p>\n\n\n\n<p>En este contexto, ha se\u00f1alado que merece una \u00abmenci\u00f3n especial\u00bb el Servicio de Ayuda a Domicilio que gestiona la Diputaci\u00f3n, y en el que actualmente atiende a m\u00e1s de 13.600 personas, con m\u00e1s de 2.600 auxiliares, la mayor\u00eda mujeres. Adem\u00e1s, ha agregado que cuenta este a\u00f1o \u00abcon 7,7 millones m\u00e1s gracias a la mayor financiaci\u00f3n del Gobierno de Espa\u00f1a a la Ley de la Dependencia\u00bb.<\/p>\n\n\n\n<p>Otro de los aspectos b\u00e1sicos en los que se ha trabajado en estos doce meses ha sido el de \u00abser el principal motor de los peque\u00f1os y medianos municipios de la provincia, ser la administraci\u00f3n que escucha, la que atiende, la que coopera y la que hace\u00bb, seg\u00fan ha enfatizado el presidente de la Diputaci\u00f3n. En esta l\u00ednea, ha apuntado que la Diputaci\u00f3n es \u00abla administraci\u00f3n m\u00e1s presente en los proyectos que se han realizado en los grandes municipios, en los de m\u00e1s de 20.000 habitantes de la provincia, como Ja\u00e9n o Linares\u00bb.<\/p>\n\n\n\n<p>Adem\u00e1s, se ha dado respuesta a las necesidades m\u00e1s urgentes de los municipios, como es el caso del Plan Especial de Empleo para paliar la merma de los jornales en la campa\u00f1a de la aceituna como consecuencia de la sequ\u00eda, \u00abmientras la Junta de Andaluc\u00eda ha mirado para otro lado sin mover ni un solo dedo\u00bb.<\/p>\n\n\n\n<p>En total, a trav\u00e9s de los diferentes planes de cooperaci\u00f3n municipal (Plan Provincial de Obras y Servicios, Plan Especial de Empleo y PFEA), ha recordado que \u00abse han destinado en este primer a\u00f1o de mandato 29 millones de euros a los ayuntamientos jiennenses\u00bb.<\/p>\n\n\n\n<h2 class=\"wp-block-heading\">CETEDEX<\/h2>\n\n\n\n<p>Si hay un proyecto en el que Reyes ha puesto el foco especialmente ha sido en el Cetedex, \u00abcon el que la Diputaci\u00f3n est\u00e1 totalmente comprometida desde el principio y que ha avanzado con celeridad en este primer tramo del mandato\u00bb. A su juicio, se trata de \u00abun proyecto estrat\u00e9gico\u00bb y por se est\u00e1 haciendo \u00abun esfuerzo muy importante por lo que puede suponer para la provincia\u00bb.<\/p>\n\n\n\n<p>As\u00ed, ha desgranado algunos de los avances que se han producido este a\u00f1o, desde el convenio con el Instituto Nacional de T\u00e9cnica Aeroespacial (INTA) del Ministerio de Defensa para la puesta en servicio del campo de pruebas avanzadas hasta la aprobaci\u00f3n de 23,5 millones para la expropiaci\u00f3n de las 640 hect\u00e1reas y 154 parcelas donde se ubicar\u00e1n estas instalaciones\u00bb.<\/p>\n\n\n\n<p>\u00abSe han dado pasos muy significativos para el avance de este proyecto del Gobierno de Espa\u00f1a, que prev\u00e9 invertir 220 millones de euros y generar 2.600 empleos en la provincia\u00bb, ha resaltado.<\/p>\n\n\n\n<p>Tambi\u00e9n en materia de empleo que, aunque \u00abno es una competencia de la Diputaci\u00f3n\u00bb, se ha hecho \u00abun esfuerzo importante para poner en marcha, un a\u00f1o m\u00e1s, el Plan de Empleo y Empresa, dotado con 21,7 millones de euros y una treintena de acciones\u00bb.<\/p>\n\n\n\n<p>De igual forma, ha resaltado resaltar la \u00abrevitalizaci\u00f3n de Geolit, que est\u00e1 llamado a tener un papel relevante con el Cetedex\u00bb. Para ello, se ha creado un \u00e1rea centrada en los fondos europeos y tambi\u00e9n en este parque cient\u00edfico y tecnol\u00f3gico, en el que se ha avanzado en el proyecto de la incubadora de alta tecnolog\u00eda para la transici\u00f3n verde y digital (IAT Matriz).<\/p>\n\n\n\n<p>Por lo que concierne a los fondos europeos, el presidente de la Administraci\u00f3n provincial ha incidido en que han dado impulso a los proyectos que se han concedido a la Diputaci\u00f3n, que \u00abson una oportunidad \u00fanica que debemos exprimir al m\u00e1ximo\u00bb.<\/p>\n\n\n\n<p>Hasta el momento, \u00abya se han comprometido m\u00e1s de 197 millones para la provincia de fondos europeos en el marco del Plan de Recuperaci\u00f3n del Gobierno de Espa\u00f1a, 35 de los cuales los gestiona la Diputaci\u00f3n, la mayor\u00eda relacionados con el turismo, la transformaci\u00f3n digital y el cambio clim\u00e1tico\u00bb.<\/p>\n\n\n\n<p>Precisamente en el apartado tur\u00edstico, Reyes ha se\u00f1alado que se han \u00abvolcado\u00bb en la promoci\u00f3n tur\u00edstica de la provincia, que en 2023 \u00abha arrojado los mejores datos tur\u00edsticos de la historia de la provincia, con m\u00e1s de 1,4 millones de pernoctaciones\u00bb. As\u00ed, se ha destacado el esfuerzo realizado para promocionar a Ja\u00e9n como un \u00abaut\u00e9ntico para\u00edso de la gastronom\u00eda, con los chefs con estrella Michel\u00edn y la amplia n\u00f3mina de cocineras y cocineros con los que contamos en la provincia\u00bb.<\/p>\n\n\n\n<p>En este \u00e1mbito promocional, el presidente de la Diputaci\u00f3n tambi\u00e9n ha puesto en valor el trabajo realizado en la promoci\u00f3n del aceite de oliva virgen extra y el apoyo al sector agr\u00edcola y ganadero, con la concesi\u00f3n de m\u00e1s de un mill\u00f3n de euros para 431 ayudas que suponen una inversi\u00f3n de m\u00e1s de 2,8 millones de euros o la apuesta por la industria agroalimentaria jiennense promocionando la marca Degusta Ja\u00e9n.<\/p>\n\n\n\n<p>Otra de las prioridades abordadas a lo largo de este primer a\u00f1o de mandato ha sido la lucha contra el cambio clim\u00e1tico, la sequ\u00eda y el avance en la consecuci\u00f3n de los objetivos de la Agenda 2030.<\/p>\n\n\n\n<p>Sobre esta cuesti\u00f3n, Reyes ha tra\u00eddo a colaci\u00f3n la aprobaci\u00f3n el Plan Provincial de Lucha contra el Cambio Clim\u00e1tico, \u00abuna herramienta fruto del consenso que aglutina 294 acciones y que va a ser un referente\u00bb; o la tramitaci\u00f3n del convenio con el Ministerio de Transici\u00f3n Ecol\u00f3gica para la ejecuci\u00f3n del Plan Urgente de Infraestructuras Hidr\u00e1ulicas, al que se destinar\u00e1n unos 141 millones de euros de los que la Diputaci\u00f3n ha aprobado ya 5,12 millones para este a\u00f1o\u00bb.<\/p>\n\n\n\n<p>De igual manera, Reyes se ha referido a la labor realizada en materia de cultura y deporte en los 97 municipios de la provincia. \u00abHan sido cerca de 700 actividades culturales en estos meses, en las que han participado m\u00e1s de 107.000 personas; y m\u00e1s de 170 deportivas propias de la Diputaci\u00f3n, con la participaci\u00f3n de 19.000 deportistas\u00bb, ha dicho.<\/p>\n\n\n\n<p>Tambi\u00e9n ha dicho haber cumplido con \u00abser la voz de la provincia en las reivindicaciones con los diferentes gobiernos\u00bb: al central sobre todo en las infraestructuras ferroviarias y el\u00e9ctricas y al andaluz en infraestructuras viarias, como la ampliaci\u00f3n de la Autov\u00eda del Olivar y la conversi\u00f3n en autov\u00eda de las carreteras que comunican Ja\u00e9n con C\u00f3rdoba, que \u00absiguen pendientes sin que se vean avances despu\u00e9s de muchos a\u00f1os\u00bb.<\/p>\n","protected":false},"excerpt":{"rendered":"<p>El presidente de la Diputaci\u00f3n de Ja\u00e9n, Francisco Reyes, ha realizado un balance del primer a\u00f1o del actual mandato corporativo, en el que ha subrayado que la prioridad durante estos 365 d\u00edas ha sido atender a los ayuntamientos y habitantes de la provincia de Ja\u00e9n. \u00abRevisar, mejorar y resolver los problemas y las necesidades de &hellip;<\/p>\n<p class=\"read-more\"> <a class=\"\" href=\"https:\/\/torredonjimenoactualidad.com\/index.php\/2024\/07\/08\/reyes-destaca-la-atencion-a-ayuntamientos-y-personas-como-prioridades-de-diputacion-en-el-primer-ano-de-mandato\/\"> <span class=\"screen-reader-text\">Reyes destaca la atenci\u00f3n a ayuntamientos y personas como prioridades de Diputaci\u00f3n en el primer a\u00f1o de mandato<\/span> Leer m\u00e1s &raquo;<\/a><\/p>\n","protected":false},"author":3,"featured_media":2144,"comment_status":"closed","ping_status":"open","sticky":false,"template":"","format":"standard","meta":{"site-sidebar-layout":"default","site-content-layout":"default","ast-global-header-display":"","ast-main-header-display":"","ast-hfb-above-header-display":"","ast-hfb-below-header-display":"","ast-hfb-mobile-header-display":"","site-post-title":"","ast-breadcrumbs-content":"","ast-featured-img":"","footer-sml-layout":"","theme-transparent-header-meta":"","adv-header-id-meta":"","stick-header-meta":"","header-above-stick-meta":"","header-main-stick-meta":"","header-below-stick-meta":"","footnotes":""},"categories":[8],"tags":[],"class_list":["post-2143","post","type-post","status-publish","format-standard","has-post-thumbnail","hentry","category-provincia"],"yoast_head":"<!-- This site is optimized with the Yoast SEO plugin v20.8 - https:\/\/yoast.com\/wordpress\/plugins\/seo\/ -->\n<title>Reyes destaca la atenci\u00f3n a ayuntamientos y personas como prioridades de Diputaci\u00f3n en el primer a\u00f1o de mandato - Torredonjimeno Actualidad<\/title>\n<meta name=\"robots\" content=\"index, follow, max-snippet:-1, max-image-preview:large, max-video-preview:-1\" \/>\n<link rel=\"canonical\" href=\"https:\/\/torredonjimenoactualidad.com\/index.php\/2024\/07\/08\/reyes-destaca-la-atencion-a-ayuntamientos-y-personas-como-prioridades-de-diputacion-en-el-primer-ano-de-mandato\/\" \/>\n<meta property=\"og:locale\" content=\"es_ES\" \/>\n<meta property=\"og:type\" content=\"article\" \/>\n<meta property=\"og:title\" content=\"Reyes destaca la atenci\u00f3n a ayuntamientos y personas como prioridades de Diputaci\u00f3n en el primer a\u00f1o de mandato - Torredonjimeno Actualidad\" \/>\n<meta property=\"og:description\" content=\"El presidente de la Diputaci\u00f3n de Ja\u00e9n, Francisco Reyes, ha realizado un balance del primer a\u00f1o del actual mandato corporativo, en el que ha subrayado que la prioridad durante estos 365 d\u00edas ha sido atender a los ayuntamientos y habitantes de la provincia de Ja\u00e9n. \u00abRevisar, mejorar y resolver los problemas y las necesidades de &hellip; Reyes destaca la atenci\u00f3n a ayuntamientos y personas como prioridades de Diputaci\u00f3n en el primer a\u00f1o de mandato Leer m\u00e1s &raquo;\" \/>\n<meta property=\"og:url\" content=\"https:\/\/torredonjimenoactualidad.com\/index.php\/2024\/07\/08\/reyes-destaca-la-atencion-a-ayuntamientos-y-personas-como-prioridades-de-diputacion-en-el-primer-ano-de-mandato\/\" \/>\n<meta property=\"og:site_name\" content=\"Torredonjimeno Actualidad\" \/>\n<meta property=\"article:published_time\" content=\"2024-07-08T16:28:48+00:00\" \/>\n<meta property=\"article:modified_time\" content=\"2024-07-08T16:28:50+00:00\" \/>\n<meta property=\"og:image\" content=\"https:\/\/torredonjimenoactualidad.com\/wp-content\/uploads\/2024\/07\/20240708_Balance_primer_axo_mandato_Diputacixn_x1x.jpg\" \/>\n\t<meta property=\"og:image:width\" content=\"1858\" \/>\n\t<meta property=\"og:image:height\" content=\"1062\" \/>\n\t<meta property=\"og:image:type\" content=\"image\/jpeg\" \/>\n<meta name=\"author\" content=\"Redaccion\" \/>\n<meta name=\"twitter:card\" content=\"summary_large_image\" \/>\n<meta name=\"twitter:label1\" content=\"Escrito por\" \/>\n\t<meta name=\"twitter:data1\" content=\"Redaccion\" \/>\n\t<meta name=\"twitter:label2\" content=\"Tiempo de lectura\" \/>\n\t<meta name=\"twitter:data2\" content=\"7 minutos\" \/>\n<script type=\"application\/ld+json\" class=\"yoast-schema-graph\">{\"@context\":\"https:\/\/schema.org\",\"@graph\":[{\"@type\":\"Article\",\"@id\":\"https:\/\/torredonjimenoactualidad.com\/index.php\/2024\/07\/08\/reyes-destaca-la-atencion-a-ayuntamientos-y-personas-como-prioridades-de-diputacion-en-el-primer-ano-de-mandato\/#article\",\"isPartOf\":{\"@id\":\"https:\/\/torredonjimenoactualidad.com\/index.php\/2024\/07\/08\/reyes-destaca-la-atencion-a-ayuntamientos-y-personas-como-prioridades-de-diputacion-en-el-primer-ano-de-mandato\/\"},\"author\":{\"name\":\"Redaccion\",\"@id\":\"https:\/\/torredonjimenoactualidad.com\/#\/schema\/person\/11f05803cdf40dbeb7f4fbf2365c9ac5\"},\"headline\":\"Reyes destaca la atenci\u00f3n a ayuntamientos y personas como prioridades de Diputaci\u00f3n en el primer a\u00f1o de mandato\",\"datePublished\":\"2024-07-08T16:28:48+00:00\",\"dateModified\":\"2024-07-08T16:28:50+00:00\",\"mainEntityOfPage\":{\"@id\":\"https:\/\/torredonjimenoactualidad.com\/index.php\/2024\/07\/08\/reyes-destaca-la-atencion-a-ayuntamientos-y-personas-como-prioridades-de-diputacion-en-el-primer-ano-de-mandato\/\"},\"wordCount\":1441,\"publisher\":{\"@id\":\"https:\/\/torredonjimenoactualidad.com\/#organization\"},\"articleSection\":[\"provincia\"],\"inLanguage\":\"es\"},{\"@type\":\"WebPage\",\"@id\":\"https:\/\/torredonjimenoactualidad.com\/index.php\/2024\/07\/08\/reyes-destaca-la-atencion-a-ayuntamientos-y-personas-como-prioridades-de-diputacion-en-el-primer-ano-de-mandato\/\",\"url\":\"https:\/\/torredonjimenoactualidad.com\/index.php\/2024\/07\/08\/reyes-destaca-la-atencion-a-ayuntamientos-y-personas-como-prioridades-de-diputacion-en-el-primer-ano-de-mandato\/\",\"name\":\"Reyes destaca la atenci\u00f3n a ayuntamientos y personas como prioridades de Diputaci\u00f3n en el primer a\u00f1o de mandato - Torredonjimeno Actualidad\",\"isPartOf\":{\"@id\":\"https:\/\/torredonjimenoactualidad.com\/#website\"},\"datePublished\":\"2024-07-08T16:28:48+00:00\",\"dateModified\":\"2024-07-08T16:28:50+00:00\",\"breadcrumb\":{\"@id\":\"https:\/\/torredonjimenoactualidad.com\/index.php\/2024\/07\/08\/reyes-destaca-la-atencion-a-ayuntamientos-y-personas-como-prioridades-de-diputacion-en-el-primer-ano-de-mandato\/#breadcrumb\"},\"inLanguage\":\"es\",\"potentialAction\":[{\"@type\":\"ReadAction\",\"target\":[\"https:\/\/torredonjimenoactualidad.com\/index.php\/2024\/07\/08\/reyes-destaca-la-atencion-a-ayuntamientos-y-personas-como-prioridades-de-diputacion-en-el-primer-ano-de-mandato\/\"]}]},{\"@type\":\"BreadcrumbList\",\"@id\":\"https:\/\/torredonjimenoactualidad.com\/index.php\/2024\/07\/08\/reyes-destaca-la-atencion-a-ayuntamientos-y-personas-como-prioridades-de-diputacion-en-el-primer-ano-de-mandato\/#breadcrumb\",\"itemListElement\":[{\"@type\":\"ListItem\",\"position\":1,\"name\":\"Portada\",\"item\":\"https:\/\/torredonjimenoactualidad.com\/\"},{\"@type\":\"ListItem\",\"position\":2,\"name\":\"Reyes destaca la atenci\u00f3n a ayuntamientos y personas como prioridades de Diputaci\u00f3n en el primer a\u00f1o de mandato\"}]},{\"@type\":\"WebSite\",\"@id\":\"https:\/\/torredonjimenoactualidad.com\/#website\",\"url\":\"https:\/\/torredonjimenoactualidad.com\/\",\"name\":\"Torredonjimeno Actualidad\",\"description\":\"\",\"publisher\":{\"@id\":\"https:\/\/torredonjimenoactualidad.com\/#organization\"},\"potentialAction\":[{\"@type\":\"SearchAction\",\"target\":{\"@type\":\"EntryPoint\",\"urlTemplate\":\"https:\/\/torredonjimenoactualidad.com\/?s={search_term_string}\"},\"query-input\":\"required name=search_term_string\"}],\"inLanguage\":\"es\"},{\"@type\":\"Organization\",\"@id\":\"https:\/\/torredonjimenoactualidad.com\/#organization\",\"name\":\"Torredonjimeno Actualidad\",\"url\":\"https:\/\/torredonjimenoactualidad.com\/\",\"logo\":{\"@type\":\"ImageObject\",\"inLanguage\":\"es\",\"@id\":\"https:\/\/torredonjimenoactualidad.com\/#\/schema\/logo\/image\/\",\"url\":\"https:\/\/torredonjimenoactualidad.com\/wp-content\/uploads\/2023\/02\/logo-torredonjimeno-544x180-1.png\",\"contentUrl\":\"https:\/\/torredonjimenoactualidad.com\/wp-content\/uploads\/2023\/02\/logo-torredonjimeno-544x180-1.png\",\"width\":545,\"height\":112,\"caption\":\"Torredonjimeno Actualidad\"},\"image\":{\"@id\":\"https:\/\/torredonjimenoactualidad.com\/#\/schema\/logo\/image\/\"}},{\"@type\":\"Person\",\"@id\":\"https:\/\/torredonjimenoactualidad.com\/#\/schema\/person\/11f05803cdf40dbeb7f4fbf2365c9ac5\",\"name\":\"Redaccion\",\"image\":{\"@type\":\"ImageObject\",\"inLanguage\":\"es\",\"@id\":\"https:\/\/torredonjimenoactualidad.com\/#\/schema\/person\/image\/\",\"url\":\"https:\/\/secure.gravatar.com\/avatar\/5917bab7eff43e17746fd29b509939469470810b6b989b7cc2f89e3188399bf3?s=96&d=mm&r=g\",\"contentUrl\":\"https:\/\/secure.gravatar.com\/avatar\/5917bab7eff43e17746fd29b509939469470810b6b989b7cc2f89e3188399bf3?s=96&d=mm&r=g\",\"caption\":\"Redaccion\"},\"url\":\"https:\/\/torredonjimenoactualidad.com\/index.php\/author\/jose-bueno\/\"}]}<\/script>\n<!-- \/ Yoast SEO plugin. -->","yoast_head_json":{"title":"Reyes destaca la atenci\u00f3n a ayuntamientos y personas como prioridades de Diputaci\u00f3n en el primer a\u00f1o de mandato - Torredonjimeno Actualidad","robots":{"index":"index","follow":"follow","max-snippet":"max-snippet:-1","max-image-preview":"max-image-preview:large","max-video-preview":"max-video-preview:-1"},"canonical":"https:\/\/torredonjimenoactualidad.com\/index.php\/2024\/07\/08\/reyes-destaca-la-atencion-a-ayuntamientos-y-personas-como-prioridades-de-diputacion-en-el-primer-ano-de-mandato\/","og_locale":"es_ES","og_type":"article","og_title":"Reyes destaca la atenci\u00f3n a ayuntamientos y personas como prioridades de Diputaci\u00f3n en el primer a\u00f1o de mandato - Torredonjimeno Actualidad","og_description":"El presidente de la Diputaci\u00f3n de Ja\u00e9n, Francisco Reyes, ha realizado un balance del primer a\u00f1o del actual mandato corporativo, en el que ha subrayado que la prioridad durante estos 365 d\u00edas ha sido atender a los ayuntamientos y habitantes de la provincia de Ja\u00e9n. \u00abRevisar, mejorar y resolver los problemas y las necesidades de &hellip; Reyes destaca la atenci\u00f3n a ayuntamientos y personas como prioridades de Diputaci\u00f3n en el primer a\u00f1o de mandato Leer m\u00e1s &raquo;","og_url":"https:\/\/torredonjimenoactualidad.com\/index.php\/2024\/07\/08\/reyes-destaca-la-atencion-a-ayuntamientos-y-personas-como-prioridades-de-diputacion-en-el-primer-ano-de-mandato\/","og_site_name":"Torredonjimeno Actualidad","article_published_time":"2024-07-08T16:28:48+00:00","article_modified_time":"2024-07-08T16:28:50+00:00","og_image":[{"width":1858,"height":1062,"url":"https:\/\/torredonjimenoactualidad.com\/wp-content\/uploads\/2024\/07\/20240708_Balance_primer_axo_mandato_Diputacixn_x1x.jpg","type":"image\/jpeg"}],"author":"Redaccion","twitter_card":"summary_large_image","twitter_misc":{"Escrito por":"Redaccion","Tiempo de lectura":"7 minutos"},"schema":{"@context":"https:\/\/schema.org","@graph":[{"@type":"Article","@id":"https:\/\/torredonjimenoactualidad.com\/index.php\/2024\/07\/08\/reyes-destaca-la-atencion-a-ayuntamientos-y-personas-como-prioridades-de-diputacion-en-el-primer-ano-de-mandato\/#article","isPartOf":{"@id":"https:\/\/torredonjimenoactualidad.com\/index.php\/2024\/07\/08\/reyes-destaca-la-atencion-a-ayuntamientos-y-personas-como-prioridades-de-diputacion-en-el-primer-ano-de-mandato\/"},"author":{"name":"Redaccion","@id":"https:\/\/torredonjimenoactualidad.com\/#\/schema\/person\/11f05803cdf40dbeb7f4fbf2365c9ac5"},"headline":"Reyes destaca la atenci\u00f3n a ayuntamientos y personas como prioridades de Diputaci\u00f3n en el primer a\u00f1o de mandato","datePublished":"2024-07-08T16:28:48+00:00","dateModified":"2024-07-08T16:28:50+00:00","mainEntityOfPage":{"@id":"https:\/\/torredonjimenoactualidad.com\/index.php\/2024\/07\/08\/reyes-destaca-la-atencion-a-ayuntamientos-y-personas-como-prioridades-de-diputacion-en-el-primer-ano-de-mandato\/"},"wordCount":1441,"publisher":{"@id":"https:\/\/torredonjimenoactualidad.com\/#organization"},"articleSection":["provincia"],"inLanguage":"es"},{"@type":"WebPage","@id":"https:\/\/torredonjimenoactualidad.com\/index.php\/2024\/07\/08\/reyes-destaca-la-atencion-a-ayuntamientos-y-personas-como-prioridades-de-diputacion-en-el-primer-ano-de-mandato\/","url":"https:\/\/torredonjimenoactualidad.com\/index.php\/2024\/07\/08\/reyes-destaca-la-atencion-a-ayuntamientos-y-personas-como-prioridades-de-diputacion-en-el-primer-ano-de-mandato\/","name":"Reyes destaca la atenci\u00f3n a ayuntamientos y personas como prioridades de Diputaci\u00f3n en el primer a\u00f1o de mandato - Torredonjimeno Actualidad","isPartOf":{"@id":"https:\/\/torredonjimenoactualidad.com\/#website"},"datePublished":"2024-07-08T16:28:48+00:00","dateModified":"2024-07-08T16:28:50+00:00","breadcrumb":{"@id":"https:\/\/torredonjimenoactualidad.com\/index.php\/2024\/07\/08\/reyes-destaca-la-atencion-a-ayuntamientos-y-personas-como-prioridades-de-diputacion-en-el-primer-ano-de-mandato\/#breadcrumb"},"inLanguage":"es","potentialAction":[{"@type":"ReadAction","target":["https:\/\/torredonjimenoactualidad.com\/index.php\/2024\/07\/08\/reyes-destaca-la-atencion-a-ayuntamientos-y-personas-como-prioridades-de-diputacion-en-el-primer-ano-de-mandato\/"]}]},{"@type":"BreadcrumbList","@id":"https:\/\/torredonjimenoactualidad.com\/index.php\/2024\/07\/08\/reyes-destaca-la-atencion-a-ayuntamientos-y-personas-como-prioridades-de-diputacion-en-el-primer-ano-de-mandato\/#breadcrumb","itemListElement":[{"@type":"ListItem","position":1,"name":"Portada","item":"https:\/\/torredonjimenoactualidad.com\/"},{"@type":"ListItem","position":2,"name":"Reyes destaca la atenci\u00f3n a ayuntamientos y personas como prioridades de Diputaci\u00f3n en el primer a\u00f1o de mandato"}]},{"@type":"WebSite","@id":"https:\/\/torredonjimenoactualidad.com\/#website","url":"https:\/\/torredonjimenoactualidad.com\/","name":"Torredonjimeno Actualidad","description":"","publisher":{"@id":"https:\/\/torredonjimenoactualidad.com\/#organization"},"potentialAction":[{"@type":"SearchAction","target":{"@type":"EntryPoint","urlTemplate":"https:\/\/torredonjimenoactualidad.com\/?s={search_term_string}"},"query-input":"required name=search_term_string"}],"inLanguage":"es"},{"@type":"Organization","@id":"https:\/\/torredonjimenoactualidad.com\/#organization","name":"Torredonjimeno Actualidad","url":"https:\/\/torredonjimenoactualidad.com\/","logo":{"@type":"ImageObject","inLanguage":"es","@id":"https:\/\/torredonjimenoactualidad.com\/#\/schema\/logo\/image\/","url":"https:\/\/torredonjimenoactualidad.com\/wp-content\/uploads\/2023\/02\/logo-torredonjimeno-544x180-1.png","contentUrl":"https:\/\/torredonjimenoactualidad.com\/wp-content\/uploads\/2023\/02\/logo-torredonjimeno-544x180-1.png","width":545,"height":112,"caption":"Torredonjimeno Actualidad"},"image":{"@id":"https:\/\/torredonjimenoactualidad.com\/#\/schema\/logo\/image\/"}},{"@type":"Person","@id":"https:\/\/torredonjimenoactualidad.com\/#\/schema\/person\/11f05803cdf40dbeb7f4fbf2365c9ac5","name":"Redaccion","image":{"@type":"ImageObject","inLanguage":"es","@id":"https:\/\/torredonjimenoactualidad.com\/#\/schema\/person\/image\/","url":"https:\/\/secure.gravatar.com\/avatar\/5917bab7eff43e17746fd29b509939469470810b6b989b7cc2f89e3188399bf3?s=96&d=mm&r=g","contentUrl":"https:\/\/secure.gravatar.com\/avatar\/5917bab7eff43e17746fd29b509939469470810b6b989b7cc2f89e3188399bf3?s=96&d=mm&r=g","caption":"Redaccion"},"url":"https:\/\/torredonjimenoactualidad.com\/index.php\/author\/jose-bueno\/"}]}},"_links":{"self":[{"href":"https:\/\/torredonjimenoactualidad.com\/index.php\/wp-json\/wp\/v2\/posts\/2143","targetHints":{"allow":["GET"]}}],"collection":[{"href":"https:\/\/torredonjimenoactualidad.com\/index.php\/wp-json\/wp\/v2\/posts"}],"about":[{"href":"https:\/\/torredonjimenoactualidad.com\/index.php\/wp-json\/wp\/v2\/types\/post"}],"author":[{"embeddable":true,"href":"https:\/\/torredonjimenoactualidad.com\/index.php\/wp-json\/wp\/v2\/users\/3"}],"replies":[{"embeddable":true,"href":"https:\/\/torredonjimenoactualidad.com\/index.php\/wp-json\/wp\/v2\/comments?post=2143"}],"version-history":[{"count":1,"href":"https:\/\/torredonjimenoactualidad.com\/index.php\/wp-json\/wp\/v2\/posts\/2143\/revisions"}],"predecessor-version":[{"id":2145,"href":"https:\/\/torredonjimenoactualidad.com\/index.php\/wp-json\/wp\/v2\/posts\/2143\/revisions\/2145"}],"wp:featuredmedia":[{"embeddable":true,"href":"https:\/\/torredonjimenoactualidad.com\/index.php\/wp-json\/wp\/v2\/media\/2144"}],"wp:attachment":[{"href":"https:\/\/torredonjimenoactualidad.com\/index.php\/wp-json\/wp\/v2\/media?parent=2143"}],"wp:term":[{"taxonomy":"category","embeddable":true,"href":"https:\/\/torredonjimenoactualidad.com\/index.php\/wp-json\/wp\/v2\/categories?post=2143"},{"taxonomy":"post_tag","embeddable":true,"href":"https:\/\/torredonjimenoactualidad.com\/index.php\/wp-json\/wp\/v2\/tags?post=2143"}],"curies":[{"name":"wp","href":"https:\/\/api.w.org\/{rel}","templated":true}]}}