{"id":2140,"date":"2024-07-05T17:19:28","date_gmt":"2024-07-05T17:19:28","guid":{"rendered":"https:\/\/torredonjimenoactualidad.com\/?p=2140"},"modified":"2024-07-05T17:19:29","modified_gmt":"2024-07-05T17:19:29","slug":"el-presidente-de-la-diputacion-visita-junto-a-la-ministra-de-defensa-los-terrenos-del-campus-principal-del-cetedex","status":"publish","type":"post","link":"https:\/\/torredonjimenoactualidad.com\/index.php\/2024\/07\/05\/el-presidente-de-la-diputacion-visita-junto-a-la-ministra-de-defensa-los-terrenos-del-campus-principal-del-cetedex\/","title":{"rendered":"El presidente de la Diputaci\u00f3n visita junto a la ministra de Defensa los terrenos del campus principal del CETEDEX"},"content":{"rendered":"\n<p>El presidente de la Diputaci\u00f3n de Ja\u00e9n, Paco Reyes, ha visitado junto a la ministra de Defensa, Margarita Robles, y a la secretaria de Estado de Defensa, Amparo Valcarce, los terrenos donde en los pr\u00f3ximos meses se iniciar\u00e1 la construcci\u00f3n del campus principal del Centro Tecnol\u00f3gico de Desarrollo y Experimentaci\u00f3n (CETEDEX). Reyes ha destacado los avances significativos de este proyecto que \u201cser\u00e1 una realidad m\u00e1s pronto que tarde gracias a la determinaci\u00f3n y a la apuesta del Gobierno de Espa\u00f1a, y que est\u00e1 llamado a marcar el futuro de la provincia de Ja\u00e9n\u201d.<\/p>\n\n\n\n<p>En su intervenci\u00f3n, el presidente de la Administraci\u00f3n provincial ha recordado los principales pasos que se han dado en estos 19 meses, desde que el presidente del Gobierno de Espa\u00f1a anunciara la construcci\u00f3n del CETEDEX. La cesi\u00f3n de m\u00e1s de 80.000 metros cuadrados por parte del anterior equipo de gobierno en el Ayuntamiento de Ja\u00e9n para la construcci\u00f3n del campus principal, la puesta en marcha de la Oficina Provincial de Atracci\u00f3n de Empresas Inversoras ligada al CETEDEX, con la colaboraci\u00f3n con la Confederaci\u00f3n de Empresarios de Ja\u00e9n; la C\u00e1tedra CETEDEX por parte de la Universidad de Ja\u00e9n y el Isdefe; o el convenio entre la Diputaci\u00f3n y el INTA para la construcci\u00f3n del campo de pruebas, son los principales hitos de este periodo en el que, mientras tanto, ya se han realizado las primeras licitaciones de suministros para este centro por parte del INTA por importe de 6 millones de euros.<\/p>\n\n\n\n<p>\u201cLa Diputaci\u00f3n Provincial est\u00e1 totalmente inmersa ya en el expediente de expropiaci\u00f3n de los terrenos para el Campo de Pruebas Avanzadas. 640 hect\u00e1reas a las que vamos a destinar para su adquisici\u00f3n 23,5 millones de euros\u201d, ha detallado Paco Reyes, que ha avanzado que \u201cdespu\u00e9s de resolver las alegaciones de los propietarios a la declaraci\u00f3n de utilidad p\u00fablica e inter\u00e9s social, este mismo mes vamos a iniciar el expediente de ocupaci\u00f3n urgente, con el objetivo de que en el \u00faltimo trimestre del a\u00f1o podamos realizar la cesi\u00f3n de los terrenos al Ministerio de Defensa\u201d.<\/p>\n\n\n\n<p>De este modo, ha apuntado el presidente de la Diputaci\u00f3n, \u201cseguimos cumpliendo los compromisos y los tiempos. La provincia de Ja\u00e9n est\u00e1 preparada y dispuesta para aprovechar las oportunidades que representa el CETEDEX, con el desarrollo industrial, empresarial y de generaci\u00f3n de empleo que lleva aparejado, m\u00e1xime despu\u00e9s de conocer la apuesta del Gobierno de Espa\u00f1a para cumplir el objetivo de inversi\u00f3n del 2% en Defensa fijado por la OTAN para 2029\u201d.<\/p>\n\n\n\n<p>Por su parte, la ministra de Defensa, Margarita Robles, ha puesto de manifiesto la apuesta del Ministerio por la innovaci\u00f3n y la tecnolog\u00eda. \u201cEn un contexto geoestrat\u00e9gico internacional con 56 conflictos declarados, sabemos perfectamente que hay que invertir en Defensa, porque queremos unas Fuerzas Armadas modernas, preparadas tecnol\u00f3gicamente y punteras en Europa, y este centro contribuir\u00e1 a ese objetivo\u201d. Robles ha destacado el trabajo conjunto de todas las administraciones \u201cen una apuesta clara por Ja\u00e9n, por la tecnolog\u00eda dual, y la creaci\u00f3n de puestos de trabajo en pilares que son el futuro, como la inteligencia artificial o la lucha contra drones\u201d, y ha aprovechado para hacer un llamamiento al sector industrial de la provincia, \u201cpara que se implique en este proyecto\u201d.<\/p>\n\n\n\n<p>En esta visita a los terrenos del CETEDEX tambi\u00e9n han participado el general de Divisi\u00f3n y subdirector general de Sistemas Terrestres del Instituto Nacional de T\u00e9cnica Aeroespacial (INTA) dependiente del Ministerio de Defensa, Jes\u00fas Carlos G\u00f3mez Pardo; el alcalde de Ja\u00e9n, Agust\u00edn Gonz\u00e1lez; el delegado del Gobierno en Andaluc\u00eda, Pedro Fern\u00e1ndez; el consejero de Universidad, Investigaci\u00f3n e Innovaci\u00f3n, Jos\u00e9 Carlos G\u00f3mez; el subdelegado del Gobierno en Ja\u00e9n, Manuel Fern\u00e1ndez; y el subdelegado de Defensa en Ja\u00e9n, el coronel Evaristo Jaime Guti\u00e9rrez del Castillo, entre otras autoridades.<\/p>\n","protected":false},"excerpt":{"rendered":"<p>El presidente de la Diputaci\u00f3n de Ja\u00e9n, Paco Reyes, ha visitado junto a la ministra de Defensa, Margarita Robles, y a la secretaria de Estado de Defensa, Amparo Valcarce, los terrenos donde en los pr\u00f3ximos meses se iniciar\u00e1 la construcci\u00f3n del campus principal del Centro Tecnol\u00f3gico de Desarrollo y Experimentaci\u00f3n (CETEDEX). Reyes ha destacado los &hellip;<\/p>\n<p class=\"read-more\"> <a class=\"\" href=\"https:\/\/torredonjimenoactualidad.com\/index.php\/2024\/07\/05\/el-presidente-de-la-diputacion-visita-junto-a-la-ministra-de-defensa-los-terrenos-del-campus-principal-del-cetedex\/\"> <span class=\"screen-reader-text\">El presidente de la Diputaci\u00f3n visita junto a la ministra de Defensa los terrenos del campus principal del CETEDEX<\/span> Leer m\u00e1s &raquo;<\/a><\/p>\n","protected":false},"author":3,"featured_media":2141,"comment_status":"open","ping_status":"open","sticky":false,"template":"","format":"standard","meta":{"site-sidebar-layout":"default","site-content-layout":"default","ast-global-header-display":"","ast-main-header-display":"","ast-hfb-above-header-display":"","ast-hfb-below-header-display":"","ast-hfb-mobile-header-display":"","site-post-title":"","ast-breadcrumbs-content":"","ast-featured-img":"","footer-sml-layout":"","theme-transparent-header-meta":"","adv-header-id-meta":"","stick-header-meta":"","header-above-stick-meta":"","header-main-stick-meta":"","header-below-stick-meta":"","footnotes":""},"categories":[8],"tags":[],"class_list":["post-2140","post","type-post","status-publish","format-standard","has-post-thumbnail","hentry","category-provincia"],"yoast_head":"<!-- This site is optimized with the Yoast SEO plugin v20.8 - https:\/\/yoast.com\/wordpress\/plugins\/seo\/ -->\n<title>El presidente de la Diputaci\u00f3n visita junto a la ministra de Defensa los terrenos del campus principal del CETEDEX - Torredonjimeno Actualidad<\/title>\n<meta name=\"robots\" content=\"index, follow, max-snippet:-1, max-image-preview:large, max-video-preview:-1\" \/>\n<link rel=\"canonical\" href=\"https:\/\/torredonjimenoactualidad.com\/index.php\/2024\/07\/05\/el-presidente-de-la-diputacion-visita-junto-a-la-ministra-de-defensa-los-terrenos-del-campus-principal-del-cetedex\/\" \/>\n<meta property=\"og:locale\" content=\"es_ES\" \/>\n<meta property=\"og:type\" content=\"article\" \/>\n<meta property=\"og:title\" content=\"El presidente de la Diputaci\u00f3n visita junto a la ministra de Defensa los terrenos del campus principal del CETEDEX - Torredonjimeno Actualidad\" \/>\n<meta property=\"og:description\" content=\"El presidente de la Diputaci\u00f3n de Ja\u00e9n, Paco Reyes, ha visitado junto a la ministra de Defensa, Margarita Robles, y a la secretaria de Estado de Defensa, Amparo Valcarce, los terrenos donde en los pr\u00f3ximos meses se iniciar\u00e1 la construcci\u00f3n del campus principal del Centro Tecnol\u00f3gico de Desarrollo y Experimentaci\u00f3n (CETEDEX). Reyes ha destacado los &hellip; El presidente de la Diputaci\u00f3n visita junto a la ministra de Defensa los terrenos del campus principal del CETEDEX Leer m\u00e1s &raquo;\" \/>\n<meta property=\"og:url\" content=\"https:\/\/torredonjimenoactualidad.com\/index.php\/2024\/07\/05\/el-presidente-de-la-diputacion-visita-junto-a-la-ministra-de-defensa-los-terrenos-del-campus-principal-del-cetedex\/\" \/>\n<meta property=\"og:site_name\" content=\"Torredonjimeno Actualidad\" \/>\n<meta property=\"article:published_time\" content=\"2024-07-05T17:19:28+00:00\" \/>\n<meta property=\"article:modified_time\" content=\"2024-07-05T17:19:29+00:00\" \/>\n<meta property=\"og:image\" content=\"https:\/\/torredonjimenoactualidad.com\/wp-content\/uploads\/2024\/07\/20240705_Visita_de_la_ministra_de_Defensa_a_los_terrenos_del_CETEDEX_1.jpeg\" \/>\n\t<meta property=\"og:image:width\" content=\"1600\" \/>\n\t<meta property=\"og:image:height\" content=\"914\" \/>\n\t<meta property=\"og:image:type\" content=\"image\/jpeg\" \/>\n<meta name=\"author\" content=\"Redaccion\" \/>\n<meta name=\"twitter:card\" content=\"summary_large_image\" \/>\n<meta name=\"twitter:label1\" content=\"Escrito por\" \/>\n\t<meta name=\"twitter:data1\" content=\"Redaccion\" \/>\n\t<meta name=\"twitter:label2\" content=\"Tiempo de lectura\" \/>\n\t<meta name=\"twitter:data2\" content=\"3 minutos\" \/>\n<script type=\"application\/ld+json\" class=\"yoast-schema-graph\">{\"@context\":\"https:\/\/schema.org\",\"@graph\":[{\"@type\":\"Article\",\"@id\":\"https:\/\/torredonjimenoactualidad.com\/index.php\/2024\/07\/05\/el-presidente-de-la-diputacion-visita-junto-a-la-ministra-de-defensa-los-terrenos-del-campus-principal-del-cetedex\/#article\",\"isPartOf\":{\"@id\":\"https:\/\/torredonjimenoactualidad.com\/index.php\/2024\/07\/05\/el-presidente-de-la-diputacion-visita-junto-a-la-ministra-de-defensa-los-terrenos-del-campus-principal-del-cetedex\/\"},\"author\":{\"name\":\"Redaccion\",\"@id\":\"https:\/\/torredonjimenoactualidad.com\/#\/schema\/person\/11f05803cdf40dbeb7f4fbf2365c9ac5\"},\"headline\":\"El presidente de la Diputaci\u00f3n visita junto a la ministra de Defensa los terrenos del campus principal del CETEDEX\",\"datePublished\":\"2024-07-05T17:19:28+00:00\",\"dateModified\":\"2024-07-05T17:19:29+00:00\",\"mainEntityOfPage\":{\"@id\":\"https:\/\/torredonjimenoactualidad.com\/index.php\/2024\/07\/05\/el-presidente-de-la-diputacion-visita-junto-a-la-ministra-de-defensa-los-terrenos-del-campus-principal-del-cetedex\/\"},\"wordCount\":697,\"commentCount\":0,\"publisher\":{\"@id\":\"https:\/\/torredonjimenoactualidad.com\/#organization\"},\"articleSection\":[\"provincia\"],\"inLanguage\":\"es\",\"potentialAction\":[{\"@type\":\"CommentAction\",\"name\":\"Comment\",\"target\":[\"https:\/\/torredonjimenoactualidad.com\/index.php\/2024\/07\/05\/el-presidente-de-la-diputacion-visita-junto-a-la-ministra-de-defensa-los-terrenos-del-campus-principal-del-cetedex\/#respond\"]}]},{\"@type\":\"WebPage\",\"@id\":\"https:\/\/torredonjimenoactualidad.com\/index.php\/2024\/07\/05\/el-presidente-de-la-diputacion-visita-junto-a-la-ministra-de-defensa-los-terrenos-del-campus-principal-del-cetedex\/\",\"url\":\"https:\/\/torredonjimenoactualidad.com\/index.php\/2024\/07\/05\/el-presidente-de-la-diputacion-visita-junto-a-la-ministra-de-defensa-los-terrenos-del-campus-principal-del-cetedex\/\",\"name\":\"El presidente de la Diputaci\u00f3n visita junto a la ministra de Defensa los terrenos del campus principal del CETEDEX - Torredonjimeno Actualidad\",\"isPartOf\":{\"@id\":\"https:\/\/torredonjimenoactualidad.com\/#website\"},\"datePublished\":\"2024-07-05T17:19:28+00:00\",\"dateModified\":\"2024-07-05T17:19:29+00:00\",\"breadcrumb\":{\"@id\":\"https:\/\/torredonjimenoactualidad.com\/index.php\/2024\/07\/05\/el-presidente-de-la-diputacion-visita-junto-a-la-ministra-de-defensa-los-terrenos-del-campus-principal-del-cetedex\/#breadcrumb\"},\"inLanguage\":\"es\",\"potentialAction\":[{\"@type\":\"ReadAction\",\"target\":[\"https:\/\/torredonjimenoactualidad.com\/index.php\/2024\/07\/05\/el-presidente-de-la-diputacion-visita-junto-a-la-ministra-de-defensa-los-terrenos-del-campus-principal-del-cetedex\/\"]}]},{\"@type\":\"BreadcrumbList\",\"@id\":\"https:\/\/torredonjimenoactualidad.com\/index.php\/2024\/07\/05\/el-presidente-de-la-diputacion-visita-junto-a-la-ministra-de-defensa-los-terrenos-del-campus-principal-del-cetedex\/#breadcrumb\",\"itemListElement\":[{\"@type\":\"ListItem\",\"position\":1,\"name\":\"Portada\",\"item\":\"https:\/\/torredonjimenoactualidad.com\/\"},{\"@type\":\"ListItem\",\"position\":2,\"name\":\"El presidente de la Diputaci\u00f3n visita junto a la ministra de Defensa los terrenos del campus principal del CETEDEX\"}]},{\"@type\":\"WebSite\",\"@id\":\"https:\/\/torredonjimenoactualidad.com\/#website\",\"url\":\"https:\/\/torredonjimenoactualidad.com\/\",\"name\":\"Torredonjimeno Actualidad\",\"description\":\"\",\"publisher\":{\"@id\":\"https:\/\/torredonjimenoactualidad.com\/#organization\"},\"potentialAction\":[{\"@type\":\"SearchAction\",\"target\":{\"@type\":\"EntryPoint\",\"urlTemplate\":\"https:\/\/torredonjimenoactualidad.com\/?s={search_term_string}\"},\"query-input\":\"required name=search_term_string\"}],\"inLanguage\":\"es\"},{\"@type\":\"Organization\",\"@id\":\"https:\/\/torredonjimenoactualidad.com\/#organization\",\"name\":\"Torredonjimeno Actualidad\",\"url\":\"https:\/\/torredonjimenoactualidad.com\/\",\"logo\":{\"@type\":\"ImageObject\",\"inLanguage\":\"es\",\"@id\":\"https:\/\/torredonjimenoactualidad.com\/#\/schema\/logo\/image\/\",\"url\":\"https:\/\/torredonjimenoactualidad.com\/wp-content\/uploads\/2023\/02\/logo-torredonjimeno-544x180-1.png\",\"contentUrl\":\"https:\/\/torredonjimenoactualidad.com\/wp-content\/uploads\/2023\/02\/logo-torredonjimeno-544x180-1.png\",\"width\":545,\"height\":112,\"caption\":\"Torredonjimeno Actualidad\"},\"image\":{\"@id\":\"https:\/\/torredonjimenoactualidad.com\/#\/schema\/logo\/image\/\"}},{\"@type\":\"Person\",\"@id\":\"https:\/\/torredonjimenoactualidad.com\/#\/schema\/person\/11f05803cdf40dbeb7f4fbf2365c9ac5\",\"name\":\"Redaccion\",\"image\":{\"@type\":\"ImageObject\",\"inLanguage\":\"es\",\"@id\":\"https:\/\/torredonjimenoactualidad.com\/#\/schema\/person\/image\/\",\"url\":\"https:\/\/secure.gravatar.com\/avatar\/5917bab7eff43e17746fd29b509939469470810b6b989b7cc2f89e3188399bf3?s=96&d=mm&r=g\",\"contentUrl\":\"https:\/\/secure.gravatar.com\/avatar\/5917bab7eff43e17746fd29b509939469470810b6b989b7cc2f89e3188399bf3?s=96&d=mm&r=g\",\"caption\":\"Redaccion\"},\"url\":\"https:\/\/torredonjimenoactualidad.com\/index.php\/author\/jose-bueno\/\"}]}<\/script>\n<!-- \/ Yoast SEO plugin. -->","yoast_head_json":{"title":"El presidente de la Diputaci\u00f3n visita junto a la ministra de Defensa los terrenos del campus principal del CETEDEX - Torredonjimeno Actualidad","robots":{"index":"index","follow":"follow","max-snippet":"max-snippet:-1","max-image-preview":"max-image-preview:large","max-video-preview":"max-video-preview:-1"},"canonical":"https:\/\/torredonjimenoactualidad.com\/index.php\/2024\/07\/05\/el-presidente-de-la-diputacion-visita-junto-a-la-ministra-de-defensa-los-terrenos-del-campus-principal-del-cetedex\/","og_locale":"es_ES","og_type":"article","og_title":"El presidente de la Diputaci\u00f3n visita junto a la ministra de Defensa los terrenos del campus principal del CETEDEX - Torredonjimeno Actualidad","og_description":"El presidente de la Diputaci\u00f3n de Ja\u00e9n, Paco Reyes, ha visitado junto a la ministra de Defensa, Margarita Robles, y a la secretaria de Estado de Defensa, Amparo Valcarce, los terrenos donde en los pr\u00f3ximos meses se iniciar\u00e1 la construcci\u00f3n del campus principal del Centro Tecnol\u00f3gico de Desarrollo y Experimentaci\u00f3n (CETEDEX). Reyes ha destacado los &hellip; El presidente de la Diputaci\u00f3n visita junto a la ministra de Defensa los terrenos del campus principal del CETEDEX Leer m\u00e1s &raquo;","og_url":"https:\/\/torredonjimenoactualidad.com\/index.php\/2024\/07\/05\/el-presidente-de-la-diputacion-visita-junto-a-la-ministra-de-defensa-los-terrenos-del-campus-principal-del-cetedex\/","og_site_name":"Torredonjimeno Actualidad","article_published_time":"2024-07-05T17:19:28+00:00","article_modified_time":"2024-07-05T17:19:29+00:00","og_image":[{"width":1600,"height":914,"url":"https:\/\/torredonjimenoactualidad.com\/wp-content\/uploads\/2024\/07\/20240705_Visita_de_la_ministra_de_Defensa_a_los_terrenos_del_CETEDEX_1.jpeg","type":"image\/jpeg"}],"author":"Redaccion","twitter_card":"summary_large_image","twitter_misc":{"Escrito por":"Redaccion","Tiempo de lectura":"3 minutos"},"schema":{"@context":"https:\/\/schema.org","@graph":[{"@type":"Article","@id":"https:\/\/torredonjimenoactualidad.com\/index.php\/2024\/07\/05\/el-presidente-de-la-diputacion-visita-junto-a-la-ministra-de-defensa-los-terrenos-del-campus-principal-del-cetedex\/#article","isPartOf":{"@id":"https:\/\/torredonjimenoactualidad.com\/index.php\/2024\/07\/05\/el-presidente-de-la-diputacion-visita-junto-a-la-ministra-de-defensa-los-terrenos-del-campus-principal-del-cetedex\/"},"author":{"name":"Redaccion","@id":"https:\/\/torredonjimenoactualidad.com\/#\/schema\/person\/11f05803cdf40dbeb7f4fbf2365c9ac5"},"headline":"El presidente de la Diputaci\u00f3n visita junto a la ministra de Defensa los terrenos del campus principal del CETEDEX","datePublished":"2024-07-05T17:19:28+00:00","dateModified":"2024-07-05T17:19:29+00:00","mainEntityOfPage":{"@id":"https:\/\/torredonjimenoactualidad.com\/index.php\/2024\/07\/05\/el-presidente-de-la-diputacion-visita-junto-a-la-ministra-de-defensa-los-terrenos-del-campus-principal-del-cetedex\/"},"wordCount":697,"commentCount":0,"publisher":{"@id":"https:\/\/torredonjimenoactualidad.com\/#organization"},"articleSection":["provincia"],"inLanguage":"es","potentialAction":[{"@type":"CommentAction","name":"Comment","target":["https:\/\/torredonjimenoactualidad.com\/index.php\/2024\/07\/05\/el-presidente-de-la-diputacion-visita-junto-a-la-ministra-de-defensa-los-terrenos-del-campus-principal-del-cetedex\/#respond"]}]},{"@type":"WebPage","@id":"https:\/\/torredonjimenoactualidad.com\/index.php\/2024\/07\/05\/el-presidente-de-la-diputacion-visita-junto-a-la-ministra-de-defensa-los-terrenos-del-campus-principal-del-cetedex\/","url":"https:\/\/torredonjimenoactualidad.com\/index.php\/2024\/07\/05\/el-presidente-de-la-diputacion-visita-junto-a-la-ministra-de-defensa-los-terrenos-del-campus-principal-del-cetedex\/","name":"El presidente de la Diputaci\u00f3n visita junto a la ministra de Defensa los terrenos del campus principal del CETEDEX - Torredonjimeno Actualidad","isPartOf":{"@id":"https:\/\/torredonjimenoactualidad.com\/#website"},"datePublished":"2024-07-05T17:19:28+00:00","dateModified":"2024-07-05T17:19:29+00:00","breadcrumb":{"@id":"https:\/\/torredonjimenoactualidad.com\/index.php\/2024\/07\/05\/el-presidente-de-la-diputacion-visita-junto-a-la-ministra-de-defensa-los-terrenos-del-campus-principal-del-cetedex\/#breadcrumb"},"inLanguage":"es","potentialAction":[{"@type":"ReadAction","target":["https:\/\/torredonjimenoactualidad.com\/index.php\/2024\/07\/05\/el-presidente-de-la-diputacion-visita-junto-a-la-ministra-de-defensa-los-terrenos-del-campus-principal-del-cetedex\/"]}]},{"@type":"BreadcrumbList","@id":"https:\/\/torredonjimenoactualidad.com\/index.php\/2024\/07\/05\/el-presidente-de-la-diputacion-visita-junto-a-la-ministra-de-defensa-los-terrenos-del-campus-principal-del-cetedex\/#breadcrumb","itemListElement":[{"@type":"ListItem","position":1,"name":"Portada","item":"https:\/\/torredonjimenoactualidad.com\/"},{"@type":"ListItem","position":2,"name":"El presidente de la Diputaci\u00f3n visita junto a la ministra de Defensa los terrenos del campus principal del CETEDEX"}]},{"@type":"WebSite","@id":"https:\/\/torredonjimenoactualidad.com\/#website","url":"https:\/\/torredonjimenoactualidad.com\/","name":"Torredonjimeno Actualidad","description":"","publisher":{"@id":"https:\/\/torredonjimenoactualidad.com\/#organization"},"potentialAction":[{"@type":"SearchAction","target":{"@type":"EntryPoint","urlTemplate":"https:\/\/torredonjimenoactualidad.com\/?s={search_term_string}"},"query-input":"required name=search_term_string"}],"inLanguage":"es"},{"@type":"Organization","@id":"https:\/\/torredonjimenoactualidad.com\/#organization","name":"Torredonjimeno Actualidad","url":"https:\/\/torredonjimenoactualidad.com\/","logo":{"@type":"ImageObject","inLanguage":"es","@id":"https:\/\/torredonjimenoactualidad.com\/#\/schema\/logo\/image\/","url":"https:\/\/torredonjimenoactualidad.com\/wp-content\/uploads\/2023\/02\/logo-torredonjimeno-544x180-1.png","contentUrl":"https:\/\/torredonjimenoactualidad.com\/wp-content\/uploads\/2023\/02\/logo-torredonjimeno-544x180-1.png","width":545,"height":112,"caption":"Torredonjimeno Actualidad"},"image":{"@id":"https:\/\/torredonjimenoactualidad.com\/#\/schema\/logo\/image\/"}},{"@type":"Person","@id":"https:\/\/torredonjimenoactualidad.com\/#\/schema\/person\/11f05803cdf40dbeb7f4fbf2365c9ac5","name":"Redaccion","image":{"@type":"ImageObject","inLanguage":"es","@id":"https:\/\/torredonjimenoactualidad.com\/#\/schema\/person\/image\/","url":"https:\/\/secure.gravatar.com\/avatar\/5917bab7eff43e17746fd29b509939469470810b6b989b7cc2f89e3188399bf3?s=96&d=mm&r=g","contentUrl":"https:\/\/secure.gravatar.com\/avatar\/5917bab7eff43e17746fd29b509939469470810b6b989b7cc2f89e3188399bf3?s=96&d=mm&r=g","caption":"Redaccion"},"url":"https:\/\/torredonjimenoactualidad.com\/index.php\/author\/jose-bueno\/"}]}},"_links":{"self":[{"href":"https:\/\/torredonjimenoactualidad.com\/index.php\/wp-json\/wp\/v2\/posts\/2140","targetHints":{"allow":["GET"]}}],"collection":[{"href":"https:\/\/torredonjimenoactualidad.com\/index.php\/wp-json\/wp\/v2\/posts"}],"about":[{"href":"https:\/\/torredonjimenoactualidad.com\/index.php\/wp-json\/wp\/v2\/types\/post"}],"author":[{"embeddable":true,"href":"https:\/\/torredonjimenoactualidad.com\/index.php\/wp-json\/wp\/v2\/users\/3"}],"replies":[{"embeddable":true,"href":"https:\/\/torredonjimenoactualidad.com\/index.php\/wp-json\/wp\/v2\/comments?post=2140"}],"version-history":[{"count":1,"href":"https:\/\/torredonjimenoactualidad.com\/index.php\/wp-json\/wp\/v2\/posts\/2140\/revisions"}],"predecessor-version":[{"id":2142,"href":"https:\/\/torredonjimenoactualidad.com\/index.php\/wp-json\/wp\/v2\/posts\/2140\/revisions\/2142"}],"wp:featuredmedia":[{"embeddable":true,"href":"https:\/\/torredonjimenoactualidad.com\/index.php\/wp-json\/wp\/v2\/media\/2141"}],"wp:attachment":[{"href":"https:\/\/torredonjimenoactualidad.com\/index.php\/wp-json\/wp\/v2\/media?parent=2140"}],"wp:term":[{"taxonomy":"category","embeddable":true,"href":"https:\/\/torredonjimenoactualidad.com\/index.php\/wp-json\/wp\/v2\/categories?post=2140"},{"taxonomy":"post_tag","embeddable":true,"href":"https:\/\/torredonjimenoactualidad.com\/index.php\/wp-json\/wp\/v2\/tags?post=2140"}],"curies":[{"name":"wp","href":"https:\/\/api.w.org\/{rel}","templated":true}]}}