{"id":2078,"date":"2024-06-13T11:50:14","date_gmt":"2024-06-13T11:50:14","guid":{"rendered":"https:\/\/torredonjimenoactualidad.com\/?p=2078"},"modified":"2024-06-13T11:50:15","modified_gmt":"2024-06-13T11:50:15","slug":"el-9796-de-estudiantes-supera-en-la-provincia-la-fase-de-acceso-a-la-universidad-en-la-convocatoria-de-junio","status":"publish","type":"post","link":"https:\/\/torredonjimenoactualidad.com\/index.php\/2024\/06\/13\/el-9796-de-estudiantes-supera-en-la-provincia-la-fase-de-acceso-a-la-universidad-en-la-convocatoria-de-junio\/","title":{"rendered":"El 97,96% de estudiantes supera en la provincia la fase de acceso a la Universidad en la convocatoria de junio"},"content":{"rendered":"\n<p>El 97,96 por ciento de los estudiantes presentados a la fase de acceso de las Pruebas de Acceso y Admisi\u00f3n a la Universidad (PEvAU) en su convocatoria ordinaria de junio ha aprobado la prueba. Esto supone que han aprobado 2.991 de los 3.053 presentados.<\/p>\n\n\n\n<p>Exclusivamente, a la fase de admisi\u00f3n se presentaron 424 estudiantes, lo que supone que, en total, la semana pasada realizaron la prueba un total de 3.477 personas. Desde la UJA se apunta que falta por realizar una prueba de incidencias y las calificaciones a\u00fan son provisionales.<\/p>\n\n\n\n<p>Los estudiantes han recibido desde las 8,00 horas de este jueves un mensaje SMS avis\u00e1ndoles de que ya ten\u00edan disponibles en la p\u00e1gina web de la UJA sus calificaciones. Adem\u00e1s, han recibido un correo electr\u00f3nico con la puntuaci\u00f3n obtenida en las distintas materias a las que se han presentado, tanto de la fase de acceso como la de admisi\u00f3n.<\/p>\n\n\n\n<p>Adem\u00e1s, podr\u00e1n obtener su tarjeta de calificaciones provisional firmada electr\u00f3nicamente, utilizando para ello el nombre de usuario y la contrase\u00f1a del correo electr\u00f3nico facilitado por la Universidad de Ja\u00e9n.<\/p>\n\n\n\n<p>La nota de la fase de acceso se obtiene con la media ponderada de la calificaci\u00f3n de la prueba de acceso (40 por ciento) y de la nota media de bachillerato (60 por ciento). Esta nota es permanente y, en caso de querer mejorarla, la persona ha de presentarse de nuevo a la totalidad de la fase (cuatro ex\u00e1menes),<\/p>\n\n\n\n<p>Los estudiantes que lo deseen podr\u00e1n presentar solicitud de revisi\u00f3n en los ex\u00e1menes que consideren oportuno a trav\u00e9s de la misma aplicaci\u00f3n inform\u00e1tica que les permite consultar sus calificaciones, desde este jueves d\u00eda 13 de junio, hasta el martes 18 de junio a las 14,00 horas. La publicaci\u00f3n de las calificaciones para aquellas personas que hayan reclamado alguna nota se realizar\u00e1, por el mismo medio, el d\u00eda 24 de junio.<\/p>\n\n\n\n<p>El proceso de preinscripci\u00f3n para pedir plaza en titulaciones universitarias de Grado en las universidades p\u00fablicas de Andaluc\u00eda est\u00e1 abierto desde las 12,00 horas este jueves hasta el pr\u00f3ximo d\u00eda 24 de junio, a trav\u00e9s de internet (p\u00e1gina del Distrito \u00danico Andaluz).<\/p>\n\n\n\n<p>La Universidad de Ja\u00e9n oferta de cara al pr\u00f3ximo curso acad\u00e9mico 2024-2025 un total de 3.054 plazas de nuevo ingreso correspondientes a titulaciones de Grado, cuya oferta est\u00e1 compuesta por un total de 51 t\u00edtulos, que abarcan todas las ramas del conocimiento. La primera adjudicaci\u00f3n en todo el sistema universitario p\u00fablico de Andaluc\u00eda se conocer\u00e1 el d\u00eda 4 de julio.<\/p>\n\n\n\n<p>Por lo que respecta a la convocatoria extraordinaria de julio, se celebrar\u00e1 los pr\u00f3ximos d\u00edas 2, 3 y 4 de dicho mes. La inscripci\u00f3n para dicha prueba ya est\u00e1 abierta y se cerrar\u00e1 el pr\u00f3ximo 25 de junio a las 23,59 horas. Las calificaciones provisionales se conocer\u00e1n en la ma\u00f1ana del d\u00eda 11 de julio y el alumnado que supere esta prueba podr\u00e1 realizar su preinscripci\u00f3n del 12 al 16 de julio.<\/p>\n\n\n\n<p>Por lo que respecta a las mejores calificaciones obtenidas en la provincia de Ja\u00e9n en esta fase ordinaria, hay que distinguir entre la fase de acceso y la de admisi\u00f3n. En la fase de acceso, que se punt\u00faa de 0 a 10, las tres mejores calificaciones han correspondido a Juan Francisco Hern\u00e1ndez G\u00e1mez, del IES Santa Catalina de Alejandr\u00eda de Ja\u00e9n, con un 9,925, mientras que Ana Rosales Arjona, del IES Alfonso XI de Alcal\u00e1 la Real (Ja\u00e9n), Miguel Ariza Buitrago, del IES Salvador Serrano de Alcaudete (Ja\u00e9n), y Jos\u00e9 Serrano V\u00e1zquez, del IES El Valle de Ja\u00e9n, han obtenido un 9,900.<\/p>\n\n\n\n<p>En cuanto a la suma total de la fase de acceso y admisi\u00f3n en la que la puntuaci\u00f3n m\u00e1xima puede llegar a 14 en funci\u00f3n de la posterior elecci\u00f3n de Grado universitario, la mejor puntuaci\u00f3n la ha obtenido Ana Rosales Arjona, con 13,900 mientras que en segunda posici\u00f3n hay un triple empate con un 13,875 entre Juan Francisco Hern\u00e1ndez G\u00e1mez, del IES Santa Catalina; Pablo Le\u00f3n Garc\u00eda, del CDP Altocastillo de Ja\u00e9n; e Inmaculada Le\u00f3n Ca\u00f1izares, del IES J\u00e1ndula de And\u00fajar (Ja\u00e9n).<\/p>\n","protected":false},"excerpt":{"rendered":"<p>El 97,96 por ciento de los estudiantes presentados a la fase de acceso de las Pruebas de Acceso y Admisi\u00f3n a la Universidad (PEvAU) en su convocatoria ordinaria de junio ha aprobado la prueba. Esto supone que han aprobado 2.991 de los 3.053 presentados. Exclusivamente, a la fase de admisi\u00f3n se presentaron 424 estudiantes, lo &hellip;<\/p>\n<p class=\"read-more\"> <a class=\"\" href=\"https:\/\/torredonjimenoactualidad.com\/index.php\/2024\/06\/13\/el-9796-de-estudiantes-supera-en-la-provincia-la-fase-de-acceso-a-la-universidad-en-la-convocatoria-de-junio\/\"> <span class=\"screen-reader-text\">El 97,96% de estudiantes supera en la provincia la fase de acceso a la Universidad en la convocatoria de junio<\/span> Leer m\u00e1s &raquo;<\/a><\/p>\n","protected":false},"author":3,"featured_media":2079,"comment_status":"open","ping_status":"open","sticky":false,"template":"","format":"standard","meta":{"site-sidebar-layout":"default","site-content-layout":"default","ast-global-header-display":"","ast-main-header-display":"","ast-hfb-above-header-display":"","ast-hfb-below-header-display":"","ast-hfb-mobile-header-display":"","site-post-title":"","ast-breadcrumbs-content":"","ast-featured-img":"","footer-sml-layout":"","theme-transparent-header-meta":"","adv-header-id-meta":"","stick-header-meta":"","header-above-stick-meta":"","header-main-stick-meta":"","header-below-stick-meta":"","footnotes":""},"categories":[8],"tags":[],"class_list":["post-2078","post","type-post","status-publish","format-standard","has-post-thumbnail","hentry","category-provincia"],"yoast_head":"<!-- This site is optimized with the Yoast SEO plugin v20.8 - https:\/\/yoast.com\/wordpress\/plugins\/seo\/ -->\n<title>El 97,96% de estudiantes supera en la provincia la fase de acceso a la Universidad en la convocatoria de junio - Torredonjimeno Actualidad<\/title>\n<meta name=\"robots\" content=\"index, follow, max-snippet:-1, max-image-preview:large, max-video-preview:-1\" \/>\n<link rel=\"canonical\" href=\"https:\/\/torredonjimenoactualidad.com\/index.php\/2024\/06\/13\/el-9796-de-estudiantes-supera-en-la-provincia-la-fase-de-acceso-a-la-universidad-en-la-convocatoria-de-junio\/\" \/>\n<meta property=\"og:locale\" content=\"es_ES\" \/>\n<meta property=\"og:type\" content=\"article\" \/>\n<meta property=\"og:title\" content=\"El 97,96% de estudiantes supera en la provincia la fase de acceso a la Universidad en la convocatoria de junio - Torredonjimeno Actualidad\" \/>\n<meta property=\"og:description\" content=\"El 97,96 por ciento de los estudiantes presentados a la fase de acceso de las Pruebas de Acceso y Admisi\u00f3n a la Universidad (PEvAU) en su convocatoria ordinaria de junio ha aprobado la prueba. Esto supone que han aprobado 2.991 de los 3.053 presentados. Exclusivamente, a la fase de admisi\u00f3n se presentaron 424 estudiantes, lo &hellip; El 97,96% de estudiantes supera en la provincia la fase de acceso a la Universidad en la convocatoria de junio Leer m\u00e1s &raquo;\" \/>\n<meta property=\"og:url\" content=\"https:\/\/torredonjimenoactualidad.com\/index.php\/2024\/06\/13\/el-9796-de-estudiantes-supera-en-la-provincia-la-fase-de-acceso-a-la-universidad-en-la-convocatoria-de-junio\/\" \/>\n<meta property=\"og:site_name\" content=\"Torredonjimeno Actualidad\" \/>\n<meta property=\"article:published_time\" content=\"2024-06-13T11:50:14+00:00\" \/>\n<meta property=\"article:modified_time\" content=\"2024-06-13T11:50:15+00:00\" \/>\n<meta property=\"og:image\" content=\"https:\/\/torredonjimenoactualidad.com\/wp-content\/uploads\/2024\/06\/fotonoticia_20240613110938_1920.jpg\" \/>\n\t<meta property=\"og:image:width\" content=\"1920\" \/>\n\t<meta property=\"og:image:height\" content=\"1098\" \/>\n\t<meta property=\"og:image:type\" content=\"image\/jpeg\" \/>\n<meta name=\"author\" content=\"Redaccion\" \/>\n<meta name=\"twitter:card\" content=\"summary_large_image\" \/>\n<meta name=\"twitter:label1\" content=\"Escrito por\" \/>\n\t<meta name=\"twitter:data1\" content=\"Redaccion\" \/>\n\t<meta name=\"twitter:label2\" content=\"Tiempo de lectura\" \/>\n\t<meta name=\"twitter:data2\" content=\"4 minutos\" \/>\n<script type=\"application\/ld+json\" class=\"yoast-schema-graph\">{\"@context\":\"https:\/\/schema.org\",\"@graph\":[{\"@type\":\"Article\",\"@id\":\"https:\/\/torredonjimenoactualidad.com\/index.php\/2024\/06\/13\/el-9796-de-estudiantes-supera-en-la-provincia-la-fase-de-acceso-a-la-universidad-en-la-convocatoria-de-junio\/#article\",\"isPartOf\":{\"@id\":\"https:\/\/torredonjimenoactualidad.com\/index.php\/2024\/06\/13\/el-9796-de-estudiantes-supera-en-la-provincia-la-fase-de-acceso-a-la-universidad-en-la-convocatoria-de-junio\/\"},\"author\":{\"name\":\"Redaccion\",\"@id\":\"https:\/\/torredonjimenoactualidad.com\/#\/schema\/person\/11f05803cdf40dbeb7f4fbf2365c9ac5\"},\"headline\":\"El 97,96% de estudiantes supera en la provincia la fase de acceso a la Universidad en la convocatoria de junio\",\"datePublished\":\"2024-06-13T11:50:14+00:00\",\"dateModified\":\"2024-06-13T11:50:15+00:00\",\"mainEntityOfPage\":{\"@id\":\"https:\/\/torredonjimenoactualidad.com\/index.php\/2024\/06\/13\/el-9796-de-estudiantes-supera-en-la-provincia-la-fase-de-acceso-a-la-universidad-en-la-convocatoria-de-junio\/\"},\"wordCount\":730,\"commentCount\":0,\"publisher\":{\"@id\":\"https:\/\/torredonjimenoactualidad.com\/#organization\"},\"articleSection\":[\"provincia\"],\"inLanguage\":\"es\",\"potentialAction\":[{\"@type\":\"CommentAction\",\"name\":\"Comment\",\"target\":[\"https:\/\/torredonjimenoactualidad.com\/index.php\/2024\/06\/13\/el-9796-de-estudiantes-supera-en-la-provincia-la-fase-de-acceso-a-la-universidad-en-la-convocatoria-de-junio\/#respond\"]}]},{\"@type\":\"WebPage\",\"@id\":\"https:\/\/torredonjimenoactualidad.com\/index.php\/2024\/06\/13\/el-9796-de-estudiantes-supera-en-la-provincia-la-fase-de-acceso-a-la-universidad-en-la-convocatoria-de-junio\/\",\"url\":\"https:\/\/torredonjimenoactualidad.com\/index.php\/2024\/06\/13\/el-9796-de-estudiantes-supera-en-la-provincia-la-fase-de-acceso-a-la-universidad-en-la-convocatoria-de-junio\/\",\"name\":\"El 97,96% de estudiantes supera en la provincia la fase de acceso a la Universidad en la convocatoria de junio - Torredonjimeno Actualidad\",\"isPartOf\":{\"@id\":\"https:\/\/torredonjimenoactualidad.com\/#website\"},\"datePublished\":\"2024-06-13T11:50:14+00:00\",\"dateModified\":\"2024-06-13T11:50:15+00:00\",\"breadcrumb\":{\"@id\":\"https:\/\/torredonjimenoactualidad.com\/index.php\/2024\/06\/13\/el-9796-de-estudiantes-supera-en-la-provincia-la-fase-de-acceso-a-la-universidad-en-la-convocatoria-de-junio\/#breadcrumb\"},\"inLanguage\":\"es\",\"potentialAction\":[{\"@type\":\"ReadAction\",\"target\":[\"https:\/\/torredonjimenoactualidad.com\/index.php\/2024\/06\/13\/el-9796-de-estudiantes-supera-en-la-provincia-la-fase-de-acceso-a-la-universidad-en-la-convocatoria-de-junio\/\"]}]},{\"@type\":\"BreadcrumbList\",\"@id\":\"https:\/\/torredonjimenoactualidad.com\/index.php\/2024\/06\/13\/el-9796-de-estudiantes-supera-en-la-provincia-la-fase-de-acceso-a-la-universidad-en-la-convocatoria-de-junio\/#breadcrumb\",\"itemListElement\":[{\"@type\":\"ListItem\",\"position\":1,\"name\":\"Portada\",\"item\":\"https:\/\/torredonjimenoactualidad.com\/\"},{\"@type\":\"ListItem\",\"position\":2,\"name\":\"El 97,96% de estudiantes supera en la provincia la fase de acceso a la Universidad en la convocatoria de junio\"}]},{\"@type\":\"WebSite\",\"@id\":\"https:\/\/torredonjimenoactualidad.com\/#website\",\"url\":\"https:\/\/torredonjimenoactualidad.com\/\",\"name\":\"Torredonjimeno Actualidad\",\"description\":\"\",\"publisher\":{\"@id\":\"https:\/\/torredonjimenoactualidad.com\/#organization\"},\"potentialAction\":[{\"@type\":\"SearchAction\",\"target\":{\"@type\":\"EntryPoint\",\"urlTemplate\":\"https:\/\/torredonjimenoactualidad.com\/?s={search_term_string}\"},\"query-input\":\"required name=search_term_string\"}],\"inLanguage\":\"es\"},{\"@type\":\"Organization\",\"@id\":\"https:\/\/torredonjimenoactualidad.com\/#organization\",\"name\":\"Torredonjimeno Actualidad\",\"url\":\"https:\/\/torredonjimenoactualidad.com\/\",\"logo\":{\"@type\":\"ImageObject\",\"inLanguage\":\"es\",\"@id\":\"https:\/\/torredonjimenoactualidad.com\/#\/schema\/logo\/image\/\",\"url\":\"https:\/\/torredonjimenoactualidad.com\/wp-content\/uploads\/2023\/02\/logo-torredonjimeno-544x180-1.png\",\"contentUrl\":\"https:\/\/torredonjimenoactualidad.com\/wp-content\/uploads\/2023\/02\/logo-torredonjimeno-544x180-1.png\",\"width\":545,\"height\":112,\"caption\":\"Torredonjimeno Actualidad\"},\"image\":{\"@id\":\"https:\/\/torredonjimenoactualidad.com\/#\/schema\/logo\/image\/\"}},{\"@type\":\"Person\",\"@id\":\"https:\/\/torredonjimenoactualidad.com\/#\/schema\/person\/11f05803cdf40dbeb7f4fbf2365c9ac5\",\"name\":\"Redaccion\",\"image\":{\"@type\":\"ImageObject\",\"inLanguage\":\"es\",\"@id\":\"https:\/\/torredonjimenoactualidad.com\/#\/schema\/person\/image\/\",\"url\":\"https:\/\/secure.gravatar.com\/avatar\/5917bab7eff43e17746fd29b509939469470810b6b989b7cc2f89e3188399bf3?s=96&d=mm&r=g\",\"contentUrl\":\"https:\/\/secure.gravatar.com\/avatar\/5917bab7eff43e17746fd29b509939469470810b6b989b7cc2f89e3188399bf3?s=96&d=mm&r=g\",\"caption\":\"Redaccion\"},\"url\":\"https:\/\/torredonjimenoactualidad.com\/index.php\/author\/jose-bueno\/\"}]}<\/script>\n<!-- \/ Yoast SEO plugin. -->","yoast_head_json":{"title":"El 97,96% de estudiantes supera en la provincia la fase de acceso a la Universidad en la convocatoria de junio - Torredonjimeno Actualidad","robots":{"index":"index","follow":"follow","max-snippet":"max-snippet:-1","max-image-preview":"max-image-preview:large","max-video-preview":"max-video-preview:-1"},"canonical":"https:\/\/torredonjimenoactualidad.com\/index.php\/2024\/06\/13\/el-9796-de-estudiantes-supera-en-la-provincia-la-fase-de-acceso-a-la-universidad-en-la-convocatoria-de-junio\/","og_locale":"es_ES","og_type":"article","og_title":"El 97,96% de estudiantes supera en la provincia la fase de acceso a la Universidad en la convocatoria de junio - Torredonjimeno Actualidad","og_description":"El 97,96 por ciento de los estudiantes presentados a la fase de acceso de las Pruebas de Acceso y Admisi\u00f3n a la Universidad (PEvAU) en su convocatoria ordinaria de junio ha aprobado la prueba. Esto supone que han aprobado 2.991 de los 3.053 presentados. Exclusivamente, a la fase de admisi\u00f3n se presentaron 424 estudiantes, lo &hellip; El 97,96% de estudiantes supera en la provincia la fase de acceso a la Universidad en la convocatoria de junio Leer m\u00e1s &raquo;","og_url":"https:\/\/torredonjimenoactualidad.com\/index.php\/2024\/06\/13\/el-9796-de-estudiantes-supera-en-la-provincia-la-fase-de-acceso-a-la-universidad-en-la-convocatoria-de-junio\/","og_site_name":"Torredonjimeno Actualidad","article_published_time":"2024-06-13T11:50:14+00:00","article_modified_time":"2024-06-13T11:50:15+00:00","og_image":[{"width":1920,"height":1098,"url":"https:\/\/torredonjimenoactualidad.com\/wp-content\/uploads\/2024\/06\/fotonoticia_20240613110938_1920.jpg","type":"image\/jpeg"}],"author":"Redaccion","twitter_card":"summary_large_image","twitter_misc":{"Escrito por":"Redaccion","Tiempo de lectura":"4 minutos"},"schema":{"@context":"https:\/\/schema.org","@graph":[{"@type":"Article","@id":"https:\/\/torredonjimenoactualidad.com\/index.php\/2024\/06\/13\/el-9796-de-estudiantes-supera-en-la-provincia-la-fase-de-acceso-a-la-universidad-en-la-convocatoria-de-junio\/#article","isPartOf":{"@id":"https:\/\/torredonjimenoactualidad.com\/index.php\/2024\/06\/13\/el-9796-de-estudiantes-supera-en-la-provincia-la-fase-de-acceso-a-la-universidad-en-la-convocatoria-de-junio\/"},"author":{"name":"Redaccion","@id":"https:\/\/torredonjimenoactualidad.com\/#\/schema\/person\/11f05803cdf40dbeb7f4fbf2365c9ac5"},"headline":"El 97,96% de estudiantes supera en la provincia la fase de acceso a la Universidad en la convocatoria de junio","datePublished":"2024-06-13T11:50:14+00:00","dateModified":"2024-06-13T11:50:15+00:00","mainEntityOfPage":{"@id":"https:\/\/torredonjimenoactualidad.com\/index.php\/2024\/06\/13\/el-9796-de-estudiantes-supera-en-la-provincia-la-fase-de-acceso-a-la-universidad-en-la-convocatoria-de-junio\/"},"wordCount":730,"commentCount":0,"publisher":{"@id":"https:\/\/torredonjimenoactualidad.com\/#organization"},"articleSection":["provincia"],"inLanguage":"es","potentialAction":[{"@type":"CommentAction","name":"Comment","target":["https:\/\/torredonjimenoactualidad.com\/index.php\/2024\/06\/13\/el-9796-de-estudiantes-supera-en-la-provincia-la-fase-de-acceso-a-la-universidad-en-la-convocatoria-de-junio\/#respond"]}]},{"@type":"WebPage","@id":"https:\/\/torredonjimenoactualidad.com\/index.php\/2024\/06\/13\/el-9796-de-estudiantes-supera-en-la-provincia-la-fase-de-acceso-a-la-universidad-en-la-convocatoria-de-junio\/","url":"https:\/\/torredonjimenoactualidad.com\/index.php\/2024\/06\/13\/el-9796-de-estudiantes-supera-en-la-provincia-la-fase-de-acceso-a-la-universidad-en-la-convocatoria-de-junio\/","name":"El 97,96% de estudiantes supera en la provincia la fase de acceso a la Universidad en la convocatoria de junio - Torredonjimeno Actualidad","isPartOf":{"@id":"https:\/\/torredonjimenoactualidad.com\/#website"},"datePublished":"2024-06-13T11:50:14+00:00","dateModified":"2024-06-13T11:50:15+00:00","breadcrumb":{"@id":"https:\/\/torredonjimenoactualidad.com\/index.php\/2024\/06\/13\/el-9796-de-estudiantes-supera-en-la-provincia-la-fase-de-acceso-a-la-universidad-en-la-convocatoria-de-junio\/#breadcrumb"},"inLanguage":"es","potentialAction":[{"@type":"ReadAction","target":["https:\/\/torredonjimenoactualidad.com\/index.php\/2024\/06\/13\/el-9796-de-estudiantes-supera-en-la-provincia-la-fase-de-acceso-a-la-universidad-en-la-convocatoria-de-junio\/"]}]},{"@type":"BreadcrumbList","@id":"https:\/\/torredonjimenoactualidad.com\/index.php\/2024\/06\/13\/el-9796-de-estudiantes-supera-en-la-provincia-la-fase-de-acceso-a-la-universidad-en-la-convocatoria-de-junio\/#breadcrumb","itemListElement":[{"@type":"ListItem","position":1,"name":"Portada","item":"https:\/\/torredonjimenoactualidad.com\/"},{"@type":"ListItem","position":2,"name":"El 97,96% de estudiantes supera en la provincia la fase de acceso a la Universidad en la convocatoria de junio"}]},{"@type":"WebSite","@id":"https:\/\/torredonjimenoactualidad.com\/#website","url":"https:\/\/torredonjimenoactualidad.com\/","name":"Torredonjimeno Actualidad","description":"","publisher":{"@id":"https:\/\/torredonjimenoactualidad.com\/#organization"},"potentialAction":[{"@type":"SearchAction","target":{"@type":"EntryPoint","urlTemplate":"https:\/\/torredonjimenoactualidad.com\/?s={search_term_string}"},"query-input":"required name=search_term_string"}],"inLanguage":"es"},{"@type":"Organization","@id":"https:\/\/torredonjimenoactualidad.com\/#organization","name":"Torredonjimeno Actualidad","url":"https:\/\/torredonjimenoactualidad.com\/","logo":{"@type":"ImageObject","inLanguage":"es","@id":"https:\/\/torredonjimenoactualidad.com\/#\/schema\/logo\/image\/","url":"https:\/\/torredonjimenoactualidad.com\/wp-content\/uploads\/2023\/02\/logo-torredonjimeno-544x180-1.png","contentUrl":"https:\/\/torredonjimenoactualidad.com\/wp-content\/uploads\/2023\/02\/logo-torredonjimeno-544x180-1.png","width":545,"height":112,"caption":"Torredonjimeno Actualidad"},"image":{"@id":"https:\/\/torredonjimenoactualidad.com\/#\/schema\/logo\/image\/"}},{"@type":"Person","@id":"https:\/\/torredonjimenoactualidad.com\/#\/schema\/person\/11f05803cdf40dbeb7f4fbf2365c9ac5","name":"Redaccion","image":{"@type":"ImageObject","inLanguage":"es","@id":"https:\/\/torredonjimenoactualidad.com\/#\/schema\/person\/image\/","url":"https:\/\/secure.gravatar.com\/avatar\/5917bab7eff43e17746fd29b509939469470810b6b989b7cc2f89e3188399bf3?s=96&d=mm&r=g","contentUrl":"https:\/\/secure.gravatar.com\/avatar\/5917bab7eff43e17746fd29b509939469470810b6b989b7cc2f89e3188399bf3?s=96&d=mm&r=g","caption":"Redaccion"},"url":"https:\/\/torredonjimenoactualidad.com\/index.php\/author\/jose-bueno\/"}]}},"_links":{"self":[{"href":"https:\/\/torredonjimenoactualidad.com\/index.php\/wp-json\/wp\/v2\/posts\/2078","targetHints":{"allow":["GET"]}}],"collection":[{"href":"https:\/\/torredonjimenoactualidad.com\/index.php\/wp-json\/wp\/v2\/posts"}],"about":[{"href":"https:\/\/torredonjimenoactualidad.com\/index.php\/wp-json\/wp\/v2\/types\/post"}],"author":[{"embeddable":true,"href":"https:\/\/torredonjimenoactualidad.com\/index.php\/wp-json\/wp\/v2\/users\/3"}],"replies":[{"embeddable":true,"href":"https:\/\/torredonjimenoactualidad.com\/index.php\/wp-json\/wp\/v2\/comments?post=2078"}],"version-history":[{"count":1,"href":"https:\/\/torredonjimenoactualidad.com\/index.php\/wp-json\/wp\/v2\/posts\/2078\/revisions"}],"predecessor-version":[{"id":2080,"href":"https:\/\/torredonjimenoactualidad.com\/index.php\/wp-json\/wp\/v2\/posts\/2078\/revisions\/2080"}],"wp:featuredmedia":[{"embeddable":true,"href":"https:\/\/torredonjimenoactualidad.com\/index.php\/wp-json\/wp\/v2\/media\/2079"}],"wp:attachment":[{"href":"https:\/\/torredonjimenoactualidad.com\/index.php\/wp-json\/wp\/v2\/media?parent=2078"}],"wp:term":[{"taxonomy":"category","embeddable":true,"href":"https:\/\/torredonjimenoactualidad.com\/index.php\/wp-json\/wp\/v2\/categories?post=2078"},{"taxonomy":"post_tag","embeddable":true,"href":"https:\/\/torredonjimenoactualidad.com\/index.php\/wp-json\/wp\/v2\/tags?post=2078"}],"curies":[{"name":"wp","href":"https:\/\/api.w.org\/{rel}","templated":true}]}}