{"id":2029,"date":"2024-05-24T11:29:50","date_gmt":"2024-05-24T11:29:50","guid":{"rendered":"https:\/\/torredonjimenoactualidad.com\/?p=2029"},"modified":"2024-05-24T11:29:51","modified_gmt":"2024-05-24T11:29:51","slug":"detenido-un-vecino-de-torredonjimeno-por-robo-hurto-en-el-interior-de-vehiculo-y-uso-de-vehiculo-a-motor","status":"publish","type":"post","link":"https:\/\/torredonjimenoactualidad.com\/index.php\/2024\/05\/24\/detenido-un-vecino-de-torredonjimeno-por-robo-hurto-en-el-interior-de-vehiculo-y-uso-de-vehiculo-a-motor\/","title":{"rendered":"Detenido un vecino de Torredonjimeno por robo, hurto en el interior de veh\u00edculo y uso de veh\u00edculo a motor"},"content":{"rendered":"\n<p>La Guardia Civil, concretamente componentes del Puesto de Martos han detenido a un vecino de Torredonjimeno, de 33 a\u00f1os de edad, como presunto autor de los delitos de robo, hurto en el interior de veh\u00edculo y uso de veh\u00edculo a motor.<\/p>\n\n\n\n<p>El pasado mes de marzo del actual, la Guardia Civil, recuper\u00f3 en la localidad de Martos, un ciclomotor el cual figuraba como sustra\u00eddo en la localidad de Torredonjimeno.<\/p>\n\n\n\n<p>Con esta recuperaci\u00f3n, y posterior inspecci\u00f3n ocular, las sospechas se centraron en el detenido.<\/p>\n\n\n\n<p>En el actual mes de mayo, el presunto autor, fue sorprendido por agentes de la Polic\u00eda Local de Martos, conduciendo un veh\u00edculo todo terreno sustra\u00eddo, protagonizando una persecuci\u00f3n por las calles del municipio, saliendo a la autov\u00eda A-316 hasta llegar a un olivar de la localidad de Torredonjimeno, donde con el apoyo de una patrulla de la Guardia Civil, fue interceptado el veh\u00edculo, pero consiguiendo huir a pie del lugar, procediendo a la detenci\u00f3n del acompa\u00f1ante, y a la recuperaci\u00f3n del autom\u00f3vil sustra\u00eddo.<\/p>\n\n\n\n<p>Por componentes de la Guardia Civil, se estableci\u00f3 un dispositivo para la localizaci\u00f3n de esta persona, siendo detectado en el mercadillo de la localidad de Torredonjimeno, y al saberse localizado, intent\u00f3 huir nuevamente ante la presencia policial, comenzando una persecuci\u00f3n a la carrera por las calles de la localidad hasta que finalmente fue detenido, ofreciendo gran resistencia Adem\u00e1s de los Delitos descritos, se le ha imputado otro de Desobediencia Grave, y han sido recuperados un ciclomotor, dos veh\u00edculos todo terreno, y un juego de llaves de diferentes marcas y modelos de veh\u00edculos.<\/p>\n","protected":false},"excerpt":{"rendered":"<p>La Guardia Civil, concretamente componentes del Puesto de Martos han detenido a un vecino de Torredonjimeno, de 33 a\u00f1os de edad, como presunto autor de los delitos de robo, hurto en el interior de veh\u00edculo y uso de veh\u00edculo a motor. El pasado mes de marzo del actual, la Guardia Civil, recuper\u00f3 en la localidad &hellip;<\/p>\n<p class=\"read-more\"> <a class=\"\" href=\"https:\/\/torredonjimenoactualidad.com\/index.php\/2024\/05\/24\/detenido-un-vecino-de-torredonjimeno-por-robo-hurto-en-el-interior-de-vehiculo-y-uso-de-vehiculo-a-motor\/\"> <span class=\"screen-reader-text\">Detenido un vecino de Torredonjimeno por robo, hurto en el interior de veh\u00edculo y uso de veh\u00edculo a motor<\/span> Leer m\u00e1s &raquo;<\/a><\/p>\n","protected":false},"author":3,"featured_media":2030,"comment_status":"open","ping_status":"open","sticky":false,"template":"","format":"standard","meta":{"site-sidebar-layout":"default","site-content-layout":"default","ast-global-header-display":"","ast-main-header-display":"","ast-hfb-above-header-display":"","ast-hfb-below-header-display":"","ast-hfb-mobile-header-display":"","site-post-title":"","ast-breadcrumbs-content":"","ast-featured-img":"","footer-sml-layout":"","theme-transparent-header-meta":"","adv-header-id-meta":"","stick-header-meta":"","header-above-stick-meta":"","header-main-stick-meta":"","header-below-stick-meta":"","footnotes":""},"categories":[7],"tags":[],"class_list":["post-2029","post","type-post","status-publish","format-standard","has-post-thumbnail","hentry","category-local"],"yoast_head":"<!-- This site is optimized with the Yoast SEO plugin v20.8 - https:\/\/yoast.com\/wordpress\/plugins\/seo\/ -->\n<title>Detenido un vecino de Torredonjimeno por robo, hurto en el interior de veh\u00edculo y uso de veh\u00edculo a motor - Torredonjimeno Actualidad<\/title>\n<meta name=\"robots\" content=\"index, follow, max-snippet:-1, max-image-preview:large, max-video-preview:-1\" \/>\n<link rel=\"canonical\" href=\"https:\/\/torredonjimenoactualidad.com\/index.php\/2024\/05\/24\/detenido-un-vecino-de-torredonjimeno-por-robo-hurto-en-el-interior-de-vehiculo-y-uso-de-vehiculo-a-motor\/\" \/>\n<meta property=\"og:locale\" content=\"es_ES\" \/>\n<meta property=\"og:type\" content=\"article\" \/>\n<meta property=\"og:title\" content=\"Detenido un vecino de Torredonjimeno por robo, hurto en el interior de veh\u00edculo y uso de veh\u00edculo a motor - Torredonjimeno Actualidad\" \/>\n<meta property=\"og:description\" content=\"La Guardia Civil, concretamente componentes del Puesto de Martos han detenido a un vecino de Torredonjimeno, de 33 a\u00f1os de edad, como presunto autor de los delitos de robo, hurto en el interior de veh\u00edculo y uso de veh\u00edculo a motor. El pasado mes de marzo del actual, la Guardia Civil, recuper\u00f3 en la localidad &hellip; Detenido un vecino de Torredonjimeno por robo, hurto en el interior de veh\u00edculo y uso de veh\u00edculo a motor Leer m\u00e1s &raquo;\" \/>\n<meta property=\"og:url\" content=\"https:\/\/torredonjimenoactualidad.com\/index.php\/2024\/05\/24\/detenido-un-vecino-de-torredonjimeno-por-robo-hurto-en-el-interior-de-vehiculo-y-uso-de-vehiculo-a-motor\/\" \/>\n<meta property=\"og:site_name\" content=\"Torredonjimeno Actualidad\" \/>\n<meta property=\"article:published_time\" content=\"2024-05-24T11:29:50+00:00\" \/>\n<meta property=\"article:modified_time\" content=\"2024-05-24T11:29:51+00:00\" \/>\n<meta property=\"og:image\" content=\"https:\/\/torredonjimenoactualidad.com\/wp-content\/uploads\/2024\/05\/405751556_656272076637884_1136836229759963016_n.jpg\" \/>\n\t<meta property=\"og:image:width\" content=\"2048\" \/>\n\t<meta property=\"og:image:height\" content=\"1170\" \/>\n\t<meta property=\"og:image:type\" content=\"image\/jpeg\" \/>\n<meta name=\"author\" content=\"Redaccion\" \/>\n<meta name=\"twitter:card\" content=\"summary_large_image\" \/>\n<meta name=\"twitter:label1\" content=\"Escrito por\" \/>\n\t<meta name=\"twitter:data1\" content=\"Redaccion\" \/>\n\t<meta name=\"twitter:label2\" content=\"Tiempo de lectura\" \/>\n\t<meta name=\"twitter:data2\" content=\"2 minutos\" \/>\n<script type=\"application\/ld+json\" class=\"yoast-schema-graph\">{\"@context\":\"https:\/\/schema.org\",\"@graph\":[{\"@type\":\"Article\",\"@id\":\"https:\/\/torredonjimenoactualidad.com\/index.php\/2024\/05\/24\/detenido-un-vecino-de-torredonjimeno-por-robo-hurto-en-el-interior-de-vehiculo-y-uso-de-vehiculo-a-motor\/#article\",\"isPartOf\":{\"@id\":\"https:\/\/torredonjimenoactualidad.com\/index.php\/2024\/05\/24\/detenido-un-vecino-de-torredonjimeno-por-robo-hurto-en-el-interior-de-vehiculo-y-uso-de-vehiculo-a-motor\/\"},\"author\":{\"name\":\"Redaccion\",\"@id\":\"https:\/\/torredonjimenoactualidad.com\/#\/schema\/person\/11f05803cdf40dbeb7f4fbf2365c9ac5\"},\"headline\":\"Detenido un vecino de Torredonjimeno por robo, hurto en el interior de veh\u00edculo y uso de veh\u00edculo a motor\",\"datePublished\":\"2024-05-24T11:29:50+00:00\",\"dateModified\":\"2024-05-24T11:29:51+00:00\",\"mainEntityOfPage\":{\"@id\":\"https:\/\/torredonjimenoactualidad.com\/index.php\/2024\/05\/24\/detenido-un-vecino-de-torredonjimeno-por-robo-hurto-en-el-interior-de-vehiculo-y-uso-de-vehiculo-a-motor\/\"},\"wordCount\":300,\"commentCount\":0,\"publisher\":{\"@id\":\"https:\/\/torredonjimenoactualidad.com\/#organization\"},\"articleSection\":[\"local\"],\"inLanguage\":\"es\",\"potentialAction\":[{\"@type\":\"CommentAction\",\"name\":\"Comment\",\"target\":[\"https:\/\/torredonjimenoactualidad.com\/index.php\/2024\/05\/24\/detenido-un-vecino-de-torredonjimeno-por-robo-hurto-en-el-interior-de-vehiculo-y-uso-de-vehiculo-a-motor\/#respond\"]}]},{\"@type\":\"WebPage\",\"@id\":\"https:\/\/torredonjimenoactualidad.com\/index.php\/2024\/05\/24\/detenido-un-vecino-de-torredonjimeno-por-robo-hurto-en-el-interior-de-vehiculo-y-uso-de-vehiculo-a-motor\/\",\"url\":\"https:\/\/torredonjimenoactualidad.com\/index.php\/2024\/05\/24\/detenido-un-vecino-de-torredonjimeno-por-robo-hurto-en-el-interior-de-vehiculo-y-uso-de-vehiculo-a-motor\/\",\"name\":\"Detenido un vecino de Torredonjimeno por robo, hurto en el interior de veh\u00edculo y uso de veh\u00edculo a motor - Torredonjimeno Actualidad\",\"isPartOf\":{\"@id\":\"https:\/\/torredonjimenoactualidad.com\/#website\"},\"datePublished\":\"2024-05-24T11:29:50+00:00\",\"dateModified\":\"2024-05-24T11:29:51+00:00\",\"breadcrumb\":{\"@id\":\"https:\/\/torredonjimenoactualidad.com\/index.php\/2024\/05\/24\/detenido-un-vecino-de-torredonjimeno-por-robo-hurto-en-el-interior-de-vehiculo-y-uso-de-vehiculo-a-motor\/#breadcrumb\"},\"inLanguage\":\"es\",\"potentialAction\":[{\"@type\":\"ReadAction\",\"target\":[\"https:\/\/torredonjimenoactualidad.com\/index.php\/2024\/05\/24\/detenido-un-vecino-de-torredonjimeno-por-robo-hurto-en-el-interior-de-vehiculo-y-uso-de-vehiculo-a-motor\/\"]}]},{\"@type\":\"BreadcrumbList\",\"@id\":\"https:\/\/torredonjimenoactualidad.com\/index.php\/2024\/05\/24\/detenido-un-vecino-de-torredonjimeno-por-robo-hurto-en-el-interior-de-vehiculo-y-uso-de-vehiculo-a-motor\/#breadcrumb\",\"itemListElement\":[{\"@type\":\"ListItem\",\"position\":1,\"name\":\"Portada\",\"item\":\"https:\/\/torredonjimenoactualidad.com\/\"},{\"@type\":\"ListItem\",\"position\":2,\"name\":\"Detenido un vecino de Torredonjimeno por robo, hurto en el interior de veh\u00edculo y uso de veh\u00edculo a motor\"}]},{\"@type\":\"WebSite\",\"@id\":\"https:\/\/torredonjimenoactualidad.com\/#website\",\"url\":\"https:\/\/torredonjimenoactualidad.com\/\",\"name\":\"Torredonjimeno Actualidad\",\"description\":\"\",\"publisher\":{\"@id\":\"https:\/\/torredonjimenoactualidad.com\/#organization\"},\"potentialAction\":[{\"@type\":\"SearchAction\",\"target\":{\"@type\":\"EntryPoint\",\"urlTemplate\":\"https:\/\/torredonjimenoactualidad.com\/?s={search_term_string}\"},\"query-input\":\"required name=search_term_string\"}],\"inLanguage\":\"es\"},{\"@type\":\"Organization\",\"@id\":\"https:\/\/torredonjimenoactualidad.com\/#organization\",\"name\":\"Torredonjimeno Actualidad\",\"url\":\"https:\/\/torredonjimenoactualidad.com\/\",\"logo\":{\"@type\":\"ImageObject\",\"inLanguage\":\"es\",\"@id\":\"https:\/\/torredonjimenoactualidad.com\/#\/schema\/logo\/image\/\",\"url\":\"https:\/\/torredonjimenoactualidad.com\/wp-content\/uploads\/2023\/02\/logo-torredonjimeno-544x180-1.png\",\"contentUrl\":\"https:\/\/torredonjimenoactualidad.com\/wp-content\/uploads\/2023\/02\/logo-torredonjimeno-544x180-1.png\",\"width\":545,\"height\":112,\"caption\":\"Torredonjimeno Actualidad\"},\"image\":{\"@id\":\"https:\/\/torredonjimenoactualidad.com\/#\/schema\/logo\/image\/\"}},{\"@type\":\"Person\",\"@id\":\"https:\/\/torredonjimenoactualidad.com\/#\/schema\/person\/11f05803cdf40dbeb7f4fbf2365c9ac5\",\"name\":\"Redaccion\",\"image\":{\"@type\":\"ImageObject\",\"inLanguage\":\"es\",\"@id\":\"https:\/\/torredonjimenoactualidad.com\/#\/schema\/person\/image\/\",\"url\":\"https:\/\/secure.gravatar.com\/avatar\/5917bab7eff43e17746fd29b509939469470810b6b989b7cc2f89e3188399bf3?s=96&d=mm&r=g\",\"contentUrl\":\"https:\/\/secure.gravatar.com\/avatar\/5917bab7eff43e17746fd29b509939469470810b6b989b7cc2f89e3188399bf3?s=96&d=mm&r=g\",\"caption\":\"Redaccion\"},\"url\":\"https:\/\/torredonjimenoactualidad.com\/index.php\/author\/jose-bueno\/\"}]}<\/script>\n<!-- \/ Yoast SEO plugin. -->","yoast_head_json":{"title":"Detenido un vecino de Torredonjimeno por robo, hurto en el interior de veh\u00edculo y uso de veh\u00edculo a motor - Torredonjimeno Actualidad","robots":{"index":"index","follow":"follow","max-snippet":"max-snippet:-1","max-image-preview":"max-image-preview:large","max-video-preview":"max-video-preview:-1"},"canonical":"https:\/\/torredonjimenoactualidad.com\/index.php\/2024\/05\/24\/detenido-un-vecino-de-torredonjimeno-por-robo-hurto-en-el-interior-de-vehiculo-y-uso-de-vehiculo-a-motor\/","og_locale":"es_ES","og_type":"article","og_title":"Detenido un vecino de Torredonjimeno por robo, hurto en el interior de veh\u00edculo y uso de veh\u00edculo a motor - Torredonjimeno Actualidad","og_description":"La Guardia Civil, concretamente componentes del Puesto de Martos han detenido a un vecino de Torredonjimeno, de 33 a\u00f1os de edad, como presunto autor de los delitos de robo, hurto en el interior de veh\u00edculo y uso de veh\u00edculo a motor. El pasado mes de marzo del actual, la Guardia Civil, recuper\u00f3 en la localidad &hellip; Detenido un vecino de Torredonjimeno por robo, hurto en el interior de veh\u00edculo y uso de veh\u00edculo a motor Leer m\u00e1s &raquo;","og_url":"https:\/\/torredonjimenoactualidad.com\/index.php\/2024\/05\/24\/detenido-un-vecino-de-torredonjimeno-por-robo-hurto-en-el-interior-de-vehiculo-y-uso-de-vehiculo-a-motor\/","og_site_name":"Torredonjimeno Actualidad","article_published_time":"2024-05-24T11:29:50+00:00","article_modified_time":"2024-05-24T11:29:51+00:00","og_image":[{"width":2048,"height":1170,"url":"https:\/\/torredonjimenoactualidad.com\/wp-content\/uploads\/2024\/05\/405751556_656272076637884_1136836229759963016_n.jpg","type":"image\/jpeg"}],"author":"Redaccion","twitter_card":"summary_large_image","twitter_misc":{"Escrito por":"Redaccion","Tiempo de lectura":"2 minutos"},"schema":{"@context":"https:\/\/schema.org","@graph":[{"@type":"Article","@id":"https:\/\/torredonjimenoactualidad.com\/index.php\/2024\/05\/24\/detenido-un-vecino-de-torredonjimeno-por-robo-hurto-en-el-interior-de-vehiculo-y-uso-de-vehiculo-a-motor\/#article","isPartOf":{"@id":"https:\/\/torredonjimenoactualidad.com\/index.php\/2024\/05\/24\/detenido-un-vecino-de-torredonjimeno-por-robo-hurto-en-el-interior-de-vehiculo-y-uso-de-vehiculo-a-motor\/"},"author":{"name":"Redaccion","@id":"https:\/\/torredonjimenoactualidad.com\/#\/schema\/person\/11f05803cdf40dbeb7f4fbf2365c9ac5"},"headline":"Detenido un vecino de Torredonjimeno por robo, hurto en el interior de veh\u00edculo y uso de veh\u00edculo a motor","datePublished":"2024-05-24T11:29:50+00:00","dateModified":"2024-05-24T11:29:51+00:00","mainEntityOfPage":{"@id":"https:\/\/torredonjimenoactualidad.com\/index.php\/2024\/05\/24\/detenido-un-vecino-de-torredonjimeno-por-robo-hurto-en-el-interior-de-vehiculo-y-uso-de-vehiculo-a-motor\/"},"wordCount":300,"commentCount":0,"publisher":{"@id":"https:\/\/torredonjimenoactualidad.com\/#organization"},"articleSection":["local"],"inLanguage":"es","potentialAction":[{"@type":"CommentAction","name":"Comment","target":["https:\/\/torredonjimenoactualidad.com\/index.php\/2024\/05\/24\/detenido-un-vecino-de-torredonjimeno-por-robo-hurto-en-el-interior-de-vehiculo-y-uso-de-vehiculo-a-motor\/#respond"]}]},{"@type":"WebPage","@id":"https:\/\/torredonjimenoactualidad.com\/index.php\/2024\/05\/24\/detenido-un-vecino-de-torredonjimeno-por-robo-hurto-en-el-interior-de-vehiculo-y-uso-de-vehiculo-a-motor\/","url":"https:\/\/torredonjimenoactualidad.com\/index.php\/2024\/05\/24\/detenido-un-vecino-de-torredonjimeno-por-robo-hurto-en-el-interior-de-vehiculo-y-uso-de-vehiculo-a-motor\/","name":"Detenido un vecino de Torredonjimeno por robo, hurto en el interior de veh\u00edculo y uso de veh\u00edculo a motor - Torredonjimeno Actualidad","isPartOf":{"@id":"https:\/\/torredonjimenoactualidad.com\/#website"},"datePublished":"2024-05-24T11:29:50+00:00","dateModified":"2024-05-24T11:29:51+00:00","breadcrumb":{"@id":"https:\/\/torredonjimenoactualidad.com\/index.php\/2024\/05\/24\/detenido-un-vecino-de-torredonjimeno-por-robo-hurto-en-el-interior-de-vehiculo-y-uso-de-vehiculo-a-motor\/#breadcrumb"},"inLanguage":"es","potentialAction":[{"@type":"ReadAction","target":["https:\/\/torredonjimenoactualidad.com\/index.php\/2024\/05\/24\/detenido-un-vecino-de-torredonjimeno-por-robo-hurto-en-el-interior-de-vehiculo-y-uso-de-vehiculo-a-motor\/"]}]},{"@type":"BreadcrumbList","@id":"https:\/\/torredonjimenoactualidad.com\/index.php\/2024\/05\/24\/detenido-un-vecino-de-torredonjimeno-por-robo-hurto-en-el-interior-de-vehiculo-y-uso-de-vehiculo-a-motor\/#breadcrumb","itemListElement":[{"@type":"ListItem","position":1,"name":"Portada","item":"https:\/\/torredonjimenoactualidad.com\/"},{"@type":"ListItem","position":2,"name":"Detenido un vecino de Torredonjimeno por robo, hurto en el interior de veh\u00edculo y uso de veh\u00edculo a motor"}]},{"@type":"WebSite","@id":"https:\/\/torredonjimenoactualidad.com\/#website","url":"https:\/\/torredonjimenoactualidad.com\/","name":"Torredonjimeno Actualidad","description":"","publisher":{"@id":"https:\/\/torredonjimenoactualidad.com\/#organization"},"potentialAction":[{"@type":"SearchAction","target":{"@type":"EntryPoint","urlTemplate":"https:\/\/torredonjimenoactualidad.com\/?s={search_term_string}"},"query-input":"required name=search_term_string"}],"inLanguage":"es"},{"@type":"Organization","@id":"https:\/\/torredonjimenoactualidad.com\/#organization","name":"Torredonjimeno Actualidad","url":"https:\/\/torredonjimenoactualidad.com\/","logo":{"@type":"ImageObject","inLanguage":"es","@id":"https:\/\/torredonjimenoactualidad.com\/#\/schema\/logo\/image\/","url":"https:\/\/torredonjimenoactualidad.com\/wp-content\/uploads\/2023\/02\/logo-torredonjimeno-544x180-1.png","contentUrl":"https:\/\/torredonjimenoactualidad.com\/wp-content\/uploads\/2023\/02\/logo-torredonjimeno-544x180-1.png","width":545,"height":112,"caption":"Torredonjimeno Actualidad"},"image":{"@id":"https:\/\/torredonjimenoactualidad.com\/#\/schema\/logo\/image\/"}},{"@type":"Person","@id":"https:\/\/torredonjimenoactualidad.com\/#\/schema\/person\/11f05803cdf40dbeb7f4fbf2365c9ac5","name":"Redaccion","image":{"@type":"ImageObject","inLanguage":"es","@id":"https:\/\/torredonjimenoactualidad.com\/#\/schema\/person\/image\/","url":"https:\/\/secure.gravatar.com\/avatar\/5917bab7eff43e17746fd29b509939469470810b6b989b7cc2f89e3188399bf3?s=96&d=mm&r=g","contentUrl":"https:\/\/secure.gravatar.com\/avatar\/5917bab7eff43e17746fd29b509939469470810b6b989b7cc2f89e3188399bf3?s=96&d=mm&r=g","caption":"Redaccion"},"url":"https:\/\/torredonjimenoactualidad.com\/index.php\/author\/jose-bueno\/"}]}},"_links":{"self":[{"href":"https:\/\/torredonjimenoactualidad.com\/index.php\/wp-json\/wp\/v2\/posts\/2029","targetHints":{"allow":["GET"]}}],"collection":[{"href":"https:\/\/torredonjimenoactualidad.com\/index.php\/wp-json\/wp\/v2\/posts"}],"about":[{"href":"https:\/\/torredonjimenoactualidad.com\/index.php\/wp-json\/wp\/v2\/types\/post"}],"author":[{"embeddable":true,"href":"https:\/\/torredonjimenoactualidad.com\/index.php\/wp-json\/wp\/v2\/users\/3"}],"replies":[{"embeddable":true,"href":"https:\/\/torredonjimenoactualidad.com\/index.php\/wp-json\/wp\/v2\/comments?post=2029"}],"version-history":[{"count":1,"href":"https:\/\/torredonjimenoactualidad.com\/index.php\/wp-json\/wp\/v2\/posts\/2029\/revisions"}],"predecessor-version":[{"id":2031,"href":"https:\/\/torredonjimenoactualidad.com\/index.php\/wp-json\/wp\/v2\/posts\/2029\/revisions\/2031"}],"wp:featuredmedia":[{"embeddable":true,"href":"https:\/\/torredonjimenoactualidad.com\/index.php\/wp-json\/wp\/v2\/media\/2030"}],"wp:attachment":[{"href":"https:\/\/torredonjimenoactualidad.com\/index.php\/wp-json\/wp\/v2\/media?parent=2029"}],"wp:term":[{"taxonomy":"category","embeddable":true,"href":"https:\/\/torredonjimenoactualidad.com\/index.php\/wp-json\/wp\/v2\/categories?post=2029"},{"taxonomy":"post_tag","embeddable":true,"href":"https:\/\/torredonjimenoactualidad.com\/index.php\/wp-json\/wp\/v2\/tags?post=2029"}],"curies":[{"name":"wp","href":"https:\/\/api.w.org\/{rel}","templated":true}]}}