{"id":1981,"date":"2024-05-21T08:54:57","date_gmt":"2024-05-21T08:54:57","guid":{"rendered":"https:\/\/torredonjimenoactualidad.com\/?p=1981"},"modified":"2024-05-21T08:54:59","modified_gmt":"2024-05-21T08:54:59","slug":"el-ies-acebuche-de-torredonjimeno-participa-en-el-viii-programa-explora-ies","status":"publish","type":"post","link":"https:\/\/torredonjimenoactualidad.com\/index.php\/2024\/05\/21\/el-ies-acebuche-de-torredonjimeno-participa-en-el-viii-programa-explora-ies\/","title":{"rendered":"El IES Acebuche de Torredonjimeno participa en el VIII programa Explora-IES"},"content":{"rendered":"\n<p>M\u00e1s de 200 estudiantes de 22 centros de Secundaria de la provincia de Ja\u00e9n han participado en la octava edici\u00f3n de programa Explora-IES. Han trabajado en proyectos de investigaci\u00f3n adaptados a cuarto de la ESO y primero de Bachillerato, relacionados o incluidos en las l\u00edneas que desarrollan expertos de la Universidad de Ja\u00e9n.<\/p>\n\n\n\n<p>La iniciativa est\u00e1 coordinada por el Departamento de Did\u00e1ctica de las Ciencias, en colaboraci\u00f3n con los vicerrectorados de Comunicaci\u00f3n y Desarrollo Territorial y de Estudiantes y Empleabilidad, seg\u00fan ha informado este lunes la UJA.<\/p>\n\n\n\n<p>La clausura ha contado con los titulares de ambos vicerrectorados Alberto del Real y Mar\u00eda Teresa P\u00e9rez, as\u00ed como la Gim\u00e9nez, y la coordinadora del programa, Ana Mar\u00eda Abril. Tambi\u00e9n ha asistido la intervenci\u00f3n de la profesora Mar\u00eda Mart\u00edn Peci\u00f1a, del \u00e1rea de conocimiento de Did\u00e1ctica de las Ciencias Experimentales, que ha impartido la conferencia &#8216;La ciencia es para m\u00ed&#8230; \u00a1y para ti!&#8217;.<\/p>\n\n\n\n<p>Posteriormente, en esta \u00faltima jornada, investigadores y estudiantado preuniversitario han expuesto los trabajos de investigaci\u00f3n realizados desde que el proyecto se iniciara en enero.<\/p>\n\n\n\n<p>Lo han hecho mediante la presentaci\u00f3n de los p\u00f3sters y las comunicaciones orales relativos a los trabajos que han realizado, bajo la coordinaci\u00f3n de Julio A. Olivares, director de Secretariado de Comunicaci\u00f3n y Divulgaci\u00f3n Cient\u00edfica, y Nuria Ruiz, directora de Secretariado de Atenci\u00f3n al Estudiante y Procesos Acad\u00e9micos.<\/p>\n\n\n\n<p>En esta edici\u00f3n se ha hecho una oferta de 22 proyectos de investigaci\u00f3n adaptados al alumnado de cuarto de ESO y primero de Bachillerato, relacionados o incluidos en las l\u00edneas que desarrollan los investigadores de la UJA.<\/p>\n\n\n\n<p>Los centros implicados han sido Marcelo Sp\u00ednola, Santa Teresa, Santa Catalina de Alejandr\u00eda, El Valle, Las Fuentezuelas, Santa Mar\u00eda de la Capilla y La Pur\u00edsima, de la capital; Escuelas Profesionales de la Sagrada Familia (\u00dabeda y Alcal\u00e1 la Real), Antonio de Mendoza (Alcal\u00e1 la Real), Pablo de Olavide (La Carolina), Juan L\u00f3pez Morillas (J\u00f3dar) y <strong>Acebuche (Torredonjimeno).<\/strong><\/p>\n\n\n\n<p>Igualmente, han participado los IES Huarte de San Juan y Oretania, de Linares; San Juan Bautista (Navas de San Juan), Sierra Morena y Nuestra Se\u00f1ora de la Cabeza (And\u00fajar), Sagrado Coraz\u00f3n (Bail\u00e9n), Nieves L\u00f3pez Pastor (Villanueva del Arzobispo), Mateo Francisco de Rivas (Jabalquinto) y Puerta de la Sierra (La Puerta de Segura).<\/p>\n\n\n\n<p>La octava edici\u00f3n de Explora-IES se incluye en el Programa Hypatia, as\u00ed como en el XIV Plan de Divulgaci\u00f3n Cient\u00edfica que desarrolla la Unidad de Cultura Cient\u00edfica y de la Innovaci\u00f3n del Vicerrectorado de Comunicaci\u00f3n y Desarrollo Territorial, con el apoyo de la Fundaci\u00f3n Espa\u00f1a para la Ciencia y la Tecnolog\u00eda (Fecyt) del Ministerio de Ciencia, Innovaci\u00f3n y Universidades.<\/p>\n","protected":false},"excerpt":{"rendered":"<p>M\u00e1s de 200 estudiantes de 22 centros de Secundaria de la provincia de Ja\u00e9n han participado en la octava edici\u00f3n de programa Explora-IES. Han trabajado en proyectos de investigaci\u00f3n adaptados a cuarto de la ESO y primero de Bachillerato, relacionados o incluidos en las l\u00edneas que desarrollan expertos de la Universidad de Ja\u00e9n. La iniciativa &hellip;<\/p>\n<p class=\"read-more\"> <a class=\"\" href=\"https:\/\/torredonjimenoactualidad.com\/index.php\/2024\/05\/21\/el-ies-acebuche-de-torredonjimeno-participa-en-el-viii-programa-explora-ies\/\"> <span class=\"screen-reader-text\">El IES Acebuche de Torredonjimeno participa en el VIII programa Explora-IES<\/span> Leer m\u00e1s &raquo;<\/a><\/p>\n","protected":false},"author":3,"featured_media":1982,"comment_status":"closed","ping_status":"open","sticky":false,"template":"","format":"standard","meta":{"site-sidebar-layout":"default","site-content-layout":"default","ast-global-header-display":"","ast-main-header-display":"","ast-hfb-above-header-display":"","ast-hfb-below-header-display":"","ast-hfb-mobile-header-display":"","site-post-title":"","ast-breadcrumbs-content":"","ast-featured-img":"","footer-sml-layout":"","theme-transparent-header-meta":"","adv-header-id-meta":"","stick-header-meta":"","header-above-stick-meta":"","header-main-stick-meta":"","header-below-stick-meta":"","footnotes":""},"categories":[8],"tags":[],"class_list":["post-1981","post","type-post","status-publish","format-standard","has-post-thumbnail","hentry","category-provincia"],"yoast_head":"<!-- This site is optimized with the Yoast SEO plugin v20.8 - https:\/\/yoast.com\/wordpress\/plugins\/seo\/ -->\n<title>El IES Acebuche de Torredonjimeno participa en el VIII programa Explora-IES - Torredonjimeno Actualidad<\/title>\n<meta name=\"robots\" content=\"index, follow, max-snippet:-1, max-image-preview:large, max-video-preview:-1\" \/>\n<link rel=\"canonical\" href=\"https:\/\/torredonjimenoactualidad.com\/index.php\/2024\/05\/21\/el-ies-acebuche-de-torredonjimeno-participa-en-el-viii-programa-explora-ies\/\" \/>\n<meta property=\"og:locale\" content=\"es_ES\" \/>\n<meta property=\"og:type\" content=\"article\" \/>\n<meta property=\"og:title\" content=\"El IES Acebuche de Torredonjimeno participa en el VIII programa Explora-IES - Torredonjimeno Actualidad\" \/>\n<meta property=\"og:description\" content=\"M\u00e1s de 200 estudiantes de 22 centros de Secundaria de la provincia de Ja\u00e9n han participado en la octava edici\u00f3n de programa Explora-IES. Han trabajado en proyectos de investigaci\u00f3n adaptados a cuarto de la ESO y primero de Bachillerato, relacionados o incluidos en las l\u00edneas que desarrollan expertos de la Universidad de Ja\u00e9n. La iniciativa &hellip; El IES Acebuche de Torredonjimeno participa en el VIII programa Explora-IES Leer m\u00e1s &raquo;\" \/>\n<meta property=\"og:url\" content=\"https:\/\/torredonjimenoactualidad.com\/index.php\/2024\/05\/21\/el-ies-acebuche-de-torredonjimeno-participa-en-el-viii-programa-explora-ies\/\" \/>\n<meta property=\"og:site_name\" content=\"Torredonjimeno Actualidad\" \/>\n<meta property=\"article:published_time\" content=\"2024-05-21T08:54:57+00:00\" \/>\n<meta property=\"article:modified_time\" content=\"2024-05-21T08:54:59+00:00\" \/>\n<meta property=\"og:image\" content=\"https:\/\/torredonjimenoactualidad.com\/wp-content\/uploads\/2024\/05\/fotonoticia_20240520174916_1920-2.jpg\" \/>\n\t<meta property=\"og:image:width\" content=\"1920\" \/>\n\t<meta property=\"og:image:height\" content=\"1091\" \/>\n\t<meta property=\"og:image:type\" content=\"image\/jpeg\" \/>\n<meta name=\"author\" content=\"Redaccion\" \/>\n<meta name=\"twitter:card\" content=\"summary_large_image\" \/>\n<meta name=\"twitter:label1\" content=\"Escrito por\" \/>\n\t<meta name=\"twitter:data1\" content=\"Redaccion\" \/>\n\t<meta name=\"twitter:label2\" content=\"Tiempo de lectura\" \/>\n\t<meta name=\"twitter:data2\" content=\"2 minutos\" \/>\n<script type=\"application\/ld+json\" class=\"yoast-schema-graph\">{\"@context\":\"https:\/\/schema.org\",\"@graph\":[{\"@type\":\"Article\",\"@id\":\"https:\/\/torredonjimenoactualidad.com\/index.php\/2024\/05\/21\/el-ies-acebuche-de-torredonjimeno-participa-en-el-viii-programa-explora-ies\/#article\",\"isPartOf\":{\"@id\":\"https:\/\/torredonjimenoactualidad.com\/index.php\/2024\/05\/21\/el-ies-acebuche-de-torredonjimeno-participa-en-el-viii-programa-explora-ies\/\"},\"author\":{\"name\":\"Redaccion\",\"@id\":\"https:\/\/torredonjimenoactualidad.com\/#\/schema\/person\/11f05803cdf40dbeb7f4fbf2365c9ac5\"},\"headline\":\"El IES Acebuche de Torredonjimeno participa en el VIII programa Explora-IES\",\"datePublished\":\"2024-05-21T08:54:57+00:00\",\"dateModified\":\"2024-05-21T08:54:59+00:00\",\"mainEntityOfPage\":{\"@id\":\"https:\/\/torredonjimenoactualidad.com\/index.php\/2024\/05\/21\/el-ies-acebuche-de-torredonjimeno-participa-en-el-viii-programa-explora-ies\/\"},\"wordCount\":488,\"publisher\":{\"@id\":\"https:\/\/torredonjimenoactualidad.com\/#organization\"},\"articleSection\":[\"provincia\"],\"inLanguage\":\"es\"},{\"@type\":\"WebPage\",\"@id\":\"https:\/\/torredonjimenoactualidad.com\/index.php\/2024\/05\/21\/el-ies-acebuche-de-torredonjimeno-participa-en-el-viii-programa-explora-ies\/\",\"url\":\"https:\/\/torredonjimenoactualidad.com\/index.php\/2024\/05\/21\/el-ies-acebuche-de-torredonjimeno-participa-en-el-viii-programa-explora-ies\/\",\"name\":\"El IES Acebuche de Torredonjimeno participa en el VIII programa Explora-IES - Torredonjimeno Actualidad\",\"isPartOf\":{\"@id\":\"https:\/\/torredonjimenoactualidad.com\/#website\"},\"datePublished\":\"2024-05-21T08:54:57+00:00\",\"dateModified\":\"2024-05-21T08:54:59+00:00\",\"breadcrumb\":{\"@id\":\"https:\/\/torredonjimenoactualidad.com\/index.php\/2024\/05\/21\/el-ies-acebuche-de-torredonjimeno-participa-en-el-viii-programa-explora-ies\/#breadcrumb\"},\"inLanguage\":\"es\",\"potentialAction\":[{\"@type\":\"ReadAction\",\"target\":[\"https:\/\/torredonjimenoactualidad.com\/index.php\/2024\/05\/21\/el-ies-acebuche-de-torredonjimeno-participa-en-el-viii-programa-explora-ies\/\"]}]},{\"@type\":\"BreadcrumbList\",\"@id\":\"https:\/\/torredonjimenoactualidad.com\/index.php\/2024\/05\/21\/el-ies-acebuche-de-torredonjimeno-participa-en-el-viii-programa-explora-ies\/#breadcrumb\",\"itemListElement\":[{\"@type\":\"ListItem\",\"position\":1,\"name\":\"Portada\",\"item\":\"https:\/\/torredonjimenoactualidad.com\/\"},{\"@type\":\"ListItem\",\"position\":2,\"name\":\"El IES Acebuche de Torredonjimeno participa en el VIII programa Explora-IES\"}]},{\"@type\":\"WebSite\",\"@id\":\"https:\/\/torredonjimenoactualidad.com\/#website\",\"url\":\"https:\/\/torredonjimenoactualidad.com\/\",\"name\":\"Torredonjimeno Actualidad\",\"description\":\"\",\"publisher\":{\"@id\":\"https:\/\/torredonjimenoactualidad.com\/#organization\"},\"potentialAction\":[{\"@type\":\"SearchAction\",\"target\":{\"@type\":\"EntryPoint\",\"urlTemplate\":\"https:\/\/torredonjimenoactualidad.com\/?s={search_term_string}\"},\"query-input\":\"required name=search_term_string\"}],\"inLanguage\":\"es\"},{\"@type\":\"Organization\",\"@id\":\"https:\/\/torredonjimenoactualidad.com\/#organization\",\"name\":\"Torredonjimeno Actualidad\",\"url\":\"https:\/\/torredonjimenoactualidad.com\/\",\"logo\":{\"@type\":\"ImageObject\",\"inLanguage\":\"es\",\"@id\":\"https:\/\/torredonjimenoactualidad.com\/#\/schema\/logo\/image\/\",\"url\":\"https:\/\/torredonjimenoactualidad.com\/wp-content\/uploads\/2023\/02\/logo-torredonjimeno-544x180-1.png\",\"contentUrl\":\"https:\/\/torredonjimenoactualidad.com\/wp-content\/uploads\/2023\/02\/logo-torredonjimeno-544x180-1.png\",\"width\":545,\"height\":112,\"caption\":\"Torredonjimeno Actualidad\"},\"image\":{\"@id\":\"https:\/\/torredonjimenoactualidad.com\/#\/schema\/logo\/image\/\"}},{\"@type\":\"Person\",\"@id\":\"https:\/\/torredonjimenoactualidad.com\/#\/schema\/person\/11f05803cdf40dbeb7f4fbf2365c9ac5\",\"name\":\"Redaccion\",\"image\":{\"@type\":\"ImageObject\",\"inLanguage\":\"es\",\"@id\":\"https:\/\/torredonjimenoactualidad.com\/#\/schema\/person\/image\/\",\"url\":\"https:\/\/secure.gravatar.com\/avatar\/5917bab7eff43e17746fd29b509939469470810b6b989b7cc2f89e3188399bf3?s=96&d=mm&r=g\",\"contentUrl\":\"https:\/\/secure.gravatar.com\/avatar\/5917bab7eff43e17746fd29b509939469470810b6b989b7cc2f89e3188399bf3?s=96&d=mm&r=g\",\"caption\":\"Redaccion\"},\"url\":\"https:\/\/torredonjimenoactualidad.com\/index.php\/author\/jose-bueno\/\"}]}<\/script>\n<!-- \/ Yoast SEO plugin. -->","yoast_head_json":{"title":"El IES Acebuche de Torredonjimeno participa en el VIII programa Explora-IES - Torredonjimeno Actualidad","robots":{"index":"index","follow":"follow","max-snippet":"max-snippet:-1","max-image-preview":"max-image-preview:large","max-video-preview":"max-video-preview:-1"},"canonical":"https:\/\/torredonjimenoactualidad.com\/index.php\/2024\/05\/21\/el-ies-acebuche-de-torredonjimeno-participa-en-el-viii-programa-explora-ies\/","og_locale":"es_ES","og_type":"article","og_title":"El IES Acebuche de Torredonjimeno participa en el VIII programa Explora-IES - Torredonjimeno Actualidad","og_description":"M\u00e1s de 200 estudiantes de 22 centros de Secundaria de la provincia de Ja\u00e9n han participado en la octava edici\u00f3n de programa Explora-IES. Han trabajado en proyectos de investigaci\u00f3n adaptados a cuarto de la ESO y primero de Bachillerato, relacionados o incluidos en las l\u00edneas que desarrollan expertos de la Universidad de Ja\u00e9n. La iniciativa &hellip; El IES Acebuche de Torredonjimeno participa en el VIII programa Explora-IES Leer m\u00e1s &raquo;","og_url":"https:\/\/torredonjimenoactualidad.com\/index.php\/2024\/05\/21\/el-ies-acebuche-de-torredonjimeno-participa-en-el-viii-programa-explora-ies\/","og_site_name":"Torredonjimeno Actualidad","article_published_time":"2024-05-21T08:54:57+00:00","article_modified_time":"2024-05-21T08:54:59+00:00","og_image":[{"width":1920,"height":1091,"url":"https:\/\/torredonjimenoactualidad.com\/wp-content\/uploads\/2024\/05\/fotonoticia_20240520174916_1920-2.jpg","type":"image\/jpeg"}],"author":"Redaccion","twitter_card":"summary_large_image","twitter_misc":{"Escrito por":"Redaccion","Tiempo de lectura":"2 minutos"},"schema":{"@context":"https:\/\/schema.org","@graph":[{"@type":"Article","@id":"https:\/\/torredonjimenoactualidad.com\/index.php\/2024\/05\/21\/el-ies-acebuche-de-torredonjimeno-participa-en-el-viii-programa-explora-ies\/#article","isPartOf":{"@id":"https:\/\/torredonjimenoactualidad.com\/index.php\/2024\/05\/21\/el-ies-acebuche-de-torredonjimeno-participa-en-el-viii-programa-explora-ies\/"},"author":{"name":"Redaccion","@id":"https:\/\/torredonjimenoactualidad.com\/#\/schema\/person\/11f05803cdf40dbeb7f4fbf2365c9ac5"},"headline":"El IES Acebuche de Torredonjimeno participa en el VIII programa Explora-IES","datePublished":"2024-05-21T08:54:57+00:00","dateModified":"2024-05-21T08:54:59+00:00","mainEntityOfPage":{"@id":"https:\/\/torredonjimenoactualidad.com\/index.php\/2024\/05\/21\/el-ies-acebuche-de-torredonjimeno-participa-en-el-viii-programa-explora-ies\/"},"wordCount":488,"publisher":{"@id":"https:\/\/torredonjimenoactualidad.com\/#organization"},"articleSection":["provincia"],"inLanguage":"es"},{"@type":"WebPage","@id":"https:\/\/torredonjimenoactualidad.com\/index.php\/2024\/05\/21\/el-ies-acebuche-de-torredonjimeno-participa-en-el-viii-programa-explora-ies\/","url":"https:\/\/torredonjimenoactualidad.com\/index.php\/2024\/05\/21\/el-ies-acebuche-de-torredonjimeno-participa-en-el-viii-programa-explora-ies\/","name":"El IES Acebuche de Torredonjimeno participa en el VIII programa Explora-IES - Torredonjimeno Actualidad","isPartOf":{"@id":"https:\/\/torredonjimenoactualidad.com\/#website"},"datePublished":"2024-05-21T08:54:57+00:00","dateModified":"2024-05-21T08:54:59+00:00","breadcrumb":{"@id":"https:\/\/torredonjimenoactualidad.com\/index.php\/2024\/05\/21\/el-ies-acebuche-de-torredonjimeno-participa-en-el-viii-programa-explora-ies\/#breadcrumb"},"inLanguage":"es","potentialAction":[{"@type":"ReadAction","target":["https:\/\/torredonjimenoactualidad.com\/index.php\/2024\/05\/21\/el-ies-acebuche-de-torredonjimeno-participa-en-el-viii-programa-explora-ies\/"]}]},{"@type":"BreadcrumbList","@id":"https:\/\/torredonjimenoactualidad.com\/index.php\/2024\/05\/21\/el-ies-acebuche-de-torredonjimeno-participa-en-el-viii-programa-explora-ies\/#breadcrumb","itemListElement":[{"@type":"ListItem","position":1,"name":"Portada","item":"https:\/\/torredonjimenoactualidad.com\/"},{"@type":"ListItem","position":2,"name":"El IES Acebuche de Torredonjimeno participa en el VIII programa Explora-IES"}]},{"@type":"WebSite","@id":"https:\/\/torredonjimenoactualidad.com\/#website","url":"https:\/\/torredonjimenoactualidad.com\/","name":"Torredonjimeno Actualidad","description":"","publisher":{"@id":"https:\/\/torredonjimenoactualidad.com\/#organization"},"potentialAction":[{"@type":"SearchAction","target":{"@type":"EntryPoint","urlTemplate":"https:\/\/torredonjimenoactualidad.com\/?s={search_term_string}"},"query-input":"required name=search_term_string"}],"inLanguage":"es"},{"@type":"Organization","@id":"https:\/\/torredonjimenoactualidad.com\/#organization","name":"Torredonjimeno Actualidad","url":"https:\/\/torredonjimenoactualidad.com\/","logo":{"@type":"ImageObject","inLanguage":"es","@id":"https:\/\/torredonjimenoactualidad.com\/#\/schema\/logo\/image\/","url":"https:\/\/torredonjimenoactualidad.com\/wp-content\/uploads\/2023\/02\/logo-torredonjimeno-544x180-1.png","contentUrl":"https:\/\/torredonjimenoactualidad.com\/wp-content\/uploads\/2023\/02\/logo-torredonjimeno-544x180-1.png","width":545,"height":112,"caption":"Torredonjimeno Actualidad"},"image":{"@id":"https:\/\/torredonjimenoactualidad.com\/#\/schema\/logo\/image\/"}},{"@type":"Person","@id":"https:\/\/torredonjimenoactualidad.com\/#\/schema\/person\/11f05803cdf40dbeb7f4fbf2365c9ac5","name":"Redaccion","image":{"@type":"ImageObject","inLanguage":"es","@id":"https:\/\/torredonjimenoactualidad.com\/#\/schema\/person\/image\/","url":"https:\/\/secure.gravatar.com\/avatar\/5917bab7eff43e17746fd29b509939469470810b6b989b7cc2f89e3188399bf3?s=96&d=mm&r=g","contentUrl":"https:\/\/secure.gravatar.com\/avatar\/5917bab7eff43e17746fd29b509939469470810b6b989b7cc2f89e3188399bf3?s=96&d=mm&r=g","caption":"Redaccion"},"url":"https:\/\/torredonjimenoactualidad.com\/index.php\/author\/jose-bueno\/"}]}},"_links":{"self":[{"href":"https:\/\/torredonjimenoactualidad.com\/index.php\/wp-json\/wp\/v2\/posts\/1981","targetHints":{"allow":["GET"]}}],"collection":[{"href":"https:\/\/torredonjimenoactualidad.com\/index.php\/wp-json\/wp\/v2\/posts"}],"about":[{"href":"https:\/\/torredonjimenoactualidad.com\/index.php\/wp-json\/wp\/v2\/types\/post"}],"author":[{"embeddable":true,"href":"https:\/\/torredonjimenoactualidad.com\/index.php\/wp-json\/wp\/v2\/users\/3"}],"replies":[{"embeddable":true,"href":"https:\/\/torredonjimenoactualidad.com\/index.php\/wp-json\/wp\/v2\/comments?post=1981"}],"version-history":[{"count":1,"href":"https:\/\/torredonjimenoactualidad.com\/index.php\/wp-json\/wp\/v2\/posts\/1981\/revisions"}],"predecessor-version":[{"id":1983,"href":"https:\/\/torredonjimenoactualidad.com\/index.php\/wp-json\/wp\/v2\/posts\/1981\/revisions\/1983"}],"wp:featuredmedia":[{"embeddable":true,"href":"https:\/\/torredonjimenoactualidad.com\/index.php\/wp-json\/wp\/v2\/media\/1982"}],"wp:attachment":[{"href":"https:\/\/torredonjimenoactualidad.com\/index.php\/wp-json\/wp\/v2\/media?parent=1981"}],"wp:term":[{"taxonomy":"category","embeddable":true,"href":"https:\/\/torredonjimenoactualidad.com\/index.php\/wp-json\/wp\/v2\/categories?post=1981"},{"taxonomy":"post_tag","embeddable":true,"href":"https:\/\/torredonjimenoactualidad.com\/index.php\/wp-json\/wp\/v2\/tags?post=1981"}],"curies":[{"name":"wp","href":"https:\/\/api.w.org\/{rel}","templated":true}]}}