{"id":1971,"date":"2024-05-20T11:29:28","date_gmt":"2024-05-20T11:29:28","guid":{"rendered":"https:\/\/torredonjimenoactualidad.com\/?p=1971"},"modified":"2024-05-20T11:34:14","modified_gmt":"2024-05-20T11:34:14","slug":"destacada-presencia-de-torredonjimeno-en-el-xiii-congreso-federal-de-iu","status":"publish","type":"post","link":"https:\/\/torredonjimenoactualidad.com\/index.php\/2024\/05\/20\/destacada-presencia-de-torredonjimeno-en-el-xiii-congreso-federal-de-iu\/","title":{"rendered":"Destacada presencia de Torredonjimeno en el XIII Congreso federal de IU"},"content":{"rendered":"\n<p>Durante este fin de semana Torredonjimeno ha tenido un papel destacado en el XIII Congreso federal de Izquierda Unida, de los 6 delegados y delegadas de la provincia de Ja\u00e9n,  nuestro municipio ha tenido 3 representantes, Carmen Barranco, Maria del Mar L\u00f3pez y Loli Gonz\u00e1lez.<\/p>\n\n\n\n<p>Ayer domingo, Antonio Ma\u00edllo tomaba las riendas de Izquierda Unida (IU) para los pr\u00f3ximos cuatro a\u00f1os, subrayando la importancia del legado de Julio Anguita y la \u201ctradici\u00f3n unitaria\u201d de la formaci\u00f3n. En su primer discurso como l\u00edder, Ma\u00edllo advirti\u00f3 sobre el peligro de las tentaciones narcisistas, afirmando que \u201cun partido que se enamora de s\u00ed mismo es un partido que al intentar atraparse se ahoga\u201d.<\/p>\n\n\n\n<p>Ma\u00edllo fue ratificado como sucesor de Alberto Garz\u00f3n en la \u00faltima jornada de la XIII Asamblea de IU, obteniendo el 79% de los apoyos de la Coordinadora Federal, el m\u00e1ximo \u00f3rgano de decisi\u00f3n de la organizaci\u00f3n. Con la elecci\u00f3n de su sexto l\u00edder en 38 a\u00f1os, IU abre una nueva etapa en la que deber\u00e1 definir su pol\u00edtica de alianzas y su apuesta por un \u201cfrente amplio\u201d en los pr\u00f3ximos meses.<\/p>\n\n\n\n<p>Por ahora, la formaci\u00f3n ha decidido posponer ese debate y centrarse en la campa\u00f1a electoral de las europeas. Ma\u00edllo destac\u00f3 que el resultado de estas elecciones probablemente influir\u00e1 en la relaci\u00f3n futura con la plataforma Sumar. \u201cDe aqu\u00ed al 9-J todas y cada una de las militantes de IU se arremangan y se ponen a trabajar para conseguir que Manu Pineda y la candidatura de Sumar tengan la mayor representaci\u00f3n posible.<\/p>\n","protected":false},"excerpt":{"rendered":"<p>Durante este fin de semana Torredonjimeno ha tenido un papel destacado en el XIII Congreso federal de Izquierda Unida, de los 6 delegados y delegadas de la provincia de Ja\u00e9n, nuestro municipio ha tenido 3 representantes, Carmen Barranco, Maria del Mar L\u00f3pez y Loli Gonz\u00e1lez. Ayer domingo, Antonio Ma\u00edllo tomaba las riendas de Izquierda Unida &hellip;<\/p>\n<p class=\"read-more\"> <a class=\"\" href=\"https:\/\/torredonjimenoactualidad.com\/index.php\/2024\/05\/20\/destacada-presencia-de-torredonjimeno-en-el-xiii-congreso-federal-de-iu\/\"> <span class=\"screen-reader-text\">Destacada presencia de Torredonjimeno en el XIII Congreso federal de IU<\/span> Leer m\u00e1s &raquo;<\/a><\/p>\n","protected":false},"author":3,"featured_media":1972,"comment_status":"open","ping_status":"open","sticky":false,"template":"","format":"standard","meta":{"site-sidebar-layout":"default","site-content-layout":"default","ast-global-header-display":"","ast-main-header-display":"","ast-hfb-above-header-display":"","ast-hfb-below-header-display":"","ast-hfb-mobile-header-display":"","site-post-title":"","ast-breadcrumbs-content":"","ast-featured-img":"","footer-sml-layout":"","theme-transparent-header-meta":"","adv-header-id-meta":"","stick-header-meta":"","header-above-stick-meta":"","header-main-stick-meta":"","header-below-stick-meta":"","footnotes":""},"categories":[7],"tags":[],"class_list":["post-1971","post","type-post","status-publish","format-standard","has-post-thumbnail","hentry","category-local"],"yoast_head":"<!-- This site is optimized with the Yoast SEO plugin v20.8 - https:\/\/yoast.com\/wordpress\/plugins\/seo\/ -->\n<title>Destacada presencia de Torredonjimeno en el XIII Congreso federal de IU - Torredonjimeno Actualidad<\/title>\n<meta name=\"robots\" content=\"index, follow, max-snippet:-1, max-image-preview:large, max-video-preview:-1\" \/>\n<link rel=\"canonical\" href=\"https:\/\/torredonjimenoactualidad.com\/index.php\/2024\/05\/20\/destacada-presencia-de-torredonjimeno-en-el-xiii-congreso-federal-de-iu\/\" \/>\n<meta property=\"og:locale\" content=\"es_ES\" \/>\n<meta property=\"og:type\" content=\"article\" \/>\n<meta property=\"og:title\" content=\"Destacada presencia de Torredonjimeno en el XIII Congreso federal de IU - Torredonjimeno Actualidad\" \/>\n<meta property=\"og:description\" content=\"Durante este fin de semana Torredonjimeno ha tenido un papel destacado en el XIII Congreso federal de Izquierda Unida, de los 6 delegados y delegadas de la provincia de Ja\u00e9n, nuestro municipio ha tenido 3 representantes, Carmen Barranco, Maria del Mar L\u00f3pez y Loli Gonz\u00e1lez. Ayer domingo, Antonio Ma\u00edllo tomaba las riendas de Izquierda Unida &hellip; Destacada presencia de Torredonjimeno en el XIII Congreso federal de IU Leer m\u00e1s &raquo;\" \/>\n<meta property=\"og:url\" content=\"https:\/\/torredonjimenoactualidad.com\/index.php\/2024\/05\/20\/destacada-presencia-de-torredonjimeno-en-el-xiii-congreso-federal-de-iu\/\" \/>\n<meta property=\"og:site_name\" content=\"Torredonjimeno Actualidad\" \/>\n<meta property=\"article:published_time\" content=\"2024-05-20T11:29:28+00:00\" \/>\n<meta property=\"article:modified_time\" content=\"2024-05-20T11:34:14+00:00\" \/>\n<meta property=\"og:image\" content=\"https:\/\/torredonjimenoactualidad.com\/wp-content\/uploads\/2024\/05\/424600803_762324559418348_4375207155419685184_n.jpg\" \/>\n\t<meta property=\"og:image:width\" content=\"1280\" \/>\n\t<meta property=\"og:image:height\" content=\"731\" \/>\n\t<meta property=\"og:image:type\" content=\"image\/jpeg\" \/>\n<meta name=\"author\" content=\"Redaccion\" \/>\n<meta name=\"twitter:card\" content=\"summary_large_image\" \/>\n<meta name=\"twitter:label1\" content=\"Escrito por\" \/>\n\t<meta name=\"twitter:data1\" content=\"Redaccion\" \/>\n\t<meta name=\"twitter:label2\" content=\"Tiempo de lectura\" \/>\n\t<meta name=\"twitter:data2\" content=\"2 minutos\" \/>\n<script type=\"application\/ld+json\" class=\"yoast-schema-graph\">{\"@context\":\"https:\/\/schema.org\",\"@graph\":[{\"@type\":\"Article\",\"@id\":\"https:\/\/torredonjimenoactualidad.com\/index.php\/2024\/05\/20\/destacada-presencia-de-torredonjimeno-en-el-xiii-congreso-federal-de-iu\/#article\",\"isPartOf\":{\"@id\":\"https:\/\/torredonjimenoactualidad.com\/index.php\/2024\/05\/20\/destacada-presencia-de-torredonjimeno-en-el-xiii-congreso-federal-de-iu\/\"},\"author\":{\"name\":\"Redaccion\",\"@id\":\"https:\/\/torredonjimenoactualidad.com\/#\/schema\/person\/11f05803cdf40dbeb7f4fbf2365c9ac5\"},\"headline\":\"Destacada presencia de Torredonjimeno en el XIII Congreso federal de IU\",\"datePublished\":\"2024-05-20T11:29:28+00:00\",\"dateModified\":\"2024-05-20T11:34:14+00:00\",\"mainEntityOfPage\":{\"@id\":\"https:\/\/torredonjimenoactualidad.com\/index.php\/2024\/05\/20\/destacada-presencia-de-torredonjimeno-en-el-xiii-congreso-federal-de-iu\/\"},\"wordCount\":284,\"commentCount\":0,\"publisher\":{\"@id\":\"https:\/\/torredonjimenoactualidad.com\/#organization\"},\"articleSection\":[\"local\"],\"inLanguage\":\"es\",\"potentialAction\":[{\"@type\":\"CommentAction\",\"name\":\"Comment\",\"target\":[\"https:\/\/torredonjimenoactualidad.com\/index.php\/2024\/05\/20\/destacada-presencia-de-torredonjimeno-en-el-xiii-congreso-federal-de-iu\/#respond\"]}]},{\"@type\":\"WebPage\",\"@id\":\"https:\/\/torredonjimenoactualidad.com\/index.php\/2024\/05\/20\/destacada-presencia-de-torredonjimeno-en-el-xiii-congreso-federal-de-iu\/\",\"url\":\"https:\/\/torredonjimenoactualidad.com\/index.php\/2024\/05\/20\/destacada-presencia-de-torredonjimeno-en-el-xiii-congreso-federal-de-iu\/\",\"name\":\"Destacada presencia de Torredonjimeno en el XIII Congreso federal de IU - Torredonjimeno Actualidad\",\"isPartOf\":{\"@id\":\"https:\/\/torredonjimenoactualidad.com\/#website\"},\"datePublished\":\"2024-05-20T11:29:28+00:00\",\"dateModified\":\"2024-05-20T11:34:14+00:00\",\"breadcrumb\":{\"@id\":\"https:\/\/torredonjimenoactualidad.com\/index.php\/2024\/05\/20\/destacada-presencia-de-torredonjimeno-en-el-xiii-congreso-federal-de-iu\/#breadcrumb\"},\"inLanguage\":\"es\",\"potentialAction\":[{\"@type\":\"ReadAction\",\"target\":[\"https:\/\/torredonjimenoactualidad.com\/index.php\/2024\/05\/20\/destacada-presencia-de-torredonjimeno-en-el-xiii-congreso-federal-de-iu\/\"]}]},{\"@type\":\"BreadcrumbList\",\"@id\":\"https:\/\/torredonjimenoactualidad.com\/index.php\/2024\/05\/20\/destacada-presencia-de-torredonjimeno-en-el-xiii-congreso-federal-de-iu\/#breadcrumb\",\"itemListElement\":[{\"@type\":\"ListItem\",\"position\":1,\"name\":\"Portada\",\"item\":\"https:\/\/torredonjimenoactualidad.com\/\"},{\"@type\":\"ListItem\",\"position\":2,\"name\":\"Destacada presencia de Torredonjimeno en el XIII Congreso federal de IU\"}]},{\"@type\":\"WebSite\",\"@id\":\"https:\/\/torredonjimenoactualidad.com\/#website\",\"url\":\"https:\/\/torredonjimenoactualidad.com\/\",\"name\":\"Torredonjimeno Actualidad\",\"description\":\"\",\"publisher\":{\"@id\":\"https:\/\/torredonjimenoactualidad.com\/#organization\"},\"potentialAction\":[{\"@type\":\"SearchAction\",\"target\":{\"@type\":\"EntryPoint\",\"urlTemplate\":\"https:\/\/torredonjimenoactualidad.com\/?s={search_term_string}\"},\"query-input\":\"required name=search_term_string\"}],\"inLanguage\":\"es\"},{\"@type\":\"Organization\",\"@id\":\"https:\/\/torredonjimenoactualidad.com\/#organization\",\"name\":\"Torredonjimeno Actualidad\",\"url\":\"https:\/\/torredonjimenoactualidad.com\/\",\"logo\":{\"@type\":\"ImageObject\",\"inLanguage\":\"es\",\"@id\":\"https:\/\/torredonjimenoactualidad.com\/#\/schema\/logo\/image\/\",\"url\":\"https:\/\/torredonjimenoactualidad.com\/wp-content\/uploads\/2023\/02\/logo-torredonjimeno-544x180-1.png\",\"contentUrl\":\"https:\/\/torredonjimenoactualidad.com\/wp-content\/uploads\/2023\/02\/logo-torredonjimeno-544x180-1.png\",\"width\":545,\"height\":112,\"caption\":\"Torredonjimeno Actualidad\"},\"image\":{\"@id\":\"https:\/\/torredonjimenoactualidad.com\/#\/schema\/logo\/image\/\"}},{\"@type\":\"Person\",\"@id\":\"https:\/\/torredonjimenoactualidad.com\/#\/schema\/person\/11f05803cdf40dbeb7f4fbf2365c9ac5\",\"name\":\"Redaccion\",\"image\":{\"@type\":\"ImageObject\",\"inLanguage\":\"es\",\"@id\":\"https:\/\/torredonjimenoactualidad.com\/#\/schema\/person\/image\/\",\"url\":\"https:\/\/secure.gravatar.com\/avatar\/5917bab7eff43e17746fd29b509939469470810b6b989b7cc2f89e3188399bf3?s=96&d=mm&r=g\",\"contentUrl\":\"https:\/\/secure.gravatar.com\/avatar\/5917bab7eff43e17746fd29b509939469470810b6b989b7cc2f89e3188399bf3?s=96&d=mm&r=g\",\"caption\":\"Redaccion\"},\"url\":\"https:\/\/torredonjimenoactualidad.com\/index.php\/author\/jose-bueno\/\"}]}<\/script>\n<!-- \/ Yoast SEO plugin. -->","yoast_head_json":{"title":"Destacada presencia de Torredonjimeno en el XIII Congreso federal de IU - Torredonjimeno Actualidad","robots":{"index":"index","follow":"follow","max-snippet":"max-snippet:-1","max-image-preview":"max-image-preview:large","max-video-preview":"max-video-preview:-1"},"canonical":"https:\/\/torredonjimenoactualidad.com\/index.php\/2024\/05\/20\/destacada-presencia-de-torredonjimeno-en-el-xiii-congreso-federal-de-iu\/","og_locale":"es_ES","og_type":"article","og_title":"Destacada presencia de Torredonjimeno en el XIII Congreso federal de IU - Torredonjimeno Actualidad","og_description":"Durante este fin de semana Torredonjimeno ha tenido un papel destacado en el XIII Congreso federal de Izquierda Unida, de los 6 delegados y delegadas de la provincia de Ja\u00e9n, nuestro municipio ha tenido 3 representantes, Carmen Barranco, Maria del Mar L\u00f3pez y Loli Gonz\u00e1lez. Ayer domingo, Antonio Ma\u00edllo tomaba las riendas de Izquierda Unida &hellip; Destacada presencia de Torredonjimeno en el XIII Congreso federal de IU Leer m\u00e1s &raquo;","og_url":"https:\/\/torredonjimenoactualidad.com\/index.php\/2024\/05\/20\/destacada-presencia-de-torredonjimeno-en-el-xiii-congreso-federal-de-iu\/","og_site_name":"Torredonjimeno Actualidad","article_published_time":"2024-05-20T11:29:28+00:00","article_modified_time":"2024-05-20T11:34:14+00:00","og_image":[{"width":1280,"height":731,"url":"https:\/\/torredonjimenoactualidad.com\/wp-content\/uploads\/2024\/05\/424600803_762324559418348_4375207155419685184_n.jpg","type":"image\/jpeg"}],"author":"Redaccion","twitter_card":"summary_large_image","twitter_misc":{"Escrito por":"Redaccion","Tiempo de lectura":"2 minutos"},"schema":{"@context":"https:\/\/schema.org","@graph":[{"@type":"Article","@id":"https:\/\/torredonjimenoactualidad.com\/index.php\/2024\/05\/20\/destacada-presencia-de-torredonjimeno-en-el-xiii-congreso-federal-de-iu\/#article","isPartOf":{"@id":"https:\/\/torredonjimenoactualidad.com\/index.php\/2024\/05\/20\/destacada-presencia-de-torredonjimeno-en-el-xiii-congreso-federal-de-iu\/"},"author":{"name":"Redaccion","@id":"https:\/\/torredonjimenoactualidad.com\/#\/schema\/person\/11f05803cdf40dbeb7f4fbf2365c9ac5"},"headline":"Destacada presencia de Torredonjimeno en el XIII Congreso federal de IU","datePublished":"2024-05-20T11:29:28+00:00","dateModified":"2024-05-20T11:34:14+00:00","mainEntityOfPage":{"@id":"https:\/\/torredonjimenoactualidad.com\/index.php\/2024\/05\/20\/destacada-presencia-de-torredonjimeno-en-el-xiii-congreso-federal-de-iu\/"},"wordCount":284,"commentCount":0,"publisher":{"@id":"https:\/\/torredonjimenoactualidad.com\/#organization"},"articleSection":["local"],"inLanguage":"es","potentialAction":[{"@type":"CommentAction","name":"Comment","target":["https:\/\/torredonjimenoactualidad.com\/index.php\/2024\/05\/20\/destacada-presencia-de-torredonjimeno-en-el-xiii-congreso-federal-de-iu\/#respond"]}]},{"@type":"WebPage","@id":"https:\/\/torredonjimenoactualidad.com\/index.php\/2024\/05\/20\/destacada-presencia-de-torredonjimeno-en-el-xiii-congreso-federal-de-iu\/","url":"https:\/\/torredonjimenoactualidad.com\/index.php\/2024\/05\/20\/destacada-presencia-de-torredonjimeno-en-el-xiii-congreso-federal-de-iu\/","name":"Destacada presencia de Torredonjimeno en el XIII Congreso federal de IU - Torredonjimeno Actualidad","isPartOf":{"@id":"https:\/\/torredonjimenoactualidad.com\/#website"},"datePublished":"2024-05-20T11:29:28+00:00","dateModified":"2024-05-20T11:34:14+00:00","breadcrumb":{"@id":"https:\/\/torredonjimenoactualidad.com\/index.php\/2024\/05\/20\/destacada-presencia-de-torredonjimeno-en-el-xiii-congreso-federal-de-iu\/#breadcrumb"},"inLanguage":"es","potentialAction":[{"@type":"ReadAction","target":["https:\/\/torredonjimenoactualidad.com\/index.php\/2024\/05\/20\/destacada-presencia-de-torredonjimeno-en-el-xiii-congreso-federal-de-iu\/"]}]},{"@type":"BreadcrumbList","@id":"https:\/\/torredonjimenoactualidad.com\/index.php\/2024\/05\/20\/destacada-presencia-de-torredonjimeno-en-el-xiii-congreso-federal-de-iu\/#breadcrumb","itemListElement":[{"@type":"ListItem","position":1,"name":"Portada","item":"https:\/\/torredonjimenoactualidad.com\/"},{"@type":"ListItem","position":2,"name":"Destacada presencia de Torredonjimeno en el XIII Congreso federal de IU"}]},{"@type":"WebSite","@id":"https:\/\/torredonjimenoactualidad.com\/#website","url":"https:\/\/torredonjimenoactualidad.com\/","name":"Torredonjimeno Actualidad","description":"","publisher":{"@id":"https:\/\/torredonjimenoactualidad.com\/#organization"},"potentialAction":[{"@type":"SearchAction","target":{"@type":"EntryPoint","urlTemplate":"https:\/\/torredonjimenoactualidad.com\/?s={search_term_string}"},"query-input":"required name=search_term_string"}],"inLanguage":"es"},{"@type":"Organization","@id":"https:\/\/torredonjimenoactualidad.com\/#organization","name":"Torredonjimeno Actualidad","url":"https:\/\/torredonjimenoactualidad.com\/","logo":{"@type":"ImageObject","inLanguage":"es","@id":"https:\/\/torredonjimenoactualidad.com\/#\/schema\/logo\/image\/","url":"https:\/\/torredonjimenoactualidad.com\/wp-content\/uploads\/2023\/02\/logo-torredonjimeno-544x180-1.png","contentUrl":"https:\/\/torredonjimenoactualidad.com\/wp-content\/uploads\/2023\/02\/logo-torredonjimeno-544x180-1.png","width":545,"height":112,"caption":"Torredonjimeno Actualidad"},"image":{"@id":"https:\/\/torredonjimenoactualidad.com\/#\/schema\/logo\/image\/"}},{"@type":"Person","@id":"https:\/\/torredonjimenoactualidad.com\/#\/schema\/person\/11f05803cdf40dbeb7f4fbf2365c9ac5","name":"Redaccion","image":{"@type":"ImageObject","inLanguage":"es","@id":"https:\/\/torredonjimenoactualidad.com\/#\/schema\/person\/image\/","url":"https:\/\/secure.gravatar.com\/avatar\/5917bab7eff43e17746fd29b509939469470810b6b989b7cc2f89e3188399bf3?s=96&d=mm&r=g","contentUrl":"https:\/\/secure.gravatar.com\/avatar\/5917bab7eff43e17746fd29b509939469470810b6b989b7cc2f89e3188399bf3?s=96&d=mm&r=g","caption":"Redaccion"},"url":"https:\/\/torredonjimenoactualidad.com\/index.php\/author\/jose-bueno\/"}]}},"_links":{"self":[{"href":"https:\/\/torredonjimenoactualidad.com\/index.php\/wp-json\/wp\/v2\/posts\/1971","targetHints":{"allow":["GET"]}}],"collection":[{"href":"https:\/\/torredonjimenoactualidad.com\/index.php\/wp-json\/wp\/v2\/posts"}],"about":[{"href":"https:\/\/torredonjimenoactualidad.com\/index.php\/wp-json\/wp\/v2\/types\/post"}],"author":[{"embeddable":true,"href":"https:\/\/torredonjimenoactualidad.com\/index.php\/wp-json\/wp\/v2\/users\/3"}],"replies":[{"embeddable":true,"href":"https:\/\/torredonjimenoactualidad.com\/index.php\/wp-json\/wp\/v2\/comments?post=1971"}],"version-history":[{"count":3,"href":"https:\/\/torredonjimenoactualidad.com\/index.php\/wp-json\/wp\/v2\/posts\/1971\/revisions"}],"predecessor-version":[{"id":1975,"href":"https:\/\/torredonjimenoactualidad.com\/index.php\/wp-json\/wp\/v2\/posts\/1971\/revisions\/1975"}],"wp:featuredmedia":[{"embeddable":true,"href":"https:\/\/torredonjimenoactualidad.com\/index.php\/wp-json\/wp\/v2\/media\/1972"}],"wp:attachment":[{"href":"https:\/\/torredonjimenoactualidad.com\/index.php\/wp-json\/wp\/v2\/media?parent=1971"}],"wp:term":[{"taxonomy":"category","embeddable":true,"href":"https:\/\/torredonjimenoactualidad.com\/index.php\/wp-json\/wp\/v2\/categories?post=1971"},{"taxonomy":"post_tag","embeddable":true,"href":"https:\/\/torredonjimenoactualidad.com\/index.php\/wp-json\/wp\/v2\/tags?post=1971"}],"curies":[{"name":"wp","href":"https:\/\/api.w.org\/{rel}","templated":true}]}}