{"id":1968,"date":"2024-05-20T08:43:15","date_gmt":"2024-05-20T08:43:15","guid":{"rendered":"https:\/\/torredonjimenoactualidad.com\/?p=1968"},"modified":"2024-05-20T08:43:16","modified_gmt":"2024-05-20T08:43:16","slug":"corte-temporal-de-trafico-en-la-a-306-termino-municipal-de-torredonjimeno-entre-el-20-y-24-de-mayo","status":"publish","type":"post","link":"https:\/\/torredonjimenoactualidad.com\/index.php\/2024\/05\/20\/corte-temporal-de-trafico-en-la-a-306-termino-municipal-de-torredonjimeno-entre-el-20-y-24-de-mayo\/","title":{"rendered":"Corte temporal de tr\u00e1fico en la A-306, t\u00e9rmino municipal de Torredonjimeno, entre el 20 y 24 de mayo"},"content":{"rendered":"\n<p>La carretera A-306, en el t\u00e9rmino municipal de Torredonjimeno, permanecer\u00e1 cortada en diversos puntos entre el lunes viernes 20 y 24 de mayo a consecuencia de las obras de mejora de la seguridad vial que se est\u00e1n ejecutando.<\/p>\n\n\n\n<p>As\u00ed lo ha informado la Junta de Andaluc\u00eda en un comunicado, en el que ha se\u00f1alado que la citada actuaci\u00f3n de mejora integral se encuentra en la fase final.<\/p>\n\n\n\n<p>Este corte temporal se llevar\u00e1 a cabo entre el punto kilom\u00e9trico 47+700, en la Glorieta Pilar de Moya, y el punto kilom\u00e9trico 55+500, en la intersecci\u00f3n de Torredonjimeno, desde el lunes 20 de mayo hasta el jueves 23 (inclusive) de 8,00 a 20,00 horas, y el viernes 24 de mayo desde las 8,00 hasta las 13,00 horas.<\/p>\n\n\n\n<p>La Junta tambi\u00e9n ha informado sobre el desv\u00edo alternativo habilitado, que se realizar\u00e1 por las siguientes carreteras y que aparecer\u00e1 \u00abdebidamente se\u00f1alizado\u00bb.<\/p>\n\n\n\n<p>En cuanto al itinerario Porcuna-Ja\u00e9n-Porcuna: A-306 hasta p.k. 47+200 intersecci\u00f3n con JA-3402 Higuera de Calatrava; JA-3402 hasta JA-4400 direcci\u00f3n Lend\u00ednez; JA-4400 hasta Lend\u00ednez; A-6052 hasta Martos; y A-316 direcci\u00f3n Torredonjimeno-Ja\u00e9n.<\/p>\n\n\n\n<p>En relaci\u00f3n con el itinerario Villardompardo-Esca\u00f1uela-Ja\u00e9n-Esca\u00f1uela-Villardompardo: Villardompardo-Esca\u00f1uela por JA-3403; A-321 hasta A-306 Glorieta de Pilar de Moya; A-306 hasta p.k. 47+200 intersecci\u00f3n con JA-3402 Higuera de Calatrava; JA-3402 hasta JA-4400 direcci\u00f3n Lend\u00ednez; JA-4400 hasta Lend\u00ednez; A-6052 hasta Martos; y A-316 direcci\u00f3n Torredonjimeno-Ja\u00e9n.<\/p>\n","protected":false},"excerpt":{"rendered":"<p>La carretera A-306, en el t\u00e9rmino municipal de Torredonjimeno, permanecer\u00e1 cortada en diversos puntos entre el lunes viernes 20 y 24 de mayo a consecuencia de las obras de mejora de la seguridad vial que se est\u00e1n ejecutando. As\u00ed lo ha informado la Junta de Andaluc\u00eda en un comunicado, en el que ha se\u00f1alado que &hellip;<\/p>\n<p class=\"read-more\"> <a class=\"\" href=\"https:\/\/torredonjimenoactualidad.com\/index.php\/2024\/05\/20\/corte-temporal-de-trafico-en-la-a-306-termino-municipal-de-torredonjimeno-entre-el-20-y-24-de-mayo\/\"> <span class=\"screen-reader-text\">Corte temporal de tr\u00e1fico en la A-306, t\u00e9rmino municipal de Torredonjimeno, entre el 20 y 24 de mayo<\/span> Leer m\u00e1s &raquo;<\/a><\/p>\n","protected":false},"author":1,"featured_media":1969,"comment_status":"closed","ping_status":"open","sticky":false,"template":"","format":"standard","meta":{"site-sidebar-layout":"default","site-content-layout":"default","ast-global-header-display":"","ast-main-header-display":"","ast-hfb-above-header-display":"","ast-hfb-below-header-display":"","ast-hfb-mobile-header-display":"","site-post-title":"","ast-breadcrumbs-content":"","ast-featured-img":"","footer-sml-layout":"","theme-transparent-header-meta":"","adv-header-id-meta":"","stick-header-meta":"","header-above-stick-meta":"","header-main-stick-meta":"","header-below-stick-meta":"","footnotes":""},"categories":[7],"tags":[],"class_list":["post-1968","post","type-post","status-publish","format-standard","has-post-thumbnail","hentry","category-local"],"yoast_head":"<!-- This site is optimized with the Yoast SEO plugin v20.8 - https:\/\/yoast.com\/wordpress\/plugins\/seo\/ -->\n<title>Corte temporal de tr\u00e1fico en la A-306, t\u00e9rmino municipal de Torredonjimeno, entre el 20 y 24 de mayo - Torredonjimeno Actualidad<\/title>\n<meta name=\"robots\" content=\"index, follow, max-snippet:-1, max-image-preview:large, max-video-preview:-1\" \/>\n<link rel=\"canonical\" href=\"https:\/\/torredonjimenoactualidad.com\/index.php\/2024\/05\/20\/corte-temporal-de-trafico-en-la-a-306-termino-municipal-de-torredonjimeno-entre-el-20-y-24-de-mayo\/\" \/>\n<meta property=\"og:locale\" content=\"es_ES\" \/>\n<meta property=\"og:type\" content=\"article\" \/>\n<meta property=\"og:title\" content=\"Corte temporal de tr\u00e1fico en la A-306, t\u00e9rmino municipal de Torredonjimeno, entre el 20 y 24 de mayo - Torredonjimeno Actualidad\" \/>\n<meta property=\"og:description\" content=\"La carretera A-306, en el t\u00e9rmino municipal de Torredonjimeno, permanecer\u00e1 cortada en diversos puntos entre el lunes viernes 20 y 24 de mayo a consecuencia de las obras de mejora de la seguridad vial que se est\u00e1n ejecutando. As\u00ed lo ha informado la Junta de Andaluc\u00eda en un comunicado, en el que ha se\u00f1alado que &hellip; Corte temporal de tr\u00e1fico en la A-306, t\u00e9rmino municipal de Torredonjimeno, entre el 20 y 24 de mayo Leer m\u00e1s &raquo;\" \/>\n<meta property=\"og:url\" content=\"https:\/\/torredonjimenoactualidad.com\/index.php\/2024\/05\/20\/corte-temporal-de-trafico-en-la-a-306-termino-municipal-de-torredonjimeno-entre-el-20-y-24-de-mayo\/\" \/>\n<meta property=\"og:site_name\" content=\"Torredonjimeno Actualidad\" \/>\n<meta property=\"article:published_time\" content=\"2024-05-20T08:43:15+00:00\" \/>\n<meta property=\"article:modified_time\" content=\"2024-05-20T08:43:16+00:00\" \/>\n<meta property=\"og:image\" content=\"https:\/\/torredonjimenoactualidad.com\/wp-content\/uploads\/2024\/05\/fotonoticia_20240518171347_1920.jpg\" \/>\n\t<meta property=\"og:image:width\" content=\"1920\" \/>\n\t<meta property=\"og:image:height\" content=\"1093\" \/>\n\t<meta property=\"og:image:type\" content=\"image\/jpeg\" \/>\n<meta name=\"author\" content=\"jimenoactualidad\" \/>\n<meta name=\"twitter:card\" content=\"summary_large_image\" \/>\n<meta name=\"twitter:label1\" content=\"Escrito por\" \/>\n\t<meta name=\"twitter:data1\" content=\"jimenoactualidad\" \/>\n\t<meta name=\"twitter:label2\" content=\"Tiempo de lectura\" \/>\n\t<meta name=\"twitter:data2\" content=\"1 minuto\" \/>\n<script type=\"application\/ld+json\" class=\"yoast-schema-graph\">{\"@context\":\"https:\/\/schema.org\",\"@graph\":[{\"@type\":\"Article\",\"@id\":\"https:\/\/torredonjimenoactualidad.com\/index.php\/2024\/05\/20\/corte-temporal-de-trafico-en-la-a-306-termino-municipal-de-torredonjimeno-entre-el-20-y-24-de-mayo\/#article\",\"isPartOf\":{\"@id\":\"https:\/\/torredonjimenoactualidad.com\/index.php\/2024\/05\/20\/corte-temporal-de-trafico-en-la-a-306-termino-municipal-de-torredonjimeno-entre-el-20-y-24-de-mayo\/\"},\"author\":{\"name\":\"jimenoactualidad\",\"@id\":\"https:\/\/torredonjimenoactualidad.com\/#\/schema\/person\/890fea51f5dcffe6a02d0233f5282106\"},\"headline\":\"Corte temporal de tr\u00e1fico en la A-306, t\u00e9rmino municipal de Torredonjimeno, entre el 20 y 24 de mayo\",\"datePublished\":\"2024-05-20T08:43:15+00:00\",\"dateModified\":\"2024-05-20T08:43:16+00:00\",\"mainEntityOfPage\":{\"@id\":\"https:\/\/torredonjimenoactualidad.com\/index.php\/2024\/05\/20\/corte-temporal-de-trafico-en-la-a-306-termino-municipal-de-torredonjimeno-entre-el-20-y-24-de-mayo\/\"},\"wordCount\":254,\"publisher\":{\"@id\":\"https:\/\/torredonjimenoactualidad.com\/#organization\"},\"articleSection\":[\"local\"],\"inLanguage\":\"es\"},{\"@type\":\"WebPage\",\"@id\":\"https:\/\/torredonjimenoactualidad.com\/index.php\/2024\/05\/20\/corte-temporal-de-trafico-en-la-a-306-termino-municipal-de-torredonjimeno-entre-el-20-y-24-de-mayo\/\",\"url\":\"https:\/\/torredonjimenoactualidad.com\/index.php\/2024\/05\/20\/corte-temporal-de-trafico-en-la-a-306-termino-municipal-de-torredonjimeno-entre-el-20-y-24-de-mayo\/\",\"name\":\"Corte temporal de tr\u00e1fico en la A-306, t\u00e9rmino municipal de Torredonjimeno, entre el 20 y 24 de mayo - Torredonjimeno Actualidad\",\"isPartOf\":{\"@id\":\"https:\/\/torredonjimenoactualidad.com\/#website\"},\"datePublished\":\"2024-05-20T08:43:15+00:00\",\"dateModified\":\"2024-05-20T08:43:16+00:00\",\"breadcrumb\":{\"@id\":\"https:\/\/torredonjimenoactualidad.com\/index.php\/2024\/05\/20\/corte-temporal-de-trafico-en-la-a-306-termino-municipal-de-torredonjimeno-entre-el-20-y-24-de-mayo\/#breadcrumb\"},\"inLanguage\":\"es\",\"potentialAction\":[{\"@type\":\"ReadAction\",\"target\":[\"https:\/\/torredonjimenoactualidad.com\/index.php\/2024\/05\/20\/corte-temporal-de-trafico-en-la-a-306-termino-municipal-de-torredonjimeno-entre-el-20-y-24-de-mayo\/\"]}]},{\"@type\":\"BreadcrumbList\",\"@id\":\"https:\/\/torredonjimenoactualidad.com\/index.php\/2024\/05\/20\/corte-temporal-de-trafico-en-la-a-306-termino-municipal-de-torredonjimeno-entre-el-20-y-24-de-mayo\/#breadcrumb\",\"itemListElement\":[{\"@type\":\"ListItem\",\"position\":1,\"name\":\"Portada\",\"item\":\"https:\/\/torredonjimenoactualidad.com\/\"},{\"@type\":\"ListItem\",\"position\":2,\"name\":\"Corte temporal de tr\u00e1fico en la A-306, t\u00e9rmino municipal de Torredonjimeno, entre el 20 y 24 de mayo\"}]},{\"@type\":\"WebSite\",\"@id\":\"https:\/\/torredonjimenoactualidad.com\/#website\",\"url\":\"https:\/\/torredonjimenoactualidad.com\/\",\"name\":\"Torredonjimeno Actualidad\",\"description\":\"\",\"publisher\":{\"@id\":\"https:\/\/torredonjimenoactualidad.com\/#organization\"},\"potentialAction\":[{\"@type\":\"SearchAction\",\"target\":{\"@type\":\"EntryPoint\",\"urlTemplate\":\"https:\/\/torredonjimenoactualidad.com\/?s={search_term_string}\"},\"query-input\":\"required name=search_term_string\"}],\"inLanguage\":\"es\"},{\"@type\":\"Organization\",\"@id\":\"https:\/\/torredonjimenoactualidad.com\/#organization\",\"name\":\"Torredonjimeno Actualidad\",\"url\":\"https:\/\/torredonjimenoactualidad.com\/\",\"logo\":{\"@type\":\"ImageObject\",\"inLanguage\":\"es\",\"@id\":\"https:\/\/torredonjimenoactualidad.com\/#\/schema\/logo\/image\/\",\"url\":\"https:\/\/torredonjimenoactualidad.com\/wp-content\/uploads\/2023\/02\/logo-torredonjimeno-544x180-1.png\",\"contentUrl\":\"https:\/\/torredonjimenoactualidad.com\/wp-content\/uploads\/2023\/02\/logo-torredonjimeno-544x180-1.png\",\"width\":545,\"height\":112,\"caption\":\"Torredonjimeno Actualidad\"},\"image\":{\"@id\":\"https:\/\/torredonjimenoactualidad.com\/#\/schema\/logo\/image\/\"}},{\"@type\":\"Person\",\"@id\":\"https:\/\/torredonjimenoactualidad.com\/#\/schema\/person\/890fea51f5dcffe6a02d0233f5282106\",\"name\":\"jimenoactualidad\",\"image\":{\"@type\":\"ImageObject\",\"inLanguage\":\"es\",\"@id\":\"https:\/\/torredonjimenoactualidad.com\/#\/schema\/person\/image\/\",\"url\":\"https:\/\/secure.gravatar.com\/avatar\/0668216c1d3ac3a25632718dbd8be89f94bdec298cfd7c7031591681cd0724b1?s=96&d=mm&r=g\",\"contentUrl\":\"https:\/\/secure.gravatar.com\/avatar\/0668216c1d3ac3a25632718dbd8be89f94bdec298cfd7c7031591681cd0724b1?s=96&d=mm&r=g\",\"caption\":\"jimenoactualidad\"},\"sameAs\":[\"https:\/\/torredonjimenoactualidad.com\"],\"url\":\"https:\/\/torredonjimenoactualidad.com\/index.php\/author\/jimenoactualidad\/\"}]}<\/script>\n<!-- \/ Yoast SEO plugin. -->","yoast_head_json":{"title":"Corte temporal de tr\u00e1fico en la A-306, t\u00e9rmino municipal de Torredonjimeno, entre el 20 y 24 de mayo - Torredonjimeno Actualidad","robots":{"index":"index","follow":"follow","max-snippet":"max-snippet:-1","max-image-preview":"max-image-preview:large","max-video-preview":"max-video-preview:-1"},"canonical":"https:\/\/torredonjimenoactualidad.com\/index.php\/2024\/05\/20\/corte-temporal-de-trafico-en-la-a-306-termino-municipal-de-torredonjimeno-entre-el-20-y-24-de-mayo\/","og_locale":"es_ES","og_type":"article","og_title":"Corte temporal de tr\u00e1fico en la A-306, t\u00e9rmino municipal de Torredonjimeno, entre el 20 y 24 de mayo - Torredonjimeno Actualidad","og_description":"La carretera A-306, en el t\u00e9rmino municipal de Torredonjimeno, permanecer\u00e1 cortada en diversos puntos entre el lunes viernes 20 y 24 de mayo a consecuencia de las obras de mejora de la seguridad vial que se est\u00e1n ejecutando. As\u00ed lo ha informado la Junta de Andaluc\u00eda en un comunicado, en el que ha se\u00f1alado que &hellip; Corte temporal de tr\u00e1fico en la A-306, t\u00e9rmino municipal de Torredonjimeno, entre el 20 y 24 de mayo Leer m\u00e1s &raquo;","og_url":"https:\/\/torredonjimenoactualidad.com\/index.php\/2024\/05\/20\/corte-temporal-de-trafico-en-la-a-306-termino-municipal-de-torredonjimeno-entre-el-20-y-24-de-mayo\/","og_site_name":"Torredonjimeno Actualidad","article_published_time":"2024-05-20T08:43:15+00:00","article_modified_time":"2024-05-20T08:43:16+00:00","og_image":[{"width":1920,"height":1093,"url":"https:\/\/torredonjimenoactualidad.com\/wp-content\/uploads\/2024\/05\/fotonoticia_20240518171347_1920.jpg","type":"image\/jpeg"}],"author":"jimenoactualidad","twitter_card":"summary_large_image","twitter_misc":{"Escrito por":"jimenoactualidad","Tiempo de lectura":"1 minuto"},"schema":{"@context":"https:\/\/schema.org","@graph":[{"@type":"Article","@id":"https:\/\/torredonjimenoactualidad.com\/index.php\/2024\/05\/20\/corte-temporal-de-trafico-en-la-a-306-termino-municipal-de-torredonjimeno-entre-el-20-y-24-de-mayo\/#article","isPartOf":{"@id":"https:\/\/torredonjimenoactualidad.com\/index.php\/2024\/05\/20\/corte-temporal-de-trafico-en-la-a-306-termino-municipal-de-torredonjimeno-entre-el-20-y-24-de-mayo\/"},"author":{"name":"jimenoactualidad","@id":"https:\/\/torredonjimenoactualidad.com\/#\/schema\/person\/890fea51f5dcffe6a02d0233f5282106"},"headline":"Corte temporal de tr\u00e1fico en la A-306, t\u00e9rmino municipal de Torredonjimeno, entre el 20 y 24 de mayo","datePublished":"2024-05-20T08:43:15+00:00","dateModified":"2024-05-20T08:43:16+00:00","mainEntityOfPage":{"@id":"https:\/\/torredonjimenoactualidad.com\/index.php\/2024\/05\/20\/corte-temporal-de-trafico-en-la-a-306-termino-municipal-de-torredonjimeno-entre-el-20-y-24-de-mayo\/"},"wordCount":254,"publisher":{"@id":"https:\/\/torredonjimenoactualidad.com\/#organization"},"articleSection":["local"],"inLanguage":"es"},{"@type":"WebPage","@id":"https:\/\/torredonjimenoactualidad.com\/index.php\/2024\/05\/20\/corte-temporal-de-trafico-en-la-a-306-termino-municipal-de-torredonjimeno-entre-el-20-y-24-de-mayo\/","url":"https:\/\/torredonjimenoactualidad.com\/index.php\/2024\/05\/20\/corte-temporal-de-trafico-en-la-a-306-termino-municipal-de-torredonjimeno-entre-el-20-y-24-de-mayo\/","name":"Corte temporal de tr\u00e1fico en la A-306, t\u00e9rmino municipal de Torredonjimeno, entre el 20 y 24 de mayo - Torredonjimeno Actualidad","isPartOf":{"@id":"https:\/\/torredonjimenoactualidad.com\/#website"},"datePublished":"2024-05-20T08:43:15+00:00","dateModified":"2024-05-20T08:43:16+00:00","breadcrumb":{"@id":"https:\/\/torredonjimenoactualidad.com\/index.php\/2024\/05\/20\/corte-temporal-de-trafico-en-la-a-306-termino-municipal-de-torredonjimeno-entre-el-20-y-24-de-mayo\/#breadcrumb"},"inLanguage":"es","potentialAction":[{"@type":"ReadAction","target":["https:\/\/torredonjimenoactualidad.com\/index.php\/2024\/05\/20\/corte-temporal-de-trafico-en-la-a-306-termino-municipal-de-torredonjimeno-entre-el-20-y-24-de-mayo\/"]}]},{"@type":"BreadcrumbList","@id":"https:\/\/torredonjimenoactualidad.com\/index.php\/2024\/05\/20\/corte-temporal-de-trafico-en-la-a-306-termino-municipal-de-torredonjimeno-entre-el-20-y-24-de-mayo\/#breadcrumb","itemListElement":[{"@type":"ListItem","position":1,"name":"Portada","item":"https:\/\/torredonjimenoactualidad.com\/"},{"@type":"ListItem","position":2,"name":"Corte temporal de tr\u00e1fico en la A-306, t\u00e9rmino municipal de Torredonjimeno, entre el 20 y 24 de mayo"}]},{"@type":"WebSite","@id":"https:\/\/torredonjimenoactualidad.com\/#website","url":"https:\/\/torredonjimenoactualidad.com\/","name":"Torredonjimeno Actualidad","description":"","publisher":{"@id":"https:\/\/torredonjimenoactualidad.com\/#organization"},"potentialAction":[{"@type":"SearchAction","target":{"@type":"EntryPoint","urlTemplate":"https:\/\/torredonjimenoactualidad.com\/?s={search_term_string}"},"query-input":"required name=search_term_string"}],"inLanguage":"es"},{"@type":"Organization","@id":"https:\/\/torredonjimenoactualidad.com\/#organization","name":"Torredonjimeno Actualidad","url":"https:\/\/torredonjimenoactualidad.com\/","logo":{"@type":"ImageObject","inLanguage":"es","@id":"https:\/\/torredonjimenoactualidad.com\/#\/schema\/logo\/image\/","url":"https:\/\/torredonjimenoactualidad.com\/wp-content\/uploads\/2023\/02\/logo-torredonjimeno-544x180-1.png","contentUrl":"https:\/\/torredonjimenoactualidad.com\/wp-content\/uploads\/2023\/02\/logo-torredonjimeno-544x180-1.png","width":545,"height":112,"caption":"Torredonjimeno Actualidad"},"image":{"@id":"https:\/\/torredonjimenoactualidad.com\/#\/schema\/logo\/image\/"}},{"@type":"Person","@id":"https:\/\/torredonjimenoactualidad.com\/#\/schema\/person\/890fea51f5dcffe6a02d0233f5282106","name":"jimenoactualidad","image":{"@type":"ImageObject","inLanguage":"es","@id":"https:\/\/torredonjimenoactualidad.com\/#\/schema\/person\/image\/","url":"https:\/\/secure.gravatar.com\/avatar\/0668216c1d3ac3a25632718dbd8be89f94bdec298cfd7c7031591681cd0724b1?s=96&d=mm&r=g","contentUrl":"https:\/\/secure.gravatar.com\/avatar\/0668216c1d3ac3a25632718dbd8be89f94bdec298cfd7c7031591681cd0724b1?s=96&d=mm&r=g","caption":"jimenoactualidad"},"sameAs":["https:\/\/torredonjimenoactualidad.com"],"url":"https:\/\/torredonjimenoactualidad.com\/index.php\/author\/jimenoactualidad\/"}]}},"_links":{"self":[{"href":"https:\/\/torredonjimenoactualidad.com\/index.php\/wp-json\/wp\/v2\/posts\/1968","targetHints":{"allow":["GET"]}}],"collection":[{"href":"https:\/\/torredonjimenoactualidad.com\/index.php\/wp-json\/wp\/v2\/posts"}],"about":[{"href":"https:\/\/torredonjimenoactualidad.com\/index.php\/wp-json\/wp\/v2\/types\/post"}],"author":[{"embeddable":true,"href":"https:\/\/torredonjimenoactualidad.com\/index.php\/wp-json\/wp\/v2\/users\/1"}],"replies":[{"embeddable":true,"href":"https:\/\/torredonjimenoactualidad.com\/index.php\/wp-json\/wp\/v2\/comments?post=1968"}],"version-history":[{"count":1,"href":"https:\/\/torredonjimenoactualidad.com\/index.php\/wp-json\/wp\/v2\/posts\/1968\/revisions"}],"predecessor-version":[{"id":1970,"href":"https:\/\/torredonjimenoactualidad.com\/index.php\/wp-json\/wp\/v2\/posts\/1968\/revisions\/1970"}],"wp:featuredmedia":[{"embeddable":true,"href":"https:\/\/torredonjimenoactualidad.com\/index.php\/wp-json\/wp\/v2\/media\/1969"}],"wp:attachment":[{"href":"https:\/\/torredonjimenoactualidad.com\/index.php\/wp-json\/wp\/v2\/media?parent=1968"}],"wp:term":[{"taxonomy":"category","embeddable":true,"href":"https:\/\/torredonjimenoactualidad.com\/index.php\/wp-json\/wp\/v2\/categories?post=1968"},{"taxonomy":"post_tag","embeddable":true,"href":"https:\/\/torredonjimenoactualidad.com\/index.php\/wp-json\/wp\/v2\/tags?post=1968"}],"curies":[{"name":"wp","href":"https:\/\/api.w.org\/{rel}","templated":true}]}}